{"id":3474,"date":"2023-03-03T15:47:28","date_gmt":"2023-03-03T18:47:28","guid":{"rendered":"https:\/\/www.pmpf.rs.gov.br\/secretaria-de-saude\/?p=3474"},"modified":"2023-03-03T15:47:29","modified_gmt":"2023-03-03T18:47:29","slug":"prefeitura-realizara-bairro-a-bairro-especial-da-saude","status":"publish","type":"post","link":"https:\/\/www.pmpf.rs.gov.br\/secretaria-de-saude\/2023\/03\/03\/prefeitura-realizara-bairro-a-bairro-especial-da-saude\/","title":{"rendered":"<strong>Prefeitura realizar\u00e1 Bairro a Bairro especial da Sa\u00fade<\/strong>"},"content":{"rendered":"\n<p><\/p>\n\n\n\n<p><\/p>\n\n\n\n<p>A Prefeitura de Passo Fundo realizar\u00e1, no dia 11 de mar\u00e7o, a primeira edi\u00e7\u00e3o do programa Bairro a Bairro do ano. Em uma proposta diferente, a iniciativa ser\u00e1 voltada exclusivamente para os servi\u00e7os de sa\u00fade. No p\u00e1tio do Hospital Municipal, das 9h \u00e0s 15h, ser\u00e1 realizada uma Feira de Sa\u00fade com diversos atendimentos \u00e0 comunidade. Na rua lateral da institui\u00e7\u00e3o, ser\u00e3o ofertados outros servi\u00e7os de secretarias da Prefeitura.<\/p>\n\n\n\n<p>Conforme o prefeito de Passo Fundo, Pedro Almeida, o foco em uma \u00e1rea espec\u00edfica busca aproximar a popula\u00e7\u00e3o dos servi\u00e7os oferecidos pela Prefeitura. \u201cSer\u00e1 o nosso primeiro programa Bairro a Bairro tem\u00e1tico. Neste dia, teremos servi\u00e7os e estruturas de Sa\u00fade do Munic\u00edpio presentes. Nas pr\u00f3ximas edi\u00e7\u00f5es, haver\u00e1 foco em outras \u00e1reas, como Educa\u00e7\u00e3o, Esporte, Trabalho e Assist\u00eancia Social\u201d, disse.<\/p>\n\n\n\n<p><\/p>\n\n\n\n<p><strong>Servi\u00e7os e programas da Prefeitura<\/strong><\/p>\n\n\n\n<p><strong>Programa Meu beb\u00ea, Meu <\/strong><strong>T<\/strong><strong>esouro<\/strong> \u2013 Realiza\u00e7\u00e3o de novos cadastros, exposi\u00e7\u00e3o de enxovais e informa\u00e7\u00f5es sobre o funcionamento do programa.<\/p>\n\n\n\n<p><strong>Sons <\/strong><strong>do M<\/strong><strong>undo<\/strong> \u2013 Avalia\u00e7\u00e3o fonoaudiol\u00f3gica.<\/p>\n\n\n\n<p><strong>Farm\u00e1cia <\/strong><strong>M<\/strong><strong>ais <\/strong><strong>P<\/strong><strong>erto<\/strong> \u2013 Entrega de medicamentos mediante apresenta\u00e7\u00e3o de receitas.<\/p>\n\n\n\n<p><strong>Caminhos da Sa\u00fade<\/strong> \u2013 Informa\u00e7\u00f5es sobre os servi\u00e7os oferecidos pelo Sistema de Sa\u00fade Municipal.<\/p>\n\n\n\n<p><strong>Vacina\u00e7\u00e3o<\/strong> \u2013 Oferta de vacinas de todo o calend\u00e1rio vacinal e aplica\u00e7\u00e3o da vacina bivalente contra a Covid-19 para a popula\u00e7\u00e3o com mais de 70 anos (Sala de Vacinas do Ambulat\u00f3rio de Especialidades).<\/p>\n\n\n\n<p><strong>Vigil\u00e2ncia Sanit\u00e1ria<\/strong> \u2013 Informa\u00e7\u00f5es sobre a campanha e cuidados com a Dengue.<\/p>\n\n\n\n<p><strong>Ambulat\u00f3rio Qualidade de Vida<\/strong> \u2013 Informa\u00e7\u00f5es sobre preven\u00e7\u00e3o e interven\u00e7\u00e3o de obesidade e atendimentos com nutricionistas.<\/p>\n\n\n\n<p><strong>SAE <\/strong>\u2013 Testagem r\u00e1pida para HIV\/S\u00edfilis.<\/p>\n\n\n\n<p><strong>Sa\u00fade da Mulher <\/strong>\u2013 Coleta de preventivo com atendimento por demanda espont\u00e2nea.<\/p>\n\n\n\n<p><strong>Exames<\/strong> \u2013 Eletrocardiograma no Ambulat\u00f3rio de Especialidade e exames laboratoriais e de imagem, por meio de agenda, no Hospital Municipal.<\/p>\n\n\n\n<p><strong>Consultas com Vascular<\/strong> \u2013 por demanda espont\u00e2nea (somente pela manh\u00e3).<\/p>\n\n\n\n<p><strong>Consultas com Cl\u00ednico <\/strong>\u2013por demanda espont\u00e2nea<\/p>\n\n\n\n<p>O Bairro a Bairro da Sa\u00fade tamb\u00e9m contar\u00e1 com servi\u00e7os disponibilizados a partir de parcerias com Hospital S\u00e3o Vicente de Paulo, Hospital de Olhos, Fisio Vita, Laborat\u00f3rio Widal Pacheco, Kozma, Lions Clube, Rotary Club Passo Fundo, Biocito Laborat\u00f3rio, Servi\u00e7o Social CACC, AAPECAN, Curso de Odontologia da Universidade de Passo Fundo (UPF), Laborat\u00f3rio popular, Lions Clube Internacional, Endodiagn\u00f3stico, Faculdade IDEAU, Hospital de Cl\u00ednicas e Boehringer.<\/p>\n","protected":false},"excerpt":{"rendered":"<p>A Prefeitura de Passo Fundo realizar\u00e1, no dia 11 de mar\u00e7o, a primeira edi\u00e7\u00e3o do programa Bairro a Bairro do ano. Em uma proposta diferente, a iniciativa ser\u00e1 voltada exclusivamente para os [&hellip;]<\/p>\n","protected":false},"author":6,"featured_media":0,"comment_status":"closed","ping_status":"closed","sticky":true,"template":"","format":"standard","meta":{"footnotes":""},"categories":[1],"tags":[],"class_list":["post-3474","post","type-post","status-publish","format-standard","hentry","category-sem-categoria"],"yoast_head":"<!-- This site is optimized with the Yoast SEO plugin v23.8 - https:\/\/yoast.com\/wordpress\/plugins\/seo\/ -->\n<title>Prefeitura realizar\u00e1 Bairro a Bairro especial da Sa\u00fade - Secretaria de Sa\u00fade<\/title>\n<meta name=\"robots\" content=\"index, follow, max-snippet:-1, max-image-preview:large, max-video-preview:-1\" \/>\n<link rel=\"canonical\" href=\"https:\/\/www.pmpf.rs.gov.br\/secretaria-de-saude\/2023\/03\/03\/prefeitura-realizara-bairro-a-bairro-especial-da-saude\/\" \/>\n<meta property=\"og:locale\" content=\"pt_BR\" \/>\n<meta property=\"og:type\" content=\"article\" \/>\n<meta property=\"og:title\" content=\"Prefeitura realizar\u00e1 Bairro a Bairro especial da Sa\u00fade - Secretaria de Sa\u00fade\" \/>\n<meta property=\"og:description\" content=\"A Prefeitura de Passo Fundo realizar\u00e1, no dia 11 de mar\u00e7o, a primeira edi\u00e7\u00e3o do programa Bairro a Bairro do ano. Em uma proposta diferente, a iniciativa ser\u00e1 voltada exclusivamente para os [&hellip;]\" \/>\n<meta property=\"og:url\" content=\"https:\/\/www.pmpf.rs.gov.br\/secretaria-de-saude\/2023\/03\/03\/prefeitura-realizara-bairro-a-bairro-especial-da-saude\/\" \/>\n<meta property=\"og:site_name\" content=\"Secretaria de Sa\u00fade\" \/>\n<meta property=\"article:published_time\" content=\"2023-03-03T18:47:28+00:00\" \/>\n<meta property=\"article:modified_time\" content=\"2023-03-03T18:47:29+00:00\" \/>\n<meta name=\"author\" content=\"andressazorzetto07\" \/>\n<meta name=\"twitter:card\" content=\"summary_large_image\" \/>\n<meta name=\"twitter:label1\" content=\"Escrito por\" \/>\n\t<meta name=\"twitter:data1\" content=\"andressazorzetto07\" \/>\n\t<meta name=\"twitter:label2\" content=\"Est. tempo de leitura\" \/>\n\t<meta name=\"twitter:data2\" content=\"2 minutos\" \/>\n<script type=\"application\/ld+json\" class=\"yoast-schema-graph\">{\"@context\":\"https:\/\/schema.org\",\"@graph\":[{\"@type\":\"WebPage\",\"@id\":\"https:\/\/www.pmpf.rs.gov.br\/secretaria-de-saude\/2023\/03\/03\/prefeitura-realizara-bairro-a-bairro-especial-da-saude\/\",\"url\":\"https:\/\/www.pmpf.rs.gov.br\/secretaria-de-saude\/2023\/03\/03\/prefeitura-realizara-bairro-a-bairro-especial-da-saude\/\",\"name\":\"Prefeitura realizar\u00e1 Bairro a Bairro especial da Sa\u00fade - Secretaria de Sa\u00fade\",\"isPartOf\":{\"@id\":\"https:\/\/www.pmpf.rs.gov.br\/secretaria-de-saude\/#website\"},\"datePublished\":\"2023-03-03T18:47:28+00:00\",\"dateModified\":\"2023-03-03T18:47:29+00:00\",\"author\":{\"@id\":\"https:\/\/www.pmpf.rs.gov.br\/secretaria-de-saude\/#\/schema\/person\/30ee1d1bd74da1469b01fcf086e43351\"},\"breadcrumb\":{\"@id\":\"https:\/\/www.pmpf.rs.gov.br\/secretaria-de-saude\/2023\/03\/03\/prefeitura-realizara-bairro-a-bairro-especial-da-saude\/#breadcrumb\"},\"inLanguage\":\"pt-BR\",\"potentialAction\":[{\"@type\":\"ReadAction\",\"target\":[\"https:\/\/www.pmpf.rs.gov.br\/secretaria-de-saude\/2023\/03\/03\/prefeitura-realizara-bairro-a-bairro-especial-da-saude\/\"]}]},{\"@type\":\"BreadcrumbList\",\"@id\":\"https:\/\/www.pmpf.rs.gov.br\/secretaria-de-saude\/2023\/03\/03\/prefeitura-realizara-bairro-a-bairro-especial-da-saude\/#breadcrumb\",\"itemListElement\":[{\"@type\":\"ListItem\",\"position\":1,\"name\":\"In\u00edcio\",\"item\":\"https:\/\/www.pmpf.rs.gov.br\/secretaria-de-saude\/\"},{\"@type\":\"ListItem\",\"position\":2,\"name\":\"Prefeitura realizar\u00e1 Bairro a Bairro especial da Sa\u00fade\"}]},{\"@type\":\"WebSite\",\"@id\":\"https:\/\/www.pmpf.rs.gov.br\/secretaria-de-saude\/#website\",\"url\":\"https:\/\/www.pmpf.rs.gov.br\/secretaria-de-saude\/\",\"name\":\"Secretaria de Sa\u00fade\",\"description\":\"S\u00f3 mais um site Prefeitura de Passo Fundo\",\"potentialAction\":[{\"@type\":\"SearchAction\",\"target\":{\"@type\":\"EntryPoint\",\"urlTemplate\":\"https:\/\/www.pmpf.rs.gov.br\/secretaria-de-saude\/?s={search_term_string}\"},\"query-input\":{\"@type\":\"PropertyValueSpecification\",\"valueRequired\":true,\"valueName\":\"search_term_string\"}}],\"inLanguage\":\"pt-BR\"},{\"@type\":\"Person\",\"@id\":\"https:\/\/www.pmpf.rs.gov.br\/secretaria-de-saude\/#\/schema\/person\/30ee1d1bd74da1469b01fcf086e43351\",\"name\":\"andressazorzetto07\",\"image\":{\"@type\":\"ImageObject\",\"inLanguage\":\"pt-BR\",\"@id\":\"https:\/\/www.pmpf.rs.gov.br\/secretaria-de-saude\/#\/schema\/person\/image\/\",\"url\":\"https:\/\/secure.gravatar.com\/avatar\/14c5458ed79dc81da99a13b9ff5f9f19?s=96&d=mm&r=g\",\"contentUrl\":\"https:\/\/secure.gravatar.com\/avatar\/14c5458ed79dc81da99a13b9ff5f9f19?s=96&d=mm&r=g\",\"caption\":\"andressazorzetto07\"},\"url\":\"https:\/\/www.pmpf.rs.gov.br\/secretaria-de-saude\/author\/andressazorzetto07\/\"}]}<\/script>\n<!-- \/ Yoast SEO plugin. -->","yoast_head_json":{"title":"Prefeitura realizar\u00e1 Bairro a Bairro especial da Sa\u00fade - Secretaria de Sa\u00fade","robots":{"index":"index","follow":"follow","max-snippet":"max-snippet:-1","max-image-preview":"max-image-preview:large","max-video-preview":"max-video-preview:-1"},"canonical":"https:\/\/www.pmpf.rs.gov.br\/secretaria-de-saude\/2023\/03\/03\/prefeitura-realizara-bairro-a-bairro-especial-da-saude\/","og_locale":"pt_BR","og_type":"article","og_title":"Prefeitura realizar\u00e1 Bairro a Bairro especial da Sa\u00fade - Secretaria de Sa\u00fade","og_description":"A Prefeitura de Passo Fundo realizar\u00e1, no dia 11 de mar\u00e7o, a primeira edi\u00e7\u00e3o do programa Bairro a Bairro do ano. Em uma proposta diferente, a iniciativa ser\u00e1 voltada exclusivamente para os [&hellip;]","og_url":"https:\/\/www.pmpf.rs.gov.br\/secretaria-de-saude\/2023\/03\/03\/prefeitura-realizara-bairro-a-bairro-especial-da-saude\/","og_site_name":"Secretaria de Sa\u00fade","article_published_time":"2023-03-03T18:47:28+00:00","article_modified_time":"2023-03-03T18:47:29+00:00","author":"andressazorzetto07","twitter_card":"summary_large_image","twitter_misc":{"Escrito por":"andressazorzetto07","Est. tempo de leitura":"2 minutos"},"schema":{"@context":"https:\/\/schema.org","@graph":[{"@type":"WebPage","@id":"https:\/\/www.pmpf.rs.gov.br\/secretaria-de-saude\/2023\/03\/03\/prefeitura-realizara-bairro-a-bairro-especial-da-saude\/","url":"https:\/\/www.pmpf.rs.gov.br\/secretaria-de-saude\/2023\/03\/03\/prefeitura-realizara-bairro-a-bairro-especial-da-saude\/","name":"Prefeitura realizar\u00e1 Bairro a Bairro especial da Sa\u00fade - Secretaria de Sa\u00fade","isPartOf":{"@id":"https:\/\/www.pmpf.rs.gov.br\/secretaria-de-saude\/#website"},"datePublished":"2023-03-03T18:47:28+00:00","dateModified":"2023-03-03T18:47:29+00:00","author":{"@id":"https:\/\/www.pmpf.rs.gov.br\/secretaria-de-saude\/#\/schema\/person\/30ee1d1bd74da1469b01fcf086e43351"},"breadcrumb":{"@id":"https:\/\/www.pmpf.rs.gov.br\/secretaria-de-saude\/2023\/03\/03\/prefeitura-realizara-bairro-a-bairro-especial-da-saude\/#breadcrumb"},"inLanguage":"pt-BR","potentialAction":[{"@type":"ReadAction","target":["https:\/\/www.pmpf.rs.gov.br\/secretaria-de-saude\/2023\/03\/03\/prefeitura-realizara-bairro-a-bairro-especial-da-saude\/"]}]},{"@type":"BreadcrumbList","@id":"https:\/\/www.pmpf.rs.gov.br\/secretaria-de-saude\/2023\/03\/03\/prefeitura-realizara-bairro-a-bairro-especial-da-saude\/#breadcrumb","itemListElement":[{"@type":"ListItem","position":1,"name":"In\u00edcio","item":"https:\/\/www.pmpf.rs.gov.br\/secretaria-de-saude\/"},{"@type":"ListItem","position":2,"name":"Prefeitura realizar\u00e1 Bairro a Bairro especial da Sa\u00fade"}]},{"@type":"WebSite","@id":"https:\/\/www.pmpf.rs.gov.br\/secretaria-de-saude\/#website","url":"https:\/\/www.pmpf.rs.gov.br\/secretaria-de-saude\/","name":"Secretaria de Sa\u00fade","description":"S\u00f3 mais um site Prefeitura de Passo Fundo","potentialAction":[{"@type":"SearchAction","target":{"@type":"EntryPoint","urlTemplate":"https:\/\/www.pmpf.rs.gov.br\/secretaria-de-saude\/?s={search_term_string}"},"query-input":{"@type":"PropertyValueSpecification","valueRequired":true,"valueName":"search_term_string"}}],"inLanguage":"pt-BR"},{"@type":"Person","@id":"https:\/\/www.pmpf.rs.gov.br\/secretaria-de-saude\/#\/schema\/person\/30ee1d1bd74da1469b01fcf086e43351","name":"andressazorzetto07","image":{"@type":"ImageObject","inLanguage":"pt-BR","@id":"https:\/\/www.pmpf.rs.gov.br\/secretaria-de-saude\/#\/schema\/person\/image\/","url":"https:\/\/secure.gravatar.com\/avatar\/14c5458ed79dc81da99a13b9ff5f9f19?s=96&d=mm&r=g","contentUrl":"https:\/\/secure.gravatar.com\/avatar\/14c5458ed79dc81da99a13b9ff5f9f19?s=96&d=mm&r=g","caption":"andressazorzetto07"},"url":"https:\/\/www.pmpf.rs.gov.br\/secretaria-de-saude\/author\/andressazorzetto07\/"}]}},"_links":{"self":[{"href":"https:\/\/www.pmpf.rs.gov.br\/secretaria-de-saude\/wp-json\/wp\/v2\/posts\/3474"}],"collection":[{"href":"https:\/\/www.pmpf.rs.gov.br\/secretaria-de-saude\/wp-json\/wp\/v2\/posts"}],"about":[{"href":"https:\/\/www.pmpf.rs.gov.br\/secretaria-de-saude\/wp-json\/wp\/v2\/types\/post"}],"author":[{"embeddable":true,"href":"https:\/\/www.pmpf.rs.gov.br\/secretaria-de-saude\/wp-json\/wp\/v2\/users\/6"}],"replies":[{"embeddable":true,"href":"https:\/\/www.pmpf.rs.gov.br\/secretaria-de-saude\/wp-json\/wp\/v2\/comments?post=3474"}],"version-history":[{"count":1,"href":"https:\/\/www.pmpf.rs.gov.br\/secretaria-de-saude\/wp-json\/wp\/v2\/posts\/3474\/revisions"}],"predecessor-version":[{"id":3475,"href":"https:\/\/www.pmpf.rs.gov.br\/secretaria-de-saude\/wp-json\/wp\/v2\/posts\/3474\/revisions\/3475"}],"wp:attachment":[{"href":"https:\/\/www.pmpf.rs.gov.br\/secretaria-de-saude\/wp-json\/wp\/v2\/media?parent=3474"}],"wp:term":[{"taxonomy":"category","embeddable":true,"href":"https:\/\/www.pmpf.rs.gov.br\/secretaria-de-saude\/wp-json\/wp\/v2\/categories?post=3474"},{"taxonomy":"post_tag","embeddable":true,"href":"https:\/\/www.pmpf.rs.gov.br\/secretaria-de-saude\/wp-json\/wp\/v2\/tags?post=3474"}],"curies":[{"name":"wp","href":"https:\/\/api.w.org\/{rel}","templated":true}]}}