{"id":3469,"date":"2023-02-23T08:28:44","date_gmt":"2023-02-23T11:28:44","guid":{"rendered":"https:\/\/www.pmpf.rs.gov.br\/secretaria-de-saude\/?p=3469"},"modified":"2023-03-16T10:14:11","modified_gmt":"2023-03-16T13:14:11","slug":"passo-fundo-inicia-a-aplicacao-da-vacina-bivalente-contra-a-covid-19","status":"publish","type":"post","link":"https:\/\/www.pmpf.rs.gov.br\/secretaria-de-saude\/2023\/02\/23\/passo-fundo-inicia-a-aplicacao-da-vacina-bivalente-contra-a-covid-19\/","title":{"rendered":"<strong>Passo Fundo inicia a aplica\u00e7\u00e3o da vacina bivalente contra a Covid-19<\/strong>"},"content":{"rendered":"\n<p><\/p>\n\n\n\n<p><\/p>\n\n\n\n<p>Passo Fundo j\u00e1 iniciou a aplica\u00e7\u00e3o da vacina bivalente contra a Covid-19. Neste primeiro momento, s\u00e3o vacinados os idosos e profissionais de Institui\u00e7\u00f5es de Longa Perman\u00eancia (ILPIs). Na pr\u00f3xima semana, a vacina\u00e7\u00e3o ser\u00e1 estendida para a popula\u00e7\u00e3o acima de 70 anos.<\/p>\n\n\n\n<p>Conforme a secret\u00e1ria municipal de Sa\u00fade, a cobertura com as doses bivalentes acontecer\u00e1 por grupos priorit\u00e1rios, seguindo as defini\u00e7\u00f5es do Minist\u00e9rio da Sa\u00fade e do Governo do Estado. \u201cDevido \u00e0s doses necess\u00e1rias para proteger os grupos priorit\u00e1rios estarem em fase de aquisi\u00e7\u00e3o, o Minist\u00e9rio da Sa\u00fade determinou aos estados e munic\u00edpios, em um informe t\u00e9cnico operacional, o escalonamento das aplica\u00e7\u00f5es por grupos priorit\u00e1rios. Assim, s\u00e3o priorizadas as pessoas com maior exposi\u00e7\u00e3o e\/ou risco de desenvolvimento de quadros graves da doen\u00e7a, come\u00e7ando pelas que residem e trabalham em ILPIs\u201d, justifica.<\/p>\n\n\n\n<p>At\u00e9 agora, foram entregues a Passo Fundo pelo governo estadual 4,2 mil doses bivalentes, o que possibilita a amplia\u00e7\u00e3o da vacina\u00e7\u00e3o para os idosos com 70 anos ou mais na pr\u00f3xima segunda-feira (27). As aplica\u00e7\u00f5es ser\u00e3o feitas diretamente nas 19 unidades de sa\u00fade que vacinam contra a Covid-19.<\/p>\n\n\n\n<p>De acordo com a secret\u00e1ria de Sa\u00fade, as atualiza\u00e7\u00f5es ser\u00e3o sempre informadas pela Prefeitura. \u201cAssim como tem sido desde o in\u00edcio da Campanha Nacional de Vacina\u00e7\u00e3o Contra a Covid-19, a Prefeitura comunicar\u00e1 a amplia\u00e7\u00e3o da vacina\u00e7\u00e3o para os demais grupos. A expans\u00e3o dos grupos ser\u00e1 feita com a entrega de doses pelo Governo do Estado\u201d, enfatiza.<\/p>\n\n\n\n<p><strong>Sobre a vacina bivalente<\/strong><\/p>\n\n\n\n<p>O imunizante bivalente conta com cepas atualizadas contra o coronav\u00edrus, incluindo a prote\u00e7\u00e3o contra a variante \u00f4micron. Para receber essa dose, a pessoa precisa ter conclu\u00eddo, pelo menos, o esquema prim\u00e1rio da vacina\u00e7\u00e3o contra a Covid-19, composto pelas duas primeiras doses das vacinas monovalentes.<\/p>\n\n\n\n<p><strong>Capacita\u00e7\u00e3o dos profissionais vacinadores<\/strong><\/p>\n\n\n\n<p>Al\u00e9m do recebimento das doses, o que tornou poss\u00edvel a sequ\u00eancia da vacina\u00e7\u00e3o contra a Covid-19 com a vacina bivalente \u00e9 a capacita\u00e7\u00e3o dos profissionais. Na \u00faltima semana, os enfermeiros e t\u00e9cnicos em Enfermagem que atuam na aplica\u00e7\u00e3o de vacinas na rede municipal de sa\u00fade passaram por um treinamento, recebendo suporte para atuarem nesta nova fase da campanha.<\/p>\n\n\n\n<p><strong>Vacina\u00e7\u00e3o das pessoas com 70 anos ou mais<\/strong><br>A partir de segunda-feira (27), poder\u00e3o receber o refor\u00e7o bivalente todas as pessoas com 70 anos ou mais. As vacinas estar\u00e3o dispon\u00edveis nas 19 unidades de sa\u00fade que concentram a vacina\u00e7\u00e3o contra a Covid-19.<br><br>Cais S\u00e3o Crist\u00f3v\u00e3o, Cais Petr\u00f3polis, Cais Vila Lu\u00edza, Cais H\u00edpica, Cais Boqueir\u00e3o, Ambulat\u00f3rio de Especialidades, ESF Nen\u00ea Graeff, ESF Zachia, Ambulat\u00f3rio S\u00e3o Jos\u00e9, ESF Don\u00e1ria\/Santa Marta, ESF S\u00e3o Luiz Gonzaga, ESF Adirbal Corralo, ESF Planaltina, ESF S\u00e3o Crist\u00f3v\u00e3o, ESF Adolfo Groth, ESF Jaboticabal, UBS Vila Nova, UBS Parque Farroupilha e Central de Vacinas.<br><br>ESF, UBS e ambulat\u00f3rios: de segunda a sexta-feira, das 8h \u00e0s 11h30 e das 13h \u00e0s 16h30<br>Central de Vacinas: de segunda a sexta-feira, das 8h \u00e0s 18h<br>Cais: de segunda a sexta-feira, das 8h \u00e0s 18h, e nos s\u00e1bados, das 8h \u00e0s 11h<br>Cais Petr\u00f3polis: de segunda a sexta-feira, das 8h \u00e0s 21h30, e nos s\u00e1bados, das 8h \u00e0s 11h<\/p>\n","protected":false},"excerpt":{"rendered":"<p>Neste momento, s\u00e3o vacinados os idosos e profissionais de Institui\u00e7\u00f5es de Longa Perman\u00eancia (ILPIs). Na pr\u00f3xima semana, a vacina\u00e7\u00e3o ser\u00e1 estendida para a popula\u00e7\u00e3o acima de 70 anos<\/p>\n","protected":false},"author":6,"featured_media":3470,"comment_status":"closed","ping_status":"closed","sticky":true,"template":"","format":"standard","meta":{"footnotes":""},"categories":[1],"tags":[],"class_list":["post-3469","post","type-post","status-publish","format-standard","has-post-thumbnail","hentry","category-sem-categoria"],"yoast_head":"<!-- This site is optimized with the Yoast SEO plugin v23.8 - https:\/\/yoast.com\/wordpress\/plugins\/seo\/ -->\n<title>Passo Fundo inicia a aplica\u00e7\u00e3o da vacina bivalente contra a Covid-19 - Secretaria de Sa\u00fade<\/title>\n<meta name=\"robots\" content=\"index, follow, max-snippet:-1, max-image-preview:large, max-video-preview:-1\" \/>\n<link rel=\"canonical\" href=\"https:\/\/www.pmpf.rs.gov.br\/secretaria-de-saude\/2023\/02\/23\/passo-fundo-inicia-a-aplicacao-da-vacina-bivalente-contra-a-covid-19\/\" \/>\n<meta property=\"og:locale\" content=\"pt_BR\" \/>\n<meta property=\"og:type\" content=\"article\" \/>\n<meta property=\"og:title\" content=\"Passo Fundo inicia a aplica\u00e7\u00e3o da vacina bivalente contra a Covid-19 - Secretaria de Sa\u00fade\" \/>\n<meta property=\"og:description\" content=\"Neste momento, s\u00e3o vacinados os idosos e profissionais de Institui\u00e7\u00f5es de Longa Perman\u00eancia (ILPIs). Na pr\u00f3xima semana, a vacina\u00e7\u00e3o ser\u00e1 estendida para a popula\u00e7\u00e3o acima de 70 anos\" \/>\n<meta property=\"og:url\" content=\"https:\/\/www.pmpf.rs.gov.br\/secretaria-de-saude\/2023\/02\/23\/passo-fundo-inicia-a-aplicacao-da-vacina-bivalente-contra-a-covid-19\/\" \/>\n<meta property=\"og:site_name\" content=\"Secretaria de Sa\u00fade\" \/>\n<meta property=\"article:published_time\" content=\"2023-02-23T11:28:44+00:00\" \/>\n<meta property=\"article:modified_time\" content=\"2023-03-16T13:14:11+00:00\" \/>\n<meta property=\"og:image\" content=\"https:\/\/www.pmpf.rs.gov.br\/secretaria-de-saude\/wp-content\/uploads\/sites\/50\/2023\/02\/vacina-bivalente.jpg\" \/>\n\t<meta property=\"og:image:width\" content=\"1600\" \/>\n\t<meta property=\"og:image:height\" content=\"1066\" \/>\n\t<meta property=\"og:image:type\" content=\"image\/jpeg\" \/>\n<meta name=\"author\" content=\"andressazorzetto07\" \/>\n<meta name=\"twitter:card\" content=\"summary_large_image\" \/>\n<meta name=\"twitter:label1\" content=\"Escrito por\" \/>\n\t<meta name=\"twitter:data1\" content=\"andressazorzetto07\" \/>\n\t<meta name=\"twitter:label2\" content=\"Est. tempo de leitura\" \/>\n\t<meta name=\"twitter:data2\" content=\"3 minutos\" \/>\n<script type=\"application\/ld+json\" class=\"yoast-schema-graph\">{\"@context\":\"https:\/\/schema.org\",\"@graph\":[{\"@type\":\"WebPage\",\"@id\":\"https:\/\/www.pmpf.rs.gov.br\/secretaria-de-saude\/2023\/02\/23\/passo-fundo-inicia-a-aplicacao-da-vacina-bivalente-contra-a-covid-19\/\",\"url\":\"https:\/\/www.pmpf.rs.gov.br\/secretaria-de-saude\/2023\/02\/23\/passo-fundo-inicia-a-aplicacao-da-vacina-bivalente-contra-a-covid-19\/\",\"name\":\"Passo Fundo inicia a aplica\u00e7\u00e3o da vacina bivalente contra a Covid-19 - Secretaria de Sa\u00fade\",\"isPartOf\":{\"@id\":\"https:\/\/www.pmpf.rs.gov.br\/secretaria-de-saude\/#website\"},\"primaryImageOfPage\":{\"@id\":\"https:\/\/www.pmpf.rs.gov.br\/secretaria-de-saude\/2023\/02\/23\/passo-fundo-inicia-a-aplicacao-da-vacina-bivalente-contra-a-covid-19\/#primaryimage\"},\"image\":{\"@id\":\"https:\/\/www.pmpf.rs.gov.br\/secretaria-de-saude\/2023\/02\/23\/passo-fundo-inicia-a-aplicacao-da-vacina-bivalente-contra-a-covid-19\/#primaryimage\"},\"thumbnailUrl\":\"https:\/\/www.pmpf.rs.gov.br\/secretaria-de-saude\/wp-content\/uploads\/sites\/50\/2023\/02\/vacina-bivalente.jpg\",\"datePublished\":\"2023-02-23T11:28:44+00:00\",\"dateModified\":\"2023-03-16T13:14:11+00:00\",\"author\":{\"@id\":\"https:\/\/www.pmpf.rs.gov.br\/secretaria-de-saude\/#\/schema\/person\/30ee1d1bd74da1469b01fcf086e43351\"},\"breadcrumb\":{\"@id\":\"https:\/\/www.pmpf.rs.gov.br\/secretaria-de-saude\/2023\/02\/23\/passo-fundo-inicia-a-aplicacao-da-vacina-bivalente-contra-a-covid-19\/#breadcrumb\"},\"inLanguage\":\"pt-BR\",\"potentialAction\":[{\"@type\":\"ReadAction\",\"target\":[\"https:\/\/www.pmpf.rs.gov.br\/secretaria-de-saude\/2023\/02\/23\/passo-fundo-inicia-a-aplicacao-da-vacina-bivalente-contra-a-covid-19\/\"]}]},{\"@type\":\"ImageObject\",\"inLanguage\":\"pt-BR\",\"@id\":\"https:\/\/www.pmpf.rs.gov.br\/secretaria-de-saude\/2023\/02\/23\/passo-fundo-inicia-a-aplicacao-da-vacina-bivalente-contra-a-covid-19\/#primaryimage\",\"url\":\"https:\/\/www.pmpf.rs.gov.br\/secretaria-de-saude\/wp-content\/uploads\/sites\/50\/2023\/02\/vacina-bivalente.jpg\",\"contentUrl\":\"https:\/\/www.pmpf.rs.gov.br\/secretaria-de-saude\/wp-content\/uploads\/sites\/50\/2023\/02\/vacina-bivalente.jpg\",\"width\":1600,\"height\":1066},{\"@type\":\"BreadcrumbList\",\"@id\":\"https:\/\/www.pmpf.rs.gov.br\/secretaria-de-saude\/2023\/02\/23\/passo-fundo-inicia-a-aplicacao-da-vacina-bivalente-contra-a-covid-19\/#breadcrumb\",\"itemListElement\":[{\"@type\":\"ListItem\",\"position\":1,\"name\":\"In\u00edcio\",\"item\":\"https:\/\/www.pmpf.rs.gov.br\/secretaria-de-saude\/\"},{\"@type\":\"ListItem\",\"position\":2,\"name\":\"Passo Fundo inicia a aplica\u00e7\u00e3o da vacina bivalente contra a Covid-19\"}]},{\"@type\":\"WebSite\",\"@id\":\"https:\/\/www.pmpf.rs.gov.br\/secretaria-de-saude\/#website\",\"url\":\"https:\/\/www.pmpf.rs.gov.br\/secretaria-de-saude\/\",\"name\":\"Secretaria de Sa\u00fade\",\"description\":\"S\u00f3 mais um site Prefeitura de Passo Fundo\",\"potentialAction\":[{\"@type\":\"SearchAction\",\"target\":{\"@type\":\"EntryPoint\",\"urlTemplate\":\"https:\/\/www.pmpf.rs.gov.br\/secretaria-de-saude\/?s={search_term_string}\"},\"query-input\":{\"@type\":\"PropertyValueSpecification\",\"valueRequired\":true,\"valueName\":\"search_term_string\"}}],\"inLanguage\":\"pt-BR\"},{\"@type\":\"Person\",\"@id\":\"https:\/\/www.pmpf.rs.gov.br\/secretaria-de-saude\/#\/schema\/person\/30ee1d1bd74da1469b01fcf086e43351\",\"name\":\"andressazorzetto07\",\"image\":{\"@type\":\"ImageObject\",\"inLanguage\":\"pt-BR\",\"@id\":\"https:\/\/www.pmpf.rs.gov.br\/secretaria-de-saude\/#\/schema\/person\/image\/\",\"url\":\"https:\/\/secure.gravatar.com\/avatar\/14c5458ed79dc81da99a13b9ff5f9f19?s=96&d=mm&r=g\",\"contentUrl\":\"https:\/\/secure.gravatar.com\/avatar\/14c5458ed79dc81da99a13b9ff5f9f19?s=96&d=mm&r=g\",\"caption\":\"andressazorzetto07\"},\"url\":\"https:\/\/www.pmpf.rs.gov.br\/secretaria-de-saude\/author\/andressazorzetto07\/\"}]}<\/script>\n<!-- \/ Yoast SEO plugin. -->","yoast_head_json":{"title":"Passo Fundo inicia a aplica\u00e7\u00e3o da vacina bivalente contra a Covid-19 - Secretaria de Sa\u00fade","robots":{"index":"index","follow":"follow","max-snippet":"max-snippet:-1","max-image-preview":"max-image-preview:large","max-video-preview":"max-video-preview:-1"},"canonical":"https:\/\/www.pmpf.rs.gov.br\/secretaria-de-saude\/2023\/02\/23\/passo-fundo-inicia-a-aplicacao-da-vacina-bivalente-contra-a-covid-19\/","og_locale":"pt_BR","og_type":"article","og_title":"Passo Fundo inicia a aplica\u00e7\u00e3o da vacina bivalente contra a Covid-19 - Secretaria de Sa\u00fade","og_description":"Neste momento, s\u00e3o vacinados os idosos e profissionais de Institui\u00e7\u00f5es de Longa Perman\u00eancia (ILPIs). Na pr\u00f3xima semana, a vacina\u00e7\u00e3o ser\u00e1 estendida para a popula\u00e7\u00e3o acima de 70 anos","og_url":"https:\/\/www.pmpf.rs.gov.br\/secretaria-de-saude\/2023\/02\/23\/passo-fundo-inicia-a-aplicacao-da-vacina-bivalente-contra-a-covid-19\/","og_site_name":"Secretaria de Sa\u00fade","article_published_time":"2023-02-23T11:28:44+00:00","article_modified_time":"2023-03-16T13:14:11+00:00","og_image":[{"width":1600,"height":1066,"url":"https:\/\/www.pmpf.rs.gov.br\/secretaria-de-saude\/wp-content\/uploads\/sites\/50\/2023\/02\/vacina-bivalente.jpg","type":"image\/jpeg"}],"author":"andressazorzetto07","twitter_card":"summary_large_image","twitter_misc":{"Escrito por":"andressazorzetto07","Est. tempo de leitura":"3 minutos"},"schema":{"@context":"https:\/\/schema.org","@graph":[{"@type":"WebPage","@id":"https:\/\/www.pmpf.rs.gov.br\/secretaria-de-saude\/2023\/02\/23\/passo-fundo-inicia-a-aplicacao-da-vacina-bivalente-contra-a-covid-19\/","url":"https:\/\/www.pmpf.rs.gov.br\/secretaria-de-saude\/2023\/02\/23\/passo-fundo-inicia-a-aplicacao-da-vacina-bivalente-contra-a-covid-19\/","name":"Passo Fundo inicia a aplica\u00e7\u00e3o da vacina bivalente contra a Covid-19 - Secretaria de Sa\u00fade","isPartOf":{"@id":"https:\/\/www.pmpf.rs.gov.br\/secretaria-de-saude\/#website"},"primaryImageOfPage":{"@id":"https:\/\/www.pmpf.rs.gov.br\/secretaria-de-saude\/2023\/02\/23\/passo-fundo-inicia-a-aplicacao-da-vacina-bivalente-contra-a-covid-19\/#primaryimage"},"image":{"@id":"https:\/\/www.pmpf.rs.gov.br\/secretaria-de-saude\/2023\/02\/23\/passo-fundo-inicia-a-aplicacao-da-vacina-bivalente-contra-a-covid-19\/#primaryimage"},"thumbnailUrl":"https:\/\/www.pmpf.rs.gov.br\/secretaria-de-saude\/wp-content\/uploads\/sites\/50\/2023\/02\/vacina-bivalente.jpg","datePublished":"2023-02-23T11:28:44+00:00","dateModified":"2023-03-16T13:14:11+00:00","author":{"@id":"https:\/\/www.pmpf.rs.gov.br\/secretaria-de-saude\/#\/schema\/person\/30ee1d1bd74da1469b01fcf086e43351"},"breadcrumb":{"@id":"https:\/\/www.pmpf.rs.gov.br\/secretaria-de-saude\/2023\/02\/23\/passo-fundo-inicia-a-aplicacao-da-vacina-bivalente-contra-a-covid-19\/#breadcrumb"},"inLanguage":"pt-BR","potentialAction":[{"@type":"ReadAction","target":["https:\/\/www.pmpf.rs.gov.br\/secretaria-de-saude\/2023\/02\/23\/passo-fundo-inicia-a-aplicacao-da-vacina-bivalente-contra-a-covid-19\/"]}]},{"@type":"ImageObject","inLanguage":"pt-BR","@id":"https:\/\/www.pmpf.rs.gov.br\/secretaria-de-saude\/2023\/02\/23\/passo-fundo-inicia-a-aplicacao-da-vacina-bivalente-contra-a-covid-19\/#primaryimage","url":"https:\/\/www.pmpf.rs.gov.br\/secretaria-de-saude\/wp-content\/uploads\/sites\/50\/2023\/02\/vacina-bivalente.jpg","contentUrl":"https:\/\/www.pmpf.rs.gov.br\/secretaria-de-saude\/wp-content\/uploads\/sites\/50\/2023\/02\/vacina-bivalente.jpg","width":1600,"height":1066},{"@type":"BreadcrumbList","@id":"https:\/\/www.pmpf.rs.gov.br\/secretaria-de-saude\/2023\/02\/23\/passo-fundo-inicia-a-aplicacao-da-vacina-bivalente-contra-a-covid-19\/#breadcrumb","itemListElement":[{"@type":"ListItem","position":1,"name":"In\u00edcio","item":"https:\/\/www.pmpf.rs.gov.br\/secretaria-de-saude\/"},{"@type":"ListItem","position":2,"name":"Passo Fundo inicia a aplica\u00e7\u00e3o da vacina bivalente contra a Covid-19"}]},{"@type":"WebSite","@id":"https:\/\/www.pmpf.rs.gov.br\/secretaria-de-saude\/#website","url":"https:\/\/www.pmpf.rs.gov.br\/secretaria-de-saude\/","name":"Secretaria de Sa\u00fade","description":"S\u00f3 mais um site Prefeitura de Passo Fundo","potentialAction":[{"@type":"SearchAction","target":{"@type":"EntryPoint","urlTemplate":"https:\/\/www.pmpf.rs.gov.br\/secretaria-de-saude\/?s={search_term_string}"},"query-input":{"@type":"PropertyValueSpecification","valueRequired":true,"valueName":"search_term_string"}}],"inLanguage":"pt-BR"},{"@type":"Person","@id":"https:\/\/www.pmpf.rs.gov.br\/secretaria-de-saude\/#\/schema\/person\/30ee1d1bd74da1469b01fcf086e43351","name":"andressazorzetto07","image":{"@type":"ImageObject","inLanguage":"pt-BR","@id":"https:\/\/www.pmpf.rs.gov.br\/secretaria-de-saude\/#\/schema\/person\/image\/","url":"https:\/\/secure.gravatar.com\/avatar\/14c5458ed79dc81da99a13b9ff5f9f19?s=96&d=mm&r=g","contentUrl":"https:\/\/secure.gravatar.com\/avatar\/14c5458ed79dc81da99a13b9ff5f9f19?s=96&d=mm&r=g","caption":"andressazorzetto07"},"url":"https:\/\/www.pmpf.rs.gov.br\/secretaria-de-saude\/author\/andressazorzetto07\/"}]}},"_links":{"self":[{"href":"https:\/\/www.pmpf.rs.gov.br\/secretaria-de-saude\/wp-json\/wp\/v2\/posts\/3469"}],"collection":[{"href":"https:\/\/www.pmpf.rs.gov.br\/secretaria-de-saude\/wp-json\/wp\/v2\/posts"}],"about":[{"href":"https:\/\/www.pmpf.rs.gov.br\/secretaria-de-saude\/wp-json\/wp\/v2\/types\/post"}],"author":[{"embeddable":true,"href":"https:\/\/www.pmpf.rs.gov.br\/secretaria-de-saude\/wp-json\/wp\/v2\/users\/6"}],"replies":[{"embeddable":true,"href":"https:\/\/www.pmpf.rs.gov.br\/secretaria-de-saude\/wp-json\/wp\/v2\/comments?post=3469"}],"version-history":[{"count":1,"href":"https:\/\/www.pmpf.rs.gov.br\/secretaria-de-saude\/wp-json\/wp\/v2\/posts\/3469\/revisions"}],"predecessor-version":[{"id":3471,"href":"https:\/\/www.pmpf.rs.gov.br\/secretaria-de-saude\/wp-json\/wp\/v2\/posts\/3469\/revisions\/3471"}],"wp:featuredmedia":[{"embeddable":true,"href":"https:\/\/www.pmpf.rs.gov.br\/secretaria-de-saude\/wp-json\/wp\/v2\/media\/3470"}],"wp:attachment":[{"href":"https:\/\/www.pmpf.rs.gov.br\/secretaria-de-saude\/wp-json\/wp\/v2\/media?parent=3469"}],"wp:term":[{"taxonomy":"category","embeddable":true,"href":"https:\/\/www.pmpf.rs.gov.br\/secretaria-de-saude\/wp-json\/wp\/v2\/categories?post=3469"},{"taxonomy":"post_tag","embeddable":true,"href":"https:\/\/www.pmpf.rs.gov.br\/secretaria-de-saude\/wp-json\/wp\/v2\/tags?post=3469"}],"curies":[{"name":"wp","href":"https:\/\/api.w.org\/{rel}","templated":true}]}}