{"id":3437,"date":"2023-02-09T15:41:37","date_gmt":"2023-02-09T18:41:37","guid":{"rendered":"https:\/\/www.pmpf.rs.gov.br\/secretaria-de-saude\/?p=3437"},"modified":"2023-02-09T15:41:38","modified_gmt":"2023-02-09T18:41:38","slug":"atividades-da-coordenadora-do-idoso-dati-comai-2023-sao-abertas","status":"publish","type":"post","link":"https:\/\/www.pmpf.rs.gov.br\/secretaria-de-saude\/2023\/02\/09\/atividades-da-coordenadora-do-idoso-dati-comai-2023-sao-abertas\/","title":{"rendered":"Atividades da Coordenadora do Idoso DATI\/COMAI 2023 s\u00e3o abertas"},"content":{"rendered":"\n<p><\/p>\n\n\n\n<p>As atividades da Coordenadoria Municipal do Idoso Dati\/Comai para o ano de 2023 foram abertas nesta quinta-feira (9), em evento realizado no audit\u00f3rio do Col\u00e9gio Notre Dame com a participa\u00e7\u00e3o de centenas de idosos. As a\u00e7\u00f5es do Munic\u00edpio em prol da terceira idade foram lembradas pelo prefeito Pedro Almeida, que destacou a inaugura\u00e7\u00e3o da nova sede da Coordenadoria e do Centro de Refer\u00eancia do Idoso. \u201cEstamos sempre mobilizados para trazer mais iniciativas que signifiquem sa\u00fade e alegria para nossos idosos\u201d, afirmou Pedro.<\/p>\n\n\n\n<p>O vice-prefeito Jo\u00e3o Pedro Nunes deu as boas-vindas aos grupos e ressaltou a import\u00e2ncia da programa\u00e7\u00e3o que envolve os idosos durante o ano inteiro, proporcionando a todos mais sa\u00fade, lazer e momentos de confraterniza\u00e7\u00e3o. Para a coordenadora da Coordenadoria de Aten\u00e7\u00e3o ao Idoso, T\u00e2nia Mara Carraro, as atividades promovidas estimulam h\u00e1bitos saud\u00e1veis, melhoram o \u00e2nimo e incentivam a participa\u00e7\u00e3o dos idosos na vida comunit\u00e1ria e social. A Coordenadoria, que pertence \u00e0 Prefeitura de Passo Fundo, atualmente conta com 51 Grupos de Conviv\u00eancias localizados nos diversos bairros da cidade e no interior.<\/p>\n\n\n\n<p>Dentre as a\u00e7\u00f5es promovidas pela Coordenadoria est\u00e1 o Terceira Idade Digital, programa que oferece aulas de inform\u00e1tica, notebook e celular para os idosos. Tamb\u00e9m s\u00e3o oferecidas oficinas nas \u00e1reas de: Artes, Pintura, Alongamento, Pilates, Yoga, Mem\u00f3ria Ativa, Literatura, Franc\u00eas, Espanhol, Alfabetiza\u00e7\u00e3o, Dan\u00e7a Ga\u00facha, Dan\u00e7a de Mulheres, Coral, Banda, Canto Individual, Viol\u00e3o, Teclado, Gaita, Flauta Doce, C\u00e2mbio, Xadrez, Domin\u00f3 e Cartas.<\/p>\n\n\n\n<p>Durante o evento de abertura das atividades, os idosos acompanharam a palestra do Dr. Jorge Trevisol, formado em Filosofia, Teologia e Psicologia.<\/p>\n","protected":false},"excerpt":{"rendered":"<p>Evento ocorreu no audit\u00f3rio do Col\u00e9gio Notre Dame e contou a presen\u00e7a de centenas de idosos<\/p>\n","protected":false},"author":14,"featured_media":3438,"comment_status":"closed","ping_status":"closed","sticky":false,"template":"","format":"standard","meta":{"footnotes":""},"categories":[28],"tags":[34,33,35],"class_list":["post-3437","post","type-post","status-publish","format-standard","has-post-thumbnail","hentry","category-centro-de-referencia-do-idoso","tag-comai","tag-dati","tag-terceira-idade"],"yoast_head":"<!-- This site is optimized with the Yoast SEO plugin v23.8 - https:\/\/yoast.com\/wordpress\/plugins\/seo\/ -->\n<title>Atividades da Coordenadora do Idoso DATI\/COMAI 2023 s\u00e3o abertas - Secretaria de Sa\u00fade<\/title>\n<meta name=\"robots\" content=\"index, follow, max-snippet:-1, max-image-preview:large, max-video-preview:-1\" \/>\n<link rel=\"canonical\" href=\"https:\/\/www.pmpf.rs.gov.br\/secretaria-de-saude\/2023\/02\/09\/atividades-da-coordenadora-do-idoso-dati-comai-2023-sao-abertas\/\" \/>\n<meta property=\"og:locale\" content=\"pt_BR\" \/>\n<meta property=\"og:type\" content=\"article\" \/>\n<meta property=\"og:title\" content=\"Atividades da Coordenadora do Idoso DATI\/COMAI 2023 s\u00e3o abertas - Secretaria de Sa\u00fade\" \/>\n<meta property=\"og:description\" content=\"Evento ocorreu no audit\u00f3rio do Col\u00e9gio Notre Dame e contou a presen\u00e7a de centenas de idosos\" \/>\n<meta property=\"og:url\" content=\"https:\/\/www.pmpf.rs.gov.br\/secretaria-de-saude\/2023\/02\/09\/atividades-da-coordenadora-do-idoso-dati-comai-2023-sao-abertas\/\" \/>\n<meta property=\"og:site_name\" content=\"Secretaria de Sa\u00fade\" \/>\n<meta property=\"article:published_time\" content=\"2023-02-09T18:41:37+00:00\" \/>\n<meta property=\"article:modified_time\" content=\"2023-02-09T18:41:38+00:00\" \/>\n<meta name=\"author\" content=\"crispuhll\" \/>\n<meta name=\"twitter:card\" content=\"summary_large_image\" \/>\n<meta name=\"twitter:label1\" content=\"Escrito por\" \/>\n\t<meta name=\"twitter:data1\" content=\"crispuhll\" \/>\n\t<meta name=\"twitter:label2\" content=\"Est. tempo de leitura\" \/>\n\t<meta name=\"twitter:data2\" content=\"1 minuto\" \/>\n<script type=\"application\/ld+json\" class=\"yoast-schema-graph\">{\"@context\":\"https:\/\/schema.org\",\"@graph\":[{\"@type\":\"WebPage\",\"@id\":\"https:\/\/www.pmpf.rs.gov.br\/secretaria-de-saude\/2023\/02\/09\/atividades-da-coordenadora-do-idoso-dati-comai-2023-sao-abertas\/\",\"url\":\"https:\/\/www.pmpf.rs.gov.br\/secretaria-de-saude\/2023\/02\/09\/atividades-da-coordenadora-do-idoso-dati-comai-2023-sao-abertas\/\",\"name\":\"Atividades da Coordenadora do Idoso DATI\/COMAI 2023 s\u00e3o abertas - Secretaria de Sa\u00fade\",\"isPartOf\":{\"@id\":\"https:\/\/www.pmpf.rs.gov.br\/secretaria-de-saude\/#website\"},\"primaryImageOfPage\":{\"@id\":\"https:\/\/www.pmpf.rs.gov.br\/secretaria-de-saude\/2023\/02\/09\/atividades-da-coordenadora-do-idoso-dati-comai-2023-sao-abertas\/#primaryimage\"},\"image\":{\"@id\":\"https:\/\/www.pmpf.rs.gov.br\/secretaria-de-saude\/2023\/02\/09\/atividades-da-coordenadora-do-idoso-dati-comai-2023-sao-abertas\/#primaryimage\"},\"thumbnailUrl\":\"https:\/\/www.pmpf.rs.gov.br\/secretaria-de-saude\/wp-content\/uploads\/sites\/50\/2023\/02\/WhatsApp-Image-2023-02-09-at-15.35.55.jpeg\",\"datePublished\":\"2023-02-09T18:41:37+00:00\",\"dateModified\":\"2023-02-09T18:41:38+00:00\",\"author\":{\"@id\":\"https:\/\/www.pmpf.rs.gov.br\/secretaria-de-saude\/#\/schema\/person\/d5e03c9407acc37371a3fc616069ca6b\"},\"breadcrumb\":{\"@id\":\"https:\/\/www.pmpf.rs.gov.br\/secretaria-de-saude\/2023\/02\/09\/atividades-da-coordenadora-do-idoso-dati-comai-2023-sao-abertas\/#breadcrumb\"},\"inLanguage\":\"pt-BR\",\"potentialAction\":[{\"@type\":\"ReadAction\",\"target\":[\"https:\/\/www.pmpf.rs.gov.br\/secretaria-de-saude\/2023\/02\/09\/atividades-da-coordenadora-do-idoso-dati-comai-2023-sao-abertas\/\"]}]},{\"@type\":\"ImageObject\",\"inLanguage\":\"pt-BR\",\"@id\":\"https:\/\/www.pmpf.rs.gov.br\/secretaria-de-saude\/2023\/02\/09\/atividades-da-coordenadora-do-idoso-dati-comai-2023-sao-abertas\/#primaryimage\",\"url\":\"https:\/\/www.pmpf.rs.gov.br\/secretaria-de-saude\/wp-content\/uploads\/sites\/50\/2023\/02\/WhatsApp-Image-2023-02-09-at-15.35.55.jpeg\",\"contentUrl\":\"https:\/\/www.pmpf.rs.gov.br\/secretaria-de-saude\/wp-content\/uploads\/sites\/50\/2023\/02\/WhatsApp-Image-2023-02-09-at-15.35.55.jpeg\",\"width\":1280,\"height\":856},{\"@type\":\"BreadcrumbList\",\"@id\":\"https:\/\/www.pmpf.rs.gov.br\/secretaria-de-saude\/2023\/02\/09\/atividades-da-coordenadora-do-idoso-dati-comai-2023-sao-abertas\/#breadcrumb\",\"itemListElement\":[{\"@type\":\"ListItem\",\"position\":1,\"name\":\"In\u00edcio\",\"item\":\"https:\/\/www.pmpf.rs.gov.br\/secretaria-de-saude\/\"},{\"@type\":\"ListItem\",\"position\":2,\"name\":\"Atividades da Coordenadora do Idoso DATI\/COMAI 2023 s\u00e3o abertas\"}]},{\"@type\":\"WebSite\",\"@id\":\"https:\/\/www.pmpf.rs.gov.br\/secretaria-de-saude\/#website\",\"url\":\"https:\/\/www.pmpf.rs.gov.br\/secretaria-de-saude\/\",\"name\":\"Secretaria de Sa\u00fade\",\"description\":\"S\u00f3 mais um site Prefeitura de Passo Fundo\",\"potentialAction\":[{\"@type\":\"SearchAction\",\"target\":{\"@type\":\"EntryPoint\",\"urlTemplate\":\"https:\/\/www.pmpf.rs.gov.br\/secretaria-de-saude\/?s={search_term_string}\"},\"query-input\":{\"@type\":\"PropertyValueSpecification\",\"valueRequired\":true,\"valueName\":\"search_term_string\"}}],\"inLanguage\":\"pt-BR\"},{\"@type\":\"Person\",\"@id\":\"https:\/\/www.pmpf.rs.gov.br\/secretaria-de-saude\/#\/schema\/person\/d5e03c9407acc37371a3fc616069ca6b\",\"name\":\"crispuhll\",\"image\":{\"@type\":\"ImageObject\",\"inLanguage\":\"pt-BR\",\"@id\":\"https:\/\/www.pmpf.rs.gov.br\/secretaria-de-saude\/#\/schema\/person\/image\/\",\"url\":\"https:\/\/secure.gravatar.com\/avatar\/345741ad9625b2854df5b938a77f8d85?s=96&d=mm&r=g\",\"contentUrl\":\"https:\/\/secure.gravatar.com\/avatar\/345741ad9625b2854df5b938a77f8d85?s=96&d=mm&r=g\",\"caption\":\"crispuhll\"},\"url\":\"https:\/\/www.pmpf.rs.gov.br\/secretaria-de-saude\/author\/crispuhll\/\"}]}<\/script>\n<!-- \/ Yoast SEO plugin. -->","yoast_head_json":{"title":"Atividades da Coordenadora do Idoso DATI\/COMAI 2023 s\u00e3o abertas - Secretaria de Sa\u00fade","robots":{"index":"index","follow":"follow","max-snippet":"max-snippet:-1","max-image-preview":"max-image-preview:large","max-video-preview":"max-video-preview:-1"},"canonical":"https:\/\/www.pmpf.rs.gov.br\/secretaria-de-saude\/2023\/02\/09\/atividades-da-coordenadora-do-idoso-dati-comai-2023-sao-abertas\/","og_locale":"pt_BR","og_type":"article","og_title":"Atividades da Coordenadora do Idoso DATI\/COMAI 2023 s\u00e3o abertas - Secretaria de Sa\u00fade","og_description":"Evento ocorreu no audit\u00f3rio do Col\u00e9gio Notre Dame e contou a presen\u00e7a de centenas de idosos","og_url":"https:\/\/www.pmpf.rs.gov.br\/secretaria-de-saude\/2023\/02\/09\/atividades-da-coordenadora-do-idoso-dati-comai-2023-sao-abertas\/","og_site_name":"Secretaria de Sa\u00fade","article_published_time":"2023-02-09T18:41:37+00:00","article_modified_time":"2023-02-09T18:41:38+00:00","author":"crispuhll","twitter_card":"summary_large_image","twitter_misc":{"Escrito por":"crispuhll","Est. tempo de leitura":"1 minuto"},"schema":{"@context":"https:\/\/schema.org","@graph":[{"@type":"WebPage","@id":"https:\/\/www.pmpf.rs.gov.br\/secretaria-de-saude\/2023\/02\/09\/atividades-da-coordenadora-do-idoso-dati-comai-2023-sao-abertas\/","url":"https:\/\/www.pmpf.rs.gov.br\/secretaria-de-saude\/2023\/02\/09\/atividades-da-coordenadora-do-idoso-dati-comai-2023-sao-abertas\/","name":"Atividades da Coordenadora do Idoso DATI\/COMAI 2023 s\u00e3o abertas - Secretaria de Sa\u00fade","isPartOf":{"@id":"https:\/\/www.pmpf.rs.gov.br\/secretaria-de-saude\/#website"},"primaryImageOfPage":{"@id":"https:\/\/www.pmpf.rs.gov.br\/secretaria-de-saude\/2023\/02\/09\/atividades-da-coordenadora-do-idoso-dati-comai-2023-sao-abertas\/#primaryimage"},"image":{"@id":"https:\/\/www.pmpf.rs.gov.br\/secretaria-de-saude\/2023\/02\/09\/atividades-da-coordenadora-do-idoso-dati-comai-2023-sao-abertas\/#primaryimage"},"thumbnailUrl":"https:\/\/www.pmpf.rs.gov.br\/secretaria-de-saude\/wp-content\/uploads\/sites\/50\/2023\/02\/WhatsApp-Image-2023-02-09-at-15.35.55.jpeg","datePublished":"2023-02-09T18:41:37+00:00","dateModified":"2023-02-09T18:41:38+00:00","author":{"@id":"https:\/\/www.pmpf.rs.gov.br\/secretaria-de-saude\/#\/schema\/person\/d5e03c9407acc37371a3fc616069ca6b"},"breadcrumb":{"@id":"https:\/\/www.pmpf.rs.gov.br\/secretaria-de-saude\/2023\/02\/09\/atividades-da-coordenadora-do-idoso-dati-comai-2023-sao-abertas\/#breadcrumb"},"inLanguage":"pt-BR","potentialAction":[{"@type":"ReadAction","target":["https:\/\/www.pmpf.rs.gov.br\/secretaria-de-saude\/2023\/02\/09\/atividades-da-coordenadora-do-idoso-dati-comai-2023-sao-abertas\/"]}]},{"@type":"ImageObject","inLanguage":"pt-BR","@id":"https:\/\/www.pmpf.rs.gov.br\/secretaria-de-saude\/2023\/02\/09\/atividades-da-coordenadora-do-idoso-dati-comai-2023-sao-abertas\/#primaryimage","url":"https:\/\/www.pmpf.rs.gov.br\/secretaria-de-saude\/wp-content\/uploads\/sites\/50\/2023\/02\/WhatsApp-Image-2023-02-09-at-15.35.55.jpeg","contentUrl":"https:\/\/www.pmpf.rs.gov.br\/secretaria-de-saude\/wp-content\/uploads\/sites\/50\/2023\/02\/WhatsApp-Image-2023-02-09-at-15.35.55.jpeg","width":1280,"height":856},{"@type":"BreadcrumbList","@id":"https:\/\/www.pmpf.rs.gov.br\/secretaria-de-saude\/2023\/02\/09\/atividades-da-coordenadora-do-idoso-dati-comai-2023-sao-abertas\/#breadcrumb","itemListElement":[{"@type":"ListItem","position":1,"name":"In\u00edcio","item":"https:\/\/www.pmpf.rs.gov.br\/secretaria-de-saude\/"},{"@type":"ListItem","position":2,"name":"Atividades da Coordenadora do Idoso DATI\/COMAI 2023 s\u00e3o abertas"}]},{"@type":"WebSite","@id":"https:\/\/www.pmpf.rs.gov.br\/secretaria-de-saude\/#website","url":"https:\/\/www.pmpf.rs.gov.br\/secretaria-de-saude\/","name":"Secretaria de Sa\u00fade","description":"S\u00f3 mais um site Prefeitura de Passo Fundo","potentialAction":[{"@type":"SearchAction","target":{"@type":"EntryPoint","urlTemplate":"https:\/\/www.pmpf.rs.gov.br\/secretaria-de-saude\/?s={search_term_string}"},"query-input":{"@type":"PropertyValueSpecification","valueRequired":true,"valueName":"search_term_string"}}],"inLanguage":"pt-BR"},{"@type":"Person","@id":"https:\/\/www.pmpf.rs.gov.br\/secretaria-de-saude\/#\/schema\/person\/d5e03c9407acc37371a3fc616069ca6b","name":"crispuhll","image":{"@type":"ImageObject","inLanguage":"pt-BR","@id":"https:\/\/www.pmpf.rs.gov.br\/secretaria-de-saude\/#\/schema\/person\/image\/","url":"https:\/\/secure.gravatar.com\/avatar\/345741ad9625b2854df5b938a77f8d85?s=96&d=mm&r=g","contentUrl":"https:\/\/secure.gravatar.com\/avatar\/345741ad9625b2854df5b938a77f8d85?s=96&d=mm&r=g","caption":"crispuhll"},"url":"https:\/\/www.pmpf.rs.gov.br\/secretaria-de-saude\/author\/crispuhll\/"}]}},"_links":{"self":[{"href":"https:\/\/www.pmpf.rs.gov.br\/secretaria-de-saude\/wp-json\/wp\/v2\/posts\/3437"}],"collection":[{"href":"https:\/\/www.pmpf.rs.gov.br\/secretaria-de-saude\/wp-json\/wp\/v2\/posts"}],"about":[{"href":"https:\/\/www.pmpf.rs.gov.br\/secretaria-de-saude\/wp-json\/wp\/v2\/types\/post"}],"author":[{"embeddable":true,"href":"https:\/\/www.pmpf.rs.gov.br\/secretaria-de-saude\/wp-json\/wp\/v2\/users\/14"}],"replies":[{"embeddable":true,"href":"https:\/\/www.pmpf.rs.gov.br\/secretaria-de-saude\/wp-json\/wp\/v2\/comments?post=3437"}],"version-history":[{"count":1,"href":"https:\/\/www.pmpf.rs.gov.br\/secretaria-de-saude\/wp-json\/wp\/v2\/posts\/3437\/revisions"}],"predecessor-version":[{"id":3439,"href":"https:\/\/www.pmpf.rs.gov.br\/secretaria-de-saude\/wp-json\/wp\/v2\/posts\/3437\/revisions\/3439"}],"wp:featuredmedia":[{"embeddable":true,"href":"https:\/\/www.pmpf.rs.gov.br\/secretaria-de-saude\/wp-json\/wp\/v2\/media\/3438"}],"wp:attachment":[{"href":"https:\/\/www.pmpf.rs.gov.br\/secretaria-de-saude\/wp-json\/wp\/v2\/media?parent=3437"}],"wp:term":[{"taxonomy":"category","embeddable":true,"href":"https:\/\/www.pmpf.rs.gov.br\/secretaria-de-saude\/wp-json\/wp\/v2\/categories?post=3437"},{"taxonomy":"post_tag","embeddable":true,"href":"https:\/\/www.pmpf.rs.gov.br\/secretaria-de-saude\/wp-json\/wp\/v2\/tags?post=3437"}],"curies":[{"name":"wp","href":"https:\/\/api.w.org\/{rel}","templated":true}]}}