{"id":3421,"date":"2023-01-11T13:43:09","date_gmt":"2023-01-11T16:43:09","guid":{"rendered":"https:\/\/www.pmpf.rs.gov.br\/secretaria-de-saude\/?p=3421"},"modified":"2023-01-11T13:43:15","modified_gmt":"2023-01-11T16:43:15","slug":"cais-passam-a-realizar-vacinacao-nos-sabados","status":"publish","type":"post","link":"https:\/\/www.pmpf.rs.gov.br\/secretaria-de-saude\/2023\/01\/11\/cais-passam-a-realizar-vacinacao-nos-sabados\/","title":{"rendered":"<strong>Cais passam a realizar vacina\u00e7\u00e3o nos s\u00e1bados<\/strong>"},"content":{"rendered":"\n<p><br>A Prefeitura de Passo Fundo informou, nesta ter\u00e7a-feira (10), que os Centros de Aten\u00e7\u00e3o Integral \u00e0 Sa\u00fade (Cais) passar\u00e3o a ter as salas de vacina\u00e7\u00e3o abertas nos s\u00e1bados, das 8h \u00e0s 11h. A amplia\u00e7\u00e3o do hor\u00e1rio ser\u00e1 v\u00e1lida a partir desta semana e contempla as aplica\u00e7\u00f5es das vacinas do calend\u00e1rio nacional e da Covid-19.<\/p>\n\n\n\n<p>Conforme a secret\u00e1ria de Sa\u00fade, Cristine Pilati, o objetivo da mudan\u00e7a \u00e9 facilitar o acesso ao servi\u00e7o pela popula\u00e7\u00e3o. \u201cEntendemos que muitas pessoas n\u00e3o conseguem ir at\u00e9 as unidades durante o hor\u00e1rio semanal. Por isso, teremos todos os Cais com funcionamento das salas de vacina\u00e7\u00e3o nos s\u00e1bados, o que antes acontecia somente no Petr\u00f3polis\u201d, afirmou.<\/p>\n\n\n\n<p>De segunda a sexta-feira, os Cais H\u00edpica, Boqueir\u00e3o, S\u00e3o Crist\u00f3v\u00e3o e Vila Lu\u00edza funcionam das 8h \u00e0s 18h, sem intervalo ao meio-dia. J\u00e1 o Cais Petr\u00f3polis opera das 8h \u00e0s 21h30. Nos s\u00e1bados, o hor\u00e1rio das 8h \u00e0s 11h abranger\u00e1 todas estas unidades.<\/p>\n\n\n\n<p><strong>Relembre como est\u00e1 a vacina\u00e7\u00e3o contra a Covid-19<br><\/strong>&#8211; 1\u00aa dose para pessoas acima de 12 anos, gestantes e pu\u00e9rperas<br>&#8211; 2\u00aa dose de Coronavac para todas as pessoas que precisam completar o esquema vacinal (intervalo \u00e9 de 28 dias)<br>&#8211; 2\u00aa dose de Pfizer para as pessoas com 18 anos ou mais que precisam completar o esquema vacinal (intervalo \u00e9 de oito semanas)<br>&#8211; 2\u00aa dose de Pfizer para adolescentes que precisam completar o esquema vacinal (intervalo \u00e9 de oito semanas)<br>&#8211; 2\u00aa dose de AstraZeneca para todas as pessoas que precisam completar o esquema vacinal (intervalo \u00e9 de oito semanas)<br>&#8211; 3\u00aa dose (refor\u00e7o) para todas as pessoas acima de 12 anos que receberam a segunda dose h\u00e1, no m\u00ednimo, quatro meses<br>&#8211; 2\u00aa dose de refor\u00e7o para pessoas com 18 anos ou mais que fizeram o primeiro refor\u00e7o h\u00e1 quatro meses ou mais<\/p>\n\n\n\n<p>Cais S\u00e3o Crist\u00f3v\u00e3o, Cais Petr\u00f3polis, Cais Vila Lu\u00edza, Cais H\u00edpica, Cais Boqueir\u00e3o, Ambulat\u00f3rio de Especialidades, ESF Nen\u00ea Graeff, ESF Zachia, Ambulat\u00f3rio S\u00e3o Jos\u00e9, ESF Don\u00e1ria\/Santa Marta, ESF S\u00e3o Luiz Gonzaga, ESF Adirbal Corralo, ESF Planaltina, ESF S\u00e3o Crist\u00f3v\u00e3o, ESF Adolfo Groth, ESF Jaboticabal, UBS Vila Nova, UBS Parque Farroupilha e Central de Vacinas.<\/p>\n\n\n\n<p>ESF, UBS e ambulat\u00f3rios: de segunda a sexta-feira, das 8h \u00e0s 11h30 e das 13h \u00e0s 16h30<br>Central de Vacinas: de segunda a sexta-feira, das 8h \u00e0s 18h<br>Cais: de segunda a sexta-feira, das 8h \u00e0s 18h, e nos s\u00e1bados, das 8h \u00e0s 11h<br>Cais Petr\u00f3polis: de segunda a sexta-feira, das 8h \u00e0s 21h30, e nos s\u00e1bados, das 8h \u00e0s 11h<\/p>\n\n\n\n<p>Exclusivo para quem fez a vacina Janssen<br>&#8211;&nbsp;Refor\u00e7o para todas as pessoas com 18 anos ou mais que fizeram a vacina Janssen no esquema prim\u00e1rio (dose \u00fanica) h\u00e1, no m\u00ednimo, dois meses<br>&#8211; 2\u00aa dose de refor\u00e7o para pessoas com 18 anos a 39 anos (n\u00e3o gestantes e pu\u00e9rperas) que fizeram a vacina Janssen no esquema prim\u00e1rio (dose \u00fanica), independente do imunizante utilizado no primeiro refor\u00e7o<br>&#8211; 3\u00aa dose de refor\u00e7o para pessoas com 18 anos ou mais (n\u00e3o gestantes e pu\u00e9rperas) que fizeram a vacina Janssen no esquema prim\u00e1rio (dose \u00fanica), independente do imunizante utilizado nos refor\u00e7os anteriores.<\/p>\n\n\n\n<p>Cais S\u00e3o Crist\u00f3v\u00e3o, Cais Petr\u00f3polis, Cais Vila Lu\u00edza, Cais H\u00edpica, Cais Boqueir\u00e3o, Ambulat\u00f3rio de Especialidades, ESF Nen\u00ea Graeff, ESF Zachia, Ambulat\u00f3rio S\u00e3o Jos\u00e9, ESF Don\u00e1ria\/Santa Marta, ESF S\u00e3o Luiz Gonzaga, ESF Adirbal Corralo, ESF Planaltina, ESF S\u00e3o Crist\u00f3v\u00e3o, ESF Adolfo Groth, ESF Jaboticabal, UBS Vila Nova, UBS Parque Farroupilha e Central de Vacinas.<\/p>\n\n\n\n<p>ESF, UBS e ambulat\u00f3rios: de segunda a sexta-feira, das 8h \u00e0s 11h30 e das 13h \u00e0s 16h30<br>Central de Vacinas: de segunda a sexta-feira, das 8h \u00e0s 18h<br>Cais: de segunda a sexta-feira, das 8h \u00e0s 18h, e nos s\u00e1bados, das 8h \u00e0s 11h<br>Cais Petr\u00f3polis: de segunda a sexta-feira, das 8h \u00e0s 21h30, e nos s\u00e1bados, das 8h \u00e0s 11h<\/p>\n\n\n\n<p>Na Central de Vacinas<br>&#8211;&nbsp;Dose adicional para adolescentes de 12 a 17 anos imunocomprometidos (intervalo m\u00ednimo de oito semanas da segunda dose)<br>&#8211; 3\u00aa dose para imunossuprimidos<br>&#8211; 1\u00aa dose para crian\u00e7as de 3 a 11 anos<br>&#8211; 2\u00aa dose de Pfizer para todas as crian\u00e7as que precisam completar o esquema vacinal (intervalo \u00e9 de oito semanas)<br>&#8211; 2\u00aa dose de Coronavac para todas as crian\u00e7as que precisam completar o esquema vacinal (intervalo \u00e9 de quatro semanas)<br>&#8211; 1\u00aa dose para crian\u00e7as de 6 meses a 3 anos incompletos (2 anos, 11 meses e 29 dias)<br>&#8211; Refor\u00e7o para crian\u00e7as de 5 a 11 anos<br>Hor\u00e1rio: de segunda a sexta-feira, das 8h \u00e0s 16h<\/p>\n","protected":false},"excerpt":{"rendered":"<p>Com a amplia\u00e7\u00e3o do hor\u00e1rio, a Prefeitura busca facilitar o acesso ao servi\u00e7o pela popula\u00e7\u00e3o. Salas de vacina\u00e7\u00e3o estar\u00e3o abertas para aplica\u00e7\u00f5es do calend\u00e1rio nacional e contra a Covid-19<\/p>\n","protected":false},"author":6,"featured_media":0,"comment_status":"closed","ping_status":"closed","sticky":true,"template":"","format":"standard","meta":{"footnotes":""},"categories":[1],"tags":[],"class_list":["post-3421","post","type-post","status-publish","format-standard","hentry","category-sem-categoria"],"yoast_head":"<!-- This site is optimized with the Yoast SEO plugin v23.8 - https:\/\/yoast.com\/wordpress\/plugins\/seo\/ -->\n<title>Cais passam a realizar vacina\u00e7\u00e3o nos s\u00e1bados - Secretaria de Sa\u00fade<\/title>\n<meta name=\"robots\" content=\"index, follow, max-snippet:-1, max-image-preview:large, max-video-preview:-1\" \/>\n<link rel=\"canonical\" href=\"https:\/\/www.pmpf.rs.gov.br\/secretaria-de-saude\/2023\/01\/11\/cais-passam-a-realizar-vacinacao-nos-sabados\/\" \/>\n<meta property=\"og:locale\" content=\"pt_BR\" \/>\n<meta property=\"og:type\" content=\"article\" \/>\n<meta property=\"og:title\" content=\"Cais passam a realizar vacina\u00e7\u00e3o nos s\u00e1bados - Secretaria de Sa\u00fade\" \/>\n<meta property=\"og:description\" content=\"Com a amplia\u00e7\u00e3o do hor\u00e1rio, a Prefeitura busca facilitar o acesso ao servi\u00e7o pela popula\u00e7\u00e3o. Salas de vacina\u00e7\u00e3o estar\u00e3o abertas para aplica\u00e7\u00f5es do calend\u00e1rio nacional e contra a Covid-19\" \/>\n<meta property=\"og:url\" content=\"https:\/\/www.pmpf.rs.gov.br\/secretaria-de-saude\/2023\/01\/11\/cais-passam-a-realizar-vacinacao-nos-sabados\/\" \/>\n<meta property=\"og:site_name\" content=\"Secretaria de Sa\u00fade\" \/>\n<meta property=\"article:published_time\" content=\"2023-01-11T16:43:09+00:00\" \/>\n<meta property=\"article:modified_time\" content=\"2023-01-11T16:43:15+00:00\" \/>\n<meta name=\"author\" content=\"andressazorzetto07\" \/>\n<meta name=\"twitter:card\" content=\"summary_large_image\" \/>\n<meta name=\"twitter:label1\" content=\"Escrito por\" \/>\n\t<meta name=\"twitter:data1\" content=\"andressazorzetto07\" \/>\n\t<meta name=\"twitter:label2\" content=\"Est. tempo de leitura\" \/>\n\t<meta name=\"twitter:data2\" content=\"4 minutos\" \/>\n<script type=\"application\/ld+json\" class=\"yoast-schema-graph\">{\"@context\":\"https:\/\/schema.org\",\"@graph\":[{\"@type\":\"WebPage\",\"@id\":\"https:\/\/www.pmpf.rs.gov.br\/secretaria-de-saude\/2023\/01\/11\/cais-passam-a-realizar-vacinacao-nos-sabados\/\",\"url\":\"https:\/\/www.pmpf.rs.gov.br\/secretaria-de-saude\/2023\/01\/11\/cais-passam-a-realizar-vacinacao-nos-sabados\/\",\"name\":\"Cais passam a realizar vacina\u00e7\u00e3o nos s\u00e1bados - Secretaria de Sa\u00fade\",\"isPartOf\":{\"@id\":\"https:\/\/www.pmpf.rs.gov.br\/secretaria-de-saude\/#website\"},\"datePublished\":\"2023-01-11T16:43:09+00:00\",\"dateModified\":\"2023-01-11T16:43:15+00:00\",\"author\":{\"@id\":\"https:\/\/www.pmpf.rs.gov.br\/secretaria-de-saude\/#\/schema\/person\/30ee1d1bd74da1469b01fcf086e43351\"},\"breadcrumb\":{\"@id\":\"https:\/\/www.pmpf.rs.gov.br\/secretaria-de-saude\/2023\/01\/11\/cais-passam-a-realizar-vacinacao-nos-sabados\/#breadcrumb\"},\"inLanguage\":\"pt-BR\",\"potentialAction\":[{\"@type\":\"ReadAction\",\"target\":[\"https:\/\/www.pmpf.rs.gov.br\/secretaria-de-saude\/2023\/01\/11\/cais-passam-a-realizar-vacinacao-nos-sabados\/\"]}]},{\"@type\":\"BreadcrumbList\",\"@id\":\"https:\/\/www.pmpf.rs.gov.br\/secretaria-de-saude\/2023\/01\/11\/cais-passam-a-realizar-vacinacao-nos-sabados\/#breadcrumb\",\"itemListElement\":[{\"@type\":\"ListItem\",\"position\":1,\"name\":\"In\u00edcio\",\"item\":\"https:\/\/www.pmpf.rs.gov.br\/secretaria-de-saude\/\"},{\"@type\":\"ListItem\",\"position\":2,\"name\":\"Cais passam a realizar vacina\u00e7\u00e3o nos s\u00e1bados\"}]},{\"@type\":\"WebSite\",\"@id\":\"https:\/\/www.pmpf.rs.gov.br\/secretaria-de-saude\/#website\",\"url\":\"https:\/\/www.pmpf.rs.gov.br\/secretaria-de-saude\/\",\"name\":\"Secretaria de Sa\u00fade\",\"description\":\"S\u00f3 mais um site Prefeitura de Passo Fundo\",\"potentialAction\":[{\"@type\":\"SearchAction\",\"target\":{\"@type\":\"EntryPoint\",\"urlTemplate\":\"https:\/\/www.pmpf.rs.gov.br\/secretaria-de-saude\/?s={search_term_string}\"},\"query-input\":{\"@type\":\"PropertyValueSpecification\",\"valueRequired\":true,\"valueName\":\"search_term_string\"}}],\"inLanguage\":\"pt-BR\"},{\"@type\":\"Person\",\"@id\":\"https:\/\/www.pmpf.rs.gov.br\/secretaria-de-saude\/#\/schema\/person\/30ee1d1bd74da1469b01fcf086e43351\",\"name\":\"andressazorzetto07\",\"image\":{\"@type\":\"ImageObject\",\"inLanguage\":\"pt-BR\",\"@id\":\"https:\/\/www.pmpf.rs.gov.br\/secretaria-de-saude\/#\/schema\/person\/image\/\",\"url\":\"https:\/\/secure.gravatar.com\/avatar\/14c5458ed79dc81da99a13b9ff5f9f19?s=96&d=mm&r=g\",\"contentUrl\":\"https:\/\/secure.gravatar.com\/avatar\/14c5458ed79dc81da99a13b9ff5f9f19?s=96&d=mm&r=g\",\"caption\":\"andressazorzetto07\"},\"url\":\"https:\/\/www.pmpf.rs.gov.br\/secretaria-de-saude\/author\/andressazorzetto07\/\"}]}<\/script>\n<!-- \/ Yoast SEO plugin. -->","yoast_head_json":{"title":"Cais passam a realizar vacina\u00e7\u00e3o nos s\u00e1bados - Secretaria de Sa\u00fade","robots":{"index":"index","follow":"follow","max-snippet":"max-snippet:-1","max-image-preview":"max-image-preview:large","max-video-preview":"max-video-preview:-1"},"canonical":"https:\/\/www.pmpf.rs.gov.br\/secretaria-de-saude\/2023\/01\/11\/cais-passam-a-realizar-vacinacao-nos-sabados\/","og_locale":"pt_BR","og_type":"article","og_title":"Cais passam a realizar vacina\u00e7\u00e3o nos s\u00e1bados - Secretaria de Sa\u00fade","og_description":"Com a amplia\u00e7\u00e3o do hor\u00e1rio, a Prefeitura busca facilitar o acesso ao servi\u00e7o pela popula\u00e7\u00e3o. Salas de vacina\u00e7\u00e3o estar\u00e3o abertas para aplica\u00e7\u00f5es do calend\u00e1rio nacional e contra a Covid-19","og_url":"https:\/\/www.pmpf.rs.gov.br\/secretaria-de-saude\/2023\/01\/11\/cais-passam-a-realizar-vacinacao-nos-sabados\/","og_site_name":"Secretaria de Sa\u00fade","article_published_time":"2023-01-11T16:43:09+00:00","article_modified_time":"2023-01-11T16:43:15+00:00","author":"andressazorzetto07","twitter_card":"summary_large_image","twitter_misc":{"Escrito por":"andressazorzetto07","Est. tempo de leitura":"4 minutos"},"schema":{"@context":"https:\/\/schema.org","@graph":[{"@type":"WebPage","@id":"https:\/\/www.pmpf.rs.gov.br\/secretaria-de-saude\/2023\/01\/11\/cais-passam-a-realizar-vacinacao-nos-sabados\/","url":"https:\/\/www.pmpf.rs.gov.br\/secretaria-de-saude\/2023\/01\/11\/cais-passam-a-realizar-vacinacao-nos-sabados\/","name":"Cais passam a realizar vacina\u00e7\u00e3o nos s\u00e1bados - Secretaria de Sa\u00fade","isPartOf":{"@id":"https:\/\/www.pmpf.rs.gov.br\/secretaria-de-saude\/#website"},"datePublished":"2023-01-11T16:43:09+00:00","dateModified":"2023-01-11T16:43:15+00:00","author":{"@id":"https:\/\/www.pmpf.rs.gov.br\/secretaria-de-saude\/#\/schema\/person\/30ee1d1bd74da1469b01fcf086e43351"},"breadcrumb":{"@id":"https:\/\/www.pmpf.rs.gov.br\/secretaria-de-saude\/2023\/01\/11\/cais-passam-a-realizar-vacinacao-nos-sabados\/#breadcrumb"},"inLanguage":"pt-BR","potentialAction":[{"@type":"ReadAction","target":["https:\/\/www.pmpf.rs.gov.br\/secretaria-de-saude\/2023\/01\/11\/cais-passam-a-realizar-vacinacao-nos-sabados\/"]}]},{"@type":"BreadcrumbList","@id":"https:\/\/www.pmpf.rs.gov.br\/secretaria-de-saude\/2023\/01\/11\/cais-passam-a-realizar-vacinacao-nos-sabados\/#breadcrumb","itemListElement":[{"@type":"ListItem","position":1,"name":"In\u00edcio","item":"https:\/\/www.pmpf.rs.gov.br\/secretaria-de-saude\/"},{"@type":"ListItem","position":2,"name":"Cais passam a realizar vacina\u00e7\u00e3o nos s\u00e1bados"}]},{"@type":"WebSite","@id":"https:\/\/www.pmpf.rs.gov.br\/secretaria-de-saude\/#website","url":"https:\/\/www.pmpf.rs.gov.br\/secretaria-de-saude\/","name":"Secretaria de Sa\u00fade","description":"S\u00f3 mais um site Prefeitura de Passo Fundo","potentialAction":[{"@type":"SearchAction","target":{"@type":"EntryPoint","urlTemplate":"https:\/\/www.pmpf.rs.gov.br\/secretaria-de-saude\/?s={search_term_string}"},"query-input":{"@type":"PropertyValueSpecification","valueRequired":true,"valueName":"search_term_string"}}],"inLanguage":"pt-BR"},{"@type":"Person","@id":"https:\/\/www.pmpf.rs.gov.br\/secretaria-de-saude\/#\/schema\/person\/30ee1d1bd74da1469b01fcf086e43351","name":"andressazorzetto07","image":{"@type":"ImageObject","inLanguage":"pt-BR","@id":"https:\/\/www.pmpf.rs.gov.br\/secretaria-de-saude\/#\/schema\/person\/image\/","url":"https:\/\/secure.gravatar.com\/avatar\/14c5458ed79dc81da99a13b9ff5f9f19?s=96&d=mm&r=g","contentUrl":"https:\/\/secure.gravatar.com\/avatar\/14c5458ed79dc81da99a13b9ff5f9f19?s=96&d=mm&r=g","caption":"andressazorzetto07"},"url":"https:\/\/www.pmpf.rs.gov.br\/secretaria-de-saude\/author\/andressazorzetto07\/"}]}},"_links":{"self":[{"href":"https:\/\/www.pmpf.rs.gov.br\/secretaria-de-saude\/wp-json\/wp\/v2\/posts\/3421"}],"collection":[{"href":"https:\/\/www.pmpf.rs.gov.br\/secretaria-de-saude\/wp-json\/wp\/v2\/posts"}],"about":[{"href":"https:\/\/www.pmpf.rs.gov.br\/secretaria-de-saude\/wp-json\/wp\/v2\/types\/post"}],"author":[{"embeddable":true,"href":"https:\/\/www.pmpf.rs.gov.br\/secretaria-de-saude\/wp-json\/wp\/v2\/users\/6"}],"replies":[{"embeddable":true,"href":"https:\/\/www.pmpf.rs.gov.br\/secretaria-de-saude\/wp-json\/wp\/v2\/comments?post=3421"}],"version-history":[{"count":1,"href":"https:\/\/www.pmpf.rs.gov.br\/secretaria-de-saude\/wp-json\/wp\/v2\/posts\/3421\/revisions"}],"predecessor-version":[{"id":3422,"href":"https:\/\/www.pmpf.rs.gov.br\/secretaria-de-saude\/wp-json\/wp\/v2\/posts\/3421\/revisions\/3422"}],"wp:attachment":[{"href":"https:\/\/www.pmpf.rs.gov.br\/secretaria-de-saude\/wp-json\/wp\/v2\/media?parent=3421"}],"wp:term":[{"taxonomy":"category","embeddable":true,"href":"https:\/\/www.pmpf.rs.gov.br\/secretaria-de-saude\/wp-json\/wp\/v2\/categories?post=3421"},{"taxonomy":"post_tag","embeddable":true,"href":"https:\/\/www.pmpf.rs.gov.br\/secretaria-de-saude\/wp-json\/wp\/v2\/tags?post=3421"}],"curies":[{"name":"wp","href":"https:\/\/api.w.org\/{rel}","templated":true}]}}