{"id":3419,"date":"2022-12-27T16:56:07","date_gmt":"2022-12-27T19:56:07","guid":{"rendered":"https:\/\/www.pmpf.rs.gov.br\/secretaria-de-saude\/?p=3419"},"modified":"2022-12-29T16:11:01","modified_gmt":"2022-12-29T19:11:01","slug":"covid-19-municipio-recomenda-a-vacinacao-e-o-uso-de-mascara-por-idosos-e-imunossuprimidos","status":"publish","type":"post","link":"https:\/\/www.pmpf.rs.gov.br\/secretaria-de-saude\/2022\/12\/27\/covid-19-municipio-recomenda-a-vacinacao-e-o-uso-de-mascara-por-idosos-e-imunossuprimidos\/","title":{"rendered":"<strong>Covid-19: Munic\u00edpio recomenda a vacina\u00e7\u00e3o e o uso de m\u00e1scara por idosos e imunossuprimidos<\/strong>"},"content":{"rendered":"\n<p><br>Em reuni\u00e3o realizada nesta ter\u00e7a-feira (27), convocada pelo prefeito Pedro Almeida, o Comit\u00ea de Orienta\u00e7\u00e3o Emergencial (COE) discutiu o cen\u00e1rio da Covid-19 em Passo Fundo. Diante do aumento de casos no estado e que reflete tamb\u00e9m na cidade, a Prefeitura, apoiada por entidades e institui\u00e7\u00f5es de sa\u00fade, fez algumas determina\u00e7\u00f5es e voltou a recomendar fortemente que a popula\u00e7\u00e3o complete o esquema vacinal e reforce as medidas de higiene respirat\u00f3ria.<\/p>\n\n\n\n<p>De acordo com a secret\u00e1ria de Sa\u00fade, Cristine Pilati, a curva de casos notificados, a gravidade e a situa\u00e7\u00e3o hospitalar s\u00e3o fatores concomitantes para a composi\u00e7\u00e3o de medidas de combate. &nbsp;\u201cO fator balizador das a\u00e7\u00f5es adotadas no enfrentamento do v\u00edrus \u00e9 a gravidade dos casos. A grande maioria das pessoas contaminadas apresenta sintomas leves. As hospitalizadas em leitos cl\u00ednicos e de UTI apresentam comorbidades e\/ou a vacina\u00e7\u00e3o incompleta. T\u00ednhamos uma curva ascendente que freou no novo boletim epidemiol\u00f3gico, emitido nesta ter\u00e7a-feira. Seguiremos acompanhando\u201d, considera.<\/p>\n\n\n\n<p>Conforme o \u00faltimo boletim, Passo Fundo tem 1.362 casos ativos de Covid-19, um aumento de 4% com rela\u00e7\u00e3o ao comunicado anterior, de 22 de dezembro. Acerca das interna\u00e7\u00f5es, os hospitais contabilizam 21 pessoas em leitos cl\u00ednicos (9 de Passo Fundo e 12 de outros munic\u00edpios) e 8 em UTI (6 de Passo Fundo e 2 de outros munic\u00edpios).<\/p>\n\n\n\n<p>A secret\u00e1ria destaca a import\u00e2ncia de a popula\u00e7\u00e3o completar o esquema vacinal. \u201cRealizamos v\u00e1rias iniciativas a fim de estimular a vacina\u00e7\u00e3o e conseguimos ultrapassar os 70% de cobertura em in\u00fameras faixas et\u00e1rias. As faixas et\u00e1rias de menor ades\u00e3o s\u00e3o as dos 3 aos 11 anos e dos 19 aos 49 anos. Quem est\u00e1 com dose atrasada pode procurar uma das 20 unidades que vacinam contra a Covid-19 para a atualiza\u00e7\u00e3o\u201d, afirma.<\/p>\n\n\n\n<p>Neste sentido, uma das determina\u00e7\u00f5es tomadas durante a reuni\u00e3o \u00e9 que a Vigil\u00e2ncia Sanit\u00e1ria entre em contato com as grandes empresas para fazer um levantamento da situa\u00e7\u00e3o vacinal dos trabalhadores e buscar a viabiliza\u00e7\u00e3o de uma vacina\u00e7\u00e3o coletiva. \u201cAs equipes iniciar\u00e3o nesta semana o mapeamento junto \u00e0s empresas com expressivo n\u00famero de funcion\u00e1rios para organizar uma log\u00edstica de vacina\u00e7\u00e3o\u201d, explana a secret\u00e1ria.<\/p>\n\n\n\n<p>Al\u00e9m disso, um movimento dever\u00e1 ser feito pelas institui\u00e7\u00f5es de ensino para que os estudantes da \u00e1rea da sa\u00fade concluam a vacina\u00e7\u00e3o. A Secretaria Municipal de Sa\u00fade tamb\u00e9m oferecer\u00e1 mais doses aos hospitais na hip\u00f3tese de haver profissionais que ainda n\u00e3o completaram o esquema.<\/p>\n\n\n\n<p>Aliada \u00e0 vacina\u00e7\u00e3o, a instru\u00e7\u00e3o \u00e9 que a m\u00e1scara seja utilizada, principalmente, pelos idosos e imunossuprimidos e em locais com muitas pessoas. \u201c\u00c9 necess\u00e1rio que algumas medidas de higiene respirat\u00f3ria sejam intensificadas. E uma delas \u00e9 o uso de m\u00e1scara para evitar contamina\u00e7\u00f5es\u201d, enfatiza.<\/p>\n\n\n\n<p>O Comit\u00ea de Orienta\u00e7\u00e3o Emergencial dever\u00e1 se reunir mais uma vez na primeira quinzena de janeiro para a atualiza\u00e7\u00e3o do cen\u00e1rio local e de novas a\u00e7\u00f5es de enfrentamento \u00e0 Covid-19.<\/p>\n\n\n\n<p><strong>Onde vacinar<br><\/strong>&#8211; P\u00fablico geral<br>Cais S\u00e3o Crist\u00f3v\u00e3o, Cais Petr\u00f3polis, Cais Vila Lu\u00edza, Cais H\u00edpica, Cais Boqueir\u00e3o, Ambulat\u00f3rio de Especialidades, ESF Nen\u00ea Graeff, ESF Zachia, Ambulat\u00f3rio S\u00e3o Jos\u00e9, ESF Don\u00e1ria\/Santa Marta, ESF S\u00e3o Luiz Gonzaga, ESF Adirbal Corralo, ESF Planaltina, ESF S\u00e3o Crist\u00f3v\u00e3o, ESF Adolfo Groth, ESF Jaboticabal, UBS Vila Nova, UBS Parque Farroupilha e Central de Vacinas.<br>ESF, UBS e ambulat\u00f3rios: de segunda a sexta-feira, das 8h \u00e0s 11h30 e das 13h \u00e0s 16h30<br>Cais e Central de Vacinas: de segunda a sexta-feira, das 8h \u00e0s 18h<br>Cais Petr\u00f3polis: de segunda a sexta-feira, das 8h \u00e0s 21h30, e nos s\u00e1bados, das 8h \u00e0s 11h30<br>&#8211; Crian\u00e7as e imunossuprimidos<br>Central de Vacinas, das 8h \u00e0s 16h<\/p>\n\n\n\n<p><strong>Onde buscar atendimento<br><\/strong>Com as mudan\u00e7as no atendimento de Covid-19, todas as unidades de sa\u00fade do munic\u00edpio passaram a atender e a realizar a testagem. Em caso de suspeita, a orienta\u00e7\u00e3o \u00e9 que seja buscado o local mais pr\u00f3ximo da resid\u00eancia.<\/p>\n","protected":false},"excerpt":{"rendered":"<p>Em reuni\u00e3o realizada nesta ter\u00e7a-feira (27), convocada pelo prefeito Pedro Almeida, o Comit\u00ea de Orienta\u00e7\u00e3o Emergencial (COE) elencou algumas determina\u00e7\u00f5es. Entre elas, o incentivo \u00e0 vacina\u00e7\u00e3o e a recomenda\u00e7\u00e3o do uso de m\u00e1scara por idosos e imunossuprimidos em ambientes com aglomera\u00e7\u00e3o<\/p>\n","protected":false},"author":6,"featured_media":0,"comment_status":"closed","ping_status":"closed","sticky":true,"template":"","format":"standard","meta":{"footnotes":""},"categories":[32],"tags":[],"class_list":["post-3419","post","type-post","status-publish","format-standard","hentry","category-covid-19"],"yoast_head":"<!-- This site is optimized with the Yoast SEO plugin v23.8 - https:\/\/yoast.com\/wordpress\/plugins\/seo\/ -->\n<title>Covid-19: Munic\u00edpio recomenda a vacina\u00e7\u00e3o e o uso de m\u00e1scara por idosos e imunossuprimidos - Secretaria de Sa\u00fade<\/title>\n<meta name=\"robots\" content=\"index, follow, max-snippet:-1, max-image-preview:large, max-video-preview:-1\" \/>\n<link rel=\"canonical\" href=\"https:\/\/www.pmpf.rs.gov.br\/secretaria-de-saude\/2022\/12\/27\/covid-19-municipio-recomenda-a-vacinacao-e-o-uso-de-mascara-por-idosos-e-imunossuprimidos\/\" \/>\n<meta property=\"og:locale\" content=\"pt_BR\" \/>\n<meta property=\"og:type\" content=\"article\" \/>\n<meta property=\"og:title\" content=\"Covid-19: Munic\u00edpio recomenda a vacina\u00e7\u00e3o e o uso de m\u00e1scara por idosos e imunossuprimidos - Secretaria de Sa\u00fade\" \/>\n<meta property=\"og:description\" content=\"Em reuni\u00e3o realizada nesta ter\u00e7a-feira (27), convocada pelo prefeito Pedro Almeida, o Comit\u00ea de Orienta\u00e7\u00e3o Emergencial (COE) elencou algumas determina\u00e7\u00f5es. Entre elas, o incentivo \u00e0 vacina\u00e7\u00e3o e a recomenda\u00e7\u00e3o do uso de m\u00e1scara por idosos e imunossuprimidos em ambientes com aglomera\u00e7\u00e3o\" \/>\n<meta property=\"og:url\" content=\"https:\/\/www.pmpf.rs.gov.br\/secretaria-de-saude\/2022\/12\/27\/covid-19-municipio-recomenda-a-vacinacao-e-o-uso-de-mascara-por-idosos-e-imunossuprimidos\/\" \/>\n<meta property=\"og:site_name\" content=\"Secretaria de Sa\u00fade\" \/>\n<meta property=\"article:published_time\" content=\"2022-12-27T19:56:07+00:00\" \/>\n<meta property=\"article:modified_time\" content=\"2022-12-29T19:11:01+00:00\" \/>\n<meta name=\"author\" content=\"andressazorzetto07\" \/>\n<meta name=\"twitter:card\" content=\"summary_large_image\" \/>\n<meta name=\"twitter:label1\" content=\"Escrito por\" \/>\n\t<meta name=\"twitter:data1\" content=\"andressazorzetto07\" \/>\n\t<meta name=\"twitter:label2\" content=\"Est. tempo de leitura\" \/>\n\t<meta name=\"twitter:data2\" content=\"3 minutos\" \/>\n<script type=\"application\/ld+json\" class=\"yoast-schema-graph\">{\"@context\":\"https:\/\/schema.org\",\"@graph\":[{\"@type\":\"WebPage\",\"@id\":\"https:\/\/www.pmpf.rs.gov.br\/secretaria-de-saude\/2022\/12\/27\/covid-19-municipio-recomenda-a-vacinacao-e-o-uso-de-mascara-por-idosos-e-imunossuprimidos\/\",\"url\":\"https:\/\/www.pmpf.rs.gov.br\/secretaria-de-saude\/2022\/12\/27\/covid-19-municipio-recomenda-a-vacinacao-e-o-uso-de-mascara-por-idosos-e-imunossuprimidos\/\",\"name\":\"Covid-19: Munic\u00edpio recomenda a vacina\u00e7\u00e3o e o uso de m\u00e1scara por idosos e imunossuprimidos - Secretaria de Sa\u00fade\",\"isPartOf\":{\"@id\":\"https:\/\/www.pmpf.rs.gov.br\/secretaria-de-saude\/#website\"},\"datePublished\":\"2022-12-27T19:56:07+00:00\",\"dateModified\":\"2022-12-29T19:11:01+00:00\",\"author\":{\"@id\":\"https:\/\/www.pmpf.rs.gov.br\/secretaria-de-saude\/#\/schema\/person\/30ee1d1bd74da1469b01fcf086e43351\"},\"breadcrumb\":{\"@id\":\"https:\/\/www.pmpf.rs.gov.br\/secretaria-de-saude\/2022\/12\/27\/covid-19-municipio-recomenda-a-vacinacao-e-o-uso-de-mascara-por-idosos-e-imunossuprimidos\/#breadcrumb\"},\"inLanguage\":\"pt-BR\",\"potentialAction\":[{\"@type\":\"ReadAction\",\"target\":[\"https:\/\/www.pmpf.rs.gov.br\/secretaria-de-saude\/2022\/12\/27\/covid-19-municipio-recomenda-a-vacinacao-e-o-uso-de-mascara-por-idosos-e-imunossuprimidos\/\"]}]},{\"@type\":\"BreadcrumbList\",\"@id\":\"https:\/\/www.pmpf.rs.gov.br\/secretaria-de-saude\/2022\/12\/27\/covid-19-municipio-recomenda-a-vacinacao-e-o-uso-de-mascara-por-idosos-e-imunossuprimidos\/#breadcrumb\",\"itemListElement\":[{\"@type\":\"ListItem\",\"position\":1,\"name\":\"In\u00edcio\",\"item\":\"https:\/\/www.pmpf.rs.gov.br\/secretaria-de-saude\/\"},{\"@type\":\"ListItem\",\"position\":2,\"name\":\"Covid-19: Munic\u00edpio recomenda a vacina\u00e7\u00e3o e o uso de m\u00e1scara por idosos e imunossuprimidos\"}]},{\"@type\":\"WebSite\",\"@id\":\"https:\/\/www.pmpf.rs.gov.br\/secretaria-de-saude\/#website\",\"url\":\"https:\/\/www.pmpf.rs.gov.br\/secretaria-de-saude\/\",\"name\":\"Secretaria de Sa\u00fade\",\"description\":\"S\u00f3 mais um site Prefeitura de Passo Fundo\",\"potentialAction\":[{\"@type\":\"SearchAction\",\"target\":{\"@type\":\"EntryPoint\",\"urlTemplate\":\"https:\/\/www.pmpf.rs.gov.br\/secretaria-de-saude\/?s={search_term_string}\"},\"query-input\":{\"@type\":\"PropertyValueSpecification\",\"valueRequired\":true,\"valueName\":\"search_term_string\"}}],\"inLanguage\":\"pt-BR\"},{\"@type\":\"Person\",\"@id\":\"https:\/\/www.pmpf.rs.gov.br\/secretaria-de-saude\/#\/schema\/person\/30ee1d1bd74da1469b01fcf086e43351\",\"name\":\"andressazorzetto07\",\"image\":{\"@type\":\"ImageObject\",\"inLanguage\":\"pt-BR\",\"@id\":\"https:\/\/www.pmpf.rs.gov.br\/secretaria-de-saude\/#\/schema\/person\/image\/\",\"url\":\"https:\/\/secure.gravatar.com\/avatar\/14c5458ed79dc81da99a13b9ff5f9f19?s=96&d=mm&r=g\",\"contentUrl\":\"https:\/\/secure.gravatar.com\/avatar\/14c5458ed79dc81da99a13b9ff5f9f19?s=96&d=mm&r=g\",\"caption\":\"andressazorzetto07\"},\"url\":\"https:\/\/www.pmpf.rs.gov.br\/secretaria-de-saude\/author\/andressazorzetto07\/\"}]}<\/script>\n<!-- \/ Yoast SEO plugin. -->","yoast_head_json":{"title":"Covid-19: Munic\u00edpio recomenda a vacina\u00e7\u00e3o e o uso de m\u00e1scara por idosos e imunossuprimidos - Secretaria de Sa\u00fade","robots":{"index":"index","follow":"follow","max-snippet":"max-snippet:-1","max-image-preview":"max-image-preview:large","max-video-preview":"max-video-preview:-1"},"canonical":"https:\/\/www.pmpf.rs.gov.br\/secretaria-de-saude\/2022\/12\/27\/covid-19-municipio-recomenda-a-vacinacao-e-o-uso-de-mascara-por-idosos-e-imunossuprimidos\/","og_locale":"pt_BR","og_type":"article","og_title":"Covid-19: Munic\u00edpio recomenda a vacina\u00e7\u00e3o e o uso de m\u00e1scara por idosos e imunossuprimidos - Secretaria de Sa\u00fade","og_description":"Em reuni\u00e3o realizada nesta ter\u00e7a-feira (27), convocada pelo prefeito Pedro Almeida, o Comit\u00ea de Orienta\u00e7\u00e3o Emergencial (COE) elencou algumas determina\u00e7\u00f5es. Entre elas, o incentivo \u00e0 vacina\u00e7\u00e3o e a recomenda\u00e7\u00e3o do uso de m\u00e1scara por idosos e imunossuprimidos em ambientes com aglomera\u00e7\u00e3o","og_url":"https:\/\/www.pmpf.rs.gov.br\/secretaria-de-saude\/2022\/12\/27\/covid-19-municipio-recomenda-a-vacinacao-e-o-uso-de-mascara-por-idosos-e-imunossuprimidos\/","og_site_name":"Secretaria de Sa\u00fade","article_published_time":"2022-12-27T19:56:07+00:00","article_modified_time":"2022-12-29T19:11:01+00:00","author":"andressazorzetto07","twitter_card":"summary_large_image","twitter_misc":{"Escrito por":"andressazorzetto07","Est. tempo de leitura":"3 minutos"},"schema":{"@context":"https:\/\/schema.org","@graph":[{"@type":"WebPage","@id":"https:\/\/www.pmpf.rs.gov.br\/secretaria-de-saude\/2022\/12\/27\/covid-19-municipio-recomenda-a-vacinacao-e-o-uso-de-mascara-por-idosos-e-imunossuprimidos\/","url":"https:\/\/www.pmpf.rs.gov.br\/secretaria-de-saude\/2022\/12\/27\/covid-19-municipio-recomenda-a-vacinacao-e-o-uso-de-mascara-por-idosos-e-imunossuprimidos\/","name":"Covid-19: Munic\u00edpio recomenda a vacina\u00e7\u00e3o e o uso de m\u00e1scara por idosos e imunossuprimidos - Secretaria de Sa\u00fade","isPartOf":{"@id":"https:\/\/www.pmpf.rs.gov.br\/secretaria-de-saude\/#website"},"datePublished":"2022-12-27T19:56:07+00:00","dateModified":"2022-12-29T19:11:01+00:00","author":{"@id":"https:\/\/www.pmpf.rs.gov.br\/secretaria-de-saude\/#\/schema\/person\/30ee1d1bd74da1469b01fcf086e43351"},"breadcrumb":{"@id":"https:\/\/www.pmpf.rs.gov.br\/secretaria-de-saude\/2022\/12\/27\/covid-19-municipio-recomenda-a-vacinacao-e-o-uso-de-mascara-por-idosos-e-imunossuprimidos\/#breadcrumb"},"inLanguage":"pt-BR","potentialAction":[{"@type":"ReadAction","target":["https:\/\/www.pmpf.rs.gov.br\/secretaria-de-saude\/2022\/12\/27\/covid-19-municipio-recomenda-a-vacinacao-e-o-uso-de-mascara-por-idosos-e-imunossuprimidos\/"]}]},{"@type":"BreadcrumbList","@id":"https:\/\/www.pmpf.rs.gov.br\/secretaria-de-saude\/2022\/12\/27\/covid-19-municipio-recomenda-a-vacinacao-e-o-uso-de-mascara-por-idosos-e-imunossuprimidos\/#breadcrumb","itemListElement":[{"@type":"ListItem","position":1,"name":"In\u00edcio","item":"https:\/\/www.pmpf.rs.gov.br\/secretaria-de-saude\/"},{"@type":"ListItem","position":2,"name":"Covid-19: Munic\u00edpio recomenda a vacina\u00e7\u00e3o e o uso de m\u00e1scara por idosos e imunossuprimidos"}]},{"@type":"WebSite","@id":"https:\/\/www.pmpf.rs.gov.br\/secretaria-de-saude\/#website","url":"https:\/\/www.pmpf.rs.gov.br\/secretaria-de-saude\/","name":"Secretaria de Sa\u00fade","description":"S\u00f3 mais um site Prefeitura de Passo Fundo","potentialAction":[{"@type":"SearchAction","target":{"@type":"EntryPoint","urlTemplate":"https:\/\/www.pmpf.rs.gov.br\/secretaria-de-saude\/?s={search_term_string}"},"query-input":{"@type":"PropertyValueSpecification","valueRequired":true,"valueName":"search_term_string"}}],"inLanguage":"pt-BR"},{"@type":"Person","@id":"https:\/\/www.pmpf.rs.gov.br\/secretaria-de-saude\/#\/schema\/person\/30ee1d1bd74da1469b01fcf086e43351","name":"andressazorzetto07","image":{"@type":"ImageObject","inLanguage":"pt-BR","@id":"https:\/\/www.pmpf.rs.gov.br\/secretaria-de-saude\/#\/schema\/person\/image\/","url":"https:\/\/secure.gravatar.com\/avatar\/14c5458ed79dc81da99a13b9ff5f9f19?s=96&d=mm&r=g","contentUrl":"https:\/\/secure.gravatar.com\/avatar\/14c5458ed79dc81da99a13b9ff5f9f19?s=96&d=mm&r=g","caption":"andressazorzetto07"},"url":"https:\/\/www.pmpf.rs.gov.br\/secretaria-de-saude\/author\/andressazorzetto07\/"}]}},"_links":{"self":[{"href":"https:\/\/www.pmpf.rs.gov.br\/secretaria-de-saude\/wp-json\/wp\/v2\/posts\/3419"}],"collection":[{"href":"https:\/\/www.pmpf.rs.gov.br\/secretaria-de-saude\/wp-json\/wp\/v2\/posts"}],"about":[{"href":"https:\/\/www.pmpf.rs.gov.br\/secretaria-de-saude\/wp-json\/wp\/v2\/types\/post"}],"author":[{"embeddable":true,"href":"https:\/\/www.pmpf.rs.gov.br\/secretaria-de-saude\/wp-json\/wp\/v2\/users\/6"}],"replies":[{"embeddable":true,"href":"https:\/\/www.pmpf.rs.gov.br\/secretaria-de-saude\/wp-json\/wp\/v2\/comments?post=3419"}],"version-history":[{"count":1,"href":"https:\/\/www.pmpf.rs.gov.br\/secretaria-de-saude\/wp-json\/wp\/v2\/posts\/3419\/revisions"}],"predecessor-version":[{"id":3420,"href":"https:\/\/www.pmpf.rs.gov.br\/secretaria-de-saude\/wp-json\/wp\/v2\/posts\/3419\/revisions\/3420"}],"wp:attachment":[{"href":"https:\/\/www.pmpf.rs.gov.br\/secretaria-de-saude\/wp-json\/wp\/v2\/media?parent=3419"}],"wp:term":[{"taxonomy":"category","embeddable":true,"href":"https:\/\/www.pmpf.rs.gov.br\/secretaria-de-saude\/wp-json\/wp\/v2\/categories?post=3419"},{"taxonomy":"post_tag","embeddable":true,"href":"https:\/\/www.pmpf.rs.gov.br\/secretaria-de-saude\/wp-json\/wp\/v2\/tags?post=3419"}],"curies":[{"name":"wp","href":"https:\/\/api.w.org\/{rel}","templated":true}]}}