{"id":3416,"date":"2022-12-27T16:51:35","date_gmt":"2022-12-27T19:51:35","guid":{"rendered":"https:\/\/www.pmpf.rs.gov.br\/secretaria-de-saude\/?p=3416"},"modified":"2022-12-27T16:51:37","modified_gmt":"2022-12-27T19:51:37","slug":"hospital-dia-da-crianca-ja-realizou-mais-de-cinco-mil-atendimentos-desde-novembro","status":"publish","type":"post","link":"https:\/\/www.pmpf.rs.gov.br\/secretaria-de-saude\/2022\/12\/27\/hospital-dia-da-crianca-ja-realizou-mais-de-cinco-mil-atendimentos-desde-novembro\/","title":{"rendered":"Hospital Dia da Crian\u00e7a j\u00e1 realizou mais de cinco mil atendimentos desde novembro"},"content":{"rendered":"\n<p><\/p>\n\n\n\n<p>A Prefeitura de Passo Fundo destaca que, desde a entrega e o in\u00edcio das atividades do Hospital Dia da Crian\u00e7a, em novembro, mais de cinco mil atendimentos pedi\u00e1tricos j\u00e1 foram realizados na institui\u00e7\u00e3o, que funciona 24 horas por dia, os sete dias da semana.<\/p>\n\n\n\n<p>A Secretaria de Sa\u00fade informa que o Munic\u00edpio tem intensificado o chamamento de profissionais de sa\u00fade para garantir que as escalas de plant\u00e3o estejam completas para que os atendimentos cl\u00ednicos n\u00e3o sejam afetados, mesmo com o crescimento da procura di\u00e1ria pelos servi\u00e7os do Hospital Dia da Crian\u00e7a. Entre as iniciativas citadas pela Secretaria est\u00e3o os mais de 20 editais publicados entre os anos de 2021 e 2022 para a contrata\u00e7\u00e3o de m\u00e9dicos e tamb\u00e9m a eleva\u00e7\u00e3o dos valores remunerat\u00f3rios oferecidos aos especialistas em pediatria. \u201cPasso Fundo \u00e9 um dos munic\u00edpios que disp\u00f5e de um dos maiores valores pagos a estes profissionais e, ainda assim, enfrentamos dificuldades em manter a rede municipal de sa\u00fade completa\u201d, destaca a secret\u00e1ria de Sa\u00fade, Cristine Pilati.<\/p>\n\n\n\n<p>Ainda, a secret\u00e1ria observa que h\u00e1 um volume de atendimentos pedi\u00e1tricos reprimidos pela pandemia e que, neste momento, come\u00e7am a aumentar a demanda na rede. Dados da pasta indicam que, antes do per\u00edodo de pandemia, aproximadamente 650 crian\u00e7as eram atendidas mensalmente nos servi\u00e7os de sa\u00fade do munic\u00edpio; este n\u00famero passou para quase tr\u00eas mil a partir do fim da pandemia. \u201cAo mesmo tempo, ainda precisamos trabalhar com o adoecimento dos m\u00e9dicos e com a contamina\u00e7\u00e3o dos nossos profissionais de sa\u00fade, pois ainda h\u00e1 circula\u00e7\u00e3o viral\u201d, exemplifica Cristine.<\/p>\n\n\n\n<p>Sobre este assunto, o prefeito Pedro Almeida, e a secret\u00e1ria de Sa\u00fade, Cristine Pilati, reuniram-se com o Comit\u00ea de Orienta\u00e7\u00f5es Emergenciais (COE), na tarde desta ter\u00e7a-feira (27), para apresentar um panorama do cen\u00e1rio atual de casos positivos e como o aumento de contamina\u00e7\u00f5es nestas \u00faltimas semanas impactaram tamb\u00e9m os profissionais da rede de sa\u00fade. \u201cQuatro profissionais m\u00e9dicos que atuam no Hospital Dia da Crian\u00e7a precisaram ser afastados nos \u00faltimos dias em decorr\u00eancia de terem positivado para a Covid-19, refletindo diretamente na organiza\u00e7\u00e3o da escala de trabalho e nos atendimentos da institui\u00e7\u00e3o\u201d, defende Cristine.<\/p>\n\n\n\n<p>Destinado ao atendimento de m\u00e9dias e baixas complexidades, o Hospital Dia da Crian\u00e7a \u00e9 uma estrutura da Prefeitura de Passo Fundo focada na presta\u00e7\u00e3o de um servi\u00e7o m\u00e9dico especializado \u00e0s crian\u00e7as. Pensado para promover um acolhimento integral as demandas em pediatria, a institui\u00e7\u00e3o ocupa uma \u00e1rea de 650 metros junto ao Hospital Municipal. A estrutura contempla sala de espera, sala de triagem, sala vermelha, quatro consult\u00f3rios, duas salas de observa\u00e7\u00e3o com capacidade total de sete leitos, quarto de isolamento e ambientes de apoio para o funcionamento da \u00e1rea. Todos os espa\u00e7os foram planejados para acolher as crian\u00e7as, contribuindo com uma melhor aceita\u00e7\u00e3o ao tratamento e a adapta\u00e7\u00e3o ao ambiente hospitalar.<\/p>\n","protected":false},"excerpt":{"rendered":"<p>Unidade foi entregue em novembro e tem funcionamento 24 horas<\/p>\n","protected":false},"author":6,"featured_media":3417,"comment_status":"closed","ping_status":"closed","sticky":true,"template":"","format":"standard","meta":{"footnotes":""},"categories":[20,30],"tags":[],"class_list":["post-3416","post","type-post","status-publish","format-standard","has-post-thumbnail","hentry","category-atendimento-pediatrico","category-hospital-dia-da-crianca"],"yoast_head":"<!-- This site is optimized with the Yoast SEO plugin v23.8 - https:\/\/yoast.com\/wordpress\/plugins\/seo\/ -->\n<title>Hospital Dia da Crian\u00e7a j\u00e1 realizou mais de cinco mil atendimentos desde novembro - Secretaria de Sa\u00fade<\/title>\n<meta name=\"robots\" content=\"index, follow, max-snippet:-1, max-image-preview:large, max-video-preview:-1\" \/>\n<link rel=\"canonical\" href=\"https:\/\/www.pmpf.rs.gov.br\/secretaria-de-saude\/2022\/12\/27\/hospital-dia-da-crianca-ja-realizou-mais-de-cinco-mil-atendimentos-desde-novembro\/\" \/>\n<meta property=\"og:locale\" content=\"pt_BR\" \/>\n<meta property=\"og:type\" content=\"article\" \/>\n<meta property=\"og:title\" content=\"Hospital Dia da Crian\u00e7a j\u00e1 realizou mais de cinco mil atendimentos desde novembro - Secretaria de Sa\u00fade\" \/>\n<meta property=\"og:description\" content=\"Unidade foi entregue em novembro e tem funcionamento 24 horas\" \/>\n<meta property=\"og:url\" content=\"https:\/\/www.pmpf.rs.gov.br\/secretaria-de-saude\/2022\/12\/27\/hospital-dia-da-crianca-ja-realizou-mais-de-cinco-mil-atendimentos-desde-novembro\/\" \/>\n<meta property=\"og:site_name\" content=\"Secretaria de Sa\u00fade\" \/>\n<meta property=\"article:published_time\" content=\"2022-12-27T19:51:35+00:00\" \/>\n<meta property=\"article:modified_time\" content=\"2022-12-27T19:51:37+00:00\" \/>\n<meta name=\"author\" content=\"andressazorzetto07\" \/>\n<meta name=\"twitter:card\" content=\"summary_large_image\" \/>\n<meta name=\"twitter:label1\" content=\"Escrito por\" \/>\n\t<meta name=\"twitter:data1\" content=\"andressazorzetto07\" \/>\n\t<meta name=\"twitter:label2\" content=\"Est. tempo de leitura\" \/>\n\t<meta name=\"twitter:data2\" content=\"3 minutos\" \/>\n<script type=\"application\/ld+json\" class=\"yoast-schema-graph\">{\"@context\":\"https:\/\/schema.org\",\"@graph\":[{\"@type\":\"WebPage\",\"@id\":\"https:\/\/www.pmpf.rs.gov.br\/secretaria-de-saude\/2022\/12\/27\/hospital-dia-da-crianca-ja-realizou-mais-de-cinco-mil-atendimentos-desde-novembro\/\",\"url\":\"https:\/\/www.pmpf.rs.gov.br\/secretaria-de-saude\/2022\/12\/27\/hospital-dia-da-crianca-ja-realizou-mais-de-cinco-mil-atendimentos-desde-novembro\/\",\"name\":\"Hospital Dia da Crian\u00e7a j\u00e1 realizou mais de cinco mil atendimentos desde novembro - Secretaria de Sa\u00fade\",\"isPartOf\":{\"@id\":\"https:\/\/www.pmpf.rs.gov.br\/secretaria-de-saude\/#website\"},\"primaryImageOfPage\":{\"@id\":\"https:\/\/www.pmpf.rs.gov.br\/secretaria-de-saude\/2022\/12\/27\/hospital-dia-da-crianca-ja-realizou-mais-de-cinco-mil-atendimentos-desde-novembro\/#primaryimage\"},\"image\":{\"@id\":\"https:\/\/www.pmpf.rs.gov.br\/secretaria-de-saude\/2022\/12\/27\/hospital-dia-da-crianca-ja-realizou-mais-de-cinco-mil-atendimentos-desde-novembro\/#primaryimage\"},\"thumbnailUrl\":\"https:\/\/www.pmpf.rs.gov.br\/secretaria-de-saude\/wp-content\/uploads\/sites\/50\/2022\/12\/hospital-dia-da-crianca.jpg\",\"datePublished\":\"2022-12-27T19:51:35+00:00\",\"dateModified\":\"2022-12-27T19:51:37+00:00\",\"author\":{\"@id\":\"https:\/\/www.pmpf.rs.gov.br\/secretaria-de-saude\/#\/schema\/person\/30ee1d1bd74da1469b01fcf086e43351\"},\"breadcrumb\":{\"@id\":\"https:\/\/www.pmpf.rs.gov.br\/secretaria-de-saude\/2022\/12\/27\/hospital-dia-da-crianca-ja-realizou-mais-de-cinco-mil-atendimentos-desde-novembro\/#breadcrumb\"},\"inLanguage\":\"pt-BR\",\"potentialAction\":[{\"@type\":\"ReadAction\",\"target\":[\"https:\/\/www.pmpf.rs.gov.br\/secretaria-de-saude\/2022\/12\/27\/hospital-dia-da-crianca-ja-realizou-mais-de-cinco-mil-atendimentos-desde-novembro\/\"]}]},{\"@type\":\"ImageObject\",\"inLanguage\":\"pt-BR\",\"@id\":\"https:\/\/www.pmpf.rs.gov.br\/secretaria-de-saude\/2022\/12\/27\/hospital-dia-da-crianca-ja-realizou-mais-de-cinco-mil-atendimentos-desde-novembro\/#primaryimage\",\"url\":\"https:\/\/www.pmpf.rs.gov.br\/secretaria-de-saude\/wp-content\/uploads\/sites\/50\/2022\/12\/hospital-dia-da-crianca.jpg\",\"contentUrl\":\"https:\/\/www.pmpf.rs.gov.br\/secretaria-de-saude\/wp-content\/uploads\/sites\/50\/2022\/12\/hospital-dia-da-crianca.jpg\",\"width\":1280,\"height\":720},{\"@type\":\"BreadcrumbList\",\"@id\":\"https:\/\/www.pmpf.rs.gov.br\/secretaria-de-saude\/2022\/12\/27\/hospital-dia-da-crianca-ja-realizou-mais-de-cinco-mil-atendimentos-desde-novembro\/#breadcrumb\",\"itemListElement\":[{\"@type\":\"ListItem\",\"position\":1,\"name\":\"In\u00edcio\",\"item\":\"https:\/\/www.pmpf.rs.gov.br\/secretaria-de-saude\/\"},{\"@type\":\"ListItem\",\"position\":2,\"name\":\"Hospital Dia da Crian\u00e7a j\u00e1 realizou mais de cinco mil atendimentos desde novembro\"}]},{\"@type\":\"WebSite\",\"@id\":\"https:\/\/www.pmpf.rs.gov.br\/secretaria-de-saude\/#website\",\"url\":\"https:\/\/www.pmpf.rs.gov.br\/secretaria-de-saude\/\",\"name\":\"Secretaria de Sa\u00fade\",\"description\":\"S\u00f3 mais um site Prefeitura de Passo Fundo\",\"potentialAction\":[{\"@type\":\"SearchAction\",\"target\":{\"@type\":\"EntryPoint\",\"urlTemplate\":\"https:\/\/www.pmpf.rs.gov.br\/secretaria-de-saude\/?s={search_term_string}\"},\"query-input\":{\"@type\":\"PropertyValueSpecification\",\"valueRequired\":true,\"valueName\":\"search_term_string\"}}],\"inLanguage\":\"pt-BR\"},{\"@type\":\"Person\",\"@id\":\"https:\/\/www.pmpf.rs.gov.br\/secretaria-de-saude\/#\/schema\/person\/30ee1d1bd74da1469b01fcf086e43351\",\"name\":\"andressazorzetto07\",\"image\":{\"@type\":\"ImageObject\",\"inLanguage\":\"pt-BR\",\"@id\":\"https:\/\/www.pmpf.rs.gov.br\/secretaria-de-saude\/#\/schema\/person\/image\/\",\"url\":\"https:\/\/secure.gravatar.com\/avatar\/14c5458ed79dc81da99a13b9ff5f9f19?s=96&d=mm&r=g\",\"contentUrl\":\"https:\/\/secure.gravatar.com\/avatar\/14c5458ed79dc81da99a13b9ff5f9f19?s=96&d=mm&r=g\",\"caption\":\"andressazorzetto07\"},\"url\":\"https:\/\/www.pmpf.rs.gov.br\/secretaria-de-saude\/author\/andressazorzetto07\/\"}]}<\/script>\n<!-- \/ Yoast SEO plugin. -->","yoast_head_json":{"title":"Hospital Dia da Crian\u00e7a j\u00e1 realizou mais de cinco mil atendimentos desde novembro - Secretaria de Sa\u00fade","robots":{"index":"index","follow":"follow","max-snippet":"max-snippet:-1","max-image-preview":"max-image-preview:large","max-video-preview":"max-video-preview:-1"},"canonical":"https:\/\/www.pmpf.rs.gov.br\/secretaria-de-saude\/2022\/12\/27\/hospital-dia-da-crianca-ja-realizou-mais-de-cinco-mil-atendimentos-desde-novembro\/","og_locale":"pt_BR","og_type":"article","og_title":"Hospital Dia da Crian\u00e7a j\u00e1 realizou mais de cinco mil atendimentos desde novembro - Secretaria de Sa\u00fade","og_description":"Unidade foi entregue em novembro e tem funcionamento 24 horas","og_url":"https:\/\/www.pmpf.rs.gov.br\/secretaria-de-saude\/2022\/12\/27\/hospital-dia-da-crianca-ja-realizou-mais-de-cinco-mil-atendimentos-desde-novembro\/","og_site_name":"Secretaria de Sa\u00fade","article_published_time":"2022-12-27T19:51:35+00:00","article_modified_time":"2022-12-27T19:51:37+00:00","author":"andressazorzetto07","twitter_card":"summary_large_image","twitter_misc":{"Escrito por":"andressazorzetto07","Est. tempo de leitura":"3 minutos"},"schema":{"@context":"https:\/\/schema.org","@graph":[{"@type":"WebPage","@id":"https:\/\/www.pmpf.rs.gov.br\/secretaria-de-saude\/2022\/12\/27\/hospital-dia-da-crianca-ja-realizou-mais-de-cinco-mil-atendimentos-desde-novembro\/","url":"https:\/\/www.pmpf.rs.gov.br\/secretaria-de-saude\/2022\/12\/27\/hospital-dia-da-crianca-ja-realizou-mais-de-cinco-mil-atendimentos-desde-novembro\/","name":"Hospital Dia da Crian\u00e7a j\u00e1 realizou mais de cinco mil atendimentos desde novembro - Secretaria de Sa\u00fade","isPartOf":{"@id":"https:\/\/www.pmpf.rs.gov.br\/secretaria-de-saude\/#website"},"primaryImageOfPage":{"@id":"https:\/\/www.pmpf.rs.gov.br\/secretaria-de-saude\/2022\/12\/27\/hospital-dia-da-crianca-ja-realizou-mais-de-cinco-mil-atendimentos-desde-novembro\/#primaryimage"},"image":{"@id":"https:\/\/www.pmpf.rs.gov.br\/secretaria-de-saude\/2022\/12\/27\/hospital-dia-da-crianca-ja-realizou-mais-de-cinco-mil-atendimentos-desde-novembro\/#primaryimage"},"thumbnailUrl":"https:\/\/www.pmpf.rs.gov.br\/secretaria-de-saude\/wp-content\/uploads\/sites\/50\/2022\/12\/hospital-dia-da-crianca.jpg","datePublished":"2022-12-27T19:51:35+00:00","dateModified":"2022-12-27T19:51:37+00:00","author":{"@id":"https:\/\/www.pmpf.rs.gov.br\/secretaria-de-saude\/#\/schema\/person\/30ee1d1bd74da1469b01fcf086e43351"},"breadcrumb":{"@id":"https:\/\/www.pmpf.rs.gov.br\/secretaria-de-saude\/2022\/12\/27\/hospital-dia-da-crianca-ja-realizou-mais-de-cinco-mil-atendimentos-desde-novembro\/#breadcrumb"},"inLanguage":"pt-BR","potentialAction":[{"@type":"ReadAction","target":["https:\/\/www.pmpf.rs.gov.br\/secretaria-de-saude\/2022\/12\/27\/hospital-dia-da-crianca-ja-realizou-mais-de-cinco-mil-atendimentos-desde-novembro\/"]}]},{"@type":"ImageObject","inLanguage":"pt-BR","@id":"https:\/\/www.pmpf.rs.gov.br\/secretaria-de-saude\/2022\/12\/27\/hospital-dia-da-crianca-ja-realizou-mais-de-cinco-mil-atendimentos-desde-novembro\/#primaryimage","url":"https:\/\/www.pmpf.rs.gov.br\/secretaria-de-saude\/wp-content\/uploads\/sites\/50\/2022\/12\/hospital-dia-da-crianca.jpg","contentUrl":"https:\/\/www.pmpf.rs.gov.br\/secretaria-de-saude\/wp-content\/uploads\/sites\/50\/2022\/12\/hospital-dia-da-crianca.jpg","width":1280,"height":720},{"@type":"BreadcrumbList","@id":"https:\/\/www.pmpf.rs.gov.br\/secretaria-de-saude\/2022\/12\/27\/hospital-dia-da-crianca-ja-realizou-mais-de-cinco-mil-atendimentos-desde-novembro\/#breadcrumb","itemListElement":[{"@type":"ListItem","position":1,"name":"In\u00edcio","item":"https:\/\/www.pmpf.rs.gov.br\/secretaria-de-saude\/"},{"@type":"ListItem","position":2,"name":"Hospital Dia da Crian\u00e7a j\u00e1 realizou mais de cinco mil atendimentos desde novembro"}]},{"@type":"WebSite","@id":"https:\/\/www.pmpf.rs.gov.br\/secretaria-de-saude\/#website","url":"https:\/\/www.pmpf.rs.gov.br\/secretaria-de-saude\/","name":"Secretaria de Sa\u00fade","description":"S\u00f3 mais um site Prefeitura de Passo Fundo","potentialAction":[{"@type":"SearchAction","target":{"@type":"EntryPoint","urlTemplate":"https:\/\/www.pmpf.rs.gov.br\/secretaria-de-saude\/?s={search_term_string}"},"query-input":{"@type":"PropertyValueSpecification","valueRequired":true,"valueName":"search_term_string"}}],"inLanguage":"pt-BR"},{"@type":"Person","@id":"https:\/\/www.pmpf.rs.gov.br\/secretaria-de-saude\/#\/schema\/person\/30ee1d1bd74da1469b01fcf086e43351","name":"andressazorzetto07","image":{"@type":"ImageObject","inLanguage":"pt-BR","@id":"https:\/\/www.pmpf.rs.gov.br\/secretaria-de-saude\/#\/schema\/person\/image\/","url":"https:\/\/secure.gravatar.com\/avatar\/14c5458ed79dc81da99a13b9ff5f9f19?s=96&d=mm&r=g","contentUrl":"https:\/\/secure.gravatar.com\/avatar\/14c5458ed79dc81da99a13b9ff5f9f19?s=96&d=mm&r=g","caption":"andressazorzetto07"},"url":"https:\/\/www.pmpf.rs.gov.br\/secretaria-de-saude\/author\/andressazorzetto07\/"}]}},"_links":{"self":[{"href":"https:\/\/www.pmpf.rs.gov.br\/secretaria-de-saude\/wp-json\/wp\/v2\/posts\/3416"}],"collection":[{"href":"https:\/\/www.pmpf.rs.gov.br\/secretaria-de-saude\/wp-json\/wp\/v2\/posts"}],"about":[{"href":"https:\/\/www.pmpf.rs.gov.br\/secretaria-de-saude\/wp-json\/wp\/v2\/types\/post"}],"author":[{"embeddable":true,"href":"https:\/\/www.pmpf.rs.gov.br\/secretaria-de-saude\/wp-json\/wp\/v2\/users\/6"}],"replies":[{"embeddable":true,"href":"https:\/\/www.pmpf.rs.gov.br\/secretaria-de-saude\/wp-json\/wp\/v2\/comments?post=3416"}],"version-history":[{"count":1,"href":"https:\/\/www.pmpf.rs.gov.br\/secretaria-de-saude\/wp-json\/wp\/v2\/posts\/3416\/revisions"}],"predecessor-version":[{"id":3418,"href":"https:\/\/www.pmpf.rs.gov.br\/secretaria-de-saude\/wp-json\/wp\/v2\/posts\/3416\/revisions\/3418"}],"wp:featuredmedia":[{"embeddable":true,"href":"https:\/\/www.pmpf.rs.gov.br\/secretaria-de-saude\/wp-json\/wp\/v2\/media\/3417"}],"wp:attachment":[{"href":"https:\/\/www.pmpf.rs.gov.br\/secretaria-de-saude\/wp-json\/wp\/v2\/media?parent=3416"}],"wp:term":[{"taxonomy":"category","embeddable":true,"href":"https:\/\/www.pmpf.rs.gov.br\/secretaria-de-saude\/wp-json\/wp\/v2\/categories?post=3416"},{"taxonomy":"post_tag","embeddable":true,"href":"https:\/\/www.pmpf.rs.gov.br\/secretaria-de-saude\/wp-json\/wp\/v2\/tags?post=3416"}],"curies":[{"name":"wp","href":"https:\/\/api.w.org\/{rel}","templated":true}]}}