{"id":3404,"date":"2022-12-13T13:49:40","date_gmt":"2022-12-13T16:49:40","guid":{"rendered":"https:\/\/www.pmpf.rs.gov.br\/secretaria-de-saude\/?p=3404"},"modified":"2022-12-13T16:46:53","modified_gmt":"2022-12-13T19:46:53","slug":"prefeitura-inaugura-farmacias-em-unidades-de-saude-dos-bairros-jaboticabal-e-santo-antonio-da-pedreira","status":"publish","type":"post","link":"https:\/\/www.pmpf.rs.gov.br\/secretaria-de-saude\/2022\/12\/13\/prefeitura-inaugura-farmacias-em-unidades-de-saude-dos-bairros-jaboticabal-e-santo-antonio-da-pedreira\/","title":{"rendered":"Prefeitura inaugura farm\u00e1cias em unidades de sa\u00fade dos bairros Professor Schisler e Santo Ant\u00f4nio da Pedreira"},"content":{"rendered":"\n<p><br><br>A Prefeitura de Passo Fundo est\u00e1 implementando um projeto que busca facilitar ainda mais o acesso de medicamentos pela popula\u00e7\u00e3o. Uma das estrat\u00e9gias \u00e9 a abertura de farm\u00e1cias em unidades de sa\u00fade localizadas em diferentes pontos da cidade. Nesta ter\u00e7a-feira (13), as duas primeiras deste plano foram inauguradas na Estrat\u00e9gia de Sa\u00fade da Fam\u00edlia (ESF) Adolfo Groth, que fica no bairro Professor Schisler e na Unidade B\u00e1sica de Sa\u00fade (UBS) Santo Ant\u00f4nio da Pedreira. A partir de agora, s\u00e3o oferecidos em 12 locais e no servi\u00e7o de farm\u00e1cia m\u00f3vel, de forma gratuita, todos os medicamentos disponibilizados pelo Munic\u00edpio.<br><br>O prefeito Pedro Almeida, esteve na ESF Adolfo Groth durante a manh\u00e3 desta ter\u00e7a-feira (13) para conversar com a comunidade, apresentar o novo espa\u00e7o e falar sobre o projeto de expans\u00e3o das farm\u00e1cias. \u201cEstamos ampliando a nossa \u00e1rea de farm\u00e1cia, entendendo a necessidade de as pessoas terem mais praticidade para obter os medicamentos que precisam. Com essas duas unidades, chegamos a 11 farm\u00e1cias em unidades de sa\u00fade, nos bairros. Al\u00e9m disso, temos a Farm\u00e1cia Central, que tamb\u00e9m vai ser readequada para funcionar durante 24 horas, e a Farm\u00e1cia M\u00f3vel, que vai at\u00e9 as unidades que n\u00e3o possuem farm\u00e1cia interna\u201d, afirmou.<br><br>Conforme a secret\u00e1ria de Sa\u00fade, Cristine Pilati, o objetivo \u00e9, sobretudo, levar farm\u00e1cias para os pontos extremos da cidade. \u201cEstas farm\u00e1cias da ESF Adolfo Groth e da UBS Santo Ant\u00f4nio da Pedreira v\u00e3o atender muitos bairros do seu entorno. Teremos farm\u00e1cia, ainda, no Bairro S\u00e3o Jos\u00e9 e estudamos a viabilidade de uma no Jardim Am\u00e9rica\u201d, enfatizou.<br><br><strong>Servi\u00e7os mais pr\u00f3ximos das pessoa<\/strong>s<br>Para os moradores, a not\u00edcia da nova farm\u00e1cia foi bem recebida. A dona Damascena Terezinha Martins Boeno, de 65 anos, aproveitou o momento de inaugura\u00e7\u00e3o da ESF Adolfo Groth para retirar os medicamentos de uso cont\u00ednuo para a press\u00e3o alta e a diabetes e destacou que o local vai fazer a diferen\u00e7a. \u201cEu moro bem pertinho daqui, a tr\u00eas quadras. Antes, eu tinha que ir na Cohab ou aproveitava quando sa\u00eda de casa para fazer outra coisa e buscava os medicamentos no caminho, porque era longe. Ficou muito bom pra gente ter a farm\u00e1cia aqui. Vim hoje mesmo\u201d, contou.<br><br>Al\u00e9m de mais unidades para a retirada de medicamentos, o projeto contempla uma mudan\u00e7a de local da farm\u00e1cia 24 horas, que passar\u00e1 a funcionar temporariamente na Farm\u00e1cia Central at\u00e9 a inaugura\u00e7\u00e3o da farm\u00e1cia do Hospital Municipal. Com os \u00faltimos ajustes em execu\u00e7\u00e3o, essa altera\u00e7\u00e3o dever\u00e1 acontecer j\u00e1 na pr\u00f3xima semana. \u201cAtualmente, temos uma unidade 24 horas anexada na \u00e1rea externa do Hospital Municipal, em um cont\u00eainer, que cumpriu a sua necessidade na pandemia. Ela ser\u00e1 transferida para a Farm\u00e1cia Central, que \u00e9 de f\u00e1cil acesso, pr\u00f3xima a paradas de \u00f4nibus, segura e monitorada e, ainda, possui todos os medicamentos fornecidos pelo Estado em larga escala. Essa altera\u00e7\u00e3o permanecer\u00e1 at\u00e9 o t\u00e9rmino da obra da farm\u00e1cia do Hospital Municipal, que vai operar em tempo integral\u201d, considerou a secret\u00e1ria.<br><br>Em n\u00fameros, entre janeiro e novembro de 2022, o Munic\u00edpio forneceu 29,4 milh\u00f5es de medicamentos e materiais para a popula\u00e7\u00e3o, sendo 3,6 milh\u00f5es pela farm\u00e1cia 24 horas. O investimento para a aquisi\u00e7\u00e3o dos mesmos chegou a R$ 9,6 milh\u00f5es.<br><br>Para tornar poss\u00edvel a expans\u00e3o das farm\u00e1cias, a Prefeitura contratou mais profissionais farmac\u00eauticos e auxiliares. Conforme o prefeito, o esfor\u00e7o em v\u00e1rias frentes busca qualificar ainda mais a rede municipal de sa\u00fade. \u201cA sa\u00fade \u00e9 uma \u00e1rea que tem o olhar sens\u00edvel do nosso governo. Mais do que oferecer possibilidades, queremos que o atendimento seja humanizado\u201d, pontuou.<br><br><strong>Farm\u00e1cia Mais Perto<\/strong><br>Para atender os usu\u00e1rios de unidades de sa\u00fade que n\u00e3o disp\u00f5e de farm\u00e1cia, a Prefeitura oferece a Farm\u00e1cia Mais Perto. Uma unidade m\u00f3vel vai at\u00e9 essas unidades, seguindo um cronograma, para levar at\u00e9 a comunidade a lista b\u00e1sica disponibilizada pelo Sistema \u00danico de Sa\u00fade (SUS). Neste ano, foram dispensados por meio do programa 1,06 milh\u00e3o de medicamentos.<br><br>O calend\u00e1rio \u00e9 de segunda a sexta-feira e abrange dois locais por dia, um no turno da manh\u00e3 e outro no turno da tarde. Os profissionais fazem a entrega dos medicamentos e orientam o uso correto.<br>De acordo com a secret\u00e1ria de Sa\u00fade, Cristine Pilati, a van oferece todos os medicamentos dispon\u00edveis na Farm\u00e1cia Central, ou seja, os que constam nas listas do Munic\u00edpio e do Estado. \u201cO calend\u00e1rio mensal \u00e9 vari\u00e1vel e sempre divulgado na metade do m\u00eas atual com os atendimentos do m\u00eas subsequente. Ele fica dispon\u00edvel em todas as unidades de sa\u00fade para ser verificado pelas pessoas e tamb\u00e9m no site da Prefeitura\u201d, salientou, enfatizando que o paciente precisa portar o cart\u00e3o SUS e receita v\u00e1lida para fazer a retirada.<br><br><strong>Unidades de dispensa\u00e7\u00e3o de medicamentos do munic\u00edpio<\/strong><br>&#8211; FARM\u00c1CIA CENTRAL<br>&#8211; CAIS PETR\u00d3POLIS<br>&#8211; FARM\u00c1CIA CAIS H\u00cdPICA<br>&#8211; CAIS BOQUEIR\u00c3O<br>&#8211; CAIS VILA LU\u00cdZA<br>&#8211; CAIS S\u00c3O CRIST\u00d3V\u00c3O<br>&#8211; ESF ADIRBAL CORRALO<br>&#8211; ESF ZACHIA<br>&#8211; ESF SANTA MARTA<br>&#8211; ESF S\u00c3O LUIZ GONZAGA<br>&#8211; ESF S\u00c3O JOS\u00c9<br>&#8211; UBS SANTO ANT\u00d4NIO DA PEDREIRA<br>&#8211; ESF ADOLFO GROTH<\/p>\n","protected":false},"excerpt":{"rendered":"<p>Espa\u00e7os inaugurados na ESF Adolfo Groth e UBS Santo Ant\u00f4nio da Pedreira fazem parte de um projeto amplo que busca levar farm\u00e1cias para diversos pontos da cidade, facilitando o acesso a medicamentos pela popula\u00e7\u00e3o. O plano tamb\u00e9m contempla a mudan\u00e7a de local da farm\u00e1cia 24 horas, que vai passar a funcionar na Farm\u00e1cia Central<\/p>\n","protected":false},"author":6,"featured_media":3405,"comment_status":"closed","ping_status":"closed","sticky":true,"template":"","format":"standard","meta":{"footnotes":""},"categories":[1],"tags":[],"class_list":["post-3404","post","type-post","status-publish","format-standard","has-post-thumbnail","hentry","category-sem-categoria"],"yoast_head":"<!-- This site is optimized with the Yoast SEO plugin v23.8 - https:\/\/yoast.com\/wordpress\/plugins\/seo\/ -->\n<title>Prefeitura inaugura farm\u00e1cias em unidades de sa\u00fade dos bairros Professor Schisler e Santo Ant\u00f4nio da Pedreira - Secretaria de Sa\u00fade<\/title>\n<meta name=\"robots\" content=\"index, follow, max-snippet:-1, max-image-preview:large, max-video-preview:-1\" \/>\n<link rel=\"canonical\" href=\"https:\/\/www.pmpf.rs.gov.br\/secretaria-de-saude\/2022\/12\/13\/prefeitura-inaugura-farmacias-em-unidades-de-saude-dos-bairros-jaboticabal-e-santo-antonio-da-pedreira\/\" \/>\n<meta property=\"og:locale\" content=\"pt_BR\" \/>\n<meta property=\"og:type\" content=\"article\" \/>\n<meta property=\"og:title\" content=\"Prefeitura inaugura farm\u00e1cias em unidades de sa\u00fade dos bairros Professor Schisler e Santo Ant\u00f4nio da Pedreira - Secretaria de Sa\u00fade\" \/>\n<meta property=\"og:description\" content=\"Espa\u00e7os inaugurados na ESF Adolfo Groth e UBS Santo Ant\u00f4nio da Pedreira fazem parte de um projeto amplo que busca levar farm\u00e1cias para diversos pontos da cidade, facilitando o acesso a medicamentos pela popula\u00e7\u00e3o. O plano tamb\u00e9m contempla a mudan\u00e7a de local da farm\u00e1cia 24 horas, que vai passar a funcionar na Farm\u00e1cia Central\" \/>\n<meta property=\"og:url\" content=\"https:\/\/www.pmpf.rs.gov.br\/secretaria-de-saude\/2022\/12\/13\/prefeitura-inaugura-farmacias-em-unidades-de-saude-dos-bairros-jaboticabal-e-santo-antonio-da-pedreira\/\" \/>\n<meta property=\"og:site_name\" content=\"Secretaria de Sa\u00fade\" \/>\n<meta property=\"article:published_time\" content=\"2022-12-13T16:49:40+00:00\" \/>\n<meta property=\"article:modified_time\" content=\"2022-12-13T19:46:53+00:00\" \/>\n<meta property=\"og:image\" content=\"https:\/\/www.pmpf.rs.gov.br\/secretaria-de-saude\/wp-content\/uploads\/sites\/50\/2022\/12\/farmacia.jpg\" \/>\n\t<meta property=\"og:image:width\" content=\"1280\" \/>\n\t<meta property=\"og:image:height\" content=\"853\" \/>\n\t<meta property=\"og:image:type\" content=\"image\/jpeg\" \/>\n<meta name=\"author\" content=\"andressazorzetto07\" \/>\n<meta name=\"twitter:card\" content=\"summary_large_image\" \/>\n<meta name=\"twitter:label1\" content=\"Escrito por\" \/>\n\t<meta name=\"twitter:data1\" content=\"andressazorzetto07\" \/>\n\t<meta name=\"twitter:label2\" content=\"Est. tempo de leitura\" \/>\n\t<meta name=\"twitter:data2\" content=\"5 minutos\" \/>\n<script type=\"application\/ld+json\" class=\"yoast-schema-graph\">{\"@context\":\"https:\/\/schema.org\",\"@graph\":[{\"@type\":\"WebPage\",\"@id\":\"https:\/\/www.pmpf.rs.gov.br\/secretaria-de-saude\/2022\/12\/13\/prefeitura-inaugura-farmacias-em-unidades-de-saude-dos-bairros-jaboticabal-e-santo-antonio-da-pedreira\/\",\"url\":\"https:\/\/www.pmpf.rs.gov.br\/secretaria-de-saude\/2022\/12\/13\/prefeitura-inaugura-farmacias-em-unidades-de-saude-dos-bairros-jaboticabal-e-santo-antonio-da-pedreira\/\",\"name\":\"Prefeitura inaugura farm\u00e1cias em unidades de sa\u00fade dos bairros Professor Schisler e Santo Ant\u00f4nio da Pedreira - Secretaria de Sa\u00fade\",\"isPartOf\":{\"@id\":\"https:\/\/www.pmpf.rs.gov.br\/secretaria-de-saude\/#website\"},\"primaryImageOfPage\":{\"@id\":\"https:\/\/www.pmpf.rs.gov.br\/secretaria-de-saude\/2022\/12\/13\/prefeitura-inaugura-farmacias-em-unidades-de-saude-dos-bairros-jaboticabal-e-santo-antonio-da-pedreira\/#primaryimage\"},\"image\":{\"@id\":\"https:\/\/www.pmpf.rs.gov.br\/secretaria-de-saude\/2022\/12\/13\/prefeitura-inaugura-farmacias-em-unidades-de-saude-dos-bairros-jaboticabal-e-santo-antonio-da-pedreira\/#primaryimage\"},\"thumbnailUrl\":\"https:\/\/www.pmpf.rs.gov.br\/secretaria-de-saude\/wp-content\/uploads\/sites\/50\/2022\/12\/farmacia.jpg\",\"datePublished\":\"2022-12-13T16:49:40+00:00\",\"dateModified\":\"2022-12-13T19:46:53+00:00\",\"author\":{\"@id\":\"https:\/\/www.pmpf.rs.gov.br\/secretaria-de-saude\/#\/schema\/person\/30ee1d1bd74da1469b01fcf086e43351\"},\"breadcrumb\":{\"@id\":\"https:\/\/www.pmpf.rs.gov.br\/secretaria-de-saude\/2022\/12\/13\/prefeitura-inaugura-farmacias-em-unidades-de-saude-dos-bairros-jaboticabal-e-santo-antonio-da-pedreira\/#breadcrumb\"},\"inLanguage\":\"pt-BR\",\"potentialAction\":[{\"@type\":\"ReadAction\",\"target\":[\"https:\/\/www.pmpf.rs.gov.br\/secretaria-de-saude\/2022\/12\/13\/prefeitura-inaugura-farmacias-em-unidades-de-saude-dos-bairros-jaboticabal-e-santo-antonio-da-pedreira\/\"]}]},{\"@type\":\"ImageObject\",\"inLanguage\":\"pt-BR\",\"@id\":\"https:\/\/www.pmpf.rs.gov.br\/secretaria-de-saude\/2022\/12\/13\/prefeitura-inaugura-farmacias-em-unidades-de-saude-dos-bairros-jaboticabal-e-santo-antonio-da-pedreira\/#primaryimage\",\"url\":\"https:\/\/www.pmpf.rs.gov.br\/secretaria-de-saude\/wp-content\/uploads\/sites\/50\/2022\/12\/farmacia.jpg\",\"contentUrl\":\"https:\/\/www.pmpf.rs.gov.br\/secretaria-de-saude\/wp-content\/uploads\/sites\/50\/2022\/12\/farmacia.jpg\",\"width\":1280,\"height\":853},{\"@type\":\"BreadcrumbList\",\"@id\":\"https:\/\/www.pmpf.rs.gov.br\/secretaria-de-saude\/2022\/12\/13\/prefeitura-inaugura-farmacias-em-unidades-de-saude-dos-bairros-jaboticabal-e-santo-antonio-da-pedreira\/#breadcrumb\",\"itemListElement\":[{\"@type\":\"ListItem\",\"position\":1,\"name\":\"In\u00edcio\",\"item\":\"https:\/\/www.pmpf.rs.gov.br\/secretaria-de-saude\/\"},{\"@type\":\"ListItem\",\"position\":2,\"name\":\"Prefeitura inaugura farm\u00e1cias em unidades de sa\u00fade dos bairros Professor Schisler e Santo Ant\u00f4nio da Pedreira\"}]},{\"@type\":\"WebSite\",\"@id\":\"https:\/\/www.pmpf.rs.gov.br\/secretaria-de-saude\/#website\",\"url\":\"https:\/\/www.pmpf.rs.gov.br\/secretaria-de-saude\/\",\"name\":\"Secretaria de Sa\u00fade\",\"description\":\"S\u00f3 mais um site Prefeitura de Passo Fundo\",\"potentialAction\":[{\"@type\":\"SearchAction\",\"target\":{\"@type\":\"EntryPoint\",\"urlTemplate\":\"https:\/\/www.pmpf.rs.gov.br\/secretaria-de-saude\/?s={search_term_string}\"},\"query-input\":{\"@type\":\"PropertyValueSpecification\",\"valueRequired\":true,\"valueName\":\"search_term_string\"}}],\"inLanguage\":\"pt-BR\"},{\"@type\":\"Person\",\"@id\":\"https:\/\/www.pmpf.rs.gov.br\/secretaria-de-saude\/#\/schema\/person\/30ee1d1bd74da1469b01fcf086e43351\",\"name\":\"andressazorzetto07\",\"image\":{\"@type\":\"ImageObject\",\"inLanguage\":\"pt-BR\",\"@id\":\"https:\/\/www.pmpf.rs.gov.br\/secretaria-de-saude\/#\/schema\/person\/image\/\",\"url\":\"https:\/\/secure.gravatar.com\/avatar\/14c5458ed79dc81da99a13b9ff5f9f19?s=96&d=mm&r=g\",\"contentUrl\":\"https:\/\/secure.gravatar.com\/avatar\/14c5458ed79dc81da99a13b9ff5f9f19?s=96&d=mm&r=g\",\"caption\":\"andressazorzetto07\"},\"url\":\"https:\/\/www.pmpf.rs.gov.br\/secretaria-de-saude\/author\/andressazorzetto07\/\"}]}<\/script>\n<!-- \/ Yoast SEO plugin. -->","yoast_head_json":{"title":"Prefeitura inaugura farm\u00e1cias em unidades de sa\u00fade dos bairros Professor Schisler e Santo Ant\u00f4nio da Pedreira - Secretaria de Sa\u00fade","robots":{"index":"index","follow":"follow","max-snippet":"max-snippet:-1","max-image-preview":"max-image-preview:large","max-video-preview":"max-video-preview:-1"},"canonical":"https:\/\/www.pmpf.rs.gov.br\/secretaria-de-saude\/2022\/12\/13\/prefeitura-inaugura-farmacias-em-unidades-de-saude-dos-bairros-jaboticabal-e-santo-antonio-da-pedreira\/","og_locale":"pt_BR","og_type":"article","og_title":"Prefeitura inaugura farm\u00e1cias em unidades de sa\u00fade dos bairros Professor Schisler e Santo Ant\u00f4nio da Pedreira - Secretaria de Sa\u00fade","og_description":"Espa\u00e7os inaugurados na ESF Adolfo Groth e UBS Santo Ant\u00f4nio da Pedreira fazem parte de um projeto amplo que busca levar farm\u00e1cias para diversos pontos da cidade, facilitando o acesso a medicamentos pela popula\u00e7\u00e3o. O plano tamb\u00e9m contempla a mudan\u00e7a de local da farm\u00e1cia 24 horas, que vai passar a funcionar na Farm\u00e1cia Central","og_url":"https:\/\/www.pmpf.rs.gov.br\/secretaria-de-saude\/2022\/12\/13\/prefeitura-inaugura-farmacias-em-unidades-de-saude-dos-bairros-jaboticabal-e-santo-antonio-da-pedreira\/","og_site_name":"Secretaria de Sa\u00fade","article_published_time":"2022-12-13T16:49:40+00:00","article_modified_time":"2022-12-13T19:46:53+00:00","og_image":[{"width":1280,"height":853,"url":"https:\/\/www.pmpf.rs.gov.br\/secretaria-de-saude\/wp-content\/uploads\/sites\/50\/2022\/12\/farmacia.jpg","type":"image\/jpeg"}],"author":"andressazorzetto07","twitter_card":"summary_large_image","twitter_misc":{"Escrito por":"andressazorzetto07","Est. tempo de leitura":"5 minutos"},"schema":{"@context":"https:\/\/schema.org","@graph":[{"@type":"WebPage","@id":"https:\/\/www.pmpf.rs.gov.br\/secretaria-de-saude\/2022\/12\/13\/prefeitura-inaugura-farmacias-em-unidades-de-saude-dos-bairros-jaboticabal-e-santo-antonio-da-pedreira\/","url":"https:\/\/www.pmpf.rs.gov.br\/secretaria-de-saude\/2022\/12\/13\/prefeitura-inaugura-farmacias-em-unidades-de-saude-dos-bairros-jaboticabal-e-santo-antonio-da-pedreira\/","name":"Prefeitura inaugura farm\u00e1cias em unidades de sa\u00fade dos bairros Professor Schisler e Santo Ant\u00f4nio da Pedreira - Secretaria de Sa\u00fade","isPartOf":{"@id":"https:\/\/www.pmpf.rs.gov.br\/secretaria-de-saude\/#website"},"primaryImageOfPage":{"@id":"https:\/\/www.pmpf.rs.gov.br\/secretaria-de-saude\/2022\/12\/13\/prefeitura-inaugura-farmacias-em-unidades-de-saude-dos-bairros-jaboticabal-e-santo-antonio-da-pedreira\/#primaryimage"},"image":{"@id":"https:\/\/www.pmpf.rs.gov.br\/secretaria-de-saude\/2022\/12\/13\/prefeitura-inaugura-farmacias-em-unidades-de-saude-dos-bairros-jaboticabal-e-santo-antonio-da-pedreira\/#primaryimage"},"thumbnailUrl":"https:\/\/www.pmpf.rs.gov.br\/secretaria-de-saude\/wp-content\/uploads\/sites\/50\/2022\/12\/farmacia.jpg","datePublished":"2022-12-13T16:49:40+00:00","dateModified":"2022-12-13T19:46:53+00:00","author":{"@id":"https:\/\/www.pmpf.rs.gov.br\/secretaria-de-saude\/#\/schema\/person\/30ee1d1bd74da1469b01fcf086e43351"},"breadcrumb":{"@id":"https:\/\/www.pmpf.rs.gov.br\/secretaria-de-saude\/2022\/12\/13\/prefeitura-inaugura-farmacias-em-unidades-de-saude-dos-bairros-jaboticabal-e-santo-antonio-da-pedreira\/#breadcrumb"},"inLanguage":"pt-BR","potentialAction":[{"@type":"ReadAction","target":["https:\/\/www.pmpf.rs.gov.br\/secretaria-de-saude\/2022\/12\/13\/prefeitura-inaugura-farmacias-em-unidades-de-saude-dos-bairros-jaboticabal-e-santo-antonio-da-pedreira\/"]}]},{"@type":"ImageObject","inLanguage":"pt-BR","@id":"https:\/\/www.pmpf.rs.gov.br\/secretaria-de-saude\/2022\/12\/13\/prefeitura-inaugura-farmacias-em-unidades-de-saude-dos-bairros-jaboticabal-e-santo-antonio-da-pedreira\/#primaryimage","url":"https:\/\/www.pmpf.rs.gov.br\/secretaria-de-saude\/wp-content\/uploads\/sites\/50\/2022\/12\/farmacia.jpg","contentUrl":"https:\/\/www.pmpf.rs.gov.br\/secretaria-de-saude\/wp-content\/uploads\/sites\/50\/2022\/12\/farmacia.jpg","width":1280,"height":853},{"@type":"BreadcrumbList","@id":"https:\/\/www.pmpf.rs.gov.br\/secretaria-de-saude\/2022\/12\/13\/prefeitura-inaugura-farmacias-em-unidades-de-saude-dos-bairros-jaboticabal-e-santo-antonio-da-pedreira\/#breadcrumb","itemListElement":[{"@type":"ListItem","position":1,"name":"In\u00edcio","item":"https:\/\/www.pmpf.rs.gov.br\/secretaria-de-saude\/"},{"@type":"ListItem","position":2,"name":"Prefeitura inaugura farm\u00e1cias em unidades de sa\u00fade dos bairros Professor Schisler e Santo Ant\u00f4nio da Pedreira"}]},{"@type":"WebSite","@id":"https:\/\/www.pmpf.rs.gov.br\/secretaria-de-saude\/#website","url":"https:\/\/www.pmpf.rs.gov.br\/secretaria-de-saude\/","name":"Secretaria de Sa\u00fade","description":"S\u00f3 mais um site Prefeitura de Passo Fundo","potentialAction":[{"@type":"SearchAction","target":{"@type":"EntryPoint","urlTemplate":"https:\/\/www.pmpf.rs.gov.br\/secretaria-de-saude\/?s={search_term_string}"},"query-input":{"@type":"PropertyValueSpecification","valueRequired":true,"valueName":"search_term_string"}}],"inLanguage":"pt-BR"},{"@type":"Person","@id":"https:\/\/www.pmpf.rs.gov.br\/secretaria-de-saude\/#\/schema\/person\/30ee1d1bd74da1469b01fcf086e43351","name":"andressazorzetto07","image":{"@type":"ImageObject","inLanguage":"pt-BR","@id":"https:\/\/www.pmpf.rs.gov.br\/secretaria-de-saude\/#\/schema\/person\/image\/","url":"https:\/\/secure.gravatar.com\/avatar\/14c5458ed79dc81da99a13b9ff5f9f19?s=96&d=mm&r=g","contentUrl":"https:\/\/secure.gravatar.com\/avatar\/14c5458ed79dc81da99a13b9ff5f9f19?s=96&d=mm&r=g","caption":"andressazorzetto07"},"url":"https:\/\/www.pmpf.rs.gov.br\/secretaria-de-saude\/author\/andressazorzetto07\/"}]}},"_links":{"self":[{"href":"https:\/\/www.pmpf.rs.gov.br\/secretaria-de-saude\/wp-json\/wp\/v2\/posts\/3404"}],"collection":[{"href":"https:\/\/www.pmpf.rs.gov.br\/secretaria-de-saude\/wp-json\/wp\/v2\/posts"}],"about":[{"href":"https:\/\/www.pmpf.rs.gov.br\/secretaria-de-saude\/wp-json\/wp\/v2\/types\/post"}],"author":[{"embeddable":true,"href":"https:\/\/www.pmpf.rs.gov.br\/secretaria-de-saude\/wp-json\/wp\/v2\/users\/6"}],"replies":[{"embeddable":true,"href":"https:\/\/www.pmpf.rs.gov.br\/secretaria-de-saude\/wp-json\/wp\/v2\/comments?post=3404"}],"version-history":[{"count":2,"href":"https:\/\/www.pmpf.rs.gov.br\/secretaria-de-saude\/wp-json\/wp\/v2\/posts\/3404\/revisions"}],"predecessor-version":[{"id":3408,"href":"https:\/\/www.pmpf.rs.gov.br\/secretaria-de-saude\/wp-json\/wp\/v2\/posts\/3404\/revisions\/3408"}],"wp:featuredmedia":[{"embeddable":true,"href":"https:\/\/www.pmpf.rs.gov.br\/secretaria-de-saude\/wp-json\/wp\/v2\/media\/3405"}],"wp:attachment":[{"href":"https:\/\/www.pmpf.rs.gov.br\/secretaria-de-saude\/wp-json\/wp\/v2\/media?parent=3404"}],"wp:term":[{"taxonomy":"category","embeddable":true,"href":"https:\/\/www.pmpf.rs.gov.br\/secretaria-de-saude\/wp-json\/wp\/v2\/categories?post=3404"},{"taxonomy":"post_tag","embeddable":true,"href":"https:\/\/www.pmpf.rs.gov.br\/secretaria-de-saude\/wp-json\/wp\/v2\/tags?post=3404"}],"curies":[{"name":"wp","href":"https:\/\/api.w.org\/{rel}","templated":true}]}}