{"id":3401,"date":"2022-12-06T15:18:08","date_gmt":"2022-12-06T18:18:08","guid":{"rendered":"https:\/\/www.pmpf.rs.gov.br\/secretaria-de-saude\/?p=3401"},"modified":"2022-12-06T15:18:09","modified_gmt":"2022-12-06T18:18:09","slug":"hospital-dia-da-crianca-em-um-mes-de-funcionamento-numero-de-atendimentos-pediatricos-ultrapassa-os-3-mil","status":"publish","type":"post","link":"https:\/\/www.pmpf.rs.gov.br\/secretaria-de-saude\/2022\/12\/06\/hospital-dia-da-crianca-em-um-mes-de-funcionamento-numero-de-atendimentos-pediatricos-ultrapassa-os-3-mil\/","title":{"rendered":"<em><strong>Hospital Dia da Crian\u00e7a: em um m\u00eas de funcionamento, n\u00famero de atendimentos pedi\u00e1tricos ultrapassa os 3 mil<\/strong><\/em>"},"content":{"rendered":"\n<p><em><br><\/em><\/p>\n\n\n\n<p>O Hospital Dia da Crian\u00e7a foi entregue pela Prefeitura de Passo Fundo para qualificar os servi\u00e7os pedi\u00e1tricos na \u00e1rea da sa\u00fade e completou um m\u00eas de opera\u00e7\u00e3o no dia 3 de dezembro. Nesse per\u00edodo, a estrutura, que fica junto ao Hospital Municipal e funciona durante 24 horas, registrou quase 3,2 mil atendimentos. O n\u00famero \u00e9 o dobro do obtido durante o \u00faltimo m\u00eas de atividades do Pronto Atendimento Pedi\u00e1trico (PAP), que estava provisoriamente alocado no Cais S\u00e3o Crist\u00f3v\u00e3o, em outubro, que foi de 1,6 mil atendimentos.<br><br>Conforme o prefeito, Pedro Almeida, a expectativa era de que a capacidade de absor\u00e7\u00e3o da demanda pedi\u00e1trica, que compreende a faixa et\u00e1ria dos 0 aos 11 anos, fosse ampliada significativamente com a unidade. \u201cO Hospital Dia da Crian\u00e7a \u00e9 uma das maiores propostas do nosso governo, porque significa muito para a popula\u00e7\u00e3o. O nosso objetivo era ter uma estrutura e uma for\u00e7a operacional que permitissem atender mais crian\u00e7as ao mesmo tempo e que impactasse tamb\u00e9m na qualidade dos servi\u00e7os, o que efetivamos para que as pessoas se sintam bem acolhidas\u201d, enfatizou.<br><br>A secret\u00e1ria de Sa\u00fade, Cristine Pilati, explica a necessidade de a rede municipal potencializar a capacidade de atendimentos. \u201cN\u00f3s passamos de um momento pr\u00e9-pand\u00eamico, quando faz\u00edamos um atendimento de 650 crian\u00e7as por m\u00eas, para um momento p\u00f3s-pand\u00eamico com uma m\u00e9dia de quase 3 mil crian\u00e7as atendidas mensalmente na rede. Ent\u00e3o, n\u00f3s precis\u00e1vamos de um local qualificado para esse tipo de atendimento e que pudesse aumentar o n\u00famero de crian\u00e7as atendidas simultaneamente. Antes, consegu\u00edamos atender 4 crian\u00e7as ao mesmo tempo e, com a nova estrutura, subimos para 15\u201d, explicou.<br><br>Quem busca atendimento no Hospital Dia da Crian\u00e7a encontra uma estrutura que foi integralmente planejada para acolher as crian\u00e7as, contribuindo com uma melhor aceita\u00e7\u00e3o ao tratamento e a adapta\u00e7\u00e3o ao ambiente hospitalar. Camila levou a filha Isabela, de 9 anos, at\u00e9 o local e avaliou o espa\u00e7o. \u201cEla fez a consulta e os exames necess\u00e1rios. O atendimento foi muito bom e a estrutura tamb\u00e9m \u00e9 muito boa\u201d, disse.<br><br>O Hospital Dia da Crian\u00e7a \u00e9 destinado a consultas de baixa complexidade. A unidade contempla sala de espera, sala de triagem, sala vermelha, quatro consult\u00f3rios, duas salas de observa\u00e7\u00e3o com capacidade total de sete leitos, quarto de isolamento e ambientes de apoio.<br><br>Os servi\u00e7os s\u00e3o efetuados por 34 m\u00e9dicos e uma equipe de enfermagem com 20 profissionais, que atuam em escala. A secret\u00e1ria de Sa\u00fade lembra os esfor\u00e7os aplicados pelo Munic\u00edpio para o fechamento das horas de atendimento \u00e0 popula\u00e7\u00e3o. \u201cRealizamos in\u00fameros concursos para pediatras, inclusive, oferecendo um valor superior por hora de trabalho. Al\u00e9m disso, o Munic\u00edpio conseguiu tornar lei a possibilidade de cl\u00ednicos gerais e m\u00e9dicos da fam\u00edlia poderem fazer plant\u00e3o no Pronto Atendimento. Isso nos permitiu uma escala completa no Hospital Dia da Crian\u00e7a\u201d, pontuou.<br><br><strong>Gerenciamento m\u00e9dico<\/strong><br>Na \u00faltima semana, a Prefeitura enviou para a C\u00e2mara de Vereadores um Projeto de Lei Complementar que institui o Departamento de Gerenciamento M\u00e9dico da Unidade de Atendimento Infantil. A aprova\u00e7\u00e3o viabilizar\u00e1 a implementa\u00e7\u00e3o de um setor espec\u00edfico para a coordena\u00e7\u00e3o do Hospital Dia da Crian\u00e7a.<br><br>De acordo com a secret\u00e1ria de Sa\u00fade, Cristine Pilati, uma das atribui\u00e7\u00f5es do departamento ser\u00e1 organizar a escala de plantonistas para garantir as 24 horas de funcionamento. \u201cEsse departamento ser\u00e1 respons\u00e1vel pelo fluxograma dos atendimentos no local e ter\u00e1 \u00e0 frente um profissional m\u00e9dico. Ainda, far\u00e1 a organiza\u00e7\u00e3o e o gerenciamento dos protocolos cl\u00ednicos de atendimento, auxiliando na padroniza\u00e7\u00e3o de materiais e medicamentos\u201d, completou.<\/p>\n\n\n\n<p><strong>Fotos: Michel Sanderi<\/strong><\/p>\n","protected":false},"excerpt":{"rendered":"<p>Unidade foi entregue pela Prefeitura em novembro. Com funcionamento 24 horas, o local conta com mais de 50 profissionais, entre m\u00e9dicos e equipe de enfermagem. N\u00famero de atendimentos \u00e9 o dobro do registrado durante o \u00faltimo m\u00eas de atividades do PAP, que estava em funcionamento <\/p>\n","protected":false},"author":6,"featured_media":3402,"comment_status":"closed","ping_status":"closed","sticky":true,"template":"","format":"standard","meta":{"footnotes":""},"categories":[30],"tags":[],"class_list":["post-3401","post","type-post","status-publish","format-standard","has-post-thumbnail","hentry","category-hospital-dia-da-crianca"],"yoast_head":"<!-- This site is optimized with the Yoast SEO plugin v23.8 - https:\/\/yoast.com\/wordpress\/plugins\/seo\/ -->\n<title>Hospital Dia da Crian\u00e7a: em um m\u00eas de funcionamento, n\u00famero de atendimentos pedi\u00e1tricos ultrapassa os 3 mil - Secretaria de Sa\u00fade<\/title>\n<meta name=\"robots\" content=\"index, follow, max-snippet:-1, max-image-preview:large, max-video-preview:-1\" \/>\n<link rel=\"canonical\" href=\"https:\/\/www.pmpf.rs.gov.br\/secretaria-de-saude\/2022\/12\/06\/hospital-dia-da-crianca-em-um-mes-de-funcionamento-numero-de-atendimentos-pediatricos-ultrapassa-os-3-mil\/\" \/>\n<meta property=\"og:locale\" content=\"pt_BR\" \/>\n<meta property=\"og:type\" content=\"article\" \/>\n<meta property=\"og:title\" content=\"Hospital Dia da Crian\u00e7a: em um m\u00eas de funcionamento, n\u00famero de atendimentos pedi\u00e1tricos ultrapassa os 3 mil - Secretaria de Sa\u00fade\" \/>\n<meta property=\"og:description\" content=\"Unidade foi entregue pela Prefeitura em novembro. Com funcionamento 24 horas, o local conta com mais de 50 profissionais, entre m\u00e9dicos e equipe de enfermagem. N\u00famero de atendimentos \u00e9 o dobro do registrado durante o \u00faltimo m\u00eas de atividades do PAP, que estava em funcionamento\" \/>\n<meta property=\"og:url\" content=\"https:\/\/www.pmpf.rs.gov.br\/secretaria-de-saude\/2022\/12\/06\/hospital-dia-da-crianca-em-um-mes-de-funcionamento-numero-de-atendimentos-pediatricos-ultrapassa-os-3-mil\/\" \/>\n<meta property=\"og:site_name\" content=\"Secretaria de Sa\u00fade\" \/>\n<meta property=\"article:published_time\" content=\"2022-12-06T18:18:08+00:00\" \/>\n<meta property=\"article:modified_time\" content=\"2022-12-06T18:18:09+00:00\" \/>\n<meta name=\"author\" content=\"andressazorzetto07\" \/>\n<meta name=\"twitter:card\" content=\"summary_large_image\" \/>\n<meta name=\"twitter:label1\" content=\"Escrito por\" \/>\n\t<meta name=\"twitter:data1\" content=\"andressazorzetto07\" \/>\n\t<meta name=\"twitter:label2\" content=\"Est. tempo de leitura\" \/>\n\t<meta name=\"twitter:data2\" content=\"3 minutos\" \/>\n<script type=\"application\/ld+json\" class=\"yoast-schema-graph\">{\"@context\":\"https:\/\/schema.org\",\"@graph\":[{\"@type\":\"WebPage\",\"@id\":\"https:\/\/www.pmpf.rs.gov.br\/secretaria-de-saude\/2022\/12\/06\/hospital-dia-da-crianca-em-um-mes-de-funcionamento-numero-de-atendimentos-pediatricos-ultrapassa-os-3-mil\/\",\"url\":\"https:\/\/www.pmpf.rs.gov.br\/secretaria-de-saude\/2022\/12\/06\/hospital-dia-da-crianca-em-um-mes-de-funcionamento-numero-de-atendimentos-pediatricos-ultrapassa-os-3-mil\/\",\"name\":\"Hospital Dia da Crian\u00e7a: em um m\u00eas de funcionamento, n\u00famero de atendimentos pedi\u00e1tricos ultrapassa os 3 mil - Secretaria de Sa\u00fade\",\"isPartOf\":{\"@id\":\"https:\/\/www.pmpf.rs.gov.br\/secretaria-de-saude\/#website\"},\"primaryImageOfPage\":{\"@id\":\"https:\/\/www.pmpf.rs.gov.br\/secretaria-de-saude\/2022\/12\/06\/hospital-dia-da-crianca-em-um-mes-de-funcionamento-numero-de-atendimentos-pediatricos-ultrapassa-os-3-mil\/#primaryimage\"},\"image\":{\"@id\":\"https:\/\/www.pmpf.rs.gov.br\/secretaria-de-saude\/2022\/12\/06\/hospital-dia-da-crianca-em-um-mes-de-funcionamento-numero-de-atendimentos-pediatricos-ultrapassa-os-3-mil\/#primaryimage\"},\"thumbnailUrl\":\"https:\/\/www.pmpf.rs.gov.br\/secretaria-de-saude\/wp-content\/uploads\/sites\/50\/2022\/12\/DSC06168-scaled.jpg\",\"datePublished\":\"2022-12-06T18:18:08+00:00\",\"dateModified\":\"2022-12-06T18:18:09+00:00\",\"author\":{\"@id\":\"https:\/\/www.pmpf.rs.gov.br\/secretaria-de-saude\/#\/schema\/person\/30ee1d1bd74da1469b01fcf086e43351\"},\"breadcrumb\":{\"@id\":\"https:\/\/www.pmpf.rs.gov.br\/secretaria-de-saude\/2022\/12\/06\/hospital-dia-da-crianca-em-um-mes-de-funcionamento-numero-de-atendimentos-pediatricos-ultrapassa-os-3-mil\/#breadcrumb\"},\"inLanguage\":\"pt-BR\",\"potentialAction\":[{\"@type\":\"ReadAction\",\"target\":[\"https:\/\/www.pmpf.rs.gov.br\/secretaria-de-saude\/2022\/12\/06\/hospital-dia-da-crianca-em-um-mes-de-funcionamento-numero-de-atendimentos-pediatricos-ultrapassa-os-3-mil\/\"]}]},{\"@type\":\"ImageObject\",\"inLanguage\":\"pt-BR\",\"@id\":\"https:\/\/www.pmpf.rs.gov.br\/secretaria-de-saude\/2022\/12\/06\/hospital-dia-da-crianca-em-um-mes-de-funcionamento-numero-de-atendimentos-pediatricos-ultrapassa-os-3-mil\/#primaryimage\",\"url\":\"https:\/\/www.pmpf.rs.gov.br\/secretaria-de-saude\/wp-content\/uploads\/sites\/50\/2022\/12\/DSC06168-scaled.jpg\",\"contentUrl\":\"https:\/\/www.pmpf.rs.gov.br\/secretaria-de-saude\/wp-content\/uploads\/sites\/50\/2022\/12\/DSC06168-scaled.jpg\",\"width\":2560,\"height\":1440},{\"@type\":\"BreadcrumbList\",\"@id\":\"https:\/\/www.pmpf.rs.gov.br\/secretaria-de-saude\/2022\/12\/06\/hospital-dia-da-crianca-em-um-mes-de-funcionamento-numero-de-atendimentos-pediatricos-ultrapassa-os-3-mil\/#breadcrumb\",\"itemListElement\":[{\"@type\":\"ListItem\",\"position\":1,\"name\":\"In\u00edcio\",\"item\":\"https:\/\/www.pmpf.rs.gov.br\/secretaria-de-saude\/\"},{\"@type\":\"ListItem\",\"position\":2,\"name\":\"Hospital Dia da Crian\u00e7a: em um m\u00eas de funcionamento, n\u00famero de atendimentos pedi\u00e1tricos ultrapassa os 3 mil\"}]},{\"@type\":\"WebSite\",\"@id\":\"https:\/\/www.pmpf.rs.gov.br\/secretaria-de-saude\/#website\",\"url\":\"https:\/\/www.pmpf.rs.gov.br\/secretaria-de-saude\/\",\"name\":\"Secretaria de Sa\u00fade\",\"description\":\"S\u00f3 mais um site Prefeitura de Passo Fundo\",\"potentialAction\":[{\"@type\":\"SearchAction\",\"target\":{\"@type\":\"EntryPoint\",\"urlTemplate\":\"https:\/\/www.pmpf.rs.gov.br\/secretaria-de-saude\/?s={search_term_string}\"},\"query-input\":{\"@type\":\"PropertyValueSpecification\",\"valueRequired\":true,\"valueName\":\"search_term_string\"}}],\"inLanguage\":\"pt-BR\"},{\"@type\":\"Person\",\"@id\":\"https:\/\/www.pmpf.rs.gov.br\/secretaria-de-saude\/#\/schema\/person\/30ee1d1bd74da1469b01fcf086e43351\",\"name\":\"andressazorzetto07\",\"image\":{\"@type\":\"ImageObject\",\"inLanguage\":\"pt-BR\",\"@id\":\"https:\/\/www.pmpf.rs.gov.br\/secretaria-de-saude\/#\/schema\/person\/image\/\",\"url\":\"https:\/\/secure.gravatar.com\/avatar\/14c5458ed79dc81da99a13b9ff5f9f19?s=96&d=mm&r=g\",\"contentUrl\":\"https:\/\/secure.gravatar.com\/avatar\/14c5458ed79dc81da99a13b9ff5f9f19?s=96&d=mm&r=g\",\"caption\":\"andressazorzetto07\"},\"url\":\"https:\/\/www.pmpf.rs.gov.br\/secretaria-de-saude\/author\/andressazorzetto07\/\"}]}<\/script>\n<!-- \/ Yoast SEO plugin. -->","yoast_head_json":{"title":"Hospital Dia da Crian\u00e7a: em um m\u00eas de funcionamento, n\u00famero de atendimentos pedi\u00e1tricos ultrapassa os 3 mil - Secretaria de Sa\u00fade","robots":{"index":"index","follow":"follow","max-snippet":"max-snippet:-1","max-image-preview":"max-image-preview:large","max-video-preview":"max-video-preview:-1"},"canonical":"https:\/\/www.pmpf.rs.gov.br\/secretaria-de-saude\/2022\/12\/06\/hospital-dia-da-crianca-em-um-mes-de-funcionamento-numero-de-atendimentos-pediatricos-ultrapassa-os-3-mil\/","og_locale":"pt_BR","og_type":"article","og_title":"Hospital Dia da Crian\u00e7a: em um m\u00eas de funcionamento, n\u00famero de atendimentos pedi\u00e1tricos ultrapassa os 3 mil - Secretaria de Sa\u00fade","og_description":"Unidade foi entregue pela Prefeitura em novembro. Com funcionamento 24 horas, o local conta com mais de 50 profissionais, entre m\u00e9dicos e equipe de enfermagem. N\u00famero de atendimentos \u00e9 o dobro do registrado durante o \u00faltimo m\u00eas de atividades do PAP, que estava em funcionamento","og_url":"https:\/\/www.pmpf.rs.gov.br\/secretaria-de-saude\/2022\/12\/06\/hospital-dia-da-crianca-em-um-mes-de-funcionamento-numero-de-atendimentos-pediatricos-ultrapassa-os-3-mil\/","og_site_name":"Secretaria de Sa\u00fade","article_published_time":"2022-12-06T18:18:08+00:00","article_modified_time":"2022-12-06T18:18:09+00:00","author":"andressazorzetto07","twitter_card":"summary_large_image","twitter_misc":{"Escrito por":"andressazorzetto07","Est. tempo de leitura":"3 minutos"},"schema":{"@context":"https:\/\/schema.org","@graph":[{"@type":"WebPage","@id":"https:\/\/www.pmpf.rs.gov.br\/secretaria-de-saude\/2022\/12\/06\/hospital-dia-da-crianca-em-um-mes-de-funcionamento-numero-de-atendimentos-pediatricos-ultrapassa-os-3-mil\/","url":"https:\/\/www.pmpf.rs.gov.br\/secretaria-de-saude\/2022\/12\/06\/hospital-dia-da-crianca-em-um-mes-de-funcionamento-numero-de-atendimentos-pediatricos-ultrapassa-os-3-mil\/","name":"Hospital Dia da Crian\u00e7a: em um m\u00eas de funcionamento, n\u00famero de atendimentos pedi\u00e1tricos ultrapassa os 3 mil - Secretaria de Sa\u00fade","isPartOf":{"@id":"https:\/\/www.pmpf.rs.gov.br\/secretaria-de-saude\/#website"},"primaryImageOfPage":{"@id":"https:\/\/www.pmpf.rs.gov.br\/secretaria-de-saude\/2022\/12\/06\/hospital-dia-da-crianca-em-um-mes-de-funcionamento-numero-de-atendimentos-pediatricos-ultrapassa-os-3-mil\/#primaryimage"},"image":{"@id":"https:\/\/www.pmpf.rs.gov.br\/secretaria-de-saude\/2022\/12\/06\/hospital-dia-da-crianca-em-um-mes-de-funcionamento-numero-de-atendimentos-pediatricos-ultrapassa-os-3-mil\/#primaryimage"},"thumbnailUrl":"https:\/\/www.pmpf.rs.gov.br\/secretaria-de-saude\/wp-content\/uploads\/sites\/50\/2022\/12\/DSC06168-scaled.jpg","datePublished":"2022-12-06T18:18:08+00:00","dateModified":"2022-12-06T18:18:09+00:00","author":{"@id":"https:\/\/www.pmpf.rs.gov.br\/secretaria-de-saude\/#\/schema\/person\/30ee1d1bd74da1469b01fcf086e43351"},"breadcrumb":{"@id":"https:\/\/www.pmpf.rs.gov.br\/secretaria-de-saude\/2022\/12\/06\/hospital-dia-da-crianca-em-um-mes-de-funcionamento-numero-de-atendimentos-pediatricos-ultrapassa-os-3-mil\/#breadcrumb"},"inLanguage":"pt-BR","potentialAction":[{"@type":"ReadAction","target":["https:\/\/www.pmpf.rs.gov.br\/secretaria-de-saude\/2022\/12\/06\/hospital-dia-da-crianca-em-um-mes-de-funcionamento-numero-de-atendimentos-pediatricos-ultrapassa-os-3-mil\/"]}]},{"@type":"ImageObject","inLanguage":"pt-BR","@id":"https:\/\/www.pmpf.rs.gov.br\/secretaria-de-saude\/2022\/12\/06\/hospital-dia-da-crianca-em-um-mes-de-funcionamento-numero-de-atendimentos-pediatricos-ultrapassa-os-3-mil\/#primaryimage","url":"https:\/\/www.pmpf.rs.gov.br\/secretaria-de-saude\/wp-content\/uploads\/sites\/50\/2022\/12\/DSC06168-scaled.jpg","contentUrl":"https:\/\/www.pmpf.rs.gov.br\/secretaria-de-saude\/wp-content\/uploads\/sites\/50\/2022\/12\/DSC06168-scaled.jpg","width":2560,"height":1440},{"@type":"BreadcrumbList","@id":"https:\/\/www.pmpf.rs.gov.br\/secretaria-de-saude\/2022\/12\/06\/hospital-dia-da-crianca-em-um-mes-de-funcionamento-numero-de-atendimentos-pediatricos-ultrapassa-os-3-mil\/#breadcrumb","itemListElement":[{"@type":"ListItem","position":1,"name":"In\u00edcio","item":"https:\/\/www.pmpf.rs.gov.br\/secretaria-de-saude\/"},{"@type":"ListItem","position":2,"name":"Hospital Dia da Crian\u00e7a: em um m\u00eas de funcionamento, n\u00famero de atendimentos pedi\u00e1tricos ultrapassa os 3 mil"}]},{"@type":"WebSite","@id":"https:\/\/www.pmpf.rs.gov.br\/secretaria-de-saude\/#website","url":"https:\/\/www.pmpf.rs.gov.br\/secretaria-de-saude\/","name":"Secretaria de Sa\u00fade","description":"S\u00f3 mais um site Prefeitura de Passo Fundo","potentialAction":[{"@type":"SearchAction","target":{"@type":"EntryPoint","urlTemplate":"https:\/\/www.pmpf.rs.gov.br\/secretaria-de-saude\/?s={search_term_string}"},"query-input":{"@type":"PropertyValueSpecification","valueRequired":true,"valueName":"search_term_string"}}],"inLanguage":"pt-BR"},{"@type":"Person","@id":"https:\/\/www.pmpf.rs.gov.br\/secretaria-de-saude\/#\/schema\/person\/30ee1d1bd74da1469b01fcf086e43351","name":"andressazorzetto07","image":{"@type":"ImageObject","inLanguage":"pt-BR","@id":"https:\/\/www.pmpf.rs.gov.br\/secretaria-de-saude\/#\/schema\/person\/image\/","url":"https:\/\/secure.gravatar.com\/avatar\/14c5458ed79dc81da99a13b9ff5f9f19?s=96&d=mm&r=g","contentUrl":"https:\/\/secure.gravatar.com\/avatar\/14c5458ed79dc81da99a13b9ff5f9f19?s=96&d=mm&r=g","caption":"andressazorzetto07"},"url":"https:\/\/www.pmpf.rs.gov.br\/secretaria-de-saude\/author\/andressazorzetto07\/"}]}},"_links":{"self":[{"href":"https:\/\/www.pmpf.rs.gov.br\/secretaria-de-saude\/wp-json\/wp\/v2\/posts\/3401"}],"collection":[{"href":"https:\/\/www.pmpf.rs.gov.br\/secretaria-de-saude\/wp-json\/wp\/v2\/posts"}],"about":[{"href":"https:\/\/www.pmpf.rs.gov.br\/secretaria-de-saude\/wp-json\/wp\/v2\/types\/post"}],"author":[{"embeddable":true,"href":"https:\/\/www.pmpf.rs.gov.br\/secretaria-de-saude\/wp-json\/wp\/v2\/users\/6"}],"replies":[{"embeddable":true,"href":"https:\/\/www.pmpf.rs.gov.br\/secretaria-de-saude\/wp-json\/wp\/v2\/comments?post=3401"}],"version-history":[{"count":1,"href":"https:\/\/www.pmpf.rs.gov.br\/secretaria-de-saude\/wp-json\/wp\/v2\/posts\/3401\/revisions"}],"predecessor-version":[{"id":3403,"href":"https:\/\/www.pmpf.rs.gov.br\/secretaria-de-saude\/wp-json\/wp\/v2\/posts\/3401\/revisions\/3403"}],"wp:featuredmedia":[{"embeddable":true,"href":"https:\/\/www.pmpf.rs.gov.br\/secretaria-de-saude\/wp-json\/wp\/v2\/media\/3402"}],"wp:attachment":[{"href":"https:\/\/www.pmpf.rs.gov.br\/secretaria-de-saude\/wp-json\/wp\/v2\/media?parent=3401"}],"wp:term":[{"taxonomy":"category","embeddable":true,"href":"https:\/\/www.pmpf.rs.gov.br\/secretaria-de-saude\/wp-json\/wp\/v2\/categories?post=3401"},{"taxonomy":"post_tag","embeddable":true,"href":"https:\/\/www.pmpf.rs.gov.br\/secretaria-de-saude\/wp-json\/wp\/v2\/tags?post=3401"}],"curies":[{"name":"wp","href":"https:\/\/api.w.org\/{rel}","templated":true}]}}