{"id":3398,"date":"2022-12-05T14:07:23","date_gmt":"2022-12-05T17:07:23","guid":{"rendered":"https:\/\/www.pmpf.rs.gov.br\/secretaria-de-saude\/?p=3398"},"modified":"2022-12-05T14:07:25","modified_gmt":"2022-12-05T17:07:25","slug":"passo-fundo-fara-vacinacao-neste-sabado-10","status":"publish","type":"post","link":"https:\/\/www.pmpf.rs.gov.br\/secretaria-de-saude\/2022\/12\/05\/passo-fundo-fara-vacinacao-neste-sabado-10\/","title":{"rendered":"<strong>Passo Fundo far\u00e1 vacina\u00e7\u00e3o neste s\u00e1bado (10)<\/strong>"},"content":{"rendered":"\n<p><\/p>\n\n\n\n<p>Para estimular a vacina\u00e7\u00e3o, Passo Fundo far\u00e1 mais uma mobiliza\u00e7\u00e3o no s\u00e1bado, 10 de dezembro, em cinco pontos. Os Centros de Atendimento Integral \u00e0 Sa\u00fade (CAIS) Petr\u00f3polis, Boqueir\u00e3o, S\u00e3o Crist\u00f3v\u00e3o, H\u00edpica e Vila Lu\u00edza &nbsp;disponibilizar\u00e3o todas as vacinas do calend\u00e1rio vacinal, incluindo a da Covid-19. Aplica\u00e7\u00f5es ser\u00e3o realizadas das 8h \u00e0s 13h.<\/p>\n\n\n\n<p>O objetivo, conforme a coordenadora de Vigil\u00e2ncia em Sa\u00fade, Marisa Zanatta, \u00e9 ampliar a cobertura contra diversas doen\u00e7as. \u201cN\u00f3s estamos chamando a popula\u00e7\u00e3o para que busque um destes locais e fa\u00e7a a checagem da carteirinha de vacina\u00e7\u00e3o, atualizando as doses que est\u00e3o em atraso\u201d, enfatizou.<\/p>\n\n\n\n<p>Os adolescentes t\u00eam um chamado especial para que compare\u00e7am e recebam as vacinas contra o HPV e a Meningo ACWY. Recentemente, o Minist\u00e9rio da Sa\u00fade alterou a faixa et\u00e1ria para essas duas vacinas: a vacina HPV passou a ter como p\u00fablico-alvo meninos e meninas de 9 a 14 anos; J\u00e1 a da Meningo ACWY, todos os adolescentes de 11 a 14 anos.<\/p>\n\n\n\n<p>Ainda de acordo com Marisa, \u00e9 fundamental que a carteirinha das crian\u00e7as e adolescentes esteja em dia para que eles obtenham das unidades de sa\u00fade um atestado de vacina\u00e7\u00e3o, que passar\u00e1 a ser exigido no momento de matr\u00edcula ou rematr\u00edcula nas escolas municipais, estaduais e particulares. \u201cAs crian\u00e7as e adolescentes que ainda n\u00e3o t\u00eam o atestado de vacina\u00e7\u00e3o podem aproveitar a oportunidade e ir at\u00e9 um dos pontos neste s\u00e1bado. Se tiverem uma vacina para fazer, j\u00e1 podem atualizar a carteirinha e receber o documento\u201d, afirmou.<\/p>\n\n\n\n<p>Durante a data, a vacina contra a Covid-19 ser\u00e1 feita apenas na popula\u00e7\u00e3o acima de 12 anos, uma vez que as doses pedi\u00e1tricas s\u00e3o aplicadas exclusivamente na Central de Vacinas.<\/p>\n","protected":false},"excerpt":{"rendered":"<p>Nos Cais Petr\u00f3polis, Boqueir\u00e3o, H\u00edpica, S\u00e3o Crist\u00f3v\u00e3o e Vila Lu\u00edza, ser\u00e3o disponibilizadas todas as vacinas do calend\u00e1rio nacional, incluindo a da Covid-19. Mobiliza\u00e7\u00e3o ir\u00e1 das 8h \u00e0s 13h<\/p>\n","protected":false},"author":6,"featured_media":0,"comment_status":"closed","ping_status":"closed","sticky":true,"template":"","format":"standard","meta":{"footnotes":""},"categories":[1],"tags":[],"class_list":["post-3398","post","type-post","status-publish","format-standard","hentry","category-sem-categoria"],"yoast_head":"<!-- This site is optimized with the Yoast SEO plugin v23.8 - https:\/\/yoast.com\/wordpress\/plugins\/seo\/ -->\n<title>Passo Fundo far\u00e1 vacina\u00e7\u00e3o neste s\u00e1bado (10) - Secretaria de Sa\u00fade<\/title>\n<meta name=\"robots\" content=\"index, follow, max-snippet:-1, max-image-preview:large, max-video-preview:-1\" \/>\n<link rel=\"canonical\" href=\"https:\/\/www.pmpf.rs.gov.br\/secretaria-de-saude\/2022\/12\/05\/passo-fundo-fara-vacinacao-neste-sabado-10\/\" \/>\n<meta property=\"og:locale\" content=\"pt_BR\" \/>\n<meta property=\"og:type\" content=\"article\" \/>\n<meta property=\"og:title\" content=\"Passo Fundo far\u00e1 vacina\u00e7\u00e3o neste s\u00e1bado (10) - Secretaria de Sa\u00fade\" \/>\n<meta property=\"og:description\" content=\"Nos Cais Petr\u00f3polis, Boqueir\u00e3o, H\u00edpica, S\u00e3o Crist\u00f3v\u00e3o e Vila Lu\u00edza, ser\u00e3o disponibilizadas todas as vacinas do calend\u00e1rio nacional, incluindo a da Covid-19. Mobiliza\u00e7\u00e3o ir\u00e1 das 8h \u00e0s 13h\" \/>\n<meta property=\"og:url\" content=\"https:\/\/www.pmpf.rs.gov.br\/secretaria-de-saude\/2022\/12\/05\/passo-fundo-fara-vacinacao-neste-sabado-10\/\" \/>\n<meta property=\"og:site_name\" content=\"Secretaria de Sa\u00fade\" \/>\n<meta property=\"article:published_time\" content=\"2022-12-05T17:07:23+00:00\" \/>\n<meta property=\"article:modified_time\" content=\"2022-12-05T17:07:25+00:00\" \/>\n<meta name=\"author\" content=\"andressazorzetto07\" \/>\n<meta name=\"twitter:card\" content=\"summary_large_image\" \/>\n<meta name=\"twitter:label1\" content=\"Escrito por\" \/>\n\t<meta name=\"twitter:data1\" content=\"andressazorzetto07\" \/>\n\t<meta name=\"twitter:label2\" content=\"Est. tempo de leitura\" \/>\n\t<meta name=\"twitter:data2\" content=\"2 minutos\" \/>\n<script type=\"application\/ld+json\" class=\"yoast-schema-graph\">{\"@context\":\"https:\/\/schema.org\",\"@graph\":[{\"@type\":\"WebPage\",\"@id\":\"https:\/\/www.pmpf.rs.gov.br\/secretaria-de-saude\/2022\/12\/05\/passo-fundo-fara-vacinacao-neste-sabado-10\/\",\"url\":\"https:\/\/www.pmpf.rs.gov.br\/secretaria-de-saude\/2022\/12\/05\/passo-fundo-fara-vacinacao-neste-sabado-10\/\",\"name\":\"Passo Fundo far\u00e1 vacina\u00e7\u00e3o neste s\u00e1bado (10) - Secretaria de Sa\u00fade\",\"isPartOf\":{\"@id\":\"https:\/\/www.pmpf.rs.gov.br\/secretaria-de-saude\/#website\"},\"datePublished\":\"2022-12-05T17:07:23+00:00\",\"dateModified\":\"2022-12-05T17:07:25+00:00\",\"author\":{\"@id\":\"https:\/\/www.pmpf.rs.gov.br\/secretaria-de-saude\/#\/schema\/person\/30ee1d1bd74da1469b01fcf086e43351\"},\"breadcrumb\":{\"@id\":\"https:\/\/www.pmpf.rs.gov.br\/secretaria-de-saude\/2022\/12\/05\/passo-fundo-fara-vacinacao-neste-sabado-10\/#breadcrumb\"},\"inLanguage\":\"pt-BR\",\"potentialAction\":[{\"@type\":\"ReadAction\",\"target\":[\"https:\/\/www.pmpf.rs.gov.br\/secretaria-de-saude\/2022\/12\/05\/passo-fundo-fara-vacinacao-neste-sabado-10\/\"]}]},{\"@type\":\"BreadcrumbList\",\"@id\":\"https:\/\/www.pmpf.rs.gov.br\/secretaria-de-saude\/2022\/12\/05\/passo-fundo-fara-vacinacao-neste-sabado-10\/#breadcrumb\",\"itemListElement\":[{\"@type\":\"ListItem\",\"position\":1,\"name\":\"In\u00edcio\",\"item\":\"https:\/\/www.pmpf.rs.gov.br\/secretaria-de-saude\/\"},{\"@type\":\"ListItem\",\"position\":2,\"name\":\"Passo Fundo far\u00e1 vacina\u00e7\u00e3o neste s\u00e1bado (10)\"}]},{\"@type\":\"WebSite\",\"@id\":\"https:\/\/www.pmpf.rs.gov.br\/secretaria-de-saude\/#website\",\"url\":\"https:\/\/www.pmpf.rs.gov.br\/secretaria-de-saude\/\",\"name\":\"Secretaria de Sa\u00fade\",\"description\":\"S\u00f3 mais um site Prefeitura de Passo Fundo\",\"potentialAction\":[{\"@type\":\"SearchAction\",\"target\":{\"@type\":\"EntryPoint\",\"urlTemplate\":\"https:\/\/www.pmpf.rs.gov.br\/secretaria-de-saude\/?s={search_term_string}\"},\"query-input\":{\"@type\":\"PropertyValueSpecification\",\"valueRequired\":true,\"valueName\":\"search_term_string\"}}],\"inLanguage\":\"pt-BR\"},{\"@type\":\"Person\",\"@id\":\"https:\/\/www.pmpf.rs.gov.br\/secretaria-de-saude\/#\/schema\/person\/30ee1d1bd74da1469b01fcf086e43351\",\"name\":\"andressazorzetto07\",\"image\":{\"@type\":\"ImageObject\",\"inLanguage\":\"pt-BR\",\"@id\":\"https:\/\/www.pmpf.rs.gov.br\/secretaria-de-saude\/#\/schema\/person\/image\/\",\"url\":\"https:\/\/secure.gravatar.com\/avatar\/14c5458ed79dc81da99a13b9ff5f9f19?s=96&d=mm&r=g\",\"contentUrl\":\"https:\/\/secure.gravatar.com\/avatar\/14c5458ed79dc81da99a13b9ff5f9f19?s=96&d=mm&r=g\",\"caption\":\"andressazorzetto07\"},\"url\":\"https:\/\/www.pmpf.rs.gov.br\/secretaria-de-saude\/author\/andressazorzetto07\/\"}]}<\/script>\n<!-- \/ Yoast SEO plugin. -->","yoast_head_json":{"title":"Passo Fundo far\u00e1 vacina\u00e7\u00e3o neste s\u00e1bado (10) - Secretaria de Sa\u00fade","robots":{"index":"index","follow":"follow","max-snippet":"max-snippet:-1","max-image-preview":"max-image-preview:large","max-video-preview":"max-video-preview:-1"},"canonical":"https:\/\/www.pmpf.rs.gov.br\/secretaria-de-saude\/2022\/12\/05\/passo-fundo-fara-vacinacao-neste-sabado-10\/","og_locale":"pt_BR","og_type":"article","og_title":"Passo Fundo far\u00e1 vacina\u00e7\u00e3o neste s\u00e1bado (10) - Secretaria de Sa\u00fade","og_description":"Nos Cais Petr\u00f3polis, Boqueir\u00e3o, H\u00edpica, S\u00e3o Crist\u00f3v\u00e3o e Vila Lu\u00edza, ser\u00e3o disponibilizadas todas as vacinas do calend\u00e1rio nacional, incluindo a da Covid-19. Mobiliza\u00e7\u00e3o ir\u00e1 das 8h \u00e0s 13h","og_url":"https:\/\/www.pmpf.rs.gov.br\/secretaria-de-saude\/2022\/12\/05\/passo-fundo-fara-vacinacao-neste-sabado-10\/","og_site_name":"Secretaria de Sa\u00fade","article_published_time":"2022-12-05T17:07:23+00:00","article_modified_time":"2022-12-05T17:07:25+00:00","author":"andressazorzetto07","twitter_card":"summary_large_image","twitter_misc":{"Escrito por":"andressazorzetto07","Est. tempo de leitura":"2 minutos"},"schema":{"@context":"https:\/\/schema.org","@graph":[{"@type":"WebPage","@id":"https:\/\/www.pmpf.rs.gov.br\/secretaria-de-saude\/2022\/12\/05\/passo-fundo-fara-vacinacao-neste-sabado-10\/","url":"https:\/\/www.pmpf.rs.gov.br\/secretaria-de-saude\/2022\/12\/05\/passo-fundo-fara-vacinacao-neste-sabado-10\/","name":"Passo Fundo far\u00e1 vacina\u00e7\u00e3o neste s\u00e1bado (10) - Secretaria de Sa\u00fade","isPartOf":{"@id":"https:\/\/www.pmpf.rs.gov.br\/secretaria-de-saude\/#website"},"datePublished":"2022-12-05T17:07:23+00:00","dateModified":"2022-12-05T17:07:25+00:00","author":{"@id":"https:\/\/www.pmpf.rs.gov.br\/secretaria-de-saude\/#\/schema\/person\/30ee1d1bd74da1469b01fcf086e43351"},"breadcrumb":{"@id":"https:\/\/www.pmpf.rs.gov.br\/secretaria-de-saude\/2022\/12\/05\/passo-fundo-fara-vacinacao-neste-sabado-10\/#breadcrumb"},"inLanguage":"pt-BR","potentialAction":[{"@type":"ReadAction","target":["https:\/\/www.pmpf.rs.gov.br\/secretaria-de-saude\/2022\/12\/05\/passo-fundo-fara-vacinacao-neste-sabado-10\/"]}]},{"@type":"BreadcrumbList","@id":"https:\/\/www.pmpf.rs.gov.br\/secretaria-de-saude\/2022\/12\/05\/passo-fundo-fara-vacinacao-neste-sabado-10\/#breadcrumb","itemListElement":[{"@type":"ListItem","position":1,"name":"In\u00edcio","item":"https:\/\/www.pmpf.rs.gov.br\/secretaria-de-saude\/"},{"@type":"ListItem","position":2,"name":"Passo Fundo far\u00e1 vacina\u00e7\u00e3o neste s\u00e1bado (10)"}]},{"@type":"WebSite","@id":"https:\/\/www.pmpf.rs.gov.br\/secretaria-de-saude\/#website","url":"https:\/\/www.pmpf.rs.gov.br\/secretaria-de-saude\/","name":"Secretaria de Sa\u00fade","description":"S\u00f3 mais um site Prefeitura de Passo Fundo","potentialAction":[{"@type":"SearchAction","target":{"@type":"EntryPoint","urlTemplate":"https:\/\/www.pmpf.rs.gov.br\/secretaria-de-saude\/?s={search_term_string}"},"query-input":{"@type":"PropertyValueSpecification","valueRequired":true,"valueName":"search_term_string"}}],"inLanguage":"pt-BR"},{"@type":"Person","@id":"https:\/\/www.pmpf.rs.gov.br\/secretaria-de-saude\/#\/schema\/person\/30ee1d1bd74da1469b01fcf086e43351","name":"andressazorzetto07","image":{"@type":"ImageObject","inLanguage":"pt-BR","@id":"https:\/\/www.pmpf.rs.gov.br\/secretaria-de-saude\/#\/schema\/person\/image\/","url":"https:\/\/secure.gravatar.com\/avatar\/14c5458ed79dc81da99a13b9ff5f9f19?s=96&d=mm&r=g","contentUrl":"https:\/\/secure.gravatar.com\/avatar\/14c5458ed79dc81da99a13b9ff5f9f19?s=96&d=mm&r=g","caption":"andressazorzetto07"},"url":"https:\/\/www.pmpf.rs.gov.br\/secretaria-de-saude\/author\/andressazorzetto07\/"}]}},"_links":{"self":[{"href":"https:\/\/www.pmpf.rs.gov.br\/secretaria-de-saude\/wp-json\/wp\/v2\/posts\/3398"}],"collection":[{"href":"https:\/\/www.pmpf.rs.gov.br\/secretaria-de-saude\/wp-json\/wp\/v2\/posts"}],"about":[{"href":"https:\/\/www.pmpf.rs.gov.br\/secretaria-de-saude\/wp-json\/wp\/v2\/types\/post"}],"author":[{"embeddable":true,"href":"https:\/\/www.pmpf.rs.gov.br\/secretaria-de-saude\/wp-json\/wp\/v2\/users\/6"}],"replies":[{"embeddable":true,"href":"https:\/\/www.pmpf.rs.gov.br\/secretaria-de-saude\/wp-json\/wp\/v2\/comments?post=3398"}],"version-history":[{"count":1,"href":"https:\/\/www.pmpf.rs.gov.br\/secretaria-de-saude\/wp-json\/wp\/v2\/posts\/3398\/revisions"}],"predecessor-version":[{"id":3399,"href":"https:\/\/www.pmpf.rs.gov.br\/secretaria-de-saude\/wp-json\/wp\/v2\/posts\/3398\/revisions\/3399"}],"wp:attachment":[{"href":"https:\/\/www.pmpf.rs.gov.br\/secretaria-de-saude\/wp-json\/wp\/v2\/media?parent=3398"}],"wp:term":[{"taxonomy":"category","embeddable":true,"href":"https:\/\/www.pmpf.rs.gov.br\/secretaria-de-saude\/wp-json\/wp\/v2\/categories?post=3398"},{"taxonomy":"post_tag","embeddable":true,"href":"https:\/\/www.pmpf.rs.gov.br\/secretaria-de-saude\/wp-json\/wp\/v2\/tags?post=3398"}],"curies":[{"name":"wp","href":"https:\/\/api.w.org\/{rel}","templated":true}]}}