{"id":3393,"date":"2022-11-30T16:56:57","date_gmt":"2022-11-30T19:56:57","guid":{"rendered":"https:\/\/www.pmpf.rs.gov.br\/secretaria-de-saude\/?p=3393"},"modified":"2022-11-30T16:56:57","modified_gmt":"2022-11-30T19:56:57","slug":"programa-de-combate-ao-tabagismo-da-ubs-independente-completa-um-ano","status":"publish","type":"post","link":"https:\/\/www.pmpf.rs.gov.br\/secretaria-de-saude\/2022\/11\/30\/programa-de-combate-ao-tabagismo-da-ubs-independente-completa-um-ano\/","title":{"rendered":"Programa de Combate ao Tabagismo da UBS Independente completa um ano"},"content":{"rendered":"\n<p>\u201cEu decidi que ia parar de fumar pelas pelas minhas netas. Consegui e est\u00e1 sendo muito bom. Hoje, posso respirar e toda a fam\u00edlia est\u00e1 muito feliz\u201d, conta Maria Concei\u00e7\u00e3o, de 68 anos, que fumou por mais de cinco d\u00e9cadas.<\/p>\n\n\n\n<p>Para vencer o v\u00edcio, ela teve o apoio do Programa de Combate ao Tabagismo da Unidade B\u00e1sica de Sa\u00fade do Bairro Independente, que completou um ano nesta quarta-feira (30). Em uma comemora\u00e7\u00e3o simb\u00f3lica, pessoas que fazem parte desta hist\u00f3ria compartilharam as suas experi\u00eancias.<\/p>\n\n\n\n<p>A enfermeira Liliane Terra, que se dedicou \u00e0 forma\u00e7\u00e3o do programa na UBS Independente e hoje acompanha as pessoas, afirma que as conquistas n\u00e3o s\u00e3o somente individuais: elas s\u00e3o coletivas e aplaudidas por todos. \u201cO nosso primeiro paciente vai completar um ano de abstin\u00eancia. \u00c9 muito gratificante saber que este grupo transforma vidas\u201d, enfatiza.<\/p>\n\n\n\n<p>Liliane compartilhou a forma\u00e7\u00e3o do grupo com o fisioterapeuta Leonardo Calegari. Ele relata que os pacientes t\u00eam o acesso a todos os medicamentos ofertados pelo Sistema \u00danico de Sa\u00fade (SUS), terapias integrativas e a um atendimento multidisciplinar, al\u00e9m de encontros quinzenais. \u201cO medicamento \u00e9 inclu\u00eddo na hora certa, quando o paciente entende o processo e est\u00e1 preparado. Fizemos um acompanhamento em diferentes \u00e1reas da sa\u00fade e, al\u00e9m disso, realizamos os nossos encontros para que possamos motivar, identificar gatilhos e reconhecer os progressos. Todos s\u00e3o unidos e um ajuda o outro na luta\u201d, menciona.<\/p>\n\n\n\n<p>A fim de que otimizar os encontros, o grupo conta com cerca de 15 pessoas em cada ciclo. O tempo de acompanhamento, assim como preconizado pelo Minist\u00e9rio da Sa\u00fade, \u00e9 de 90 dias.<\/p>\n\n\n\n<p>Conforme explica Liliane, o servi\u00e7o pode ser procurado por toda a popula\u00e7\u00e3o. \u201c\u00c9 um trabalho aberto para quem tem interesse e deseja parar de fumar. A pessoa vai passar para uma triagem e, partir disso, adotaremos a conduta de acordo com o caso\u201d, avalia.<\/p>\n\n\n\n<p>Em frente \u00e0 Maria, estava Patr\u00edcia de Moraes, que, aos 38 anos, buscou o grupo para parar de fumar. \u201cEu fumei durante 22 anos e, com o tratamento oferecido aqui, estou sem fumar desde outubro. Vim com uma amiga e trouxe a minha sogra tamb\u00e9m. Aqui, nos acolhem muito bem. Tem sido muito importante participar\u201d, relata.<\/p>\n\n\n\n<p>A comemora\u00e7\u00e3o registrou a presen\u00e7a do prefeito, Pedro Almeida, e da secret\u00e1ria de Sa\u00fade, Cristine Pilati. Ele reafirmou a import\u00e2ncia da iniciativa e do trabalho dos profissionais de sa\u00fade e destacou o comprometimento da gest\u00e3o municipal com a\u00e7\u00f5es que contribuem com melhorias na vida das pessoas. \u201cOuvir estas hist\u00f3rias nos traz muita alegria, porque vimos como um servi\u00e7o oferecido pelo munic\u00edpio \u00e9 capaz de transformar vidas significativamente. Quando planejamos programas e metas de governo, temos como objetivos promover a qualidade de vida da popula\u00e7\u00e3o e fazer com que o atendimento seja humanizado. Em nome da dona Maria, eu quero parabenizar todas as pessoas que escolheram parar de fumar e buscaram a nossa rede municipal\u201d, declarou.<\/p>\n\n\n\n<p>Nas demais unidades de sa\u00fade<\/p>\n\n\n\n<p>A rede municipal, a partir de todas as unidades de sa\u00fade, oferece acompanhamento e tratamento para quem quer parar de fumar. Os atendimentos s\u00e3o realizados a partir do Programa de Cessa\u00e7\u00e3o do Tabagismo e envolvem servi\u00e7os multidisciplinares, terapia integrativa, abordagem m\u00ednima ou intensiva, individual ou em grupo, e, se necess\u00e1rio, o uso de medicamentos.<\/p>\n","protected":false},"excerpt":{"rendered":"<p>A fim de otimizar os encontros, o grupo conta com cerca de 15 pessoas em cada ciclo. O tempo de acompanhamento, assim como preconizado pelo Minist\u00e9rio da Sa\u00fade, \u00e9 de 90 dias<\/p>\n","protected":false},"author":14,"featured_media":3394,"comment_status":"closed","ping_status":"closed","sticky":false,"template":"","format":"standard","meta":{"footnotes":""},"categories":[3],"tags":[],"class_list":["post-3393","post","type-post","status-publish","format-standard","has-post-thumbnail","hentry","category-saude"],"yoast_head":"<!-- This site is optimized with the Yoast SEO plugin v23.8 - https:\/\/yoast.com\/wordpress\/plugins\/seo\/ -->\n<title>Programa de Combate ao Tabagismo da UBS Independente completa um ano - Secretaria de Sa\u00fade<\/title>\n<meta name=\"robots\" content=\"index, follow, max-snippet:-1, max-image-preview:large, max-video-preview:-1\" \/>\n<link rel=\"canonical\" href=\"https:\/\/www.pmpf.rs.gov.br\/secretaria-de-saude\/2022\/11\/30\/programa-de-combate-ao-tabagismo-da-ubs-independente-completa-um-ano\/\" \/>\n<meta property=\"og:locale\" content=\"pt_BR\" \/>\n<meta property=\"og:type\" content=\"article\" \/>\n<meta property=\"og:title\" content=\"Programa de Combate ao Tabagismo da UBS Independente completa um ano - Secretaria de Sa\u00fade\" \/>\n<meta property=\"og:description\" content=\"A fim de otimizar os encontros, o grupo conta com cerca de 15 pessoas em cada ciclo. O tempo de acompanhamento, assim como preconizado pelo Minist\u00e9rio da Sa\u00fade, \u00e9 de 90 dias\" \/>\n<meta property=\"og:url\" content=\"https:\/\/www.pmpf.rs.gov.br\/secretaria-de-saude\/2022\/11\/30\/programa-de-combate-ao-tabagismo-da-ubs-independente-completa-um-ano\/\" \/>\n<meta property=\"og:site_name\" content=\"Secretaria de Sa\u00fade\" \/>\n<meta property=\"article:published_time\" content=\"2022-11-30T19:56:57+00:00\" \/>\n<meta name=\"author\" content=\"crispuhll\" \/>\n<meta name=\"twitter:card\" content=\"summary_large_image\" \/>\n<meta name=\"twitter:label1\" content=\"Escrito por\" \/>\n\t<meta name=\"twitter:data1\" content=\"crispuhll\" \/>\n\t<meta name=\"twitter:label2\" content=\"Est. tempo de leitura\" \/>\n\t<meta name=\"twitter:data2\" content=\"3 minutos\" \/>\n<script type=\"application\/ld+json\" class=\"yoast-schema-graph\">{\"@context\":\"https:\/\/schema.org\",\"@graph\":[{\"@type\":\"WebPage\",\"@id\":\"https:\/\/www.pmpf.rs.gov.br\/secretaria-de-saude\/2022\/11\/30\/programa-de-combate-ao-tabagismo-da-ubs-independente-completa-um-ano\/\",\"url\":\"https:\/\/www.pmpf.rs.gov.br\/secretaria-de-saude\/2022\/11\/30\/programa-de-combate-ao-tabagismo-da-ubs-independente-completa-um-ano\/\",\"name\":\"Programa de Combate ao Tabagismo da UBS Independente completa um ano - Secretaria de Sa\u00fade\",\"isPartOf\":{\"@id\":\"https:\/\/www.pmpf.rs.gov.br\/secretaria-de-saude\/#website\"},\"primaryImageOfPage\":{\"@id\":\"https:\/\/www.pmpf.rs.gov.br\/secretaria-de-saude\/2022\/11\/30\/programa-de-combate-ao-tabagismo-da-ubs-independente-completa-um-ano\/#primaryimage\"},\"image\":{\"@id\":\"https:\/\/www.pmpf.rs.gov.br\/secretaria-de-saude\/2022\/11\/30\/programa-de-combate-ao-tabagismo-da-ubs-independente-completa-um-ano\/#primaryimage\"},\"thumbnailUrl\":\"https:\/\/www.pmpf.rs.gov.br\/secretaria-de-saude\/wp-content\/uploads\/sites\/50\/2022\/11\/WhatsApp-Image-2022-11-30-at-16.55.34.jpeg\",\"datePublished\":\"2022-11-30T19:56:57+00:00\",\"dateModified\":\"2022-11-30T19:56:57+00:00\",\"author\":{\"@id\":\"https:\/\/www.pmpf.rs.gov.br\/secretaria-de-saude\/#\/schema\/person\/d5e03c9407acc37371a3fc616069ca6b\"},\"breadcrumb\":{\"@id\":\"https:\/\/www.pmpf.rs.gov.br\/secretaria-de-saude\/2022\/11\/30\/programa-de-combate-ao-tabagismo-da-ubs-independente-completa-um-ano\/#breadcrumb\"},\"inLanguage\":\"pt-BR\",\"potentialAction\":[{\"@type\":\"ReadAction\",\"target\":[\"https:\/\/www.pmpf.rs.gov.br\/secretaria-de-saude\/2022\/11\/30\/programa-de-combate-ao-tabagismo-da-ubs-independente-completa-um-ano\/\"]}]},{\"@type\":\"ImageObject\",\"inLanguage\":\"pt-BR\",\"@id\":\"https:\/\/www.pmpf.rs.gov.br\/secretaria-de-saude\/2022\/11\/30\/programa-de-combate-ao-tabagismo-da-ubs-independente-completa-um-ano\/#primaryimage\",\"url\":\"https:\/\/www.pmpf.rs.gov.br\/secretaria-de-saude\/wp-content\/uploads\/sites\/50\/2022\/11\/WhatsApp-Image-2022-11-30-at-16.55.34.jpeg\",\"contentUrl\":\"https:\/\/www.pmpf.rs.gov.br\/secretaria-de-saude\/wp-content\/uploads\/sites\/50\/2022\/11\/WhatsApp-Image-2022-11-30-at-16.55.34.jpeg\",\"width\":1280,\"height\":853},{\"@type\":\"BreadcrumbList\",\"@id\":\"https:\/\/www.pmpf.rs.gov.br\/secretaria-de-saude\/2022\/11\/30\/programa-de-combate-ao-tabagismo-da-ubs-independente-completa-um-ano\/#breadcrumb\",\"itemListElement\":[{\"@type\":\"ListItem\",\"position\":1,\"name\":\"In\u00edcio\",\"item\":\"https:\/\/www.pmpf.rs.gov.br\/secretaria-de-saude\/\"},{\"@type\":\"ListItem\",\"position\":2,\"name\":\"Programa de Combate ao Tabagismo da UBS Independente completa um ano\"}]},{\"@type\":\"WebSite\",\"@id\":\"https:\/\/www.pmpf.rs.gov.br\/secretaria-de-saude\/#website\",\"url\":\"https:\/\/www.pmpf.rs.gov.br\/secretaria-de-saude\/\",\"name\":\"Secretaria de Sa\u00fade\",\"description\":\"S\u00f3 mais um site Prefeitura de Passo Fundo\",\"potentialAction\":[{\"@type\":\"SearchAction\",\"target\":{\"@type\":\"EntryPoint\",\"urlTemplate\":\"https:\/\/www.pmpf.rs.gov.br\/secretaria-de-saude\/?s={search_term_string}\"},\"query-input\":{\"@type\":\"PropertyValueSpecification\",\"valueRequired\":true,\"valueName\":\"search_term_string\"}}],\"inLanguage\":\"pt-BR\"},{\"@type\":\"Person\",\"@id\":\"https:\/\/www.pmpf.rs.gov.br\/secretaria-de-saude\/#\/schema\/person\/d5e03c9407acc37371a3fc616069ca6b\",\"name\":\"crispuhll\",\"image\":{\"@type\":\"ImageObject\",\"inLanguage\":\"pt-BR\",\"@id\":\"https:\/\/www.pmpf.rs.gov.br\/secretaria-de-saude\/#\/schema\/person\/image\/\",\"url\":\"https:\/\/secure.gravatar.com\/avatar\/345741ad9625b2854df5b938a77f8d85?s=96&d=mm&r=g\",\"contentUrl\":\"https:\/\/secure.gravatar.com\/avatar\/345741ad9625b2854df5b938a77f8d85?s=96&d=mm&r=g\",\"caption\":\"crispuhll\"},\"url\":\"https:\/\/www.pmpf.rs.gov.br\/secretaria-de-saude\/author\/crispuhll\/\"}]}<\/script>\n<!-- \/ Yoast SEO plugin. -->","yoast_head_json":{"title":"Programa de Combate ao Tabagismo da UBS Independente completa um ano - Secretaria de Sa\u00fade","robots":{"index":"index","follow":"follow","max-snippet":"max-snippet:-1","max-image-preview":"max-image-preview:large","max-video-preview":"max-video-preview:-1"},"canonical":"https:\/\/www.pmpf.rs.gov.br\/secretaria-de-saude\/2022\/11\/30\/programa-de-combate-ao-tabagismo-da-ubs-independente-completa-um-ano\/","og_locale":"pt_BR","og_type":"article","og_title":"Programa de Combate ao Tabagismo da UBS Independente completa um ano - Secretaria de Sa\u00fade","og_description":"A fim de otimizar os encontros, o grupo conta com cerca de 15 pessoas em cada ciclo. O tempo de acompanhamento, assim como preconizado pelo Minist\u00e9rio da Sa\u00fade, \u00e9 de 90 dias","og_url":"https:\/\/www.pmpf.rs.gov.br\/secretaria-de-saude\/2022\/11\/30\/programa-de-combate-ao-tabagismo-da-ubs-independente-completa-um-ano\/","og_site_name":"Secretaria de Sa\u00fade","article_published_time":"2022-11-30T19:56:57+00:00","author":"crispuhll","twitter_card":"summary_large_image","twitter_misc":{"Escrito por":"crispuhll","Est. tempo de leitura":"3 minutos"},"schema":{"@context":"https:\/\/schema.org","@graph":[{"@type":"WebPage","@id":"https:\/\/www.pmpf.rs.gov.br\/secretaria-de-saude\/2022\/11\/30\/programa-de-combate-ao-tabagismo-da-ubs-independente-completa-um-ano\/","url":"https:\/\/www.pmpf.rs.gov.br\/secretaria-de-saude\/2022\/11\/30\/programa-de-combate-ao-tabagismo-da-ubs-independente-completa-um-ano\/","name":"Programa de Combate ao Tabagismo da UBS Independente completa um ano - Secretaria de Sa\u00fade","isPartOf":{"@id":"https:\/\/www.pmpf.rs.gov.br\/secretaria-de-saude\/#website"},"primaryImageOfPage":{"@id":"https:\/\/www.pmpf.rs.gov.br\/secretaria-de-saude\/2022\/11\/30\/programa-de-combate-ao-tabagismo-da-ubs-independente-completa-um-ano\/#primaryimage"},"image":{"@id":"https:\/\/www.pmpf.rs.gov.br\/secretaria-de-saude\/2022\/11\/30\/programa-de-combate-ao-tabagismo-da-ubs-independente-completa-um-ano\/#primaryimage"},"thumbnailUrl":"https:\/\/www.pmpf.rs.gov.br\/secretaria-de-saude\/wp-content\/uploads\/sites\/50\/2022\/11\/WhatsApp-Image-2022-11-30-at-16.55.34.jpeg","datePublished":"2022-11-30T19:56:57+00:00","dateModified":"2022-11-30T19:56:57+00:00","author":{"@id":"https:\/\/www.pmpf.rs.gov.br\/secretaria-de-saude\/#\/schema\/person\/d5e03c9407acc37371a3fc616069ca6b"},"breadcrumb":{"@id":"https:\/\/www.pmpf.rs.gov.br\/secretaria-de-saude\/2022\/11\/30\/programa-de-combate-ao-tabagismo-da-ubs-independente-completa-um-ano\/#breadcrumb"},"inLanguage":"pt-BR","potentialAction":[{"@type":"ReadAction","target":["https:\/\/www.pmpf.rs.gov.br\/secretaria-de-saude\/2022\/11\/30\/programa-de-combate-ao-tabagismo-da-ubs-independente-completa-um-ano\/"]}]},{"@type":"ImageObject","inLanguage":"pt-BR","@id":"https:\/\/www.pmpf.rs.gov.br\/secretaria-de-saude\/2022\/11\/30\/programa-de-combate-ao-tabagismo-da-ubs-independente-completa-um-ano\/#primaryimage","url":"https:\/\/www.pmpf.rs.gov.br\/secretaria-de-saude\/wp-content\/uploads\/sites\/50\/2022\/11\/WhatsApp-Image-2022-11-30-at-16.55.34.jpeg","contentUrl":"https:\/\/www.pmpf.rs.gov.br\/secretaria-de-saude\/wp-content\/uploads\/sites\/50\/2022\/11\/WhatsApp-Image-2022-11-30-at-16.55.34.jpeg","width":1280,"height":853},{"@type":"BreadcrumbList","@id":"https:\/\/www.pmpf.rs.gov.br\/secretaria-de-saude\/2022\/11\/30\/programa-de-combate-ao-tabagismo-da-ubs-independente-completa-um-ano\/#breadcrumb","itemListElement":[{"@type":"ListItem","position":1,"name":"In\u00edcio","item":"https:\/\/www.pmpf.rs.gov.br\/secretaria-de-saude\/"},{"@type":"ListItem","position":2,"name":"Programa de Combate ao Tabagismo da UBS Independente completa um ano"}]},{"@type":"WebSite","@id":"https:\/\/www.pmpf.rs.gov.br\/secretaria-de-saude\/#website","url":"https:\/\/www.pmpf.rs.gov.br\/secretaria-de-saude\/","name":"Secretaria de Sa\u00fade","description":"S\u00f3 mais um site Prefeitura de Passo Fundo","potentialAction":[{"@type":"SearchAction","target":{"@type":"EntryPoint","urlTemplate":"https:\/\/www.pmpf.rs.gov.br\/secretaria-de-saude\/?s={search_term_string}"},"query-input":{"@type":"PropertyValueSpecification","valueRequired":true,"valueName":"search_term_string"}}],"inLanguage":"pt-BR"},{"@type":"Person","@id":"https:\/\/www.pmpf.rs.gov.br\/secretaria-de-saude\/#\/schema\/person\/d5e03c9407acc37371a3fc616069ca6b","name":"crispuhll","image":{"@type":"ImageObject","inLanguage":"pt-BR","@id":"https:\/\/www.pmpf.rs.gov.br\/secretaria-de-saude\/#\/schema\/person\/image\/","url":"https:\/\/secure.gravatar.com\/avatar\/345741ad9625b2854df5b938a77f8d85?s=96&d=mm&r=g","contentUrl":"https:\/\/secure.gravatar.com\/avatar\/345741ad9625b2854df5b938a77f8d85?s=96&d=mm&r=g","caption":"crispuhll"},"url":"https:\/\/www.pmpf.rs.gov.br\/secretaria-de-saude\/author\/crispuhll\/"}]}},"_links":{"self":[{"href":"https:\/\/www.pmpf.rs.gov.br\/secretaria-de-saude\/wp-json\/wp\/v2\/posts\/3393"}],"collection":[{"href":"https:\/\/www.pmpf.rs.gov.br\/secretaria-de-saude\/wp-json\/wp\/v2\/posts"}],"about":[{"href":"https:\/\/www.pmpf.rs.gov.br\/secretaria-de-saude\/wp-json\/wp\/v2\/types\/post"}],"author":[{"embeddable":true,"href":"https:\/\/www.pmpf.rs.gov.br\/secretaria-de-saude\/wp-json\/wp\/v2\/users\/14"}],"replies":[{"embeddable":true,"href":"https:\/\/www.pmpf.rs.gov.br\/secretaria-de-saude\/wp-json\/wp\/v2\/comments?post=3393"}],"version-history":[{"count":1,"href":"https:\/\/www.pmpf.rs.gov.br\/secretaria-de-saude\/wp-json\/wp\/v2\/posts\/3393\/revisions"}],"predecessor-version":[{"id":3395,"href":"https:\/\/www.pmpf.rs.gov.br\/secretaria-de-saude\/wp-json\/wp\/v2\/posts\/3393\/revisions\/3395"}],"wp:featuredmedia":[{"embeddable":true,"href":"https:\/\/www.pmpf.rs.gov.br\/secretaria-de-saude\/wp-json\/wp\/v2\/media\/3394"}],"wp:attachment":[{"href":"https:\/\/www.pmpf.rs.gov.br\/secretaria-de-saude\/wp-json\/wp\/v2\/media?parent=3393"}],"wp:term":[{"taxonomy":"category","embeddable":true,"href":"https:\/\/www.pmpf.rs.gov.br\/secretaria-de-saude\/wp-json\/wp\/v2\/categories?post=3393"},{"taxonomy":"post_tag","embeddable":true,"href":"https:\/\/www.pmpf.rs.gov.br\/secretaria-de-saude\/wp-json\/wp\/v2\/tags?post=3393"}],"curies":[{"name":"wp","href":"https:\/\/api.w.org\/{rel}","templated":true}]}}