{"id":3388,"date":"2022-11-24T09:22:27","date_gmt":"2022-11-24T12:22:27","guid":{"rendered":"https:\/\/www.pmpf.rs.gov.br\/secretaria-de-saude\/?p=3388"},"modified":"2022-11-24T09:22:29","modified_gmt":"2022-11-24T12:22:29","slug":"passo-fundo-fara-vacinacao-neste-sabado-26","status":"publish","type":"post","link":"https:\/\/www.pmpf.rs.gov.br\/secretaria-de-saude\/2022\/11\/24\/passo-fundo-fara-vacinacao-neste-sabado-26\/","title":{"rendered":"Passo Fundo far\u00e1 vacina\u00e7\u00e3o neste s\u00e1bado (26)"},"content":{"rendered":"\n<p><\/p>\n\n\n\n<p>Para estimular a vacina\u00e7\u00e3o, Passo Fundo far\u00e1 uma mobiliza\u00e7\u00e3o neste s\u00e1bado (26) com a disponibiliza\u00e7\u00e3o de todas as vacinas do calend\u00e1rio vacinal, incluindo a da Covid-19, em quatro pontos. Al\u00e9m do Bairro a Bairro, que vai acontecer ao lado da Unidade B\u00e1sica de Sa\u00fade (UBS) Vila Nova, Cais H\u00edpica, Cais Petr\u00f3polis e Central de Vacinas contar\u00e3o com a aplica\u00e7\u00e3o de doses.<\/p>\n\n\n\n<p>O objetivo, conforme a coordenadora de Vigil\u00e2ncia em Sa\u00fade, Marisa Zanatta, \u00e9 ampliar a cobertura contra diversas doen\u00e7as. \u201cN\u00f3s estamos chamando a popula\u00e7\u00e3o para que busque um destes locais e fa\u00e7a a checagem da carteirinha de vacina\u00e7\u00e3o, atualizando as doses que est\u00e3o em atraso\u201d, enfatizou.<\/p>\n\n\n\n<p>Os adolescentes t\u00eam um chamado especial para que compare\u00e7am e recebam as vacinas contra o HPV e a Meningo ACWY. Recentemente, o Minist\u00e9rio da Sa\u00fade alterou a faixa et\u00e1ria para essas duas vacinas: a vacina HPV passou a ter como p\u00fablico-alvo meninos e meninas de 9 a 14 anos; J\u00e1 a da Meningo ACWY, todos os adolescentes de 11 a 14 anos.<\/p>\n\n\n\n<p>Ainda de acordo com Marisa, \u00e9 fundamental que a carteirinha das crian\u00e7as e adolescentes esteja em dia para que eles obtenham das unidades de sa\u00fade um atestado de vacina\u00e7\u00e3o, que passar\u00e1 a ser exigido no momento de matr\u00edcula ou rematr\u00edcula nas escolas municipais, estaduais e particulares. \u201cAs crian\u00e7as e adolescentes que ainda n\u00e3o t\u00eam o atestado de vacina\u00e7\u00e3o podem aproveitar a oportunidade e ir at\u00e9 um dos pontos neste s\u00e1bado. Se tiverem uma vacina para fazer, j\u00e1 podem atualizar a carteirinha e receber o documento\u201d, afirmou.<\/p>\n\n\n\n<p>No Bairro a Bairro, a vacina\u00e7\u00e3o ser\u00e1 realizada das 9h \u00e0s 13h. No Cais Petr\u00f3polis, durante o hor\u00e1rio habitual de s\u00e1bado, das 8h \u00e0s 11h30. No Cais H\u00edpica e na Central de Vacinas, das 8h \u00e0s 14h. A aplica\u00e7\u00e3o de doses contra a Covid-19 para crian\u00e7as at\u00e9 12 anos permanecer\u00e1 exclusivamente na Central de Vacinas.<\/p>\n","protected":false},"excerpt":{"rendered":"<p>No Bairro a Bairro, Cais H\u00edpica, Cais Petr\u00f3polis e Central de Vacinas, ser\u00e3o disponibilizadas todas as vacinas do calend\u00e1rio nacional, incluindo a da Covid-19<\/p>\n","protected":false},"author":6,"featured_media":0,"comment_status":"closed","ping_status":"closed","sticky":true,"template":"","format":"standard","meta":{"footnotes":""},"categories":[15],"tags":[],"class_list":["post-3388","post","type-post","status-publish","format-standard","hentry","category-vacinacao-covid-19"],"yoast_head":"<!-- This site is optimized with the Yoast SEO plugin v23.8 - https:\/\/yoast.com\/wordpress\/plugins\/seo\/ -->\n<title>Passo Fundo far\u00e1 vacina\u00e7\u00e3o neste s\u00e1bado (26) - Secretaria de Sa\u00fade<\/title>\n<meta name=\"robots\" content=\"index, follow, max-snippet:-1, max-image-preview:large, max-video-preview:-1\" \/>\n<link rel=\"canonical\" href=\"https:\/\/www.pmpf.rs.gov.br\/secretaria-de-saude\/2022\/11\/24\/passo-fundo-fara-vacinacao-neste-sabado-26\/\" \/>\n<meta property=\"og:locale\" content=\"pt_BR\" \/>\n<meta property=\"og:type\" content=\"article\" \/>\n<meta property=\"og:title\" content=\"Passo Fundo far\u00e1 vacina\u00e7\u00e3o neste s\u00e1bado (26) - Secretaria de Sa\u00fade\" \/>\n<meta property=\"og:description\" content=\"No Bairro a Bairro, Cais H\u00edpica, Cais Petr\u00f3polis e Central de Vacinas, ser\u00e3o disponibilizadas todas as vacinas do calend\u00e1rio nacional, incluindo a da Covid-19\" \/>\n<meta property=\"og:url\" content=\"https:\/\/www.pmpf.rs.gov.br\/secretaria-de-saude\/2022\/11\/24\/passo-fundo-fara-vacinacao-neste-sabado-26\/\" \/>\n<meta property=\"og:site_name\" content=\"Secretaria de Sa\u00fade\" \/>\n<meta property=\"article:published_time\" content=\"2022-11-24T12:22:27+00:00\" \/>\n<meta property=\"article:modified_time\" content=\"2022-11-24T12:22:29+00:00\" \/>\n<meta name=\"author\" content=\"andressazorzetto07\" \/>\n<meta name=\"twitter:card\" content=\"summary_large_image\" \/>\n<meta name=\"twitter:label1\" content=\"Escrito por\" \/>\n\t<meta name=\"twitter:data1\" content=\"andressazorzetto07\" \/>\n\t<meta name=\"twitter:label2\" content=\"Est. tempo de leitura\" \/>\n\t<meta name=\"twitter:data2\" content=\"2 minutos\" \/>\n<script type=\"application\/ld+json\" class=\"yoast-schema-graph\">{\"@context\":\"https:\/\/schema.org\",\"@graph\":[{\"@type\":\"WebPage\",\"@id\":\"https:\/\/www.pmpf.rs.gov.br\/secretaria-de-saude\/2022\/11\/24\/passo-fundo-fara-vacinacao-neste-sabado-26\/\",\"url\":\"https:\/\/www.pmpf.rs.gov.br\/secretaria-de-saude\/2022\/11\/24\/passo-fundo-fara-vacinacao-neste-sabado-26\/\",\"name\":\"Passo Fundo far\u00e1 vacina\u00e7\u00e3o neste s\u00e1bado (26) - Secretaria de Sa\u00fade\",\"isPartOf\":{\"@id\":\"https:\/\/www.pmpf.rs.gov.br\/secretaria-de-saude\/#website\"},\"datePublished\":\"2022-11-24T12:22:27+00:00\",\"dateModified\":\"2022-11-24T12:22:29+00:00\",\"author\":{\"@id\":\"https:\/\/www.pmpf.rs.gov.br\/secretaria-de-saude\/#\/schema\/person\/30ee1d1bd74da1469b01fcf086e43351\"},\"breadcrumb\":{\"@id\":\"https:\/\/www.pmpf.rs.gov.br\/secretaria-de-saude\/2022\/11\/24\/passo-fundo-fara-vacinacao-neste-sabado-26\/#breadcrumb\"},\"inLanguage\":\"pt-BR\",\"potentialAction\":[{\"@type\":\"ReadAction\",\"target\":[\"https:\/\/www.pmpf.rs.gov.br\/secretaria-de-saude\/2022\/11\/24\/passo-fundo-fara-vacinacao-neste-sabado-26\/\"]}]},{\"@type\":\"BreadcrumbList\",\"@id\":\"https:\/\/www.pmpf.rs.gov.br\/secretaria-de-saude\/2022\/11\/24\/passo-fundo-fara-vacinacao-neste-sabado-26\/#breadcrumb\",\"itemListElement\":[{\"@type\":\"ListItem\",\"position\":1,\"name\":\"In\u00edcio\",\"item\":\"https:\/\/www.pmpf.rs.gov.br\/secretaria-de-saude\/\"},{\"@type\":\"ListItem\",\"position\":2,\"name\":\"Passo Fundo far\u00e1 vacina\u00e7\u00e3o neste s\u00e1bado (26)\"}]},{\"@type\":\"WebSite\",\"@id\":\"https:\/\/www.pmpf.rs.gov.br\/secretaria-de-saude\/#website\",\"url\":\"https:\/\/www.pmpf.rs.gov.br\/secretaria-de-saude\/\",\"name\":\"Secretaria de Sa\u00fade\",\"description\":\"S\u00f3 mais um site Prefeitura de Passo Fundo\",\"potentialAction\":[{\"@type\":\"SearchAction\",\"target\":{\"@type\":\"EntryPoint\",\"urlTemplate\":\"https:\/\/www.pmpf.rs.gov.br\/secretaria-de-saude\/?s={search_term_string}\"},\"query-input\":{\"@type\":\"PropertyValueSpecification\",\"valueRequired\":true,\"valueName\":\"search_term_string\"}}],\"inLanguage\":\"pt-BR\"},{\"@type\":\"Person\",\"@id\":\"https:\/\/www.pmpf.rs.gov.br\/secretaria-de-saude\/#\/schema\/person\/30ee1d1bd74da1469b01fcf086e43351\",\"name\":\"andressazorzetto07\",\"image\":{\"@type\":\"ImageObject\",\"inLanguage\":\"pt-BR\",\"@id\":\"https:\/\/www.pmpf.rs.gov.br\/secretaria-de-saude\/#\/schema\/person\/image\/\",\"url\":\"https:\/\/secure.gravatar.com\/avatar\/14c5458ed79dc81da99a13b9ff5f9f19?s=96&d=mm&r=g\",\"contentUrl\":\"https:\/\/secure.gravatar.com\/avatar\/14c5458ed79dc81da99a13b9ff5f9f19?s=96&d=mm&r=g\",\"caption\":\"andressazorzetto07\"},\"url\":\"https:\/\/www.pmpf.rs.gov.br\/secretaria-de-saude\/author\/andressazorzetto07\/\"}]}<\/script>\n<!-- \/ Yoast SEO plugin. -->","yoast_head_json":{"title":"Passo Fundo far\u00e1 vacina\u00e7\u00e3o neste s\u00e1bado (26) - Secretaria de Sa\u00fade","robots":{"index":"index","follow":"follow","max-snippet":"max-snippet:-1","max-image-preview":"max-image-preview:large","max-video-preview":"max-video-preview:-1"},"canonical":"https:\/\/www.pmpf.rs.gov.br\/secretaria-de-saude\/2022\/11\/24\/passo-fundo-fara-vacinacao-neste-sabado-26\/","og_locale":"pt_BR","og_type":"article","og_title":"Passo Fundo far\u00e1 vacina\u00e7\u00e3o neste s\u00e1bado (26) - Secretaria de Sa\u00fade","og_description":"No Bairro a Bairro, Cais H\u00edpica, Cais Petr\u00f3polis e Central de Vacinas, ser\u00e3o disponibilizadas todas as vacinas do calend\u00e1rio nacional, incluindo a da Covid-19","og_url":"https:\/\/www.pmpf.rs.gov.br\/secretaria-de-saude\/2022\/11\/24\/passo-fundo-fara-vacinacao-neste-sabado-26\/","og_site_name":"Secretaria de Sa\u00fade","article_published_time":"2022-11-24T12:22:27+00:00","article_modified_time":"2022-11-24T12:22:29+00:00","author":"andressazorzetto07","twitter_card":"summary_large_image","twitter_misc":{"Escrito por":"andressazorzetto07","Est. tempo de leitura":"2 minutos"},"schema":{"@context":"https:\/\/schema.org","@graph":[{"@type":"WebPage","@id":"https:\/\/www.pmpf.rs.gov.br\/secretaria-de-saude\/2022\/11\/24\/passo-fundo-fara-vacinacao-neste-sabado-26\/","url":"https:\/\/www.pmpf.rs.gov.br\/secretaria-de-saude\/2022\/11\/24\/passo-fundo-fara-vacinacao-neste-sabado-26\/","name":"Passo Fundo far\u00e1 vacina\u00e7\u00e3o neste s\u00e1bado (26) - Secretaria de Sa\u00fade","isPartOf":{"@id":"https:\/\/www.pmpf.rs.gov.br\/secretaria-de-saude\/#website"},"datePublished":"2022-11-24T12:22:27+00:00","dateModified":"2022-11-24T12:22:29+00:00","author":{"@id":"https:\/\/www.pmpf.rs.gov.br\/secretaria-de-saude\/#\/schema\/person\/30ee1d1bd74da1469b01fcf086e43351"},"breadcrumb":{"@id":"https:\/\/www.pmpf.rs.gov.br\/secretaria-de-saude\/2022\/11\/24\/passo-fundo-fara-vacinacao-neste-sabado-26\/#breadcrumb"},"inLanguage":"pt-BR","potentialAction":[{"@type":"ReadAction","target":["https:\/\/www.pmpf.rs.gov.br\/secretaria-de-saude\/2022\/11\/24\/passo-fundo-fara-vacinacao-neste-sabado-26\/"]}]},{"@type":"BreadcrumbList","@id":"https:\/\/www.pmpf.rs.gov.br\/secretaria-de-saude\/2022\/11\/24\/passo-fundo-fara-vacinacao-neste-sabado-26\/#breadcrumb","itemListElement":[{"@type":"ListItem","position":1,"name":"In\u00edcio","item":"https:\/\/www.pmpf.rs.gov.br\/secretaria-de-saude\/"},{"@type":"ListItem","position":2,"name":"Passo Fundo far\u00e1 vacina\u00e7\u00e3o neste s\u00e1bado (26)"}]},{"@type":"WebSite","@id":"https:\/\/www.pmpf.rs.gov.br\/secretaria-de-saude\/#website","url":"https:\/\/www.pmpf.rs.gov.br\/secretaria-de-saude\/","name":"Secretaria de Sa\u00fade","description":"S\u00f3 mais um site Prefeitura de Passo Fundo","potentialAction":[{"@type":"SearchAction","target":{"@type":"EntryPoint","urlTemplate":"https:\/\/www.pmpf.rs.gov.br\/secretaria-de-saude\/?s={search_term_string}"},"query-input":{"@type":"PropertyValueSpecification","valueRequired":true,"valueName":"search_term_string"}}],"inLanguage":"pt-BR"},{"@type":"Person","@id":"https:\/\/www.pmpf.rs.gov.br\/secretaria-de-saude\/#\/schema\/person\/30ee1d1bd74da1469b01fcf086e43351","name":"andressazorzetto07","image":{"@type":"ImageObject","inLanguage":"pt-BR","@id":"https:\/\/www.pmpf.rs.gov.br\/secretaria-de-saude\/#\/schema\/person\/image\/","url":"https:\/\/secure.gravatar.com\/avatar\/14c5458ed79dc81da99a13b9ff5f9f19?s=96&d=mm&r=g","contentUrl":"https:\/\/secure.gravatar.com\/avatar\/14c5458ed79dc81da99a13b9ff5f9f19?s=96&d=mm&r=g","caption":"andressazorzetto07"},"url":"https:\/\/www.pmpf.rs.gov.br\/secretaria-de-saude\/author\/andressazorzetto07\/"}]}},"_links":{"self":[{"href":"https:\/\/www.pmpf.rs.gov.br\/secretaria-de-saude\/wp-json\/wp\/v2\/posts\/3388"}],"collection":[{"href":"https:\/\/www.pmpf.rs.gov.br\/secretaria-de-saude\/wp-json\/wp\/v2\/posts"}],"about":[{"href":"https:\/\/www.pmpf.rs.gov.br\/secretaria-de-saude\/wp-json\/wp\/v2\/types\/post"}],"author":[{"embeddable":true,"href":"https:\/\/www.pmpf.rs.gov.br\/secretaria-de-saude\/wp-json\/wp\/v2\/users\/6"}],"replies":[{"embeddable":true,"href":"https:\/\/www.pmpf.rs.gov.br\/secretaria-de-saude\/wp-json\/wp\/v2\/comments?post=3388"}],"version-history":[{"count":1,"href":"https:\/\/www.pmpf.rs.gov.br\/secretaria-de-saude\/wp-json\/wp\/v2\/posts\/3388\/revisions"}],"predecessor-version":[{"id":3389,"href":"https:\/\/www.pmpf.rs.gov.br\/secretaria-de-saude\/wp-json\/wp\/v2\/posts\/3388\/revisions\/3389"}],"wp:attachment":[{"href":"https:\/\/www.pmpf.rs.gov.br\/secretaria-de-saude\/wp-json\/wp\/v2\/media?parent=3388"}],"wp:term":[{"taxonomy":"category","embeddable":true,"href":"https:\/\/www.pmpf.rs.gov.br\/secretaria-de-saude\/wp-json\/wp\/v2\/categories?post=3388"},{"taxonomy":"post_tag","embeddable":true,"href":"https:\/\/www.pmpf.rs.gov.br\/secretaria-de-saude\/wp-json\/wp\/v2\/tags?post=3388"}],"curies":[{"name":"wp","href":"https:\/\/api.w.org\/{rel}","templated":true}]}}