{"id":3382,"date":"2022-11-14T14:37:06","date_gmt":"2022-11-14T17:37:06","guid":{"rendered":"https:\/\/www.pmpf.rs.gov.br\/secretaria-de-saude\/?p=3382"},"modified":"2022-11-14T14:37:07","modified_gmt":"2022-11-14T17:37:07","slug":"passo-fundo-iniciara-a-vacinacao-de-criancas-a-partir-dos-seis-meses-contra-a-covid-19","status":"publish","type":"post","link":"https:\/\/www.pmpf.rs.gov.br\/secretaria-de-saude\/2022\/11\/14\/passo-fundo-iniciara-a-vacinacao-de-criancas-a-partir-dos-seis-meses-contra-a-covid-19\/","title":{"rendered":"Passo Fundo iniciar\u00e1 a vacina\u00e7\u00e3o de crian\u00e7as a partir dos seis meses contra a Covid-19"},"content":{"rendered":"\n<p><\/p>\n\n\n\n<p><\/p>\n\n\n\n<p>Com a confirma\u00e7\u00e3o de chegada de 300 doses da vacina Pfizer pedi\u00e1trica, Passo Fundo iniciar\u00e1 nesta semana a imuniza\u00e7\u00e3o das crian\u00e7as de seis meses a tr\u00eas anos incompletos contra a Covid-19. Devido ao quantitativo, as aplica\u00e7\u00f5es ser\u00e3o direcionadas, inicialmente, ao grupo desta faixa et\u00e1ria que possui comorbidades, seguindo recomenda\u00e7\u00e3o do Minist\u00e9rio da Sa\u00fade.<\/p>\n\n\n\n<p>As aplica\u00e7\u00f5es ser\u00e3o realizadas na quinta (17) e sexta-feira (18), na Central de Vacinas, das 8h \u00e0s 16h, sem intervalo ao meio-dia. Os pais ou respons\u00e1veis dever\u00e3o procurar a unidade portando os documentos pessoais e um atestado que comprove a comorbidade, como declara\u00e7\u00e3o, prescri\u00e7\u00e3o m\u00e9dica ou relat\u00f3rio m\u00e9dico com descritivo ou CID da doen\u00e7a.<\/p>\n\n\n\n<p>De acordo com a coordenadora de Vigil\u00e2ncia em Sa\u00fade, Marisa Zanatta, a amplia\u00e7\u00e3o da vacina\u00e7\u00e3o para todas as crian\u00e7as dos seis meses aos tr\u00eas anos incompletos depender\u00e1 de como ser\u00e1 a procura e do encaminhamento de mais doses. \u201cTemos uma popula\u00e7\u00e3o de 8,2 mil crian\u00e7as nesta faixa et\u00e1ria. Aguardaremos o andamento do processo para informar a comunidade\u201d, destaca.<\/p>\n\n\n\n<p><strong>Comorbidades definidas pelo Minist\u00e9rio da Sa\u00fade<\/strong><\/p>\n\n\n\n<p>Diabetes mellitus<\/p>\n\n\n\n<p>Pneumopatias cr\u00f4nicas graves<\/p>\n\n\n\n<p>Hipertens\u00e3o Arterial Resistente (HAR)<\/p>\n\n\n\n<p>Hipertens\u00e3o arterial est\u00e1gio 3<\/p>\n\n\n\n<p>Hipertens\u00e3o arterial est\u00e1gios 1 e 2 com les\u00e3o em \u00f3rg\u00e3o-alvo<\/p>\n\n\n\n<p>Doen\u00e7as cardiovasculares<\/p>\n\n\n\n<p>Insufici\u00eancia card\u00edaca (IC)<\/p>\n\n\n\n<p>Cor-pulmonale e Hipertens\u00e3o pulmonar<\/p>\n\n\n\n<p>Cardiopatia hipertensiva<\/p>\n\n\n\n<p>S\u00edndromes coronarianas<\/p>\n\n\n\n<p>Valvopatias<\/p>\n\n\n\n<p>Miocardiopatias e Pericardiopatias<\/p>\n\n\n\n<p>Doen\u00e7as da Aorta, dos Grandes Vasos e F\u00edstulas arteriovenosas<\/p>\n\n\n\n<p>Arritmias card\u00edacas<\/p>\n\n\n\n<p>Cardiopatias cong\u00eanita<\/p>\n\n\n\n<p>Pr\u00f3teses valvares e Dispositivos card\u00edacos implantados<\/p>\n\n\n\n<p>Doen\u00e7as neurol\u00f3gicas cr\u00f4nicas<\/p>\n\n\n\n<p>Doen\u00e7a cerebrovascular<\/p>\n\n\n\n<p>Doen\u00e7a renal cr\u00f4nica<\/p>\n\n\n\n<p>Imunocomprometidos<\/p>\n\n\n\n<p>Hemoglobinopatias graves<\/p>\n\n\n\n<p>Doen\u00e7a falciforme e talassemia maior<\/p>\n\n\n\n<p>Obesidade m\u00f3rbida<\/p>\n\n\n\n<p>S\u00edndrome de Down<\/p>\n\n\n\n<p>Cirrose hep\u00e1tica<\/p>\n\n\n\n<p><\/p>\n\n\n\n<p><strong>Como fica a vacina\u00e7\u00e3o<\/strong><\/p>\n\n\n\n<p>&#8211; 1\u00aa dose para pessoas acima de 12 anos, gestantes e pu\u00e9rperas<br>&#8211; 2\u00aa dose de Coronavac para todas as pessoas que precisam completar o esquema vacinal (intervalo \u00e9 de 28 dias)<br>&#8211; 2\u00aa dose de Pfizer para as pessoas com 18 anos ou mais que precisam completar o esquema vacinal (intervalo \u00e9 de oito semanas)<br>&#8211; 2\u00aa dose de Pfizer para adolescentes que precisam completar o esquema vacinal (intervalo \u00e9 de oito semanas)<br>&#8211; 2\u00aa dose de AstraZeneca para todas as pessoas que precisam completar o esquema vacinal (intervalo \u00e9 de oito semanas)<br>&#8211; 3\u00aa dose (refor\u00e7o) para todas as pessoas acima de 12 anos que receberam a segunda dose h\u00e1, no m\u00ednimo, quatro meses<br>&#8211; 2\u00aa dose de refor\u00e7o para pessoas com 18 anos ou mais que fizeram o primeiro refor\u00e7o h\u00e1 quatro meses ou mais<\/p>\n\n\n\n<p>Cais S\u00e3o Crist\u00f3v\u00e3o, Cais Petr\u00f3polis, Cais Vila Lu\u00edza, Cais H\u00edpica, Cais Boqueir\u00e3o, Ambulat\u00f3rio de Especialidades, ESF Nen\u00ea Graeff, ESF Zachia, Ambulat\u00f3rio S\u00e3o Jos\u00e9, ESF Don\u00e1ria\/Santa Marta, ESF S\u00e3o Luiz Gonzaga, ESF Adirbal Corralo, ESF Planaltina, ESF S\u00e3o Crist\u00f3v\u00e3o, ESF Adolfo Groth, ESF Jaboticabal, UBS Vila Nova, UBS Parque Farroupilha e Central de Vacinas.<\/p>\n\n\n\n<p>ESF, UBS e ambulat\u00f3rios: de segunda a sexta-feira, das 8h \u00e0s 11h30 e das 13h \u00e0s 16h30<br>Cais e Central de Vacinas: de segunda a sexta-feira, das 8h \u00e0s 18h<br>Cais Petr\u00f3polis: de segunda a sexta-feira, das 8h \u00e0s 21h30<\/p>\n\n\n\n<p><\/p>\n\n\n\n<p><strong>Exclusivo para quem fez a vacina Janssen<br>&#8211;<\/strong> Refor\u00e7o para todas as pessoas com 18 anos ou mais que fizeram a vacina Janssen no esquema prim\u00e1rio (dose \u00fanica) h\u00e1, no m\u00ednimo, dois meses<br>&#8211; 2\u00aa dose de refor\u00e7o para pessoas com 18 anos a 39 anos (n\u00e3o gestantes e pu\u00e9rperas) que fizeram a vacina Janssen no esquema prim\u00e1rio (dose \u00fanica), independente do imunizante utilizado no primeiro refor\u00e7o<br>&#8211; 3\u00aa dose de refor\u00e7o para pessoas com 18 anos ou mais (n\u00e3o gestantes e pu\u00e9rperas) que fizeram a vacina Janssen no esquema prim\u00e1rio (dose \u00fanica), independente do imunizante utilizado nos refor\u00e7os anteriores.<br><\/p>\n\n\n\n<p>Cais S\u00e3o Crist\u00f3v\u00e3o, Cais Petr\u00f3polis, Cais Vila Lu\u00edza, Cais H\u00edpica, Cais Boqueir\u00e3o, Ambulat\u00f3rio de Especialidades, ESF Nen\u00ea Graeff, ESF Zachia, Ambulat\u00f3rio S\u00e3o Jos\u00e9, ESF Don\u00e1ria\/Santa Marta, ESF S\u00e3o Luiz Gonzaga, ESF Adirbal Corralo, ESF Planaltina, ESF S\u00e3o Crist\u00f3v\u00e3o, ESF Adolfo Groth, ESF Jaboticabal, UBS Vila Nova, UBS Parque Farroupilha e Central de Vacinas.<\/p>\n\n\n\n<p>ESF, UBS e ambulat\u00f3rios: de segunda a sexta-feira, das 8h \u00e0s 11h30 e das 13h \u00e0s 16h30<br>Cais e Central de Vacinas: de segunda a sexta-feira, das 8h \u00e0s 18h<br>Cais Petr\u00f3polis: de segunda a sexta-feira, das 8h \u00e0s 21h30<\/p>\n\n\n\n<p><\/p>\n\n\n\n<p><strong>Na Central de Vacinas<br>&#8211;<\/strong> Dose adicional para adolescentes de 12 a 17 anos imunocomprometidos (intervalo m\u00ednimo de oito semanas da segunda dose)<br>&#8211; 3\u00aa dose para imunossuprimidos<\/p>\n\n\n\n<p>&#8211; 1\u00aa dose para crian\u00e7as de 3 a 11 anos<br>&#8211; 2\u00aa dose de Pfizer para todas as crian\u00e7as que precisam completar o esquema vacinal (intervalo \u00e9 de oito semanas)<br>&#8211; 2\u00aa dose de Coronavac para todas as crian\u00e7as que precisam completar o esquema vacinal (intervalo \u00e9 de quatro semanas)<\/p>\n\n\n\n<p>&#8211; 1\u00aa dose para crian\u00e7as de 6 meses a 3 anos incompletos (2 anos, 11 meses e 29 dias) com comorbidades<\/p>\n\n\n\n<p>Hor\u00e1rio: de segunda a sexta-feira, das 8h \u00e0s 16h<\/p>\n","protected":false},"excerpt":{"rendered":"<p>Devido ao quantitativo de doses esperado pelo munic\u00edpio, a vacina\u00e7\u00e3o das crian\u00e7as de seis meses a tr\u00eas anos incompletos iniciar\u00e1 nesta semana pelas que possuem alguma comorbidade<\/p>\n","protected":false},"author":6,"featured_media":0,"comment_status":"closed","ping_status":"closed","sticky":false,"template":"","format":"standard","meta":{"footnotes":""},"categories":[15],"tags":[],"class_list":["post-3382","post","type-post","status-publish","format-standard","hentry","category-vacinacao-covid-19"],"yoast_head":"<!-- This site is optimized with the Yoast SEO plugin v23.8 - https:\/\/yoast.com\/wordpress\/plugins\/seo\/ -->\n<title>Passo Fundo iniciar\u00e1 a vacina\u00e7\u00e3o de crian\u00e7as a partir dos seis meses contra a Covid-19 - Secretaria de Sa\u00fade<\/title>\n<meta name=\"robots\" content=\"index, follow, max-snippet:-1, max-image-preview:large, max-video-preview:-1\" \/>\n<link rel=\"canonical\" href=\"https:\/\/www.pmpf.rs.gov.br\/secretaria-de-saude\/2022\/11\/14\/passo-fundo-iniciara-a-vacinacao-de-criancas-a-partir-dos-seis-meses-contra-a-covid-19\/\" \/>\n<meta property=\"og:locale\" content=\"pt_BR\" \/>\n<meta property=\"og:type\" content=\"article\" \/>\n<meta property=\"og:title\" content=\"Passo Fundo iniciar\u00e1 a vacina\u00e7\u00e3o de crian\u00e7as a partir dos seis meses contra a Covid-19 - Secretaria de Sa\u00fade\" \/>\n<meta property=\"og:description\" content=\"Devido ao quantitativo de doses esperado pelo munic\u00edpio, a vacina\u00e7\u00e3o das crian\u00e7as de seis meses a tr\u00eas anos incompletos iniciar\u00e1 nesta semana pelas que possuem alguma comorbidade\" \/>\n<meta property=\"og:url\" content=\"https:\/\/www.pmpf.rs.gov.br\/secretaria-de-saude\/2022\/11\/14\/passo-fundo-iniciara-a-vacinacao-de-criancas-a-partir-dos-seis-meses-contra-a-covid-19\/\" \/>\n<meta property=\"og:site_name\" content=\"Secretaria de Sa\u00fade\" \/>\n<meta property=\"article:published_time\" content=\"2022-11-14T17:37:06+00:00\" \/>\n<meta property=\"article:modified_time\" content=\"2022-11-14T17:37:07+00:00\" \/>\n<meta name=\"author\" content=\"andressazorzetto07\" \/>\n<meta name=\"twitter:card\" content=\"summary_large_image\" \/>\n<meta name=\"twitter:label1\" content=\"Escrito por\" \/>\n\t<meta name=\"twitter:data1\" content=\"andressazorzetto07\" \/>\n\t<meta name=\"twitter:label2\" content=\"Est. tempo de leitura\" \/>\n\t<meta name=\"twitter:data2\" content=\"4 minutos\" \/>\n<script type=\"application\/ld+json\" class=\"yoast-schema-graph\">{\"@context\":\"https:\/\/schema.org\",\"@graph\":[{\"@type\":\"WebPage\",\"@id\":\"https:\/\/www.pmpf.rs.gov.br\/secretaria-de-saude\/2022\/11\/14\/passo-fundo-iniciara-a-vacinacao-de-criancas-a-partir-dos-seis-meses-contra-a-covid-19\/\",\"url\":\"https:\/\/www.pmpf.rs.gov.br\/secretaria-de-saude\/2022\/11\/14\/passo-fundo-iniciara-a-vacinacao-de-criancas-a-partir-dos-seis-meses-contra-a-covid-19\/\",\"name\":\"Passo Fundo iniciar\u00e1 a vacina\u00e7\u00e3o de crian\u00e7as a partir dos seis meses contra a Covid-19 - Secretaria de Sa\u00fade\",\"isPartOf\":{\"@id\":\"https:\/\/www.pmpf.rs.gov.br\/secretaria-de-saude\/#website\"},\"datePublished\":\"2022-11-14T17:37:06+00:00\",\"dateModified\":\"2022-11-14T17:37:07+00:00\",\"author\":{\"@id\":\"https:\/\/www.pmpf.rs.gov.br\/secretaria-de-saude\/#\/schema\/person\/30ee1d1bd74da1469b01fcf086e43351\"},\"breadcrumb\":{\"@id\":\"https:\/\/www.pmpf.rs.gov.br\/secretaria-de-saude\/2022\/11\/14\/passo-fundo-iniciara-a-vacinacao-de-criancas-a-partir-dos-seis-meses-contra-a-covid-19\/#breadcrumb\"},\"inLanguage\":\"pt-BR\",\"potentialAction\":[{\"@type\":\"ReadAction\",\"target\":[\"https:\/\/www.pmpf.rs.gov.br\/secretaria-de-saude\/2022\/11\/14\/passo-fundo-iniciara-a-vacinacao-de-criancas-a-partir-dos-seis-meses-contra-a-covid-19\/\"]}]},{\"@type\":\"BreadcrumbList\",\"@id\":\"https:\/\/www.pmpf.rs.gov.br\/secretaria-de-saude\/2022\/11\/14\/passo-fundo-iniciara-a-vacinacao-de-criancas-a-partir-dos-seis-meses-contra-a-covid-19\/#breadcrumb\",\"itemListElement\":[{\"@type\":\"ListItem\",\"position\":1,\"name\":\"In\u00edcio\",\"item\":\"https:\/\/www.pmpf.rs.gov.br\/secretaria-de-saude\/\"},{\"@type\":\"ListItem\",\"position\":2,\"name\":\"Passo Fundo iniciar\u00e1 a vacina\u00e7\u00e3o de crian\u00e7as a partir dos seis meses contra a Covid-19\"}]},{\"@type\":\"WebSite\",\"@id\":\"https:\/\/www.pmpf.rs.gov.br\/secretaria-de-saude\/#website\",\"url\":\"https:\/\/www.pmpf.rs.gov.br\/secretaria-de-saude\/\",\"name\":\"Secretaria de Sa\u00fade\",\"description\":\"S\u00f3 mais um site Prefeitura de Passo Fundo\",\"potentialAction\":[{\"@type\":\"SearchAction\",\"target\":{\"@type\":\"EntryPoint\",\"urlTemplate\":\"https:\/\/www.pmpf.rs.gov.br\/secretaria-de-saude\/?s={search_term_string}\"},\"query-input\":{\"@type\":\"PropertyValueSpecification\",\"valueRequired\":true,\"valueName\":\"search_term_string\"}}],\"inLanguage\":\"pt-BR\"},{\"@type\":\"Person\",\"@id\":\"https:\/\/www.pmpf.rs.gov.br\/secretaria-de-saude\/#\/schema\/person\/30ee1d1bd74da1469b01fcf086e43351\",\"name\":\"andressazorzetto07\",\"image\":{\"@type\":\"ImageObject\",\"inLanguage\":\"pt-BR\",\"@id\":\"https:\/\/www.pmpf.rs.gov.br\/secretaria-de-saude\/#\/schema\/person\/image\/\",\"url\":\"https:\/\/secure.gravatar.com\/avatar\/14c5458ed79dc81da99a13b9ff5f9f19?s=96&d=mm&r=g\",\"contentUrl\":\"https:\/\/secure.gravatar.com\/avatar\/14c5458ed79dc81da99a13b9ff5f9f19?s=96&d=mm&r=g\",\"caption\":\"andressazorzetto07\"},\"url\":\"https:\/\/www.pmpf.rs.gov.br\/secretaria-de-saude\/author\/andressazorzetto07\/\"}]}<\/script>\n<!-- \/ Yoast SEO plugin. -->","yoast_head_json":{"title":"Passo Fundo iniciar\u00e1 a vacina\u00e7\u00e3o de crian\u00e7as a partir dos seis meses contra a Covid-19 - Secretaria de Sa\u00fade","robots":{"index":"index","follow":"follow","max-snippet":"max-snippet:-1","max-image-preview":"max-image-preview:large","max-video-preview":"max-video-preview:-1"},"canonical":"https:\/\/www.pmpf.rs.gov.br\/secretaria-de-saude\/2022\/11\/14\/passo-fundo-iniciara-a-vacinacao-de-criancas-a-partir-dos-seis-meses-contra-a-covid-19\/","og_locale":"pt_BR","og_type":"article","og_title":"Passo Fundo iniciar\u00e1 a vacina\u00e7\u00e3o de crian\u00e7as a partir dos seis meses contra a Covid-19 - Secretaria de Sa\u00fade","og_description":"Devido ao quantitativo de doses esperado pelo munic\u00edpio, a vacina\u00e7\u00e3o das crian\u00e7as de seis meses a tr\u00eas anos incompletos iniciar\u00e1 nesta semana pelas que possuem alguma comorbidade","og_url":"https:\/\/www.pmpf.rs.gov.br\/secretaria-de-saude\/2022\/11\/14\/passo-fundo-iniciara-a-vacinacao-de-criancas-a-partir-dos-seis-meses-contra-a-covid-19\/","og_site_name":"Secretaria de Sa\u00fade","article_published_time":"2022-11-14T17:37:06+00:00","article_modified_time":"2022-11-14T17:37:07+00:00","author":"andressazorzetto07","twitter_card":"summary_large_image","twitter_misc":{"Escrito por":"andressazorzetto07","Est. tempo de leitura":"4 minutos"},"schema":{"@context":"https:\/\/schema.org","@graph":[{"@type":"WebPage","@id":"https:\/\/www.pmpf.rs.gov.br\/secretaria-de-saude\/2022\/11\/14\/passo-fundo-iniciara-a-vacinacao-de-criancas-a-partir-dos-seis-meses-contra-a-covid-19\/","url":"https:\/\/www.pmpf.rs.gov.br\/secretaria-de-saude\/2022\/11\/14\/passo-fundo-iniciara-a-vacinacao-de-criancas-a-partir-dos-seis-meses-contra-a-covid-19\/","name":"Passo Fundo iniciar\u00e1 a vacina\u00e7\u00e3o de crian\u00e7as a partir dos seis meses contra a Covid-19 - Secretaria de Sa\u00fade","isPartOf":{"@id":"https:\/\/www.pmpf.rs.gov.br\/secretaria-de-saude\/#website"},"datePublished":"2022-11-14T17:37:06+00:00","dateModified":"2022-11-14T17:37:07+00:00","author":{"@id":"https:\/\/www.pmpf.rs.gov.br\/secretaria-de-saude\/#\/schema\/person\/30ee1d1bd74da1469b01fcf086e43351"},"breadcrumb":{"@id":"https:\/\/www.pmpf.rs.gov.br\/secretaria-de-saude\/2022\/11\/14\/passo-fundo-iniciara-a-vacinacao-de-criancas-a-partir-dos-seis-meses-contra-a-covid-19\/#breadcrumb"},"inLanguage":"pt-BR","potentialAction":[{"@type":"ReadAction","target":["https:\/\/www.pmpf.rs.gov.br\/secretaria-de-saude\/2022\/11\/14\/passo-fundo-iniciara-a-vacinacao-de-criancas-a-partir-dos-seis-meses-contra-a-covid-19\/"]}]},{"@type":"BreadcrumbList","@id":"https:\/\/www.pmpf.rs.gov.br\/secretaria-de-saude\/2022\/11\/14\/passo-fundo-iniciara-a-vacinacao-de-criancas-a-partir-dos-seis-meses-contra-a-covid-19\/#breadcrumb","itemListElement":[{"@type":"ListItem","position":1,"name":"In\u00edcio","item":"https:\/\/www.pmpf.rs.gov.br\/secretaria-de-saude\/"},{"@type":"ListItem","position":2,"name":"Passo Fundo iniciar\u00e1 a vacina\u00e7\u00e3o de crian\u00e7as a partir dos seis meses contra a Covid-19"}]},{"@type":"WebSite","@id":"https:\/\/www.pmpf.rs.gov.br\/secretaria-de-saude\/#website","url":"https:\/\/www.pmpf.rs.gov.br\/secretaria-de-saude\/","name":"Secretaria de Sa\u00fade","description":"S\u00f3 mais um site Prefeitura de Passo Fundo","potentialAction":[{"@type":"SearchAction","target":{"@type":"EntryPoint","urlTemplate":"https:\/\/www.pmpf.rs.gov.br\/secretaria-de-saude\/?s={search_term_string}"},"query-input":{"@type":"PropertyValueSpecification","valueRequired":true,"valueName":"search_term_string"}}],"inLanguage":"pt-BR"},{"@type":"Person","@id":"https:\/\/www.pmpf.rs.gov.br\/secretaria-de-saude\/#\/schema\/person\/30ee1d1bd74da1469b01fcf086e43351","name":"andressazorzetto07","image":{"@type":"ImageObject","inLanguage":"pt-BR","@id":"https:\/\/www.pmpf.rs.gov.br\/secretaria-de-saude\/#\/schema\/person\/image\/","url":"https:\/\/secure.gravatar.com\/avatar\/14c5458ed79dc81da99a13b9ff5f9f19?s=96&d=mm&r=g","contentUrl":"https:\/\/secure.gravatar.com\/avatar\/14c5458ed79dc81da99a13b9ff5f9f19?s=96&d=mm&r=g","caption":"andressazorzetto07"},"url":"https:\/\/www.pmpf.rs.gov.br\/secretaria-de-saude\/author\/andressazorzetto07\/"}]}},"_links":{"self":[{"href":"https:\/\/www.pmpf.rs.gov.br\/secretaria-de-saude\/wp-json\/wp\/v2\/posts\/3382"}],"collection":[{"href":"https:\/\/www.pmpf.rs.gov.br\/secretaria-de-saude\/wp-json\/wp\/v2\/posts"}],"about":[{"href":"https:\/\/www.pmpf.rs.gov.br\/secretaria-de-saude\/wp-json\/wp\/v2\/types\/post"}],"author":[{"embeddable":true,"href":"https:\/\/www.pmpf.rs.gov.br\/secretaria-de-saude\/wp-json\/wp\/v2\/users\/6"}],"replies":[{"embeddable":true,"href":"https:\/\/www.pmpf.rs.gov.br\/secretaria-de-saude\/wp-json\/wp\/v2\/comments?post=3382"}],"version-history":[{"count":1,"href":"https:\/\/www.pmpf.rs.gov.br\/secretaria-de-saude\/wp-json\/wp\/v2\/posts\/3382\/revisions"}],"predecessor-version":[{"id":3383,"href":"https:\/\/www.pmpf.rs.gov.br\/secretaria-de-saude\/wp-json\/wp\/v2\/posts\/3382\/revisions\/3383"}],"wp:attachment":[{"href":"https:\/\/www.pmpf.rs.gov.br\/secretaria-de-saude\/wp-json\/wp\/v2\/media?parent=3382"}],"wp:term":[{"taxonomy":"category","embeddable":true,"href":"https:\/\/www.pmpf.rs.gov.br\/secretaria-de-saude\/wp-json\/wp\/v2\/categories?post=3382"},{"taxonomy":"post_tag","embeddable":true,"href":"https:\/\/www.pmpf.rs.gov.br\/secretaria-de-saude\/wp-json\/wp\/v2\/tags?post=3382"}],"curies":[{"name":"wp","href":"https:\/\/api.w.org\/{rel}","templated":true}]}}