{"id":3360,"date":"2022-11-03T15:20:45","date_gmt":"2022-11-03T18:20:45","guid":{"rendered":"https:\/\/www.pmpf.rs.gov.br\/secretaria-de-saude\/?p=3360"},"modified":"2022-11-03T15:21:03","modified_gmt":"2022-11-03T18:21:03","slug":"prefeitura-apoiara-9a-edicao-do-acampamento-da-crianca-com-diabetes","status":"publish","type":"post","link":"https:\/\/www.pmpf.rs.gov.br\/secretaria-de-saude\/2022\/11\/03\/prefeitura-apoiara-9a-edicao-do-acampamento-da-crianca-com-diabetes\/","title":{"rendered":"Prefeitura apoiar\u00e1 9\u00aa edi\u00e7\u00e3o do Acampamento da Crian\u00e7a com Diabetes"},"content":{"rendered":"\n<p><br><br>Um espa\u00e7o para aprendizagem, conviv\u00eancia, forma\u00e7\u00e3o de v\u00ednculos e troca de experi\u00eancias sobre o manejo e o cuidado com o diabetes na inf\u00e2ncia e adolesc\u00eancia. A 9\u00aa edi\u00e7\u00e3o do Acampamento da Crian\u00e7a com Diabetes, que neste ano ocorre entre os dias 11 e 13 de novembro, no campus da Universidade de Passo Fundo (UPF), vai contar com o apoio log\u00edstico da Prefeitura de Passo Fundo. A confirma\u00e7\u00e3o da parceria entre o Munic\u00edpio e as entidades e institui\u00e7\u00f5es organizadoras do evento foi dada pelo prefeito, Pedro Almeida, durante reuni\u00e3o nesta ter\u00e7a-feira (01).<\/p>\n\n\n\n<p>De acordo com Pedro, a Administra\u00e7\u00e3o Municipal est\u00e1 trabalhando em diferentes frentes para garantir a realiza\u00e7\u00e3o de projetos e programas que priorizem e beneficiem a sa\u00fade e a educa\u00e7\u00e3o das crian\u00e7as e adolescentes. \u201cNossos programas educacionais est\u00e3o servindo de exemplo para outros munic\u00edpios. Estruturamos o Centro P\u00f3s-Covid de Combate \u00e0 Desigualdade Educacional e interligamos a\u00e7\u00f5es de sa\u00fade e educa\u00e7\u00e3o, assegurando mais qualidade de vida para nossos alunos da rede municipal de ensino. Tamb\u00e9m estamos ampliando o n\u00famero de m\u00e9dicos pediatras e, em breve, vamos entregar para a comunidade o Hospital Dia da Crian\u00e7a, que vai qualificar muito o atendimento oferecido\u201d, comentou o prefeito, refor\u00e7ando o compromisso com a\u00e7\u00f5es promovidas pela sociedade que tenham este p\u00fablico como prioridade. \u201cO Acampamento da Crian\u00e7a com Diabetes j\u00e1 \u00e9 uma tradi\u00e7\u00e3o em Passo Fundo\u201d.<\/p>\n\n\n\n<p>Ainda conforme o chefe do Executivo, a Prefeitura, nesta edi\u00e7\u00e3o, dar\u00e1 apoio log\u00edstico para os participantes do Acampamento. Com oficinas e atividades sendo realizadas em diferentes espa\u00e7os do campus I da UPF, as crian\u00e7as e suas fam\u00edlias ter\u00e3o acesso facilitado aos pr\u00e9dios por meio da ades\u00e3o do Munic\u00edpio ao Acampamento. \u201cVamos seguir dialogando com a organiza\u00e7\u00e3o do evento para construirmos, em 2023, uma grande edi\u00e7\u00e3o comemorativa do projeto, que \u00e9 t\u00e3o importante \u00e0s crian\u00e7as com diabetes\u201d, afirmou Pedro.<\/p>\n\n\n\n<p>A m\u00e9dica Mirian Tombini, que \u00e9 uma das incentivadoras e idealizadoras desde a primeira edi\u00e7\u00e3o do Acampamento, destaca a import\u00e2ncia do evento para a socializa\u00e7\u00e3o das crian\u00e7as com diabetes. \u201cMuitas vezes, elas n\u00e3o encontram espa\u00e7o para descobrir como lidar a doen\u00e7a na escola ou at\u00e9 mesmo em casa. O Acampamento \u00e9 uma maneira de tornar o processo de educa\u00e7\u00e3o sobre o problema, algo mais divertido e l\u00fadico\u201d, explicou.<\/p>\n\n\n\n<p>Durante os dias do Acampamento, as crian\u00e7as e suas fam\u00edlias s\u00e3o acompanhadas e assessoradas por estudantes bolsistas e extensionistas da UPF, sob a coordena\u00e7\u00e3o dos professores dos cursos de Medicina e Enfermagem da institui\u00e7\u00e3o, Tiago Fritz e Fernanda Ceolin Tel\u00f3, respectivamente. Para Fernanda, a atividade \u00e9 um momento importante de refor\u00e7ar \u00e0s crian\u00e7as e familiares que \u00e9 poss\u00edvel ter qualidade de vida e conviver de forma saud\u00e1vel com a doen\u00e7a. \u201cNesta edi\u00e7\u00e3o, devemos receber cerca de 44 crian\u00e7as e seus pais e respons\u00e1veis. Em fun\u00e7\u00e3o da pandemia, estamos nos reorganizando, mas o objetivo do Acampamento \u00e9 sempre estimular um debate e uma aten\u00e7\u00e3o especial \u00e0s crian\u00e7as com diabetes\u201d, observou.<\/p>\n\n\n\n<p>O secret\u00e1rio Adjunto de Sa\u00fade, Lu\u00eds Schneider, aproveitou o encontro para refor\u00e7ar as a\u00e7\u00f5es em sa\u00fade que est\u00e3o sendo realizadas pelo Munic\u00edpio e salientar que \u00e9 poss\u00edvel ampliar as atividades de promo\u00e7\u00e3o e preven\u00e7\u00e3o ao diabetes, principalmente na inf\u00e2ncia e adolesc\u00eancia.<\/p>\n","protected":false},"excerpt":{"rendered":"<p>Evento ocorre entre os dias 10 e 13 de novembro, na Universidade de Passo Fundo. Iniciativa conta com organiza\u00e7\u00e3o dos cursos de Medicina e Enfermagem da UPF, HSVP e clubes de Lions<\/p>\n","protected":false},"author":6,"featured_media":3361,"comment_status":"closed","ping_status":"closed","sticky":true,"template":"","format":"standard","meta":{"footnotes":""},"categories":[1],"tags":[],"class_list":["post-3360","post","type-post","status-publish","format-standard","has-post-thumbnail","hentry","category-sem-categoria"],"yoast_head":"<!-- This site is optimized with the Yoast SEO plugin v23.8 - https:\/\/yoast.com\/wordpress\/plugins\/seo\/ -->\n<title>Prefeitura apoiar\u00e1 9\u00aa edi\u00e7\u00e3o do Acampamento da Crian\u00e7a com Diabetes - Secretaria de Sa\u00fade<\/title>\n<meta name=\"robots\" content=\"index, follow, max-snippet:-1, max-image-preview:large, max-video-preview:-1\" \/>\n<link rel=\"canonical\" href=\"https:\/\/www.pmpf.rs.gov.br\/secretaria-de-saude\/2022\/11\/03\/prefeitura-apoiara-9a-edicao-do-acampamento-da-crianca-com-diabetes\/\" \/>\n<meta property=\"og:locale\" content=\"pt_BR\" \/>\n<meta property=\"og:type\" content=\"article\" \/>\n<meta property=\"og:title\" content=\"Prefeitura apoiar\u00e1 9\u00aa edi\u00e7\u00e3o do Acampamento da Crian\u00e7a com Diabetes - Secretaria de Sa\u00fade\" \/>\n<meta property=\"og:description\" content=\"Evento ocorre entre os dias 10 e 13 de novembro, na Universidade de Passo Fundo. Iniciativa conta com organiza\u00e7\u00e3o dos cursos de Medicina e Enfermagem da UPF, HSVP e clubes de Lions\" \/>\n<meta property=\"og:url\" content=\"https:\/\/www.pmpf.rs.gov.br\/secretaria-de-saude\/2022\/11\/03\/prefeitura-apoiara-9a-edicao-do-acampamento-da-crianca-com-diabetes\/\" \/>\n<meta property=\"og:site_name\" content=\"Secretaria de Sa\u00fade\" \/>\n<meta property=\"article:published_time\" content=\"2022-11-03T18:20:45+00:00\" \/>\n<meta property=\"article:modified_time\" content=\"2022-11-03T18:21:03+00:00\" \/>\n<meta property=\"og:image\" content=\"https:\/\/www.pmpf.rs.gov.br\/secretaria-de-saude\/wp-content\/uploads\/sites\/50\/2022\/11\/acampamento-crianca-com-diabete.jpg\" \/>\n\t<meta property=\"og:image:width\" content=\"1024\" \/>\n\t<meta property=\"og:image:height\" content=\"768\" \/>\n\t<meta property=\"og:image:type\" content=\"image\/jpeg\" \/>\n<meta name=\"author\" content=\"andressazorzetto07\" \/>\n<meta name=\"twitter:card\" content=\"summary_large_image\" \/>\n<meta name=\"twitter:label1\" content=\"Escrito por\" \/>\n\t<meta name=\"twitter:data1\" content=\"andressazorzetto07\" \/>\n\t<meta name=\"twitter:label2\" content=\"Est. tempo de leitura\" \/>\n\t<meta name=\"twitter:data2\" content=\"3 minutos\" \/>\n<script type=\"application\/ld+json\" class=\"yoast-schema-graph\">{\"@context\":\"https:\/\/schema.org\",\"@graph\":[{\"@type\":\"WebPage\",\"@id\":\"https:\/\/www.pmpf.rs.gov.br\/secretaria-de-saude\/2022\/11\/03\/prefeitura-apoiara-9a-edicao-do-acampamento-da-crianca-com-diabetes\/\",\"url\":\"https:\/\/www.pmpf.rs.gov.br\/secretaria-de-saude\/2022\/11\/03\/prefeitura-apoiara-9a-edicao-do-acampamento-da-crianca-com-diabetes\/\",\"name\":\"Prefeitura apoiar\u00e1 9\u00aa edi\u00e7\u00e3o do Acampamento da Crian\u00e7a com Diabetes - Secretaria de Sa\u00fade\",\"isPartOf\":{\"@id\":\"https:\/\/www.pmpf.rs.gov.br\/secretaria-de-saude\/#website\"},\"primaryImageOfPage\":{\"@id\":\"https:\/\/www.pmpf.rs.gov.br\/secretaria-de-saude\/2022\/11\/03\/prefeitura-apoiara-9a-edicao-do-acampamento-da-crianca-com-diabetes\/#primaryimage\"},\"image\":{\"@id\":\"https:\/\/www.pmpf.rs.gov.br\/secretaria-de-saude\/2022\/11\/03\/prefeitura-apoiara-9a-edicao-do-acampamento-da-crianca-com-diabetes\/#primaryimage\"},\"thumbnailUrl\":\"https:\/\/www.pmpf.rs.gov.br\/secretaria-de-saude\/wp-content\/uploads\/sites\/50\/2022\/11\/acampamento-crianca-com-diabete.jpg\",\"datePublished\":\"2022-11-03T18:20:45+00:00\",\"dateModified\":\"2022-11-03T18:21:03+00:00\",\"author\":{\"@id\":\"https:\/\/www.pmpf.rs.gov.br\/secretaria-de-saude\/#\/schema\/person\/30ee1d1bd74da1469b01fcf086e43351\"},\"breadcrumb\":{\"@id\":\"https:\/\/www.pmpf.rs.gov.br\/secretaria-de-saude\/2022\/11\/03\/prefeitura-apoiara-9a-edicao-do-acampamento-da-crianca-com-diabetes\/#breadcrumb\"},\"inLanguage\":\"pt-BR\",\"potentialAction\":[{\"@type\":\"ReadAction\",\"target\":[\"https:\/\/www.pmpf.rs.gov.br\/secretaria-de-saude\/2022\/11\/03\/prefeitura-apoiara-9a-edicao-do-acampamento-da-crianca-com-diabetes\/\"]}]},{\"@type\":\"ImageObject\",\"inLanguage\":\"pt-BR\",\"@id\":\"https:\/\/www.pmpf.rs.gov.br\/secretaria-de-saude\/2022\/11\/03\/prefeitura-apoiara-9a-edicao-do-acampamento-da-crianca-com-diabetes\/#primaryimage\",\"url\":\"https:\/\/www.pmpf.rs.gov.br\/secretaria-de-saude\/wp-content\/uploads\/sites\/50\/2022\/11\/acampamento-crianca-com-diabete.jpg\",\"contentUrl\":\"https:\/\/www.pmpf.rs.gov.br\/secretaria-de-saude\/wp-content\/uploads\/sites\/50\/2022\/11\/acampamento-crianca-com-diabete.jpg\",\"width\":1024,\"height\":768},{\"@type\":\"BreadcrumbList\",\"@id\":\"https:\/\/www.pmpf.rs.gov.br\/secretaria-de-saude\/2022\/11\/03\/prefeitura-apoiara-9a-edicao-do-acampamento-da-crianca-com-diabetes\/#breadcrumb\",\"itemListElement\":[{\"@type\":\"ListItem\",\"position\":1,\"name\":\"In\u00edcio\",\"item\":\"https:\/\/www.pmpf.rs.gov.br\/secretaria-de-saude\/\"},{\"@type\":\"ListItem\",\"position\":2,\"name\":\"Prefeitura apoiar\u00e1 9\u00aa edi\u00e7\u00e3o do Acampamento da Crian\u00e7a com Diabetes\"}]},{\"@type\":\"WebSite\",\"@id\":\"https:\/\/www.pmpf.rs.gov.br\/secretaria-de-saude\/#website\",\"url\":\"https:\/\/www.pmpf.rs.gov.br\/secretaria-de-saude\/\",\"name\":\"Secretaria de Sa\u00fade\",\"description\":\"S\u00f3 mais um site Prefeitura de Passo Fundo\",\"potentialAction\":[{\"@type\":\"SearchAction\",\"target\":{\"@type\":\"EntryPoint\",\"urlTemplate\":\"https:\/\/www.pmpf.rs.gov.br\/secretaria-de-saude\/?s={search_term_string}\"},\"query-input\":{\"@type\":\"PropertyValueSpecification\",\"valueRequired\":true,\"valueName\":\"search_term_string\"}}],\"inLanguage\":\"pt-BR\"},{\"@type\":\"Person\",\"@id\":\"https:\/\/www.pmpf.rs.gov.br\/secretaria-de-saude\/#\/schema\/person\/30ee1d1bd74da1469b01fcf086e43351\",\"name\":\"andressazorzetto07\",\"image\":{\"@type\":\"ImageObject\",\"inLanguage\":\"pt-BR\",\"@id\":\"https:\/\/www.pmpf.rs.gov.br\/secretaria-de-saude\/#\/schema\/person\/image\/\",\"url\":\"https:\/\/secure.gravatar.com\/avatar\/14c5458ed79dc81da99a13b9ff5f9f19?s=96&d=mm&r=g\",\"contentUrl\":\"https:\/\/secure.gravatar.com\/avatar\/14c5458ed79dc81da99a13b9ff5f9f19?s=96&d=mm&r=g\",\"caption\":\"andressazorzetto07\"},\"url\":\"https:\/\/www.pmpf.rs.gov.br\/secretaria-de-saude\/author\/andressazorzetto07\/\"}]}<\/script>\n<!-- \/ Yoast SEO plugin. -->","yoast_head_json":{"title":"Prefeitura apoiar\u00e1 9\u00aa edi\u00e7\u00e3o do Acampamento da Crian\u00e7a com Diabetes - Secretaria de Sa\u00fade","robots":{"index":"index","follow":"follow","max-snippet":"max-snippet:-1","max-image-preview":"max-image-preview:large","max-video-preview":"max-video-preview:-1"},"canonical":"https:\/\/www.pmpf.rs.gov.br\/secretaria-de-saude\/2022\/11\/03\/prefeitura-apoiara-9a-edicao-do-acampamento-da-crianca-com-diabetes\/","og_locale":"pt_BR","og_type":"article","og_title":"Prefeitura apoiar\u00e1 9\u00aa edi\u00e7\u00e3o do Acampamento da Crian\u00e7a com Diabetes - Secretaria de Sa\u00fade","og_description":"Evento ocorre entre os dias 10 e 13 de novembro, na Universidade de Passo Fundo. Iniciativa conta com organiza\u00e7\u00e3o dos cursos de Medicina e Enfermagem da UPF, HSVP e clubes de Lions","og_url":"https:\/\/www.pmpf.rs.gov.br\/secretaria-de-saude\/2022\/11\/03\/prefeitura-apoiara-9a-edicao-do-acampamento-da-crianca-com-diabetes\/","og_site_name":"Secretaria de Sa\u00fade","article_published_time":"2022-11-03T18:20:45+00:00","article_modified_time":"2022-11-03T18:21:03+00:00","og_image":[{"width":1024,"height":768,"url":"https:\/\/www.pmpf.rs.gov.br\/secretaria-de-saude\/wp-content\/uploads\/sites\/50\/2022\/11\/acampamento-crianca-com-diabete.jpg","type":"image\/jpeg"}],"author":"andressazorzetto07","twitter_card":"summary_large_image","twitter_misc":{"Escrito por":"andressazorzetto07","Est. tempo de leitura":"3 minutos"},"schema":{"@context":"https:\/\/schema.org","@graph":[{"@type":"WebPage","@id":"https:\/\/www.pmpf.rs.gov.br\/secretaria-de-saude\/2022\/11\/03\/prefeitura-apoiara-9a-edicao-do-acampamento-da-crianca-com-diabetes\/","url":"https:\/\/www.pmpf.rs.gov.br\/secretaria-de-saude\/2022\/11\/03\/prefeitura-apoiara-9a-edicao-do-acampamento-da-crianca-com-diabetes\/","name":"Prefeitura apoiar\u00e1 9\u00aa edi\u00e7\u00e3o do Acampamento da Crian\u00e7a com Diabetes - Secretaria de Sa\u00fade","isPartOf":{"@id":"https:\/\/www.pmpf.rs.gov.br\/secretaria-de-saude\/#website"},"primaryImageOfPage":{"@id":"https:\/\/www.pmpf.rs.gov.br\/secretaria-de-saude\/2022\/11\/03\/prefeitura-apoiara-9a-edicao-do-acampamento-da-crianca-com-diabetes\/#primaryimage"},"image":{"@id":"https:\/\/www.pmpf.rs.gov.br\/secretaria-de-saude\/2022\/11\/03\/prefeitura-apoiara-9a-edicao-do-acampamento-da-crianca-com-diabetes\/#primaryimage"},"thumbnailUrl":"https:\/\/www.pmpf.rs.gov.br\/secretaria-de-saude\/wp-content\/uploads\/sites\/50\/2022\/11\/acampamento-crianca-com-diabete.jpg","datePublished":"2022-11-03T18:20:45+00:00","dateModified":"2022-11-03T18:21:03+00:00","author":{"@id":"https:\/\/www.pmpf.rs.gov.br\/secretaria-de-saude\/#\/schema\/person\/30ee1d1bd74da1469b01fcf086e43351"},"breadcrumb":{"@id":"https:\/\/www.pmpf.rs.gov.br\/secretaria-de-saude\/2022\/11\/03\/prefeitura-apoiara-9a-edicao-do-acampamento-da-crianca-com-diabetes\/#breadcrumb"},"inLanguage":"pt-BR","potentialAction":[{"@type":"ReadAction","target":["https:\/\/www.pmpf.rs.gov.br\/secretaria-de-saude\/2022\/11\/03\/prefeitura-apoiara-9a-edicao-do-acampamento-da-crianca-com-diabetes\/"]}]},{"@type":"ImageObject","inLanguage":"pt-BR","@id":"https:\/\/www.pmpf.rs.gov.br\/secretaria-de-saude\/2022\/11\/03\/prefeitura-apoiara-9a-edicao-do-acampamento-da-crianca-com-diabetes\/#primaryimage","url":"https:\/\/www.pmpf.rs.gov.br\/secretaria-de-saude\/wp-content\/uploads\/sites\/50\/2022\/11\/acampamento-crianca-com-diabete.jpg","contentUrl":"https:\/\/www.pmpf.rs.gov.br\/secretaria-de-saude\/wp-content\/uploads\/sites\/50\/2022\/11\/acampamento-crianca-com-diabete.jpg","width":1024,"height":768},{"@type":"BreadcrumbList","@id":"https:\/\/www.pmpf.rs.gov.br\/secretaria-de-saude\/2022\/11\/03\/prefeitura-apoiara-9a-edicao-do-acampamento-da-crianca-com-diabetes\/#breadcrumb","itemListElement":[{"@type":"ListItem","position":1,"name":"In\u00edcio","item":"https:\/\/www.pmpf.rs.gov.br\/secretaria-de-saude\/"},{"@type":"ListItem","position":2,"name":"Prefeitura apoiar\u00e1 9\u00aa edi\u00e7\u00e3o do Acampamento da Crian\u00e7a com Diabetes"}]},{"@type":"WebSite","@id":"https:\/\/www.pmpf.rs.gov.br\/secretaria-de-saude\/#website","url":"https:\/\/www.pmpf.rs.gov.br\/secretaria-de-saude\/","name":"Secretaria de Sa\u00fade","description":"S\u00f3 mais um site Prefeitura de Passo Fundo","potentialAction":[{"@type":"SearchAction","target":{"@type":"EntryPoint","urlTemplate":"https:\/\/www.pmpf.rs.gov.br\/secretaria-de-saude\/?s={search_term_string}"},"query-input":{"@type":"PropertyValueSpecification","valueRequired":true,"valueName":"search_term_string"}}],"inLanguage":"pt-BR"},{"@type":"Person","@id":"https:\/\/www.pmpf.rs.gov.br\/secretaria-de-saude\/#\/schema\/person\/30ee1d1bd74da1469b01fcf086e43351","name":"andressazorzetto07","image":{"@type":"ImageObject","inLanguage":"pt-BR","@id":"https:\/\/www.pmpf.rs.gov.br\/secretaria-de-saude\/#\/schema\/person\/image\/","url":"https:\/\/secure.gravatar.com\/avatar\/14c5458ed79dc81da99a13b9ff5f9f19?s=96&d=mm&r=g","contentUrl":"https:\/\/secure.gravatar.com\/avatar\/14c5458ed79dc81da99a13b9ff5f9f19?s=96&d=mm&r=g","caption":"andressazorzetto07"},"url":"https:\/\/www.pmpf.rs.gov.br\/secretaria-de-saude\/author\/andressazorzetto07\/"}]}},"_links":{"self":[{"href":"https:\/\/www.pmpf.rs.gov.br\/secretaria-de-saude\/wp-json\/wp\/v2\/posts\/3360"}],"collection":[{"href":"https:\/\/www.pmpf.rs.gov.br\/secretaria-de-saude\/wp-json\/wp\/v2\/posts"}],"about":[{"href":"https:\/\/www.pmpf.rs.gov.br\/secretaria-de-saude\/wp-json\/wp\/v2\/types\/post"}],"author":[{"embeddable":true,"href":"https:\/\/www.pmpf.rs.gov.br\/secretaria-de-saude\/wp-json\/wp\/v2\/users\/6"}],"replies":[{"embeddable":true,"href":"https:\/\/www.pmpf.rs.gov.br\/secretaria-de-saude\/wp-json\/wp\/v2\/comments?post=3360"}],"version-history":[{"count":1,"href":"https:\/\/www.pmpf.rs.gov.br\/secretaria-de-saude\/wp-json\/wp\/v2\/posts\/3360\/revisions"}],"predecessor-version":[{"id":3362,"href":"https:\/\/www.pmpf.rs.gov.br\/secretaria-de-saude\/wp-json\/wp\/v2\/posts\/3360\/revisions\/3362"}],"wp:featuredmedia":[{"embeddable":true,"href":"https:\/\/www.pmpf.rs.gov.br\/secretaria-de-saude\/wp-json\/wp\/v2\/media\/3361"}],"wp:attachment":[{"href":"https:\/\/www.pmpf.rs.gov.br\/secretaria-de-saude\/wp-json\/wp\/v2\/media?parent=3360"}],"wp:term":[{"taxonomy":"category","embeddable":true,"href":"https:\/\/www.pmpf.rs.gov.br\/secretaria-de-saude\/wp-json\/wp\/v2\/categories?post=3360"},{"taxonomy":"post_tag","embeddable":true,"href":"https:\/\/www.pmpf.rs.gov.br\/secretaria-de-saude\/wp-json\/wp\/v2\/tags?post=3360"}],"curies":[{"name":"wp","href":"https:\/\/api.w.org\/{rel}","templated":true}]}}