{"id":3357,"date":"2022-11-03T15:18:41","date_gmt":"2022-11-03T18:18:41","guid":{"rendered":"https:\/\/www.pmpf.rs.gov.br\/secretaria-de-saude\/?p=3357"},"modified":"2022-11-03T16:40:17","modified_gmt":"2022-11-03T19:40:17","slug":"prefeito-pedro-almeida-inaugura-o-hospital-dia-da-crianca","status":"publish","type":"post","link":"https:\/\/www.pmpf.rs.gov.br\/secretaria-de-saude\/2022\/11\/03\/prefeito-pedro-almeida-inaugura-o-hospital-dia-da-crianca\/","title":{"rendered":"Prefeito Pedro Almeida inaugura o Hospital Dia da Crian\u00e7a"},"content":{"rendered":"\n<p><\/p>\n\n\n\n<p>O prefeito de Passo Fundo, Pedro Almeida, entregou na manh\u00e3 desta quinta-feira (3) o Hospital Dia da Crian\u00e7a. A unidade foi projetada e equipada para oferecer um atendimento qualificado e humanizado \u00e0s crian\u00e7as e representa um marco para a Sa\u00fade de Passo Fundo. Os servi\u00e7os funcionar\u00e3o 24 horas e ser\u00e3o abertos \u00e0 comunidade \u00e0s 7h desta sexta-feira (4).<\/p>\n\n\n\n<p>\u201cEsse \u00e9 um momento muito importante para a cidade e a popula\u00e7\u00e3o. O Hospital Dia da Crian\u00e7a representa o cuidado com as nossas crian\u00e7as e um atendimento especializado. Ele envolve um olhar especial sobre o Hospital Municipal, que j\u00e1 avan\u00e7ou muito nos \u00faltimos anos e receber\u00e1 ainda mais investimentos para atender a popula\u00e7\u00e3o de forma qualificada, e vai garantir que as crian\u00e7as sejam acolhidas. Esse era um compromisso que assumimos e estamos cumprindo\u201d, afirmou o prefeito.<\/p>\n\n\n\n<p>O Hospital Dia da Crian\u00e7a fica junto ao Hospital Municipal e tem uma \u00e1rea de 650 metros quadrados. A estrutura contempla sala de espera, sala de triagem, sala vermelha, quatro consult\u00f3rios, duas salas de observa\u00e7\u00e3o com capacidade total de sete leitos quarto de isolamento e ambientes de apoio para o funcionamento da \u00e1rea. Todos os espa\u00e7os foram planejados para acolher as crian\u00e7as, contribuindo com uma melhor aceita\u00e7\u00e3o ao tratamento e a adapta\u00e7\u00e3o ao ambiente hospitalar.<\/p>\n\n\n\n<p>A unidade ser\u00e1 destinada a consultas e interna\u00e7\u00f5es curtas de baixa complexidade e, conforme a secret\u00e1ria de Sa\u00fade, Cristine Pilati, ampliar\u00e1 significativamente a capacidade de atendimentos pedi\u00e1tricos.. \u201cPassamos de um momento pr\u00e9-pand\u00eamico, quando faz\u00edamos um atendimento de 650 crian\u00e7as por m\u00eas, para um atendimento p\u00f3s-pand\u00eamico com uma m\u00e9dia de quase tr\u00eas mil crian\u00e7as atendidas mensalmente. Ent\u00e3o, nos precis\u00e1vamos de um local qualificado para esse tipo de atendimento e que pudesse aumentar o n\u00famero de crian\u00e7as atendidas simultaneamente. Antes, consegu\u00edamos atender 4 crian\u00e7as ao mesmo tempo e, com a nova estrutura, subiremos para 15\u201d, explicou.<\/p>\n\n\n\n<p>Os servi\u00e7os contar\u00e3o com 34 m\u00e9dicos e uma equipe de enfermagem composta por 20 profissionais, que atuar\u00e3o em escala. A secret\u00e1ria de Sa\u00fade lembra os esfor\u00e7os aplicados pelo Munic\u00edpio para o fechamento das horas de atendimento \u00e0 popula\u00e7\u00e3o. \u201cRealizamos in\u00fameros concursos para pediatras, inclusive, oferecendo um valor superior por hora de trabalho. Al\u00e9m disso, o Munic\u00edpio conseguiu tornar lei a possibilidade de cl\u00ednicos gerais e m\u00e9dicos da fam\u00edlia poderem fazer plant\u00e3o no Pronto Atendimento. Isso vai permitir uma escala completa no Hospital Dia da Crian\u00e7a\u201d, pontuou.<\/p>\n\n\n\n<p>O diretor do Hospital Municipal, Roger Teixeira Borges, enfatizou a import\u00e2ncia do Hospital Dia da Crian\u00e7a para um cuidado espec\u00edfico. \u201c\u00c9 um compromisso da gest\u00e3o com a sa\u00fade e com a nossa popula\u00e7\u00e3o. A implementa\u00e7\u00e3o do Hospital Dia da Crian\u00e7a \u00e9 uma realidade que confirma a aten\u00e7\u00e3o com a qualidade de vida das pessoas\u201d, destacou.<\/p>\n\n\n\n<p>Recupera\u00e7\u00e3o do Hospital Municipal<br>O Hospital Dia da Crian\u00e7a faz parte de um grande projeto de revitaliza\u00e7\u00e3o do Hospital Municipal, que recebeu investimentos com recursos pr\u00f3prios do munic\u00edpio, verbas do governo do Estado e recursos de emendas estaduais e federais, e dever\u00e1 ser conclu\u00eddo em 2024. O custo integral somar\u00e1 R$ 16 milh\u00f5es.<\/p>\n\n\n\n<p>As obras de recupera\u00e7\u00e3o total tiveram in\u00edcio em 2018. Confira o que j\u00e1 foi feito, o que est\u00e1 em andamento e o que iniciar\u00e1 em breve:<\/p>\n\n\n\n<p>1\u00aa etapa \u2013 conclu\u00edda<br>Reforma e amplia\u00e7\u00e3o dos setores de apoio log\u00edstico, central de gases medicinais e abrigo de res\u00edduos; requalifica\u00e7\u00e3o do passeio p\u00fablico; do estacionamento e das fachadas; entrega do setor de enfermaria.<\/p>\n\n\n\n<p>2\u00aa etapa \u2013 conclu\u00edda<br>Nova emerg\u00eancia.<\/p>\n\n\n\n<p>3\u00aa etapa \u2013 conclu\u00edda<br>Hospital da Crian\u00e7a; reforma do telhado do bloco cir\u00fargico.<\/p>\n\n\n\n<p>4\u00aa etapa \u2013 em andamento<br>Reforma e amplia\u00e7\u00e3o do Centro de Diagn\u00f3stico.<\/p>\n\n\n\n<p>5\u00aa etapa \u2013 em andamento<br>Amplia\u00e7\u00e3o do setor administrativo e da farm\u00e1cia interna.<br>6\u00aa etapa \u2013 em andamento<br>Amplia\u00e7\u00e3o dos setores de apoio log\u00edstico; gerador.<\/p>\n\n\n\n<p>7\u00aa etapa \u2013 in\u00edcio previsto para novembro<br>Reforma do Centro Cir\u00fargico, Central de Materiais esterilizados e Ag\u00eancia Transfusional.<\/p>\n\n\n\n<p>8\u00aa etapa \u2013 in\u00edcio previsto para novembro<br>Reforma da ala de interna\u00e7\u00e3o e telhado.<\/p>\n\n\n\n<p>9\u00aa etapa \u2013 in\u00edcio previsto para novembro<br>Reforma dos setores de servi\u00e7o, nutri\u00e7\u00e3o e diet\u00e9tica, almoxarifado, arquivo e manuten\u00e7\u00e3o.<\/p>\n\n\n\n<p>10\u00aa etapa \u2013 in\u00edcio previsto para novembro<br>Reforma do ambulat\u00f3rio e laborat\u00f3rio de an\u00e1lises cl\u00ednicas.<\/p>\n\n\n\n<p>Como fica o Cais S\u00e3o Crist\u00f3v\u00e3o<br>O Pronto Atendimento Pedi\u00e1trico estava operando de forma tempor\u00e1ria no Cais S\u00e3o Crist\u00f3v\u00e3o. Agora, os servi\u00e7os \u00e0s crian\u00e7as ser\u00e3o realizados no Hospital Dia da Crian\u00e7a. Devido \u00e0 transfer\u00eancia de equipamentos, o Cais n\u00e3o funcionar\u00e1 a partir das 13h desta quinta-feira (3).<\/p>\n\n\n\n<p>O local ser\u00e1 readaptado para o retorno dos atendimentos habituais a toda popula\u00e7\u00e3o no dia 14 de novembro, nas \u00e1reas de cl\u00ednica geral, cardiologia, vascular, ginecologia, farm\u00e1cia e vacina\u00e7\u00e3o.<\/p>\n","protected":false},"excerpt":{"rendered":"<p>Unidade, que fica junto ao Hospital Municipal, promover\u00e1 um atendimento qualificado e humanizado \u00e0s crian\u00e7as. Os servi\u00e7os funcionar\u00e3o 24 horas e ser\u00e3o abertos \u00e0 comunidade \u00e0s 7h desta sexta-feira (4)<\/p>\n","protected":false},"author":6,"featured_media":3358,"comment_status":"closed","ping_status":"closed","sticky":true,"template":"","format":"standard","meta":{"footnotes":""},"categories":[20,30],"tags":[],"class_list":["post-3357","post","type-post","status-publish","format-standard","has-post-thumbnail","hentry","category-atendimento-pediatrico","category-hospital-dia-da-crianca"],"yoast_head":"<!-- This site is optimized with the Yoast SEO plugin v23.8 - https:\/\/yoast.com\/wordpress\/plugins\/seo\/ -->\n<title>Prefeito Pedro Almeida inaugura o Hospital Dia da Crian\u00e7a - Secretaria de Sa\u00fade<\/title>\n<meta name=\"robots\" content=\"index, follow, max-snippet:-1, max-image-preview:large, max-video-preview:-1\" \/>\n<link rel=\"canonical\" href=\"https:\/\/www.pmpf.rs.gov.br\/secretaria-de-saude\/2022\/11\/03\/prefeito-pedro-almeida-inaugura-o-hospital-dia-da-crianca\/\" \/>\n<meta property=\"og:locale\" content=\"pt_BR\" \/>\n<meta property=\"og:type\" content=\"article\" \/>\n<meta property=\"og:title\" content=\"Prefeito Pedro Almeida inaugura o Hospital Dia da Crian\u00e7a - Secretaria de Sa\u00fade\" \/>\n<meta property=\"og:description\" content=\"Unidade, que fica junto ao Hospital Municipal, promover\u00e1 um atendimento qualificado e humanizado \u00e0s crian\u00e7as. Os servi\u00e7os funcionar\u00e3o 24 horas e ser\u00e3o abertos \u00e0 comunidade \u00e0s 7h desta sexta-feira (4)\" \/>\n<meta property=\"og:url\" content=\"https:\/\/www.pmpf.rs.gov.br\/secretaria-de-saude\/2022\/11\/03\/prefeito-pedro-almeida-inaugura-o-hospital-dia-da-crianca\/\" \/>\n<meta property=\"og:site_name\" content=\"Secretaria de Sa\u00fade\" \/>\n<meta property=\"article:published_time\" content=\"2022-11-03T18:18:41+00:00\" \/>\n<meta property=\"article:modified_time\" content=\"2022-11-03T19:40:17+00:00\" \/>\n<meta property=\"og:image\" content=\"https:\/\/www.pmpf.rs.gov.br\/secretaria-de-saude\/wp-content\/uploads\/sites\/50\/2022\/11\/hospital-dia-da-crianca.jpg\" \/>\n\t<meta property=\"og:image:width\" content=\"1600\" \/>\n\t<meta property=\"og:image:height\" content=\"900\" \/>\n\t<meta property=\"og:image:type\" content=\"image\/jpeg\" \/>\n<meta name=\"author\" content=\"andressazorzetto07\" \/>\n<meta name=\"twitter:card\" content=\"summary_large_image\" \/>\n<meta name=\"twitter:label1\" content=\"Escrito por\" \/>\n\t<meta name=\"twitter:data1\" content=\"andressazorzetto07\" \/>\n\t<meta name=\"twitter:label2\" content=\"Est. tempo de leitura\" \/>\n\t<meta name=\"twitter:data2\" content=\"4 minutos\" \/>\n<script type=\"application\/ld+json\" class=\"yoast-schema-graph\">{\"@context\":\"https:\/\/schema.org\",\"@graph\":[{\"@type\":\"WebPage\",\"@id\":\"https:\/\/www.pmpf.rs.gov.br\/secretaria-de-saude\/2022\/11\/03\/prefeito-pedro-almeida-inaugura-o-hospital-dia-da-crianca\/\",\"url\":\"https:\/\/www.pmpf.rs.gov.br\/secretaria-de-saude\/2022\/11\/03\/prefeito-pedro-almeida-inaugura-o-hospital-dia-da-crianca\/\",\"name\":\"Prefeito Pedro Almeida inaugura o Hospital Dia da Crian\u00e7a - Secretaria de Sa\u00fade\",\"isPartOf\":{\"@id\":\"https:\/\/www.pmpf.rs.gov.br\/secretaria-de-saude\/#website\"},\"primaryImageOfPage\":{\"@id\":\"https:\/\/www.pmpf.rs.gov.br\/secretaria-de-saude\/2022\/11\/03\/prefeito-pedro-almeida-inaugura-o-hospital-dia-da-crianca\/#primaryimage\"},\"image\":{\"@id\":\"https:\/\/www.pmpf.rs.gov.br\/secretaria-de-saude\/2022\/11\/03\/prefeito-pedro-almeida-inaugura-o-hospital-dia-da-crianca\/#primaryimage\"},\"thumbnailUrl\":\"https:\/\/www.pmpf.rs.gov.br\/secretaria-de-saude\/wp-content\/uploads\/sites\/50\/2022\/11\/hospital-dia-da-crianca.jpg\",\"datePublished\":\"2022-11-03T18:18:41+00:00\",\"dateModified\":\"2022-11-03T19:40:17+00:00\",\"author\":{\"@id\":\"https:\/\/www.pmpf.rs.gov.br\/secretaria-de-saude\/#\/schema\/person\/30ee1d1bd74da1469b01fcf086e43351\"},\"breadcrumb\":{\"@id\":\"https:\/\/www.pmpf.rs.gov.br\/secretaria-de-saude\/2022\/11\/03\/prefeito-pedro-almeida-inaugura-o-hospital-dia-da-crianca\/#breadcrumb\"},\"inLanguage\":\"pt-BR\",\"potentialAction\":[{\"@type\":\"ReadAction\",\"target\":[\"https:\/\/www.pmpf.rs.gov.br\/secretaria-de-saude\/2022\/11\/03\/prefeito-pedro-almeida-inaugura-o-hospital-dia-da-crianca\/\"]}]},{\"@type\":\"ImageObject\",\"inLanguage\":\"pt-BR\",\"@id\":\"https:\/\/www.pmpf.rs.gov.br\/secretaria-de-saude\/2022\/11\/03\/prefeito-pedro-almeida-inaugura-o-hospital-dia-da-crianca\/#primaryimage\",\"url\":\"https:\/\/www.pmpf.rs.gov.br\/secretaria-de-saude\/wp-content\/uploads\/sites\/50\/2022\/11\/hospital-dia-da-crianca.jpg\",\"contentUrl\":\"https:\/\/www.pmpf.rs.gov.br\/secretaria-de-saude\/wp-content\/uploads\/sites\/50\/2022\/11\/hospital-dia-da-crianca.jpg\",\"width\":1600,\"height\":900},{\"@type\":\"BreadcrumbList\",\"@id\":\"https:\/\/www.pmpf.rs.gov.br\/secretaria-de-saude\/2022\/11\/03\/prefeito-pedro-almeida-inaugura-o-hospital-dia-da-crianca\/#breadcrumb\",\"itemListElement\":[{\"@type\":\"ListItem\",\"position\":1,\"name\":\"In\u00edcio\",\"item\":\"https:\/\/www.pmpf.rs.gov.br\/secretaria-de-saude\/\"},{\"@type\":\"ListItem\",\"position\":2,\"name\":\"Prefeito Pedro Almeida inaugura o Hospital Dia da Crian\u00e7a\"}]},{\"@type\":\"WebSite\",\"@id\":\"https:\/\/www.pmpf.rs.gov.br\/secretaria-de-saude\/#website\",\"url\":\"https:\/\/www.pmpf.rs.gov.br\/secretaria-de-saude\/\",\"name\":\"Secretaria de Sa\u00fade\",\"description\":\"S\u00f3 mais um site Prefeitura de Passo Fundo\",\"potentialAction\":[{\"@type\":\"SearchAction\",\"target\":{\"@type\":\"EntryPoint\",\"urlTemplate\":\"https:\/\/www.pmpf.rs.gov.br\/secretaria-de-saude\/?s={search_term_string}\"},\"query-input\":{\"@type\":\"PropertyValueSpecification\",\"valueRequired\":true,\"valueName\":\"search_term_string\"}}],\"inLanguage\":\"pt-BR\"},{\"@type\":\"Person\",\"@id\":\"https:\/\/www.pmpf.rs.gov.br\/secretaria-de-saude\/#\/schema\/person\/30ee1d1bd74da1469b01fcf086e43351\",\"name\":\"andressazorzetto07\",\"image\":{\"@type\":\"ImageObject\",\"inLanguage\":\"pt-BR\",\"@id\":\"https:\/\/www.pmpf.rs.gov.br\/secretaria-de-saude\/#\/schema\/person\/image\/\",\"url\":\"https:\/\/secure.gravatar.com\/avatar\/14c5458ed79dc81da99a13b9ff5f9f19?s=96&d=mm&r=g\",\"contentUrl\":\"https:\/\/secure.gravatar.com\/avatar\/14c5458ed79dc81da99a13b9ff5f9f19?s=96&d=mm&r=g\",\"caption\":\"andressazorzetto07\"},\"url\":\"https:\/\/www.pmpf.rs.gov.br\/secretaria-de-saude\/author\/andressazorzetto07\/\"}]}<\/script>\n<!-- \/ Yoast SEO plugin. -->","yoast_head_json":{"title":"Prefeito Pedro Almeida inaugura o Hospital Dia da Crian\u00e7a - Secretaria de Sa\u00fade","robots":{"index":"index","follow":"follow","max-snippet":"max-snippet:-1","max-image-preview":"max-image-preview:large","max-video-preview":"max-video-preview:-1"},"canonical":"https:\/\/www.pmpf.rs.gov.br\/secretaria-de-saude\/2022\/11\/03\/prefeito-pedro-almeida-inaugura-o-hospital-dia-da-crianca\/","og_locale":"pt_BR","og_type":"article","og_title":"Prefeito Pedro Almeida inaugura o Hospital Dia da Crian\u00e7a - Secretaria de Sa\u00fade","og_description":"Unidade, que fica junto ao Hospital Municipal, promover\u00e1 um atendimento qualificado e humanizado \u00e0s crian\u00e7as. Os servi\u00e7os funcionar\u00e3o 24 horas e ser\u00e3o abertos \u00e0 comunidade \u00e0s 7h desta sexta-feira (4)","og_url":"https:\/\/www.pmpf.rs.gov.br\/secretaria-de-saude\/2022\/11\/03\/prefeito-pedro-almeida-inaugura-o-hospital-dia-da-crianca\/","og_site_name":"Secretaria de Sa\u00fade","article_published_time":"2022-11-03T18:18:41+00:00","article_modified_time":"2022-11-03T19:40:17+00:00","og_image":[{"width":1600,"height":900,"url":"https:\/\/www.pmpf.rs.gov.br\/secretaria-de-saude\/wp-content\/uploads\/sites\/50\/2022\/11\/hospital-dia-da-crianca.jpg","type":"image\/jpeg"}],"author":"andressazorzetto07","twitter_card":"summary_large_image","twitter_misc":{"Escrito por":"andressazorzetto07","Est. tempo de leitura":"4 minutos"},"schema":{"@context":"https:\/\/schema.org","@graph":[{"@type":"WebPage","@id":"https:\/\/www.pmpf.rs.gov.br\/secretaria-de-saude\/2022\/11\/03\/prefeito-pedro-almeida-inaugura-o-hospital-dia-da-crianca\/","url":"https:\/\/www.pmpf.rs.gov.br\/secretaria-de-saude\/2022\/11\/03\/prefeito-pedro-almeida-inaugura-o-hospital-dia-da-crianca\/","name":"Prefeito Pedro Almeida inaugura o Hospital Dia da Crian\u00e7a - Secretaria de Sa\u00fade","isPartOf":{"@id":"https:\/\/www.pmpf.rs.gov.br\/secretaria-de-saude\/#website"},"primaryImageOfPage":{"@id":"https:\/\/www.pmpf.rs.gov.br\/secretaria-de-saude\/2022\/11\/03\/prefeito-pedro-almeida-inaugura-o-hospital-dia-da-crianca\/#primaryimage"},"image":{"@id":"https:\/\/www.pmpf.rs.gov.br\/secretaria-de-saude\/2022\/11\/03\/prefeito-pedro-almeida-inaugura-o-hospital-dia-da-crianca\/#primaryimage"},"thumbnailUrl":"https:\/\/www.pmpf.rs.gov.br\/secretaria-de-saude\/wp-content\/uploads\/sites\/50\/2022\/11\/hospital-dia-da-crianca.jpg","datePublished":"2022-11-03T18:18:41+00:00","dateModified":"2022-11-03T19:40:17+00:00","author":{"@id":"https:\/\/www.pmpf.rs.gov.br\/secretaria-de-saude\/#\/schema\/person\/30ee1d1bd74da1469b01fcf086e43351"},"breadcrumb":{"@id":"https:\/\/www.pmpf.rs.gov.br\/secretaria-de-saude\/2022\/11\/03\/prefeito-pedro-almeida-inaugura-o-hospital-dia-da-crianca\/#breadcrumb"},"inLanguage":"pt-BR","potentialAction":[{"@type":"ReadAction","target":["https:\/\/www.pmpf.rs.gov.br\/secretaria-de-saude\/2022\/11\/03\/prefeito-pedro-almeida-inaugura-o-hospital-dia-da-crianca\/"]}]},{"@type":"ImageObject","inLanguage":"pt-BR","@id":"https:\/\/www.pmpf.rs.gov.br\/secretaria-de-saude\/2022\/11\/03\/prefeito-pedro-almeida-inaugura-o-hospital-dia-da-crianca\/#primaryimage","url":"https:\/\/www.pmpf.rs.gov.br\/secretaria-de-saude\/wp-content\/uploads\/sites\/50\/2022\/11\/hospital-dia-da-crianca.jpg","contentUrl":"https:\/\/www.pmpf.rs.gov.br\/secretaria-de-saude\/wp-content\/uploads\/sites\/50\/2022\/11\/hospital-dia-da-crianca.jpg","width":1600,"height":900},{"@type":"BreadcrumbList","@id":"https:\/\/www.pmpf.rs.gov.br\/secretaria-de-saude\/2022\/11\/03\/prefeito-pedro-almeida-inaugura-o-hospital-dia-da-crianca\/#breadcrumb","itemListElement":[{"@type":"ListItem","position":1,"name":"In\u00edcio","item":"https:\/\/www.pmpf.rs.gov.br\/secretaria-de-saude\/"},{"@type":"ListItem","position":2,"name":"Prefeito Pedro Almeida inaugura o Hospital Dia da Crian\u00e7a"}]},{"@type":"WebSite","@id":"https:\/\/www.pmpf.rs.gov.br\/secretaria-de-saude\/#website","url":"https:\/\/www.pmpf.rs.gov.br\/secretaria-de-saude\/","name":"Secretaria de Sa\u00fade","description":"S\u00f3 mais um site Prefeitura de Passo Fundo","potentialAction":[{"@type":"SearchAction","target":{"@type":"EntryPoint","urlTemplate":"https:\/\/www.pmpf.rs.gov.br\/secretaria-de-saude\/?s={search_term_string}"},"query-input":{"@type":"PropertyValueSpecification","valueRequired":true,"valueName":"search_term_string"}}],"inLanguage":"pt-BR"},{"@type":"Person","@id":"https:\/\/www.pmpf.rs.gov.br\/secretaria-de-saude\/#\/schema\/person\/30ee1d1bd74da1469b01fcf086e43351","name":"andressazorzetto07","image":{"@type":"ImageObject","inLanguage":"pt-BR","@id":"https:\/\/www.pmpf.rs.gov.br\/secretaria-de-saude\/#\/schema\/person\/image\/","url":"https:\/\/secure.gravatar.com\/avatar\/14c5458ed79dc81da99a13b9ff5f9f19?s=96&d=mm&r=g","contentUrl":"https:\/\/secure.gravatar.com\/avatar\/14c5458ed79dc81da99a13b9ff5f9f19?s=96&d=mm&r=g","caption":"andressazorzetto07"},"url":"https:\/\/www.pmpf.rs.gov.br\/secretaria-de-saude\/author\/andressazorzetto07\/"}]}},"_links":{"self":[{"href":"https:\/\/www.pmpf.rs.gov.br\/secretaria-de-saude\/wp-json\/wp\/v2\/posts\/3357"}],"collection":[{"href":"https:\/\/www.pmpf.rs.gov.br\/secretaria-de-saude\/wp-json\/wp\/v2\/posts"}],"about":[{"href":"https:\/\/www.pmpf.rs.gov.br\/secretaria-de-saude\/wp-json\/wp\/v2\/types\/post"}],"author":[{"embeddable":true,"href":"https:\/\/www.pmpf.rs.gov.br\/secretaria-de-saude\/wp-json\/wp\/v2\/users\/6"}],"replies":[{"embeddable":true,"href":"https:\/\/www.pmpf.rs.gov.br\/secretaria-de-saude\/wp-json\/wp\/v2\/comments?post=3357"}],"version-history":[{"count":4,"href":"https:\/\/www.pmpf.rs.gov.br\/secretaria-de-saude\/wp-json\/wp\/v2\/posts\/3357\/revisions"}],"predecessor-version":[{"id":3366,"href":"https:\/\/www.pmpf.rs.gov.br\/secretaria-de-saude\/wp-json\/wp\/v2\/posts\/3357\/revisions\/3366"}],"wp:featuredmedia":[{"embeddable":true,"href":"https:\/\/www.pmpf.rs.gov.br\/secretaria-de-saude\/wp-json\/wp\/v2\/media\/3358"}],"wp:attachment":[{"href":"https:\/\/www.pmpf.rs.gov.br\/secretaria-de-saude\/wp-json\/wp\/v2\/media?parent=3357"}],"wp:term":[{"taxonomy":"category","embeddable":true,"href":"https:\/\/www.pmpf.rs.gov.br\/secretaria-de-saude\/wp-json\/wp\/v2\/categories?post=3357"},{"taxonomy":"post_tag","embeddable":true,"href":"https:\/\/www.pmpf.rs.gov.br\/secretaria-de-saude\/wp-json\/wp\/v2\/tags?post=3357"}],"curies":[{"name":"wp","href":"https:\/\/api.w.org\/{rel}","templated":true}]}}