{"id":3349,"date":"2022-10-13T10:58:05","date_gmt":"2022-10-13T13:58:05","guid":{"rendered":"https:\/\/www.pmpf.rs.gov.br\/secretaria-de-saude\/?p=3349"},"modified":"2022-10-13T10:58:05","modified_gmt":"2022-10-13T13:58:05","slug":"prefeitura-inaugura-centro-de-referencia-do-idoso","status":"publish","type":"post","link":"https:\/\/www.pmpf.rs.gov.br\/secretaria-de-saude\/2022\/10\/13\/prefeitura-inaugura-centro-de-referencia-do-idoso\/","title":{"rendered":"Prefeitura inaugura Centro de Refer\u00eancia do Idoso"},"content":{"rendered":"\n<p>A aten\u00e7\u00e3o e o acolhimento direcionados \u00e0 popula\u00e7\u00e3o idosa ganharam um novo espa\u00e7o em Passo Fundo. Nesta quinta-feira (13), o prefeito, Pedro Almeida, entregou as instala\u00e7\u00f5es do Centro de Refer\u00eancia do Idoso, uma unidade de m\u00e9dia complexidade que vai atender as demandas em sa\u00fade dos idosos. \u201cEste Centro de Refer\u00eancia \u00e9 um avan\u00e7o na pol\u00edtica p\u00fablica em sa\u00fade b\u00e1sica que j\u00e1 realizamos nas Unidades B\u00e1sicas de Sa\u00fade (UBS) e nos programas de Estrat\u00e9gia de Sa\u00fade da Fam\u00edlia (ESF)\u201d, disse Pedro ao entregar o espa\u00e7o.<\/p>\n\n\n\n<p>O prefeito defendeu ainda que al\u00e9m do atendimento prim\u00e1rio, que j\u00e1 \u00e9 pr\u00e1tica comum nas UBS, o Munic\u00edpio tamb\u00e9m passar\u00e1 a ofertar diferentes especialidades cl\u00ednicas no Centro de Refer\u00eancia, qualificando a rede de prote\u00e7\u00e3o \u00e0 sa\u00fade da popula\u00e7\u00e3o idosa. \u201cFortalecemos os servi\u00e7os p\u00fablicos aos idosos com este Centro, que vai concentrar equipes multidisciplinares com um foco todo especial para essas pessoas t\u00e3o importantes para todos n\u00f3s\u201d, destacou Pedro, complementando que a Administra\u00e7\u00e3o tem constru\u00eddo programas de refer\u00eancia para outros munic\u00edpios, como o Centro P\u00f3s-Covid de Combate \u00e0s Desigualdades Educacionais e, agora, o Centro de Refer\u00eancia do Idoso.<\/p>\n\n\n\n<p>Para o vice-prefeito de Passo Fundo, Jo\u00e3o Pedro Nunes, o Centro tamb\u00e9m consolida a disposi\u00e7\u00e3o do Executivo em construir a\u00e7\u00f5es propositivas para incentivar e promover a melhoria da qualidade de vida e o bem-estar dos idosos. \u201cEste espa\u00e7o \u00e9 resultado de uma caminhada coletiva que tem como objetivo garantir um equipamento p\u00fablico que promova o acolhimento da nossa popula\u00e7\u00e3o idosa. Essas pessoas dedicaram suas vidas para o crescimento do munic\u00edpio e, agora, precisam de um local em que se sintam seguras e bem atendidas\u201d, refor\u00e7ou.<\/p>\n\n\n\n<p>Conforme a secret\u00e1ria de Sa\u00fade, Cristine Pilati, o novo espa\u00e7o conta com seis consult\u00f3rios, sendo um deles todo estruturado para atendimentos odontol\u00f3gicos. \u201cConsiderando o aumento da popula\u00e7\u00e3o idosa no munic\u00edpio, precisamos desenvolver a\u00e7\u00f5es em sa\u00fade p\u00fablica que acolham esta grande demanda. A Administra\u00e7\u00e3o Municipal tem direcionado esfor\u00e7os para atuar com este p\u00fablico e o Centro de Refer\u00eancia do Idoso \u00e9 uma resposta a esse cen\u00e1rio\u201d, enfatizou ela, acrescentando que a expectativa com o funcionamento do Centro \u00e9 de que o Munic\u00edpio consiga aumentar em at\u00e9 80% o atendimento em m\u00e9dia complexidade diagnosticada na Rede Municipal de Sa\u00fade.<\/p>\n\n\n\n<p>A secret\u00e1ria observou ainda que o Centro de Refer\u00eancia do Idoso vai permitir um mapeamento das principais demandas em sa\u00fade da popula\u00e7\u00e3o idosa, uma vez que o local atender\u00e1 a partir de encaminhamentos feitos nas UBS. \u201cOs idosos continuar\u00e3o sendo acolhidos em suas Unidades de refer\u00eancia, pr\u00f3ximas \u00e0s suas resid\u00eancias. Ali, os m\u00e9dicos e as equipes v\u00e3o identificar as necessidades e, ent\u00e3o, fazer o encaminhamento para o Centro de Refer\u00eancia. Isso vai nos ajudar a construir novas a\u00e7\u00f5es de preven\u00e7\u00e3o de doen\u00e7as, que tamb\u00e9m s\u00e3o muito importantes\u201d, resumiu Cristine.<\/p>\n\n\n\n<p>O Centro do Idoso oferecer\u00e1 atendimento psicol\u00f3gico, odontol\u00f3gico, de nutri\u00e7\u00e3o, enfermagem, consulta de cl\u00ednico geral\/geriatria e consultas especializadas nas \u00e1reas de ginecologia, cardiologia e urologia e fisioterapia. Al\u00e9m disso, no local poder\u00e1 ser feito o encaminhamento para exames de laborat\u00f3rio, ecocardiograma, ultrassonografia, entre outros.<\/p>\n\n\n\n<p><br><strong>Mais qualidade de vida<\/strong><br>De acordo com o prefeito, o cuidado integral com a popula\u00e7\u00e3o idosa vem sendo objeto de a\u00e7\u00f5es do Executivo, por meio de diferentes propostas de trabalho e em parceria com diversas estruturas da Prefeitura. \u201cNossa Coordenadoria Municipal do Idoso recebeu, recentemente, uma nova sede para oferecer oficinas e um espa\u00e7o de lazer e conviv\u00eancia para os idosos. Tamb\u00e9m valorizamos as manifesta\u00e7\u00f5es culturais e incentivamos os programas que promovam a qualidade de vida da popula\u00e7\u00e3o\u201d, comentou Pedro.<\/p>\n\n\n\n<p>Para a coordenadora da Coordenadoria Municipal dos Idosos (COMAI), T\u00e2nia Carraro, o Munic\u00edpio tem se destacado na aten\u00e7\u00e3o aos idosos, fomentando iniciativas que promovem o bem-estar e a qualidade de vida desta popula\u00e7\u00e3o. O presidente da C\u00e2mara de Vereadores, Evandro Meireles, reiterou a import\u00e2ncia do trabalho conjunto entre o Legislativo e o Executivo para ampliar as a\u00e7\u00f5es que gerem desenvolvimento para a cidade e a popula\u00e7\u00e3o.<\/p>\n\n\n\n<p>Participaram ainda do ato de entrega do Centro de Refer\u00eancia do Idoso os vereadores Leandro Rosso e Rodinei Candeia; secret\u00e1rios de Governo; a Rainha, a Princesa e a Miss Simpatia do DATI\/COMAI; e integrantes de grupos de Terceira Idade do munic\u00edpio. Na abertura do evento, a integrante do DATI do bairro S\u00e3o Luiz Gonzaga, Lurdes Galli, fez a leitura de uma poesia escrita por ela durante a oficina de Literatura oferecida pelo COMAI.<\/p>\n","protected":false},"excerpt":{"rendered":"<p>Unidade atender\u00e1 demandas de sa\u00fade da popula\u00e7\u00e3o idosa <\/p>\n","protected":false},"author":14,"featured_media":3350,"comment_status":"closed","ping_status":"closed","sticky":false,"template":"","format":"standard","meta":{"footnotes":""},"categories":[28,27],"tags":[],"class_list":["post-3349","post","type-post","status-publish","format-standard","has-post-thumbnail","hentry","category-centro-de-referencia-do-idoso","category-saude-do-idoso"],"yoast_head":"<!-- This site is optimized with the Yoast SEO plugin v23.8 - https:\/\/yoast.com\/wordpress\/plugins\/seo\/ -->\n<title>Prefeitura inaugura Centro de Refer\u00eancia do Idoso - Secretaria de Sa\u00fade<\/title>\n<meta name=\"robots\" content=\"index, follow, max-snippet:-1, max-image-preview:large, max-video-preview:-1\" \/>\n<link rel=\"canonical\" href=\"https:\/\/www.pmpf.rs.gov.br\/secretaria-de-saude\/2022\/10\/13\/prefeitura-inaugura-centro-de-referencia-do-idoso\/\" \/>\n<meta property=\"og:locale\" content=\"pt_BR\" \/>\n<meta property=\"og:type\" content=\"article\" \/>\n<meta property=\"og:title\" content=\"Prefeitura inaugura Centro de Refer\u00eancia do Idoso - Secretaria de Sa\u00fade\" \/>\n<meta property=\"og:description\" content=\"Unidade atender\u00e1 demandas de sa\u00fade da popula\u00e7\u00e3o idosa\" \/>\n<meta property=\"og:url\" content=\"https:\/\/www.pmpf.rs.gov.br\/secretaria-de-saude\/2022\/10\/13\/prefeitura-inaugura-centro-de-referencia-do-idoso\/\" \/>\n<meta property=\"og:site_name\" content=\"Secretaria de Sa\u00fade\" \/>\n<meta property=\"article:published_time\" content=\"2022-10-13T13:58:05+00:00\" \/>\n<meta name=\"author\" content=\"crispuhll\" \/>\n<meta name=\"twitter:card\" content=\"summary_large_image\" \/>\n<meta name=\"twitter:label1\" content=\"Escrito por\" \/>\n\t<meta name=\"twitter:data1\" content=\"crispuhll\" \/>\n\t<meta name=\"twitter:label2\" content=\"Est. tempo de leitura\" \/>\n\t<meta name=\"twitter:data2\" content=\"4 minutos\" \/>\n<script type=\"application\/ld+json\" class=\"yoast-schema-graph\">{\"@context\":\"https:\/\/schema.org\",\"@graph\":[{\"@type\":\"WebPage\",\"@id\":\"https:\/\/www.pmpf.rs.gov.br\/secretaria-de-saude\/2022\/10\/13\/prefeitura-inaugura-centro-de-referencia-do-idoso\/\",\"url\":\"https:\/\/www.pmpf.rs.gov.br\/secretaria-de-saude\/2022\/10\/13\/prefeitura-inaugura-centro-de-referencia-do-idoso\/\",\"name\":\"Prefeitura inaugura Centro de Refer\u00eancia do Idoso - Secretaria de Sa\u00fade\",\"isPartOf\":{\"@id\":\"https:\/\/www.pmpf.rs.gov.br\/secretaria-de-saude\/#website\"},\"primaryImageOfPage\":{\"@id\":\"https:\/\/www.pmpf.rs.gov.br\/secretaria-de-saude\/2022\/10\/13\/prefeitura-inaugura-centro-de-referencia-do-idoso\/#primaryimage\"},\"image\":{\"@id\":\"https:\/\/www.pmpf.rs.gov.br\/secretaria-de-saude\/2022\/10\/13\/prefeitura-inaugura-centro-de-referencia-do-idoso\/#primaryimage\"},\"thumbnailUrl\":\"https:\/\/www.pmpf.rs.gov.br\/secretaria-de-saude\/wp-content\/uploads\/sites\/50\/2022\/10\/WhatsApp-Image-2022-10-13-at-10.56.19.jpeg\",\"datePublished\":\"2022-10-13T13:58:05+00:00\",\"dateModified\":\"2022-10-13T13:58:05+00:00\",\"author\":{\"@id\":\"https:\/\/www.pmpf.rs.gov.br\/secretaria-de-saude\/#\/schema\/person\/d5e03c9407acc37371a3fc616069ca6b\"},\"breadcrumb\":{\"@id\":\"https:\/\/www.pmpf.rs.gov.br\/secretaria-de-saude\/2022\/10\/13\/prefeitura-inaugura-centro-de-referencia-do-idoso\/#breadcrumb\"},\"inLanguage\":\"pt-BR\",\"potentialAction\":[{\"@type\":\"ReadAction\",\"target\":[\"https:\/\/www.pmpf.rs.gov.br\/secretaria-de-saude\/2022\/10\/13\/prefeitura-inaugura-centro-de-referencia-do-idoso\/\"]}]},{\"@type\":\"ImageObject\",\"inLanguage\":\"pt-BR\",\"@id\":\"https:\/\/www.pmpf.rs.gov.br\/secretaria-de-saude\/2022\/10\/13\/prefeitura-inaugura-centro-de-referencia-do-idoso\/#primaryimage\",\"url\":\"https:\/\/www.pmpf.rs.gov.br\/secretaria-de-saude\/wp-content\/uploads\/sites\/50\/2022\/10\/WhatsApp-Image-2022-10-13-at-10.56.19.jpeg\",\"contentUrl\":\"https:\/\/www.pmpf.rs.gov.br\/secretaria-de-saude\/wp-content\/uploads\/sites\/50\/2022\/10\/WhatsApp-Image-2022-10-13-at-10.56.19.jpeg\",\"width\":1024,\"height\":682},{\"@type\":\"BreadcrumbList\",\"@id\":\"https:\/\/www.pmpf.rs.gov.br\/secretaria-de-saude\/2022\/10\/13\/prefeitura-inaugura-centro-de-referencia-do-idoso\/#breadcrumb\",\"itemListElement\":[{\"@type\":\"ListItem\",\"position\":1,\"name\":\"In\u00edcio\",\"item\":\"https:\/\/www.pmpf.rs.gov.br\/secretaria-de-saude\/\"},{\"@type\":\"ListItem\",\"position\":2,\"name\":\"Prefeitura inaugura Centro de Refer\u00eancia do Idoso\"}]},{\"@type\":\"WebSite\",\"@id\":\"https:\/\/www.pmpf.rs.gov.br\/secretaria-de-saude\/#website\",\"url\":\"https:\/\/www.pmpf.rs.gov.br\/secretaria-de-saude\/\",\"name\":\"Secretaria de Sa\u00fade\",\"description\":\"S\u00f3 mais um site Prefeitura de Passo Fundo\",\"potentialAction\":[{\"@type\":\"SearchAction\",\"target\":{\"@type\":\"EntryPoint\",\"urlTemplate\":\"https:\/\/www.pmpf.rs.gov.br\/secretaria-de-saude\/?s={search_term_string}\"},\"query-input\":{\"@type\":\"PropertyValueSpecification\",\"valueRequired\":true,\"valueName\":\"search_term_string\"}}],\"inLanguage\":\"pt-BR\"},{\"@type\":\"Person\",\"@id\":\"https:\/\/www.pmpf.rs.gov.br\/secretaria-de-saude\/#\/schema\/person\/d5e03c9407acc37371a3fc616069ca6b\",\"name\":\"crispuhll\",\"image\":{\"@type\":\"ImageObject\",\"inLanguage\":\"pt-BR\",\"@id\":\"https:\/\/www.pmpf.rs.gov.br\/secretaria-de-saude\/#\/schema\/person\/image\/\",\"url\":\"https:\/\/secure.gravatar.com\/avatar\/345741ad9625b2854df5b938a77f8d85?s=96&d=mm&r=g\",\"contentUrl\":\"https:\/\/secure.gravatar.com\/avatar\/345741ad9625b2854df5b938a77f8d85?s=96&d=mm&r=g\",\"caption\":\"crispuhll\"},\"url\":\"https:\/\/www.pmpf.rs.gov.br\/secretaria-de-saude\/author\/crispuhll\/\"}]}<\/script>\n<!-- \/ Yoast SEO plugin. -->","yoast_head_json":{"title":"Prefeitura inaugura Centro de Refer\u00eancia do Idoso - Secretaria de Sa\u00fade","robots":{"index":"index","follow":"follow","max-snippet":"max-snippet:-1","max-image-preview":"max-image-preview:large","max-video-preview":"max-video-preview:-1"},"canonical":"https:\/\/www.pmpf.rs.gov.br\/secretaria-de-saude\/2022\/10\/13\/prefeitura-inaugura-centro-de-referencia-do-idoso\/","og_locale":"pt_BR","og_type":"article","og_title":"Prefeitura inaugura Centro de Refer\u00eancia do Idoso - Secretaria de Sa\u00fade","og_description":"Unidade atender\u00e1 demandas de sa\u00fade da popula\u00e7\u00e3o idosa","og_url":"https:\/\/www.pmpf.rs.gov.br\/secretaria-de-saude\/2022\/10\/13\/prefeitura-inaugura-centro-de-referencia-do-idoso\/","og_site_name":"Secretaria de Sa\u00fade","article_published_time":"2022-10-13T13:58:05+00:00","author":"crispuhll","twitter_card":"summary_large_image","twitter_misc":{"Escrito por":"crispuhll","Est. tempo de leitura":"4 minutos"},"schema":{"@context":"https:\/\/schema.org","@graph":[{"@type":"WebPage","@id":"https:\/\/www.pmpf.rs.gov.br\/secretaria-de-saude\/2022\/10\/13\/prefeitura-inaugura-centro-de-referencia-do-idoso\/","url":"https:\/\/www.pmpf.rs.gov.br\/secretaria-de-saude\/2022\/10\/13\/prefeitura-inaugura-centro-de-referencia-do-idoso\/","name":"Prefeitura inaugura Centro de Refer\u00eancia do Idoso - Secretaria de Sa\u00fade","isPartOf":{"@id":"https:\/\/www.pmpf.rs.gov.br\/secretaria-de-saude\/#website"},"primaryImageOfPage":{"@id":"https:\/\/www.pmpf.rs.gov.br\/secretaria-de-saude\/2022\/10\/13\/prefeitura-inaugura-centro-de-referencia-do-idoso\/#primaryimage"},"image":{"@id":"https:\/\/www.pmpf.rs.gov.br\/secretaria-de-saude\/2022\/10\/13\/prefeitura-inaugura-centro-de-referencia-do-idoso\/#primaryimage"},"thumbnailUrl":"https:\/\/www.pmpf.rs.gov.br\/secretaria-de-saude\/wp-content\/uploads\/sites\/50\/2022\/10\/WhatsApp-Image-2022-10-13-at-10.56.19.jpeg","datePublished":"2022-10-13T13:58:05+00:00","dateModified":"2022-10-13T13:58:05+00:00","author":{"@id":"https:\/\/www.pmpf.rs.gov.br\/secretaria-de-saude\/#\/schema\/person\/d5e03c9407acc37371a3fc616069ca6b"},"breadcrumb":{"@id":"https:\/\/www.pmpf.rs.gov.br\/secretaria-de-saude\/2022\/10\/13\/prefeitura-inaugura-centro-de-referencia-do-idoso\/#breadcrumb"},"inLanguage":"pt-BR","potentialAction":[{"@type":"ReadAction","target":["https:\/\/www.pmpf.rs.gov.br\/secretaria-de-saude\/2022\/10\/13\/prefeitura-inaugura-centro-de-referencia-do-idoso\/"]}]},{"@type":"ImageObject","inLanguage":"pt-BR","@id":"https:\/\/www.pmpf.rs.gov.br\/secretaria-de-saude\/2022\/10\/13\/prefeitura-inaugura-centro-de-referencia-do-idoso\/#primaryimage","url":"https:\/\/www.pmpf.rs.gov.br\/secretaria-de-saude\/wp-content\/uploads\/sites\/50\/2022\/10\/WhatsApp-Image-2022-10-13-at-10.56.19.jpeg","contentUrl":"https:\/\/www.pmpf.rs.gov.br\/secretaria-de-saude\/wp-content\/uploads\/sites\/50\/2022\/10\/WhatsApp-Image-2022-10-13-at-10.56.19.jpeg","width":1024,"height":682},{"@type":"BreadcrumbList","@id":"https:\/\/www.pmpf.rs.gov.br\/secretaria-de-saude\/2022\/10\/13\/prefeitura-inaugura-centro-de-referencia-do-idoso\/#breadcrumb","itemListElement":[{"@type":"ListItem","position":1,"name":"In\u00edcio","item":"https:\/\/www.pmpf.rs.gov.br\/secretaria-de-saude\/"},{"@type":"ListItem","position":2,"name":"Prefeitura inaugura Centro de Refer\u00eancia do Idoso"}]},{"@type":"WebSite","@id":"https:\/\/www.pmpf.rs.gov.br\/secretaria-de-saude\/#website","url":"https:\/\/www.pmpf.rs.gov.br\/secretaria-de-saude\/","name":"Secretaria de Sa\u00fade","description":"S\u00f3 mais um site Prefeitura de Passo Fundo","potentialAction":[{"@type":"SearchAction","target":{"@type":"EntryPoint","urlTemplate":"https:\/\/www.pmpf.rs.gov.br\/secretaria-de-saude\/?s={search_term_string}"},"query-input":{"@type":"PropertyValueSpecification","valueRequired":true,"valueName":"search_term_string"}}],"inLanguage":"pt-BR"},{"@type":"Person","@id":"https:\/\/www.pmpf.rs.gov.br\/secretaria-de-saude\/#\/schema\/person\/d5e03c9407acc37371a3fc616069ca6b","name":"crispuhll","image":{"@type":"ImageObject","inLanguage":"pt-BR","@id":"https:\/\/www.pmpf.rs.gov.br\/secretaria-de-saude\/#\/schema\/person\/image\/","url":"https:\/\/secure.gravatar.com\/avatar\/345741ad9625b2854df5b938a77f8d85?s=96&d=mm&r=g","contentUrl":"https:\/\/secure.gravatar.com\/avatar\/345741ad9625b2854df5b938a77f8d85?s=96&d=mm&r=g","caption":"crispuhll"},"url":"https:\/\/www.pmpf.rs.gov.br\/secretaria-de-saude\/author\/crispuhll\/"}]}},"_links":{"self":[{"href":"https:\/\/www.pmpf.rs.gov.br\/secretaria-de-saude\/wp-json\/wp\/v2\/posts\/3349"}],"collection":[{"href":"https:\/\/www.pmpf.rs.gov.br\/secretaria-de-saude\/wp-json\/wp\/v2\/posts"}],"about":[{"href":"https:\/\/www.pmpf.rs.gov.br\/secretaria-de-saude\/wp-json\/wp\/v2\/types\/post"}],"author":[{"embeddable":true,"href":"https:\/\/www.pmpf.rs.gov.br\/secretaria-de-saude\/wp-json\/wp\/v2\/users\/14"}],"replies":[{"embeddable":true,"href":"https:\/\/www.pmpf.rs.gov.br\/secretaria-de-saude\/wp-json\/wp\/v2\/comments?post=3349"}],"version-history":[{"count":1,"href":"https:\/\/www.pmpf.rs.gov.br\/secretaria-de-saude\/wp-json\/wp\/v2\/posts\/3349\/revisions"}],"predecessor-version":[{"id":3351,"href":"https:\/\/www.pmpf.rs.gov.br\/secretaria-de-saude\/wp-json\/wp\/v2\/posts\/3349\/revisions\/3351"}],"wp:featuredmedia":[{"embeddable":true,"href":"https:\/\/www.pmpf.rs.gov.br\/secretaria-de-saude\/wp-json\/wp\/v2\/media\/3350"}],"wp:attachment":[{"href":"https:\/\/www.pmpf.rs.gov.br\/secretaria-de-saude\/wp-json\/wp\/v2\/media?parent=3349"}],"wp:term":[{"taxonomy":"category","embeddable":true,"href":"https:\/\/www.pmpf.rs.gov.br\/secretaria-de-saude\/wp-json\/wp\/v2\/categories?post=3349"},{"taxonomy":"post_tag","embeddable":true,"href":"https:\/\/www.pmpf.rs.gov.br\/secretaria-de-saude\/wp-json\/wp\/v2\/tags?post=3349"}],"curies":[{"name":"wp","href":"https:\/\/api.w.org\/{rel}","templated":true}]}}