{"id":3333,"date":"2022-09-23T15:44:48","date_gmt":"2022-09-23T18:44:48","guid":{"rendered":"https:\/\/www.pmpf.rs.gov.br\/secretaria-de-saude\/?p=3333"},"modified":"2022-09-23T15:44:50","modified_gmt":"2022-09-23T18:44:50","slug":"agentes-comunitarios-de-saude-realizam-um-trabalho-fundamental-para-a-atencao-basica","status":"publish","type":"post","link":"https:\/\/www.pmpf.rs.gov.br\/secretaria-de-saude\/2022\/09\/23\/agentes-comunitarios-de-saude-realizam-um-trabalho-fundamental-para-a-atencao-basica\/","title":{"rendered":"Agentes comunit\u00e1rios de sa\u00fade realizam um trabalho fundamental para a aten\u00e7\u00e3o b\u00e1sica"},"content":{"rendered":"\n<p><br>Os agentes comunit\u00e1rios de sa\u00fade desenvolvem um trabalho imprescind\u00edvel na promo\u00e7\u00e3o da aten\u00e7\u00e3o b\u00e1sica. S\u00e3o eles que percorrem os bairros e mant\u00eam uma liga\u00e7\u00e3o com os moradores a fim de incentivar os cuidados com a sa\u00fade e o acesso aos servi\u00e7os disponibilizados pela Prefeitura.<br><br>Alex Mello \u00e9 agente comunit\u00e1rio de sa\u00fade h\u00e1 19 anos. Ele atende uma das regi\u00f5es da Estrat\u00e9gia de Sa\u00fade da Fam\u00edlia no Bairro Primeiro Centen\u00e1rio, acompanhando mais de 190 resid\u00eancias e 750 pessoas. \u201cPara mim, \u00e9 gratificante. Mais do que agentes de sa\u00fade, nos tornamos amigos das pessoas. N\u00f3s orientamos, estamos pr\u00f3ximos e sabemos de tudo o que eles precisam para a sa\u00fade, como vacinas, consultas, exames, receitas e materiais para curativos\u201d, afirma.<br><br>Na manh\u00e3 desta sexta-feira (23), uma das pessoas que ele visitou foi a dona Olga, de 70 anos. Ela sofre com varizes e as dores constantes e, al\u00e9m disso, cuida do marido, que tem alzheimer e \u00e9 acamado. Ambos vieram de Alegrete h\u00e1 dois anos e escolheram morar em Passo Fundo devido aos servi\u00e7os de sa\u00fade. \u201cN\u00e3o tinha isso na minha cidade. Eu tinha que caminhar. Aqui \u00e9 bom porque n\u00e3o tenho como sair de casa. Se eu precisar, tenho que chamar algu\u00e9m para cuidar dele. E, com o agente de sa\u00fade, eu consigo atualizar as receitas de medicamentos e marcar exames com mais facilidade\u201d, disse.<br><br>Ao receber a visita de Alex, ela aproveitou para listar alguns exames que necessita realizar. \u201cPara as varizes, conversei com o m\u00e9dico e a cirurgia n\u00e3o \u00e9 muito indicada para o meu caso. Eu estou tomando rem\u00e9dios que o doutor receitou h\u00e1 um m\u00eas e j\u00e1 noto muita diferen\u00e7a, principalmente, para caminhar. Agora eu preciso fazer a mamografia e o preventivo, que ele falou para eu agendar no fim de setembro\u201d, mencionou.<br><br>As visitas dos agentes de sa\u00fade acontecem uma vez por m\u00eas em cada resid\u00eancia. Algumas pessoas s\u00e3o acompanhadas com uma frequ\u00eancia maior, pois precisam de aten\u00e7\u00e3o redobrada. \u201c\u00c9 muito importante mantermos essa proximidade e conseguirmos solucionar aquilo que as pessoas precisam. Sempre digo que vou al\u00e9m da minha obriga\u00e7\u00e3o, buscando facilitar para elas, entendendo as suas dificuldades\u201d, contou Alex.<br><br><br><strong>Capacita\u00e7\u00e3o<\/strong><br><br>A coordenadora dos agentes comunit\u00e1rios, Vanessa Ilha, destaca o papel dos agentes comunit\u00e1rios para a sa\u00fade p\u00fablica. \u201cEsses profissionais fazem a liga\u00e7\u00e3o da aten\u00e7\u00e3o b\u00e1sica com os usu\u00e1rios. Ao realizarem visitas nas casas, que t\u00eam como objetivo a promo\u00e7\u00e3o da sa\u00fade, auxiliam a Secretaria Municipal de Sa\u00fade a atender os indicadores necess\u00e1rios para atingir metas do munic\u00edpio e, sobretudo, fazem a diferen\u00e7a na vida das comunidades. Os agentes informam e convencem as pessoas, como gestantes, hipertensas e diab\u00e9ticas, a acessarem servi\u00e7os. Eles foram estrat\u00e9gicos, por exemplo, na vacina\u00e7\u00e3o contra a Covid-19, verificando a situa\u00e7\u00e3o vacinal e chamando as pessoas para irem se vacinar\u201d, salienta.<br><br>E, devido ao trabalho dos agentes ser fundamental, a Prefeitura promove a capacita\u00e7\u00e3o dos profissionais com o aux\u00edlio dos cursos da Atitus. Os mais de 70 agentes est\u00e3o recebendo cursos para que otimizem os servi\u00e7os prestados \u00e0 popula\u00e7\u00e3o e contribuam ainda mais com a qualifica\u00e7\u00e3o de indicadores locais.<br><br>Vanessa explica como ocorre esse processo. \u201cNo ano passado, os profissionais receberam alunos da Atitus para explicar como acontecem as visitas domiciliares. Em contrapartida, a Atitus est\u00e1 capacitando os agentes no sentido de instrumentalizar com mais conhecimento. O primeiro encontro foi com os estudantes da Medicina para entender mais sobre os indicadores de sa\u00fade. Num segundo momento, tivemos uma capacita\u00e7\u00e3o com o Direito, falando sobre a comunica\u00e7\u00e3o, rela\u00e7\u00f5es e o Direito de Fam\u00edlia. Outros acontecer\u00e3o junto com os cursos de Psicologia, Odontologia e Medicina Veterin\u00e1ria, dentro do que consideramos pertinente em detrimento do trabalho que os profissionais realizam\u201d, pontua.<br><br>A valoriza\u00e7\u00e3o dos agentes tamb\u00e9m impacta na qualidade do servi\u00e7o. Os atendimentos efetuados por eles, por exemplo, v\u00eam sendo expandidos de maneira significativa. Em janeiro de 2021, foram feitas 2 mil visitas. Em janeiro deste ano, o n\u00famero dobrou e ultrapassou 4 mil. J\u00e1 no m\u00eas de julho, um recorde de atendimentos foi conquistado e os agentes fizeram 7,5 mil visitas.<br><br>Para Vanessa, \u00e9 necess\u00e1rio que, ao mesmo tempo em que os profissionais tenham um olhar sens\u00edvel do Munic\u00edpio, sejam reconhecidos pelas comunidades. \u201cCabe dizer \u00e0s pessoas que as visitas dos agentes s\u00e3o de ajuda e de promo\u00e7\u00e3o da sa\u00fade. Por isso, \u00e9 muito importante que elas os recebam em suas casas e tenham um di\u00e1logo\u201d, considerou.<\/p>\n\n\n\n<p><\/p>\n\n\n\n<p><strong>Foto: Michel Sanderi<\/strong><\/p>\n","protected":false},"excerpt":{"rendered":"<p>Eles est\u00e3o inseridos nas comunidades para fazer a ponte das pessoas com os servi\u00e7os de sa\u00fade oferecidos pela Prefeitura<\/p>\n","protected":false},"author":6,"featured_media":3334,"comment_status":"closed","ping_status":"closed","sticky":true,"template":"","format":"standard","meta":{"footnotes":""},"categories":[1],"tags":[],"class_list":["post-3333","post","type-post","status-publish","format-standard","has-post-thumbnail","hentry","category-sem-categoria"],"yoast_head":"<!-- This site is optimized with the Yoast SEO plugin v23.8 - https:\/\/yoast.com\/wordpress\/plugins\/seo\/ -->\n<title>Agentes comunit\u00e1rios de sa\u00fade realizam um trabalho fundamental para a aten\u00e7\u00e3o b\u00e1sica - Secretaria de Sa\u00fade<\/title>\n<meta name=\"robots\" content=\"index, follow, max-snippet:-1, max-image-preview:large, max-video-preview:-1\" \/>\n<link rel=\"canonical\" href=\"https:\/\/www.pmpf.rs.gov.br\/secretaria-de-saude\/2022\/09\/23\/agentes-comunitarios-de-saude-realizam-um-trabalho-fundamental-para-a-atencao-basica\/\" \/>\n<meta property=\"og:locale\" content=\"pt_BR\" \/>\n<meta property=\"og:type\" content=\"article\" \/>\n<meta property=\"og:title\" content=\"Agentes comunit\u00e1rios de sa\u00fade realizam um trabalho fundamental para a aten\u00e7\u00e3o b\u00e1sica - Secretaria de Sa\u00fade\" \/>\n<meta property=\"og:description\" content=\"Eles est\u00e3o inseridos nas comunidades para fazer a ponte das pessoas com os servi\u00e7os de sa\u00fade oferecidos pela Prefeitura\" \/>\n<meta property=\"og:url\" content=\"https:\/\/www.pmpf.rs.gov.br\/secretaria-de-saude\/2022\/09\/23\/agentes-comunitarios-de-saude-realizam-um-trabalho-fundamental-para-a-atencao-basica\/\" \/>\n<meta property=\"og:site_name\" content=\"Secretaria de Sa\u00fade\" \/>\n<meta property=\"article:published_time\" content=\"2022-09-23T18:44:48+00:00\" \/>\n<meta property=\"article:modified_time\" content=\"2022-09-23T18:44:50+00:00\" \/>\n<meta name=\"author\" content=\"andressazorzetto07\" \/>\n<meta name=\"twitter:card\" content=\"summary_large_image\" \/>\n<meta name=\"twitter:label1\" content=\"Escrito por\" \/>\n\t<meta name=\"twitter:data1\" content=\"andressazorzetto07\" \/>\n\t<meta name=\"twitter:label2\" content=\"Est. tempo de leitura\" \/>\n\t<meta name=\"twitter:data2\" content=\"4 minutos\" \/>\n<script type=\"application\/ld+json\" class=\"yoast-schema-graph\">{\"@context\":\"https:\/\/schema.org\",\"@graph\":[{\"@type\":\"WebPage\",\"@id\":\"https:\/\/www.pmpf.rs.gov.br\/secretaria-de-saude\/2022\/09\/23\/agentes-comunitarios-de-saude-realizam-um-trabalho-fundamental-para-a-atencao-basica\/\",\"url\":\"https:\/\/www.pmpf.rs.gov.br\/secretaria-de-saude\/2022\/09\/23\/agentes-comunitarios-de-saude-realizam-um-trabalho-fundamental-para-a-atencao-basica\/\",\"name\":\"Agentes comunit\u00e1rios de sa\u00fade realizam um trabalho fundamental para a aten\u00e7\u00e3o b\u00e1sica - Secretaria de Sa\u00fade\",\"isPartOf\":{\"@id\":\"https:\/\/www.pmpf.rs.gov.br\/secretaria-de-saude\/#website\"},\"primaryImageOfPage\":{\"@id\":\"https:\/\/www.pmpf.rs.gov.br\/secretaria-de-saude\/2022\/09\/23\/agentes-comunitarios-de-saude-realizam-um-trabalho-fundamental-para-a-atencao-basica\/#primaryimage\"},\"image\":{\"@id\":\"https:\/\/www.pmpf.rs.gov.br\/secretaria-de-saude\/2022\/09\/23\/agentes-comunitarios-de-saude-realizam-um-trabalho-fundamental-para-a-atencao-basica\/#primaryimage\"},\"thumbnailUrl\":\"https:\/\/www.pmpf.rs.gov.br\/secretaria-de-saude\/wp-content\/uploads\/sites\/50\/2022\/09\/agente-de-saude-scaled.jpg\",\"datePublished\":\"2022-09-23T18:44:48+00:00\",\"dateModified\":\"2022-09-23T18:44:50+00:00\",\"author\":{\"@id\":\"https:\/\/www.pmpf.rs.gov.br\/secretaria-de-saude\/#\/schema\/person\/30ee1d1bd74da1469b01fcf086e43351\"},\"breadcrumb\":{\"@id\":\"https:\/\/www.pmpf.rs.gov.br\/secretaria-de-saude\/2022\/09\/23\/agentes-comunitarios-de-saude-realizam-um-trabalho-fundamental-para-a-atencao-basica\/#breadcrumb\"},\"inLanguage\":\"pt-BR\",\"potentialAction\":[{\"@type\":\"ReadAction\",\"target\":[\"https:\/\/www.pmpf.rs.gov.br\/secretaria-de-saude\/2022\/09\/23\/agentes-comunitarios-de-saude-realizam-um-trabalho-fundamental-para-a-atencao-basica\/\"]}]},{\"@type\":\"ImageObject\",\"inLanguage\":\"pt-BR\",\"@id\":\"https:\/\/www.pmpf.rs.gov.br\/secretaria-de-saude\/2022\/09\/23\/agentes-comunitarios-de-saude-realizam-um-trabalho-fundamental-para-a-atencao-basica\/#primaryimage\",\"url\":\"https:\/\/www.pmpf.rs.gov.br\/secretaria-de-saude\/wp-content\/uploads\/sites\/50\/2022\/09\/agente-de-saude-scaled.jpg\",\"contentUrl\":\"https:\/\/www.pmpf.rs.gov.br\/secretaria-de-saude\/wp-content\/uploads\/sites\/50\/2022\/09\/agente-de-saude-scaled.jpg\",\"width\":2560,\"height\":1707},{\"@type\":\"BreadcrumbList\",\"@id\":\"https:\/\/www.pmpf.rs.gov.br\/secretaria-de-saude\/2022\/09\/23\/agentes-comunitarios-de-saude-realizam-um-trabalho-fundamental-para-a-atencao-basica\/#breadcrumb\",\"itemListElement\":[{\"@type\":\"ListItem\",\"position\":1,\"name\":\"In\u00edcio\",\"item\":\"https:\/\/www.pmpf.rs.gov.br\/secretaria-de-saude\/\"},{\"@type\":\"ListItem\",\"position\":2,\"name\":\"Agentes comunit\u00e1rios de sa\u00fade realizam um trabalho fundamental para a aten\u00e7\u00e3o b\u00e1sica\"}]},{\"@type\":\"WebSite\",\"@id\":\"https:\/\/www.pmpf.rs.gov.br\/secretaria-de-saude\/#website\",\"url\":\"https:\/\/www.pmpf.rs.gov.br\/secretaria-de-saude\/\",\"name\":\"Secretaria de Sa\u00fade\",\"description\":\"S\u00f3 mais um site Prefeitura de Passo Fundo\",\"potentialAction\":[{\"@type\":\"SearchAction\",\"target\":{\"@type\":\"EntryPoint\",\"urlTemplate\":\"https:\/\/www.pmpf.rs.gov.br\/secretaria-de-saude\/?s={search_term_string}\"},\"query-input\":{\"@type\":\"PropertyValueSpecification\",\"valueRequired\":true,\"valueName\":\"search_term_string\"}}],\"inLanguage\":\"pt-BR\"},{\"@type\":\"Person\",\"@id\":\"https:\/\/www.pmpf.rs.gov.br\/secretaria-de-saude\/#\/schema\/person\/30ee1d1bd74da1469b01fcf086e43351\",\"name\":\"andressazorzetto07\",\"image\":{\"@type\":\"ImageObject\",\"inLanguage\":\"pt-BR\",\"@id\":\"https:\/\/www.pmpf.rs.gov.br\/secretaria-de-saude\/#\/schema\/person\/image\/\",\"url\":\"https:\/\/secure.gravatar.com\/avatar\/14c5458ed79dc81da99a13b9ff5f9f19?s=96&d=mm&r=g\",\"contentUrl\":\"https:\/\/secure.gravatar.com\/avatar\/14c5458ed79dc81da99a13b9ff5f9f19?s=96&d=mm&r=g\",\"caption\":\"andressazorzetto07\"},\"url\":\"https:\/\/www.pmpf.rs.gov.br\/secretaria-de-saude\/author\/andressazorzetto07\/\"}]}<\/script>\n<!-- \/ Yoast SEO plugin. -->","yoast_head_json":{"title":"Agentes comunit\u00e1rios de sa\u00fade realizam um trabalho fundamental para a aten\u00e7\u00e3o b\u00e1sica - Secretaria de Sa\u00fade","robots":{"index":"index","follow":"follow","max-snippet":"max-snippet:-1","max-image-preview":"max-image-preview:large","max-video-preview":"max-video-preview:-1"},"canonical":"https:\/\/www.pmpf.rs.gov.br\/secretaria-de-saude\/2022\/09\/23\/agentes-comunitarios-de-saude-realizam-um-trabalho-fundamental-para-a-atencao-basica\/","og_locale":"pt_BR","og_type":"article","og_title":"Agentes comunit\u00e1rios de sa\u00fade realizam um trabalho fundamental para a aten\u00e7\u00e3o b\u00e1sica - Secretaria de Sa\u00fade","og_description":"Eles est\u00e3o inseridos nas comunidades para fazer a ponte das pessoas com os servi\u00e7os de sa\u00fade oferecidos pela Prefeitura","og_url":"https:\/\/www.pmpf.rs.gov.br\/secretaria-de-saude\/2022\/09\/23\/agentes-comunitarios-de-saude-realizam-um-trabalho-fundamental-para-a-atencao-basica\/","og_site_name":"Secretaria de Sa\u00fade","article_published_time":"2022-09-23T18:44:48+00:00","article_modified_time":"2022-09-23T18:44:50+00:00","author":"andressazorzetto07","twitter_card":"summary_large_image","twitter_misc":{"Escrito por":"andressazorzetto07","Est. tempo de leitura":"4 minutos"},"schema":{"@context":"https:\/\/schema.org","@graph":[{"@type":"WebPage","@id":"https:\/\/www.pmpf.rs.gov.br\/secretaria-de-saude\/2022\/09\/23\/agentes-comunitarios-de-saude-realizam-um-trabalho-fundamental-para-a-atencao-basica\/","url":"https:\/\/www.pmpf.rs.gov.br\/secretaria-de-saude\/2022\/09\/23\/agentes-comunitarios-de-saude-realizam-um-trabalho-fundamental-para-a-atencao-basica\/","name":"Agentes comunit\u00e1rios de sa\u00fade realizam um trabalho fundamental para a aten\u00e7\u00e3o b\u00e1sica - Secretaria de Sa\u00fade","isPartOf":{"@id":"https:\/\/www.pmpf.rs.gov.br\/secretaria-de-saude\/#website"},"primaryImageOfPage":{"@id":"https:\/\/www.pmpf.rs.gov.br\/secretaria-de-saude\/2022\/09\/23\/agentes-comunitarios-de-saude-realizam-um-trabalho-fundamental-para-a-atencao-basica\/#primaryimage"},"image":{"@id":"https:\/\/www.pmpf.rs.gov.br\/secretaria-de-saude\/2022\/09\/23\/agentes-comunitarios-de-saude-realizam-um-trabalho-fundamental-para-a-atencao-basica\/#primaryimage"},"thumbnailUrl":"https:\/\/www.pmpf.rs.gov.br\/secretaria-de-saude\/wp-content\/uploads\/sites\/50\/2022\/09\/agente-de-saude-scaled.jpg","datePublished":"2022-09-23T18:44:48+00:00","dateModified":"2022-09-23T18:44:50+00:00","author":{"@id":"https:\/\/www.pmpf.rs.gov.br\/secretaria-de-saude\/#\/schema\/person\/30ee1d1bd74da1469b01fcf086e43351"},"breadcrumb":{"@id":"https:\/\/www.pmpf.rs.gov.br\/secretaria-de-saude\/2022\/09\/23\/agentes-comunitarios-de-saude-realizam-um-trabalho-fundamental-para-a-atencao-basica\/#breadcrumb"},"inLanguage":"pt-BR","potentialAction":[{"@type":"ReadAction","target":["https:\/\/www.pmpf.rs.gov.br\/secretaria-de-saude\/2022\/09\/23\/agentes-comunitarios-de-saude-realizam-um-trabalho-fundamental-para-a-atencao-basica\/"]}]},{"@type":"ImageObject","inLanguage":"pt-BR","@id":"https:\/\/www.pmpf.rs.gov.br\/secretaria-de-saude\/2022\/09\/23\/agentes-comunitarios-de-saude-realizam-um-trabalho-fundamental-para-a-atencao-basica\/#primaryimage","url":"https:\/\/www.pmpf.rs.gov.br\/secretaria-de-saude\/wp-content\/uploads\/sites\/50\/2022\/09\/agente-de-saude-scaled.jpg","contentUrl":"https:\/\/www.pmpf.rs.gov.br\/secretaria-de-saude\/wp-content\/uploads\/sites\/50\/2022\/09\/agente-de-saude-scaled.jpg","width":2560,"height":1707},{"@type":"BreadcrumbList","@id":"https:\/\/www.pmpf.rs.gov.br\/secretaria-de-saude\/2022\/09\/23\/agentes-comunitarios-de-saude-realizam-um-trabalho-fundamental-para-a-atencao-basica\/#breadcrumb","itemListElement":[{"@type":"ListItem","position":1,"name":"In\u00edcio","item":"https:\/\/www.pmpf.rs.gov.br\/secretaria-de-saude\/"},{"@type":"ListItem","position":2,"name":"Agentes comunit\u00e1rios de sa\u00fade realizam um trabalho fundamental para a aten\u00e7\u00e3o b\u00e1sica"}]},{"@type":"WebSite","@id":"https:\/\/www.pmpf.rs.gov.br\/secretaria-de-saude\/#website","url":"https:\/\/www.pmpf.rs.gov.br\/secretaria-de-saude\/","name":"Secretaria de Sa\u00fade","description":"S\u00f3 mais um site Prefeitura de Passo Fundo","potentialAction":[{"@type":"SearchAction","target":{"@type":"EntryPoint","urlTemplate":"https:\/\/www.pmpf.rs.gov.br\/secretaria-de-saude\/?s={search_term_string}"},"query-input":{"@type":"PropertyValueSpecification","valueRequired":true,"valueName":"search_term_string"}}],"inLanguage":"pt-BR"},{"@type":"Person","@id":"https:\/\/www.pmpf.rs.gov.br\/secretaria-de-saude\/#\/schema\/person\/30ee1d1bd74da1469b01fcf086e43351","name":"andressazorzetto07","image":{"@type":"ImageObject","inLanguage":"pt-BR","@id":"https:\/\/www.pmpf.rs.gov.br\/secretaria-de-saude\/#\/schema\/person\/image\/","url":"https:\/\/secure.gravatar.com\/avatar\/14c5458ed79dc81da99a13b9ff5f9f19?s=96&d=mm&r=g","contentUrl":"https:\/\/secure.gravatar.com\/avatar\/14c5458ed79dc81da99a13b9ff5f9f19?s=96&d=mm&r=g","caption":"andressazorzetto07"},"url":"https:\/\/www.pmpf.rs.gov.br\/secretaria-de-saude\/author\/andressazorzetto07\/"}]}},"_links":{"self":[{"href":"https:\/\/www.pmpf.rs.gov.br\/secretaria-de-saude\/wp-json\/wp\/v2\/posts\/3333"}],"collection":[{"href":"https:\/\/www.pmpf.rs.gov.br\/secretaria-de-saude\/wp-json\/wp\/v2\/posts"}],"about":[{"href":"https:\/\/www.pmpf.rs.gov.br\/secretaria-de-saude\/wp-json\/wp\/v2\/types\/post"}],"author":[{"embeddable":true,"href":"https:\/\/www.pmpf.rs.gov.br\/secretaria-de-saude\/wp-json\/wp\/v2\/users\/6"}],"replies":[{"embeddable":true,"href":"https:\/\/www.pmpf.rs.gov.br\/secretaria-de-saude\/wp-json\/wp\/v2\/comments?post=3333"}],"version-history":[{"count":1,"href":"https:\/\/www.pmpf.rs.gov.br\/secretaria-de-saude\/wp-json\/wp\/v2\/posts\/3333\/revisions"}],"predecessor-version":[{"id":3335,"href":"https:\/\/www.pmpf.rs.gov.br\/secretaria-de-saude\/wp-json\/wp\/v2\/posts\/3333\/revisions\/3335"}],"wp:featuredmedia":[{"embeddable":true,"href":"https:\/\/www.pmpf.rs.gov.br\/secretaria-de-saude\/wp-json\/wp\/v2\/media\/3334"}],"wp:attachment":[{"href":"https:\/\/www.pmpf.rs.gov.br\/secretaria-de-saude\/wp-json\/wp\/v2\/media?parent=3333"}],"wp:term":[{"taxonomy":"category","embeddable":true,"href":"https:\/\/www.pmpf.rs.gov.br\/secretaria-de-saude\/wp-json\/wp\/v2\/categories?post=3333"},{"taxonomy":"post_tag","embeddable":true,"href":"https:\/\/www.pmpf.rs.gov.br\/secretaria-de-saude\/wp-json\/wp\/v2\/tags?post=3333"}],"curies":[{"name":"wp","href":"https:\/\/api.w.org\/{rel}","templated":true}]}}