{"id":3324,"date":"2022-09-16T17:04:10","date_gmt":"2022-09-16T20:04:10","guid":{"rendered":"https:\/\/www.pmpf.rs.gov.br\/secretaria-de-saude\/?p=3324"},"modified":"2022-09-22T08:27:00","modified_gmt":"2022-09-22T11:27:00","slug":"prefeitura-leva-a-vacinacao-contra-a-poliomelite-para-as-escolas","status":"publish","type":"post","link":"https:\/\/www.pmpf.rs.gov.br\/secretaria-de-saude\/2022\/09\/16\/prefeitura-leva-a-vacinacao-contra-a-poliomelite-para-as-escolas\/","title":{"rendered":"Prefeitura leva a vacina\u00e7\u00e3o contra a poliomielite para as escolas"},"content":{"rendered":"\n<p><\/p>\n\n\n\n<p>A Prefeitura est\u00e1 levando a vacina\u00e7\u00e3o contra a poliomielite para as escolas municipais de Educa\u00e7\u00e3o Infantil. O objetivo \u00e9 mobilizar os pais e aumentar a cobertura vacinal contra a doen\u00e7a, que hoje est\u00e1 abaixo do ideal no munic\u00edpio.<\/p>\n\n\n\n<p>A coordenadora de Vigil\u00e2ncia em Sa\u00fade, Marisa Zanatta, explica a mobiliza\u00e7\u00e3o que est\u00e1 sendo realizada para que mais crian\u00e7as sejam vacinadas, uma vez que a cobertura atual \u00e9 de somente 37%. \u201cNossa meta \u00e9 vacinar mais de 95% das crian\u00e7as de um ano a quatro anos, 11 meses e 29 dias. O Minist\u00e9rio da Sa\u00fade prorrogou a campanha nacional at\u00e9 o dia 30 de setembro, e estamos empenhados a conscientizar os pais ou respons\u00e1veis. Praticamente todas as crian\u00e7as de um at\u00e9 cinco anos est\u00e3o nas escolas e, por isso, pensamos que essa a\u00e7\u00e3o pode contribuir bastante com o aumento da cobertura\u201d, justifica.<\/p>\n\n\n\n<p>A partir de uma a\u00e7\u00e3o das secretarias municipais de Sa\u00fade e Educa\u00e7\u00e3o, as escolas foram informadas sobre a iniciativa e definiram junto com as unidades de sa\u00fade uma data para a aplica\u00e7\u00e3o da gotinha. Os pais ou respons\u00e1veis est\u00e3o sendo comunicados para que compare\u00e7am \u00e0s institui\u00e7\u00f5es com a carteirinha de vacina\u00e7\u00e3o das crian\u00e7as. \u201cFaremos a aplica\u00e7\u00e3o da gotinha nas que estiverem acompanhadas dos pais ou respons\u00e1veis. Al\u00e9m disso, se a carteirinha n\u00e3o estiver em dia, orientaremos a buscarem uma unidade de sa\u00fade para que as crian\u00e7as recebam vacinas em atraso. A crian\u00e7a que estiver com todas as vacinas em dia receber\u00e1 um atestado de vacina\u00e7\u00e3o que identifica que est\u00e1 em conformidade com o Calend\u00e1rio Nacional de Vacina\u00e7\u00e3o preconizado pelo Minist\u00e9rio da Sa\u00fade\u201d, destaca Marisa.<\/p>\n\n\n\n<p>Conforme a coordenadora de Vigil\u00e2ncia em Sa\u00fade, outro fator importante e que os pais ou respons\u00e1veis devem considerar \u00e9 que, a partir de 2023, as escolas solicitar\u00e3o um atestado de vacina\u00e7\u00e3o das crian\u00e7as, fornecido pelas unidades de sa\u00fade, para a matr\u00edcula e rematr\u00edcula. \u201cHoje, \u00e9 exigida somente a c\u00f3pia da carteirinha de vacina\u00e7\u00e3o, mas a mudan\u00e7a visa justamente mantermos bons \u00edndices vacinais das crian\u00e7as, o que previne doen\u00e7as e evita que voltemos a notificar doen\u00e7as j\u00e1 controladas\u201d, considera.<\/p>\n\n\n\n<p>A a\u00e7\u00e3o dever\u00e1 ser expandida para mais escolas, uma vez que, paralelamente \u00e0 campanha contra a poliomielite, \u00e9 realizada a de multivacina\u00e7\u00e3o, que tem como foco a atualiza\u00e7\u00e3o da carteirinha de crian\u00e7as e adolescentes com at\u00e9 15 anos. \u201cIniciamos com as escolas de Educa\u00e7\u00e3o Infantil do Munic\u00edpio. Depois, passaremos para as particulares e, posteriormente, faremos a a\u00e7\u00e3o em todas as escolas de Ensino Fundamental para a revis\u00e3o das carteirinhas\u201d, menciona Marisa.<\/p>\n\n\n\n<p>Al\u00e9m das unidades b\u00e1sicas de sa\u00fade, a a\u00e7\u00e3o \u00e9 em parceria com a Universidade de Passo Fundo, por meio do Programa de Educa\u00e7\u00e3o pelo Trabalho em Sa\u00fade (PET- Sa\u00fade) Gest\u00e3o e Assist\u00eancia, envolvendo acad\u00eamicos de diversos cursos da \u00e1rea da sa\u00fade.<\/p>\n\n\n\n<p><\/p>\n\n\n\n<p><strong>Calend\u00e1rio de vacina\u00e7\u00e3o nas EMEIs<\/strong><\/p>\n\n\n\n<p>EMEI SANTA ISABEL &#8211; 23\/09\/2022<\/p>\n\n\n\n<p>EMEI JARDIM DO SOL &#8211; 21\/09\/2022<\/p>\n\n\n\n<p>EMEI RAIO DE LUZ &#8211; 22\/09\/2022<\/p>\n\n\n\n<p>EMEI ANDR\u00c9 ZAFFARI &#8211; 22\/09\/2022<\/p>\n\n\n\n<p>EMEI SILO\u00c9 ROCHA BORDIGNON &#8211; 21\/09\/2022<\/p>\n\n\n\n<p>EMEI TIO PATINHAS &#8211; 23\/09\/2022<\/p>\n\n\n\n<p>EMEI ESTRELA DA MANH\u00c3 &#8211; 29\/09\/2022<\/p>\n\n\n\n<p>EMEI PADRE ALCIDES &#8211; 22\/09\/2022<\/p>\n\n\n\n<p>EMEI ARI SCHAEFFER &#8211; 13\/09\/2022<\/p>\n\n\n\n<p>EMEI O MUNDO DA CRIAN\u00c7A &#8211; 31\/08\/2022<\/p>\n\n\n\n<p>EMEI FADINHA &#8211; 16\/09\/2022<\/p>\n\n\n\n<p>EMEI OS\u00d3RIO CARDOSO TEIXEIRA &#8211; 28 e 29\/09\/2022<\/p>\n\n\n\n<p>EMEI SONHO ENCANTADO &#8211; 21, 22 e 23\/09\/2022<\/p>\n\n\n\n<p>EMEI URSINHOS CARINHOSOS &#8211; 26 e 27\/09\/2022<\/p>\n\n\n\n<p>EMEI FRANCISCO LUIZ BIANCHINI &#8211; 21 e 22\/09<\/p>\n\n\n\n<p>EMEI TOQUINHO DE GENTE &#8211; 22\/09\/2022<\/p>\n\n\n\n<p>EMEI NOSSA SENHORA DAS GRA\u00c7AS &#8211; 27\/09\/2022<\/p>\n\n\n\n<p>EMEI SANTA TEREZINHA &#8211; 22\/09\/2022<\/p>\n\n\n\n<p>EMEI AMIZADE &#8211; 26 e 27\/09\/2022<\/p>\n\n\n\n<p>EMEI FOF\u00c3O &#8211; 22\/09\/2022<\/p>\n\n\n\n<p>EMEI MARIA ELIZABETH &#8211; 29\/09\/2022<\/p>\n\n\n\n<p>EMEI BRANCA DE NEVE &#8211; 26\/09\/2022<\/p>\n\n\n\n<p>EMEI CANTINHO FELIZ &#8211; 23\/09\/2022<\/p>\n\n\n\n<p>EMEI GENY ARA\u00daJO REBECHI &#8211; 26\/09\/2022<\/p>\n\n\n\n<p>EMEI JOS\u00c9 ANT\u00d4NIO FALC\u00c3O &#8211; 27\/09\/2022<\/p>\n\n\n\n<p>EMEI MARGARIDA &#8211; 15\/09\/2022<\/p>\n\n\n\n<p>EMEI CRIAN\u00c7A FELIZ &#8211; 23\/09\/2022<\/p>\n\n\n\n<p>EMEI PADRE ZEZINHO &#8211; 26\/09\/2022<\/p>\n\n\n\n<p>EMEI SANTA LUZIA &#8211; 26 e 27\/09\/2022<\/p>\n\n\n\n<p>EMEI CHAPEUZINHO VERMELHO &#8211; 23\/09\/2022<\/p>\n\n\n\n<p>EMEI MENINO DEUS &#8211; PROFESSOR BANDANA &#8211; 21\/09\/2022<\/p>\n\n\n\n<p>EMEI ABELHINHAS &#8211; 26\/09\/2022<\/p>\n\n\n\n<p>EMEI PADRE PERGENTINO DALMAGRO &#8211; 28\/09\/2022<\/p>\n\n\n\n<p>EMEI CANTINHO DA RITINHA &#8211; 26\/09\/2022<\/p>\n\n\n\n<p>EMEI PROFESSOR JOS\u00c9 LAUD\u00c1RIO HAUPENTHAL &#8211; 21\/09\/2022<\/p>\n\n\n\n<p>EMEI RITA SIROTSKY &#8211; 13\/09\/2022<\/p>\n\n\n\n<p>EMEI VOV\u00d3 NELLY &#8211; 22\/09\/2022<\/p>\n","protected":false},"excerpt":{"rendered":"<p>A Prefeitura est\u00e1 levando a vacina\u00e7\u00e3o contra a poliomielite para as escolas municipais de Educa\u00e7\u00e3o Infantil. O objetivo \u00e9 mobilizar os pais e aumentar a cobertura vacinal contra a doen\u00e7a, que hoje [&hellip;]<\/p>\n","protected":false},"author":6,"featured_media":3325,"comment_status":"closed","ping_status":"closed","sticky":true,"template":"","format":"standard","meta":{"footnotes":""},"categories":[1],"tags":[],"class_list":["post-3324","post","type-post","status-publish","format-standard","has-post-thumbnail","hentry","category-sem-categoria"],"yoast_head":"<!-- This site is optimized with the Yoast SEO plugin v23.8 - https:\/\/yoast.com\/wordpress\/plugins\/seo\/ -->\n<title>Prefeitura leva a vacina\u00e7\u00e3o contra a poliomielite para as escolas - Secretaria de Sa\u00fade<\/title>\n<meta name=\"robots\" content=\"index, follow, max-snippet:-1, max-image-preview:large, max-video-preview:-1\" \/>\n<link rel=\"canonical\" href=\"https:\/\/www.pmpf.rs.gov.br\/secretaria-de-saude\/2022\/09\/16\/prefeitura-leva-a-vacinacao-contra-a-poliomelite-para-as-escolas\/\" \/>\n<meta property=\"og:locale\" content=\"pt_BR\" \/>\n<meta property=\"og:type\" content=\"article\" \/>\n<meta property=\"og:title\" content=\"Prefeitura leva a vacina\u00e7\u00e3o contra a poliomielite para as escolas - Secretaria de Sa\u00fade\" \/>\n<meta property=\"og:description\" content=\"A Prefeitura est\u00e1 levando a vacina\u00e7\u00e3o contra a poliomielite para as escolas municipais de Educa\u00e7\u00e3o Infantil. O objetivo \u00e9 mobilizar os pais e aumentar a cobertura vacinal contra a doen\u00e7a, que hoje [&hellip;]\" \/>\n<meta property=\"og:url\" content=\"https:\/\/www.pmpf.rs.gov.br\/secretaria-de-saude\/2022\/09\/16\/prefeitura-leva-a-vacinacao-contra-a-poliomelite-para-as-escolas\/\" \/>\n<meta property=\"og:site_name\" content=\"Secretaria de Sa\u00fade\" \/>\n<meta property=\"article:published_time\" content=\"2022-09-16T20:04:10+00:00\" \/>\n<meta property=\"article:modified_time\" content=\"2022-09-22T11:27:00+00:00\" \/>\n<meta property=\"og:image\" content=\"https:\/\/www.pmpf.rs.gov.br\/secretaria-de-saude\/wp-content\/uploads\/sites\/50\/2022\/09\/vacina.jpg\" \/>\n\t<meta property=\"og:image:width\" content=\"1280\" \/>\n\t<meta property=\"og:image:height\" content=\"853\" \/>\n\t<meta property=\"og:image:type\" content=\"image\/jpeg\" \/>\n<meta name=\"author\" content=\"andressazorzetto07\" \/>\n<meta name=\"twitter:card\" content=\"summary_large_image\" \/>\n<meta name=\"twitter:label1\" content=\"Escrito por\" \/>\n\t<meta name=\"twitter:data1\" content=\"andressazorzetto07\" \/>\n\t<meta name=\"twitter:label2\" content=\"Est. tempo de leitura\" \/>\n\t<meta name=\"twitter:data2\" content=\"3 minutos\" \/>\n<script type=\"application\/ld+json\" class=\"yoast-schema-graph\">{\"@context\":\"https:\/\/schema.org\",\"@graph\":[{\"@type\":\"WebPage\",\"@id\":\"https:\/\/www.pmpf.rs.gov.br\/secretaria-de-saude\/2022\/09\/16\/prefeitura-leva-a-vacinacao-contra-a-poliomelite-para-as-escolas\/\",\"url\":\"https:\/\/www.pmpf.rs.gov.br\/secretaria-de-saude\/2022\/09\/16\/prefeitura-leva-a-vacinacao-contra-a-poliomelite-para-as-escolas\/\",\"name\":\"Prefeitura leva a vacina\u00e7\u00e3o contra a poliomielite para as escolas - Secretaria de Sa\u00fade\",\"isPartOf\":{\"@id\":\"https:\/\/www.pmpf.rs.gov.br\/secretaria-de-saude\/#website\"},\"primaryImageOfPage\":{\"@id\":\"https:\/\/www.pmpf.rs.gov.br\/secretaria-de-saude\/2022\/09\/16\/prefeitura-leva-a-vacinacao-contra-a-poliomelite-para-as-escolas\/#primaryimage\"},\"image\":{\"@id\":\"https:\/\/www.pmpf.rs.gov.br\/secretaria-de-saude\/2022\/09\/16\/prefeitura-leva-a-vacinacao-contra-a-poliomelite-para-as-escolas\/#primaryimage\"},\"thumbnailUrl\":\"https:\/\/www.pmpf.rs.gov.br\/secretaria-de-saude\/wp-content\/uploads\/sites\/50\/2022\/09\/vacina.jpg\",\"datePublished\":\"2022-09-16T20:04:10+00:00\",\"dateModified\":\"2022-09-22T11:27:00+00:00\",\"author\":{\"@id\":\"https:\/\/www.pmpf.rs.gov.br\/secretaria-de-saude\/#\/schema\/person\/30ee1d1bd74da1469b01fcf086e43351\"},\"breadcrumb\":{\"@id\":\"https:\/\/www.pmpf.rs.gov.br\/secretaria-de-saude\/2022\/09\/16\/prefeitura-leva-a-vacinacao-contra-a-poliomelite-para-as-escolas\/#breadcrumb\"},\"inLanguage\":\"pt-BR\",\"potentialAction\":[{\"@type\":\"ReadAction\",\"target\":[\"https:\/\/www.pmpf.rs.gov.br\/secretaria-de-saude\/2022\/09\/16\/prefeitura-leva-a-vacinacao-contra-a-poliomelite-para-as-escolas\/\"]}]},{\"@type\":\"ImageObject\",\"inLanguage\":\"pt-BR\",\"@id\":\"https:\/\/www.pmpf.rs.gov.br\/secretaria-de-saude\/2022\/09\/16\/prefeitura-leva-a-vacinacao-contra-a-poliomelite-para-as-escolas\/#primaryimage\",\"url\":\"https:\/\/www.pmpf.rs.gov.br\/secretaria-de-saude\/wp-content\/uploads\/sites\/50\/2022\/09\/vacina.jpg\",\"contentUrl\":\"https:\/\/www.pmpf.rs.gov.br\/secretaria-de-saude\/wp-content\/uploads\/sites\/50\/2022\/09\/vacina.jpg\",\"width\":1280,\"height\":853},{\"@type\":\"BreadcrumbList\",\"@id\":\"https:\/\/www.pmpf.rs.gov.br\/secretaria-de-saude\/2022\/09\/16\/prefeitura-leva-a-vacinacao-contra-a-poliomelite-para-as-escolas\/#breadcrumb\",\"itemListElement\":[{\"@type\":\"ListItem\",\"position\":1,\"name\":\"In\u00edcio\",\"item\":\"https:\/\/www.pmpf.rs.gov.br\/secretaria-de-saude\/\"},{\"@type\":\"ListItem\",\"position\":2,\"name\":\"Prefeitura leva a vacina\u00e7\u00e3o contra a poliomielite para as escolas\"}]},{\"@type\":\"WebSite\",\"@id\":\"https:\/\/www.pmpf.rs.gov.br\/secretaria-de-saude\/#website\",\"url\":\"https:\/\/www.pmpf.rs.gov.br\/secretaria-de-saude\/\",\"name\":\"Secretaria de Sa\u00fade\",\"description\":\"S\u00f3 mais um site Prefeitura de Passo Fundo\",\"potentialAction\":[{\"@type\":\"SearchAction\",\"target\":{\"@type\":\"EntryPoint\",\"urlTemplate\":\"https:\/\/www.pmpf.rs.gov.br\/secretaria-de-saude\/?s={search_term_string}\"},\"query-input\":{\"@type\":\"PropertyValueSpecification\",\"valueRequired\":true,\"valueName\":\"search_term_string\"}}],\"inLanguage\":\"pt-BR\"},{\"@type\":\"Person\",\"@id\":\"https:\/\/www.pmpf.rs.gov.br\/secretaria-de-saude\/#\/schema\/person\/30ee1d1bd74da1469b01fcf086e43351\",\"name\":\"andressazorzetto07\",\"image\":{\"@type\":\"ImageObject\",\"inLanguage\":\"pt-BR\",\"@id\":\"https:\/\/www.pmpf.rs.gov.br\/secretaria-de-saude\/#\/schema\/person\/image\/\",\"url\":\"https:\/\/secure.gravatar.com\/avatar\/14c5458ed79dc81da99a13b9ff5f9f19?s=96&d=mm&r=g\",\"contentUrl\":\"https:\/\/secure.gravatar.com\/avatar\/14c5458ed79dc81da99a13b9ff5f9f19?s=96&d=mm&r=g\",\"caption\":\"andressazorzetto07\"},\"url\":\"https:\/\/www.pmpf.rs.gov.br\/secretaria-de-saude\/author\/andressazorzetto07\/\"}]}<\/script>\n<!-- \/ Yoast SEO plugin. -->","yoast_head_json":{"title":"Prefeitura leva a vacina\u00e7\u00e3o contra a poliomielite para as escolas - Secretaria de Sa\u00fade","robots":{"index":"index","follow":"follow","max-snippet":"max-snippet:-1","max-image-preview":"max-image-preview:large","max-video-preview":"max-video-preview:-1"},"canonical":"https:\/\/www.pmpf.rs.gov.br\/secretaria-de-saude\/2022\/09\/16\/prefeitura-leva-a-vacinacao-contra-a-poliomelite-para-as-escolas\/","og_locale":"pt_BR","og_type":"article","og_title":"Prefeitura leva a vacina\u00e7\u00e3o contra a poliomielite para as escolas - Secretaria de Sa\u00fade","og_description":"A Prefeitura est\u00e1 levando a vacina\u00e7\u00e3o contra a poliomielite para as escolas municipais de Educa\u00e7\u00e3o Infantil. O objetivo \u00e9 mobilizar os pais e aumentar a cobertura vacinal contra a doen\u00e7a, que hoje [&hellip;]","og_url":"https:\/\/www.pmpf.rs.gov.br\/secretaria-de-saude\/2022\/09\/16\/prefeitura-leva-a-vacinacao-contra-a-poliomelite-para-as-escolas\/","og_site_name":"Secretaria de Sa\u00fade","article_published_time":"2022-09-16T20:04:10+00:00","article_modified_time":"2022-09-22T11:27:00+00:00","og_image":[{"width":1280,"height":853,"url":"https:\/\/www.pmpf.rs.gov.br\/secretaria-de-saude\/wp-content\/uploads\/sites\/50\/2022\/09\/vacina.jpg","type":"image\/jpeg"}],"author":"andressazorzetto07","twitter_card":"summary_large_image","twitter_misc":{"Escrito por":"andressazorzetto07","Est. tempo de leitura":"3 minutos"},"schema":{"@context":"https:\/\/schema.org","@graph":[{"@type":"WebPage","@id":"https:\/\/www.pmpf.rs.gov.br\/secretaria-de-saude\/2022\/09\/16\/prefeitura-leva-a-vacinacao-contra-a-poliomelite-para-as-escolas\/","url":"https:\/\/www.pmpf.rs.gov.br\/secretaria-de-saude\/2022\/09\/16\/prefeitura-leva-a-vacinacao-contra-a-poliomelite-para-as-escolas\/","name":"Prefeitura leva a vacina\u00e7\u00e3o contra a poliomielite para as escolas - Secretaria de Sa\u00fade","isPartOf":{"@id":"https:\/\/www.pmpf.rs.gov.br\/secretaria-de-saude\/#website"},"primaryImageOfPage":{"@id":"https:\/\/www.pmpf.rs.gov.br\/secretaria-de-saude\/2022\/09\/16\/prefeitura-leva-a-vacinacao-contra-a-poliomelite-para-as-escolas\/#primaryimage"},"image":{"@id":"https:\/\/www.pmpf.rs.gov.br\/secretaria-de-saude\/2022\/09\/16\/prefeitura-leva-a-vacinacao-contra-a-poliomelite-para-as-escolas\/#primaryimage"},"thumbnailUrl":"https:\/\/www.pmpf.rs.gov.br\/secretaria-de-saude\/wp-content\/uploads\/sites\/50\/2022\/09\/vacina.jpg","datePublished":"2022-09-16T20:04:10+00:00","dateModified":"2022-09-22T11:27:00+00:00","author":{"@id":"https:\/\/www.pmpf.rs.gov.br\/secretaria-de-saude\/#\/schema\/person\/30ee1d1bd74da1469b01fcf086e43351"},"breadcrumb":{"@id":"https:\/\/www.pmpf.rs.gov.br\/secretaria-de-saude\/2022\/09\/16\/prefeitura-leva-a-vacinacao-contra-a-poliomelite-para-as-escolas\/#breadcrumb"},"inLanguage":"pt-BR","potentialAction":[{"@type":"ReadAction","target":["https:\/\/www.pmpf.rs.gov.br\/secretaria-de-saude\/2022\/09\/16\/prefeitura-leva-a-vacinacao-contra-a-poliomelite-para-as-escolas\/"]}]},{"@type":"ImageObject","inLanguage":"pt-BR","@id":"https:\/\/www.pmpf.rs.gov.br\/secretaria-de-saude\/2022\/09\/16\/prefeitura-leva-a-vacinacao-contra-a-poliomelite-para-as-escolas\/#primaryimage","url":"https:\/\/www.pmpf.rs.gov.br\/secretaria-de-saude\/wp-content\/uploads\/sites\/50\/2022\/09\/vacina.jpg","contentUrl":"https:\/\/www.pmpf.rs.gov.br\/secretaria-de-saude\/wp-content\/uploads\/sites\/50\/2022\/09\/vacina.jpg","width":1280,"height":853},{"@type":"BreadcrumbList","@id":"https:\/\/www.pmpf.rs.gov.br\/secretaria-de-saude\/2022\/09\/16\/prefeitura-leva-a-vacinacao-contra-a-poliomelite-para-as-escolas\/#breadcrumb","itemListElement":[{"@type":"ListItem","position":1,"name":"In\u00edcio","item":"https:\/\/www.pmpf.rs.gov.br\/secretaria-de-saude\/"},{"@type":"ListItem","position":2,"name":"Prefeitura leva a vacina\u00e7\u00e3o contra a poliomielite para as escolas"}]},{"@type":"WebSite","@id":"https:\/\/www.pmpf.rs.gov.br\/secretaria-de-saude\/#website","url":"https:\/\/www.pmpf.rs.gov.br\/secretaria-de-saude\/","name":"Secretaria de Sa\u00fade","description":"S\u00f3 mais um site Prefeitura de Passo Fundo","potentialAction":[{"@type":"SearchAction","target":{"@type":"EntryPoint","urlTemplate":"https:\/\/www.pmpf.rs.gov.br\/secretaria-de-saude\/?s={search_term_string}"},"query-input":{"@type":"PropertyValueSpecification","valueRequired":true,"valueName":"search_term_string"}}],"inLanguage":"pt-BR"},{"@type":"Person","@id":"https:\/\/www.pmpf.rs.gov.br\/secretaria-de-saude\/#\/schema\/person\/30ee1d1bd74da1469b01fcf086e43351","name":"andressazorzetto07","image":{"@type":"ImageObject","inLanguage":"pt-BR","@id":"https:\/\/www.pmpf.rs.gov.br\/secretaria-de-saude\/#\/schema\/person\/image\/","url":"https:\/\/secure.gravatar.com\/avatar\/14c5458ed79dc81da99a13b9ff5f9f19?s=96&d=mm&r=g","contentUrl":"https:\/\/secure.gravatar.com\/avatar\/14c5458ed79dc81da99a13b9ff5f9f19?s=96&d=mm&r=g","caption":"andressazorzetto07"},"url":"https:\/\/www.pmpf.rs.gov.br\/secretaria-de-saude\/author\/andressazorzetto07\/"}]}},"_links":{"self":[{"href":"https:\/\/www.pmpf.rs.gov.br\/secretaria-de-saude\/wp-json\/wp\/v2\/posts\/3324"}],"collection":[{"href":"https:\/\/www.pmpf.rs.gov.br\/secretaria-de-saude\/wp-json\/wp\/v2\/posts"}],"about":[{"href":"https:\/\/www.pmpf.rs.gov.br\/secretaria-de-saude\/wp-json\/wp\/v2\/types\/post"}],"author":[{"embeddable":true,"href":"https:\/\/www.pmpf.rs.gov.br\/secretaria-de-saude\/wp-json\/wp\/v2\/users\/6"}],"replies":[{"embeddable":true,"href":"https:\/\/www.pmpf.rs.gov.br\/secretaria-de-saude\/wp-json\/wp\/v2\/comments?post=3324"}],"version-history":[{"count":4,"href":"https:\/\/www.pmpf.rs.gov.br\/secretaria-de-saude\/wp-json\/wp\/v2\/posts\/3324\/revisions"}],"predecessor-version":[{"id":3332,"href":"https:\/\/www.pmpf.rs.gov.br\/secretaria-de-saude\/wp-json\/wp\/v2\/posts\/3324\/revisions\/3332"}],"wp:featuredmedia":[{"embeddable":true,"href":"https:\/\/www.pmpf.rs.gov.br\/secretaria-de-saude\/wp-json\/wp\/v2\/media\/3325"}],"wp:attachment":[{"href":"https:\/\/www.pmpf.rs.gov.br\/secretaria-de-saude\/wp-json\/wp\/v2\/media?parent=3324"}],"wp:term":[{"taxonomy":"category","embeddable":true,"href":"https:\/\/www.pmpf.rs.gov.br\/secretaria-de-saude\/wp-json\/wp\/v2\/categories?post=3324"},{"taxonomy":"post_tag","embeddable":true,"href":"https:\/\/www.pmpf.rs.gov.br\/secretaria-de-saude\/wp-json\/wp\/v2\/tags?post=3324"}],"curies":[{"name":"wp","href":"https:\/\/api.w.org\/{rel}","templated":true}]}}