{"id":3321,"date":"2022-09-16T16:00:20","date_gmt":"2022-09-16T19:00:20","guid":{"rendered":"https:\/\/www.pmpf.rs.gov.br\/secretaria-de-saude\/?p=3321"},"modified":"2022-09-16T16:00:20","modified_gmt":"2022-09-16T19:00:20","slug":"criancas-recebem-oculos-gratuitos-da-prefeitura","status":"publish","type":"post","link":"https:\/\/www.pmpf.rs.gov.br\/secretaria-de-saude\/2022\/09\/16\/criancas-recebem-oculos-gratuitos-da-prefeitura\/","title":{"rendered":"Crian\u00e7as recebem \u00f3culos gratuitos da Prefeitura"},"content":{"rendered":"\n<p><\/p>\n\n\n\n<p><\/p>\n\n\n\n<p>Augusto, de cinco anos, estava muito animado para ganhar o novo \u00f3culos. Aluno da Escola Municipal de Educa\u00e7\u00e3o Infantil Jardim do Sol, ele foi uma das crian\u00e7as atendidas pelo programa Olhar de Crian\u00e7a da Prefeitura e, agora, vai enxergar melhor e aprender mais. \u201cT\u00f4 feliz. Muito obrigado\u201d, repetia ele.<\/p>\n\n\n\n<p>A m\u00e3e, Suelen Pimentel, afirmou que o recebimento gratuito dos \u00f3culos \u00e9 muito importante para a fam\u00edlia. \u201cEle estava bem ansioso para este momento. Eu j\u00e1 tinha&nbsp;percebido um desconforto porque ele ficava muito pr\u00f3ximo da televis\u00e3o para assistir. Para mim e para o Augusto, \u00e9 gratificante ter esse recurso por meio da escola e da Prefeitura\u201d, contou.<\/p>\n\n\n\n<p>A entrega dos \u00f3culos aos estudantes da EMEI Jardim do Sol foi realizada na manh\u00e3 desta sexta-feira. Assim como os demais alunos da educa\u00e7\u00e3o infantil da rede municipal de tr\u00eas a seis anos, eles passaram por um teste de acuidade visual na pr\u00f3pria institui\u00e7\u00e3o e aqueles que tiveram alguma altera\u00e7\u00e3o registrada foram encaminhados para consulta com especialista no Hospital de Olhos. Os que necessitavam de \u00f3culos o receberam de forma gratuita.<\/p>\n\n\n\n<p>O prefeito Pedro Almeida considera que a iniciativa vai trazer resultados para o futuro das crian\u00e7as. \u201cToda vez que a gente investe em uma crian\u00e7a est\u00e1 fazendo um gesto concreto pela cidade. Se o aluno n\u00e3o enxerga bem, ter\u00e1 mais dificuldades para aprender e ser alfabetizado. Por isso, o programa Olhar de Crian\u00e7a \u00e9 essencial para a educa\u00e7\u00e3o e para criarmos condi\u00e7\u00f5es para que as crian\u00e7as se desenvolvam na escola\u201d, enfatizou.<\/p>\n\n\n\n<p>Conforme a secret\u00e1ria de Sa\u00fade, Cristine Pilati, no \u00faltimo ano, 1,5 mil crian\u00e7as passaram pela triagem na pr\u00f3pria escola, mais de 510 foram encaminhadas para consulta no Hospital de Olhos, 202 j\u00e1 foram atendidas e 85 precisaram do \u00f3culos. \u201cSabemos a diferen\u00e7a que enxergar bem faz para a aprendizagem das crian\u00e7as. Com os \u00f3culos, conseguimos combater desigualdades e uma defici\u00eancia que, \u00e0s vezes, os pais nem sabem que elas t\u00eam\u201d, destacou.<\/p>\n\n\n\n<p><strong>Sons do Mundo<br><\/strong>Foi com a mesma perspectiva do Olhar de Crian\u00e7a que a Prefeitura criou, em abril deste ano, o programa Sons do Mundo, que busca identificar crian\u00e7as com defici\u00eancias auditivas na rede municipal e assegurar que recebam o acompanhamento necess\u00e1rio. O p\u00fablico-alvo s\u00e3o as crian\u00e7as de 3 a 8 anos que estudam na rede municipal.<\/p>\n\n\n\n<p>Conforme explica a secret\u00e1ria de Sa\u00fade, Cristine Pilati, \u201co programa Sons do Mundo tem o objetivo de preencher a lacuna que possa existir entre crian\u00e7as que realizaram o Teste da Orelhinha quando nasceram e crian\u00e7as que est\u00e3o em idade escolar e que, por algum motivo, possam ter desenvolvido d\u00e9ficit auditivo\u201d.<\/p>\n\n\n\n<p>Os alunos s\u00e3o triados nas escolas por uma fonoaudi\u00f3loga, com avalia\u00e7\u00e3o cl\u00ednica, otoscopia e aplica\u00e7\u00e3o do teste de emiss\u00f5es otoac\u00fasticas. Em caso de detec\u00e7\u00e3o de altera\u00e7\u00f5es, a crian\u00e7a \u00e9 encaminhada para atendimento especializado e realiza\u00e7\u00e3o de audiometria convencional.<\/p>\n","protected":false},"excerpt":{"rendered":"<p>Nesta sexta-feira (16), a entrega dos \u00f3culos pelo programa Olhar de Crian\u00e7a foi feita aos alunos da EMEI Jardim do Sol<\/p>\n","protected":false},"author":6,"featured_media":3322,"comment_status":"closed","ping_status":"closed","sticky":true,"template":"","format":"standard","meta":{"footnotes":""},"categories":[22],"tags":[],"class_list":["post-3321","post","type-post","status-publish","format-standard","has-post-thumbnail","hentry","category-olhar-de-crianca"],"yoast_head":"<!-- This site is optimized with the Yoast SEO plugin v23.8 - https:\/\/yoast.com\/wordpress\/plugins\/seo\/ -->\n<title>Crian\u00e7as recebem \u00f3culos gratuitos da Prefeitura - Secretaria de Sa\u00fade<\/title>\n<meta name=\"robots\" content=\"index, follow, max-snippet:-1, max-image-preview:large, max-video-preview:-1\" \/>\n<link rel=\"canonical\" href=\"https:\/\/www.pmpf.rs.gov.br\/secretaria-de-saude\/2022\/09\/16\/criancas-recebem-oculos-gratuitos-da-prefeitura\/\" \/>\n<meta property=\"og:locale\" content=\"pt_BR\" \/>\n<meta property=\"og:type\" content=\"article\" \/>\n<meta property=\"og:title\" content=\"Crian\u00e7as recebem \u00f3culos gratuitos da Prefeitura - Secretaria de Sa\u00fade\" \/>\n<meta property=\"og:description\" content=\"Nesta sexta-feira (16), a entrega dos \u00f3culos pelo programa Olhar de Crian\u00e7a foi feita aos alunos da EMEI Jardim do Sol\" \/>\n<meta property=\"og:url\" content=\"https:\/\/www.pmpf.rs.gov.br\/secretaria-de-saude\/2022\/09\/16\/criancas-recebem-oculos-gratuitos-da-prefeitura\/\" \/>\n<meta property=\"og:site_name\" content=\"Secretaria de Sa\u00fade\" \/>\n<meta property=\"article:published_time\" content=\"2022-09-16T19:00:20+00:00\" \/>\n<meta name=\"author\" content=\"andressazorzetto07\" \/>\n<meta name=\"twitter:card\" content=\"summary_large_image\" \/>\n<meta name=\"twitter:label1\" content=\"Escrito por\" \/>\n\t<meta name=\"twitter:data1\" content=\"andressazorzetto07\" \/>\n\t<meta name=\"twitter:label2\" content=\"Est. tempo de leitura\" \/>\n\t<meta name=\"twitter:data2\" content=\"3 minutos\" \/>\n<script type=\"application\/ld+json\" class=\"yoast-schema-graph\">{\"@context\":\"https:\/\/schema.org\",\"@graph\":[{\"@type\":\"WebPage\",\"@id\":\"https:\/\/www.pmpf.rs.gov.br\/secretaria-de-saude\/2022\/09\/16\/criancas-recebem-oculos-gratuitos-da-prefeitura\/\",\"url\":\"https:\/\/www.pmpf.rs.gov.br\/secretaria-de-saude\/2022\/09\/16\/criancas-recebem-oculos-gratuitos-da-prefeitura\/\",\"name\":\"Crian\u00e7as recebem \u00f3culos gratuitos da Prefeitura - Secretaria de Sa\u00fade\",\"isPartOf\":{\"@id\":\"https:\/\/www.pmpf.rs.gov.br\/secretaria-de-saude\/#website\"},\"primaryImageOfPage\":{\"@id\":\"https:\/\/www.pmpf.rs.gov.br\/secretaria-de-saude\/2022\/09\/16\/criancas-recebem-oculos-gratuitos-da-prefeitura\/#primaryimage\"},\"image\":{\"@id\":\"https:\/\/www.pmpf.rs.gov.br\/secretaria-de-saude\/2022\/09\/16\/criancas-recebem-oculos-gratuitos-da-prefeitura\/#primaryimage\"},\"thumbnailUrl\":\"https:\/\/www.pmpf.rs.gov.br\/secretaria-de-saude\/wp-content\/uploads\/sites\/50\/2022\/09\/olhar-de-crianca-augusto-e1663354781636.jpg\",\"datePublished\":\"2022-09-16T19:00:20+00:00\",\"dateModified\":\"2022-09-16T19:00:20+00:00\",\"author\":{\"@id\":\"https:\/\/www.pmpf.rs.gov.br\/secretaria-de-saude\/#\/schema\/person\/30ee1d1bd74da1469b01fcf086e43351\"},\"breadcrumb\":{\"@id\":\"https:\/\/www.pmpf.rs.gov.br\/secretaria-de-saude\/2022\/09\/16\/criancas-recebem-oculos-gratuitos-da-prefeitura\/#breadcrumb\"},\"inLanguage\":\"pt-BR\",\"potentialAction\":[{\"@type\":\"ReadAction\",\"target\":[\"https:\/\/www.pmpf.rs.gov.br\/secretaria-de-saude\/2022\/09\/16\/criancas-recebem-oculos-gratuitos-da-prefeitura\/\"]}]},{\"@type\":\"ImageObject\",\"inLanguage\":\"pt-BR\",\"@id\":\"https:\/\/www.pmpf.rs.gov.br\/secretaria-de-saude\/2022\/09\/16\/criancas-recebem-oculos-gratuitos-da-prefeitura\/#primaryimage\",\"url\":\"https:\/\/www.pmpf.rs.gov.br\/secretaria-de-saude\/wp-content\/uploads\/sites\/50\/2022\/09\/olhar-de-crianca-augusto-e1663354781636.jpg\",\"contentUrl\":\"https:\/\/www.pmpf.rs.gov.br\/secretaria-de-saude\/wp-content\/uploads\/sites\/50\/2022\/09\/olhar-de-crianca-augusto-e1663354781636.jpg\",\"width\":768,\"height\":1024},{\"@type\":\"BreadcrumbList\",\"@id\":\"https:\/\/www.pmpf.rs.gov.br\/secretaria-de-saude\/2022\/09\/16\/criancas-recebem-oculos-gratuitos-da-prefeitura\/#breadcrumb\",\"itemListElement\":[{\"@type\":\"ListItem\",\"position\":1,\"name\":\"In\u00edcio\",\"item\":\"https:\/\/www.pmpf.rs.gov.br\/secretaria-de-saude\/\"},{\"@type\":\"ListItem\",\"position\":2,\"name\":\"Crian\u00e7as recebem \u00f3culos gratuitos da Prefeitura\"}]},{\"@type\":\"WebSite\",\"@id\":\"https:\/\/www.pmpf.rs.gov.br\/secretaria-de-saude\/#website\",\"url\":\"https:\/\/www.pmpf.rs.gov.br\/secretaria-de-saude\/\",\"name\":\"Secretaria de Sa\u00fade\",\"description\":\"S\u00f3 mais um site Prefeitura de Passo Fundo\",\"potentialAction\":[{\"@type\":\"SearchAction\",\"target\":{\"@type\":\"EntryPoint\",\"urlTemplate\":\"https:\/\/www.pmpf.rs.gov.br\/secretaria-de-saude\/?s={search_term_string}\"},\"query-input\":{\"@type\":\"PropertyValueSpecification\",\"valueRequired\":true,\"valueName\":\"search_term_string\"}}],\"inLanguage\":\"pt-BR\"},{\"@type\":\"Person\",\"@id\":\"https:\/\/www.pmpf.rs.gov.br\/secretaria-de-saude\/#\/schema\/person\/30ee1d1bd74da1469b01fcf086e43351\",\"name\":\"andressazorzetto07\",\"image\":{\"@type\":\"ImageObject\",\"inLanguage\":\"pt-BR\",\"@id\":\"https:\/\/www.pmpf.rs.gov.br\/secretaria-de-saude\/#\/schema\/person\/image\/\",\"url\":\"https:\/\/secure.gravatar.com\/avatar\/14c5458ed79dc81da99a13b9ff5f9f19?s=96&d=mm&r=g\",\"contentUrl\":\"https:\/\/secure.gravatar.com\/avatar\/14c5458ed79dc81da99a13b9ff5f9f19?s=96&d=mm&r=g\",\"caption\":\"andressazorzetto07\"},\"url\":\"https:\/\/www.pmpf.rs.gov.br\/secretaria-de-saude\/author\/andressazorzetto07\/\"}]}<\/script>\n<!-- \/ Yoast SEO plugin. -->","yoast_head_json":{"title":"Crian\u00e7as recebem \u00f3culos gratuitos da Prefeitura - Secretaria de Sa\u00fade","robots":{"index":"index","follow":"follow","max-snippet":"max-snippet:-1","max-image-preview":"max-image-preview:large","max-video-preview":"max-video-preview:-1"},"canonical":"https:\/\/www.pmpf.rs.gov.br\/secretaria-de-saude\/2022\/09\/16\/criancas-recebem-oculos-gratuitos-da-prefeitura\/","og_locale":"pt_BR","og_type":"article","og_title":"Crian\u00e7as recebem \u00f3culos gratuitos da Prefeitura - Secretaria de Sa\u00fade","og_description":"Nesta sexta-feira (16), a entrega dos \u00f3culos pelo programa Olhar de Crian\u00e7a foi feita aos alunos da EMEI Jardim do Sol","og_url":"https:\/\/www.pmpf.rs.gov.br\/secretaria-de-saude\/2022\/09\/16\/criancas-recebem-oculos-gratuitos-da-prefeitura\/","og_site_name":"Secretaria de Sa\u00fade","article_published_time":"2022-09-16T19:00:20+00:00","author":"andressazorzetto07","twitter_card":"summary_large_image","twitter_misc":{"Escrito por":"andressazorzetto07","Est. tempo de leitura":"3 minutos"},"schema":{"@context":"https:\/\/schema.org","@graph":[{"@type":"WebPage","@id":"https:\/\/www.pmpf.rs.gov.br\/secretaria-de-saude\/2022\/09\/16\/criancas-recebem-oculos-gratuitos-da-prefeitura\/","url":"https:\/\/www.pmpf.rs.gov.br\/secretaria-de-saude\/2022\/09\/16\/criancas-recebem-oculos-gratuitos-da-prefeitura\/","name":"Crian\u00e7as recebem \u00f3culos gratuitos da Prefeitura - Secretaria de Sa\u00fade","isPartOf":{"@id":"https:\/\/www.pmpf.rs.gov.br\/secretaria-de-saude\/#website"},"primaryImageOfPage":{"@id":"https:\/\/www.pmpf.rs.gov.br\/secretaria-de-saude\/2022\/09\/16\/criancas-recebem-oculos-gratuitos-da-prefeitura\/#primaryimage"},"image":{"@id":"https:\/\/www.pmpf.rs.gov.br\/secretaria-de-saude\/2022\/09\/16\/criancas-recebem-oculos-gratuitos-da-prefeitura\/#primaryimage"},"thumbnailUrl":"https:\/\/www.pmpf.rs.gov.br\/secretaria-de-saude\/wp-content\/uploads\/sites\/50\/2022\/09\/olhar-de-crianca-augusto-e1663354781636.jpg","datePublished":"2022-09-16T19:00:20+00:00","dateModified":"2022-09-16T19:00:20+00:00","author":{"@id":"https:\/\/www.pmpf.rs.gov.br\/secretaria-de-saude\/#\/schema\/person\/30ee1d1bd74da1469b01fcf086e43351"},"breadcrumb":{"@id":"https:\/\/www.pmpf.rs.gov.br\/secretaria-de-saude\/2022\/09\/16\/criancas-recebem-oculos-gratuitos-da-prefeitura\/#breadcrumb"},"inLanguage":"pt-BR","potentialAction":[{"@type":"ReadAction","target":["https:\/\/www.pmpf.rs.gov.br\/secretaria-de-saude\/2022\/09\/16\/criancas-recebem-oculos-gratuitos-da-prefeitura\/"]}]},{"@type":"ImageObject","inLanguage":"pt-BR","@id":"https:\/\/www.pmpf.rs.gov.br\/secretaria-de-saude\/2022\/09\/16\/criancas-recebem-oculos-gratuitos-da-prefeitura\/#primaryimage","url":"https:\/\/www.pmpf.rs.gov.br\/secretaria-de-saude\/wp-content\/uploads\/sites\/50\/2022\/09\/olhar-de-crianca-augusto-e1663354781636.jpg","contentUrl":"https:\/\/www.pmpf.rs.gov.br\/secretaria-de-saude\/wp-content\/uploads\/sites\/50\/2022\/09\/olhar-de-crianca-augusto-e1663354781636.jpg","width":768,"height":1024},{"@type":"BreadcrumbList","@id":"https:\/\/www.pmpf.rs.gov.br\/secretaria-de-saude\/2022\/09\/16\/criancas-recebem-oculos-gratuitos-da-prefeitura\/#breadcrumb","itemListElement":[{"@type":"ListItem","position":1,"name":"In\u00edcio","item":"https:\/\/www.pmpf.rs.gov.br\/secretaria-de-saude\/"},{"@type":"ListItem","position":2,"name":"Crian\u00e7as recebem \u00f3culos gratuitos da Prefeitura"}]},{"@type":"WebSite","@id":"https:\/\/www.pmpf.rs.gov.br\/secretaria-de-saude\/#website","url":"https:\/\/www.pmpf.rs.gov.br\/secretaria-de-saude\/","name":"Secretaria de Sa\u00fade","description":"S\u00f3 mais um site Prefeitura de Passo Fundo","potentialAction":[{"@type":"SearchAction","target":{"@type":"EntryPoint","urlTemplate":"https:\/\/www.pmpf.rs.gov.br\/secretaria-de-saude\/?s={search_term_string}"},"query-input":{"@type":"PropertyValueSpecification","valueRequired":true,"valueName":"search_term_string"}}],"inLanguage":"pt-BR"},{"@type":"Person","@id":"https:\/\/www.pmpf.rs.gov.br\/secretaria-de-saude\/#\/schema\/person\/30ee1d1bd74da1469b01fcf086e43351","name":"andressazorzetto07","image":{"@type":"ImageObject","inLanguage":"pt-BR","@id":"https:\/\/www.pmpf.rs.gov.br\/secretaria-de-saude\/#\/schema\/person\/image\/","url":"https:\/\/secure.gravatar.com\/avatar\/14c5458ed79dc81da99a13b9ff5f9f19?s=96&d=mm&r=g","contentUrl":"https:\/\/secure.gravatar.com\/avatar\/14c5458ed79dc81da99a13b9ff5f9f19?s=96&d=mm&r=g","caption":"andressazorzetto07"},"url":"https:\/\/www.pmpf.rs.gov.br\/secretaria-de-saude\/author\/andressazorzetto07\/"}]}},"_links":{"self":[{"href":"https:\/\/www.pmpf.rs.gov.br\/secretaria-de-saude\/wp-json\/wp\/v2\/posts\/3321"}],"collection":[{"href":"https:\/\/www.pmpf.rs.gov.br\/secretaria-de-saude\/wp-json\/wp\/v2\/posts"}],"about":[{"href":"https:\/\/www.pmpf.rs.gov.br\/secretaria-de-saude\/wp-json\/wp\/v2\/types\/post"}],"author":[{"embeddable":true,"href":"https:\/\/www.pmpf.rs.gov.br\/secretaria-de-saude\/wp-json\/wp\/v2\/users\/6"}],"replies":[{"embeddable":true,"href":"https:\/\/www.pmpf.rs.gov.br\/secretaria-de-saude\/wp-json\/wp\/v2\/comments?post=3321"}],"version-history":[{"count":1,"href":"https:\/\/www.pmpf.rs.gov.br\/secretaria-de-saude\/wp-json\/wp\/v2\/posts\/3321\/revisions"}],"predecessor-version":[{"id":3323,"href":"https:\/\/www.pmpf.rs.gov.br\/secretaria-de-saude\/wp-json\/wp\/v2\/posts\/3321\/revisions\/3323"}],"wp:featuredmedia":[{"embeddable":true,"href":"https:\/\/www.pmpf.rs.gov.br\/secretaria-de-saude\/wp-json\/wp\/v2\/media\/3322"}],"wp:attachment":[{"href":"https:\/\/www.pmpf.rs.gov.br\/secretaria-de-saude\/wp-json\/wp\/v2\/media?parent=3321"}],"wp:term":[{"taxonomy":"category","embeddable":true,"href":"https:\/\/www.pmpf.rs.gov.br\/secretaria-de-saude\/wp-json\/wp\/v2\/categories?post=3321"},{"taxonomy":"post_tag","embeddable":true,"href":"https:\/\/www.pmpf.rs.gov.br\/secretaria-de-saude\/wp-json\/wp\/v2\/tags?post=3321"}],"curies":[{"name":"wp","href":"https:\/\/api.w.org\/{rel}","templated":true}]}}