{"id":3302,"date":"2022-08-31T08:33:27","date_gmt":"2022-08-31T11:33:27","guid":{"rendered":"https:\/\/www.pmpf.rs.gov.br\/secretaria-de-saude\/?p=3302"},"modified":"2022-08-31T08:33:45","modified_gmt":"2022-08-31T11:33:45","slug":"programa-da-prefeitura-auxilia-criancas-com-dificuldades-de-audicao","status":"publish","type":"post","link":"https:\/\/www.pmpf.rs.gov.br\/secretaria-de-saude\/2022\/08\/31\/programa-da-prefeitura-auxilia-criancas-com-dificuldades-de-audicao\/","title":{"rendered":"Programa da Prefeitura auxilia crian\u00e7as com dificuldades de audi\u00e7\u00e3o\u00a0"},"content":{"rendered":"\n<p><br>Alunos da Escola Municipal de Educa\u00e7\u00e3o Infantil Cantinho da Ritinha passaram, nesta ter\u00e7a-feira, por um teste de audi\u00e7\u00e3o. A a\u00e7\u00e3o faz parte do programa Sons do Mundo, da Prefeitura de Passo Fundo, que busca identificar crian\u00e7as de 3 a 8 anos com defici\u00eancias auditivas na rede municipal e assegurar que recebam o acompanhamento necess\u00e1rio.<\/p>\n\n\n\n<p>As triagens do programa nas escolas ser\u00e3o intensificadas a partir de agora, com a compra de equipamentos de emiss\u00f5es otoac\u00fasticas pelo Munic\u00edpio. Quando \u00e9 detectado que a crian\u00e7a est\u00e1 com a audi\u00e7\u00e3o anormal, ela \u00e9 encaminhada para a audiometria convencional.&nbsp;<\/p>\n\n\n\n<p>Conforme explica a secret\u00e1ria de Sa\u00fade, Cristine Pilati, o encaminhamento dado a cada crian\u00e7a depende do grau de defici\u00eancia auditiva. \u201cMuitas vezes uma solu\u00e7\u00e3o simples como alterar a posi\u00e7\u00e3o da crian\u00e7a na sala de aula j\u00e1 ajuda na solu\u00e7\u00e3o do problema. Em outras situa\u00e7\u00f5es, h\u00e1 necessidade de tratamento com fonoaudi\u00f3logo ou de reabilita\u00e7\u00e3o, coloca\u00e7\u00e3o de aparelho de audi\u00e7\u00e3o ou implante coclear\u201d, explica.<\/p>\n\n\n\n<p>O prefeito Pedro Almeida destaca que a iniciativa fortalece o Teste da Orelhinha e outras a\u00e7\u00f5es da Prefeitura de cuidado com as crian\u00e7as, como o Olhar de Crian\u00e7a. Ele lembra ainda que poucos munic\u00edpios possuem esse teste de acuidade nas escolas. \u201cAvan\u00e7amos no enfrentamento de condi\u00e7\u00f5es que podem prejudicar o desempenho dos alunos em sala de aula. Temos certeza de que o programa Sons do Mundo far\u00e1 a diferen\u00e7a na vida de muitas crian\u00e7as, da mesma maneira que o Olhar de Crian\u00e7a e os \u00f3culos viabilizados pela Prefeitura\u201d, afirmou Pedro.<\/p>\n\n\n\n<p>O secret\u00e1rio de Educa\u00e7\u00e3o, Adriano Canabarro Teixeira, destacou que os programas Sons do Mundo e Olhar de Crian\u00e7a s\u00e3o necess\u00e1rios para o desenvolvimento das crian\u00e7as. \u201cO processo de aprendizagem tem grande sustenta\u00e7\u00e3o na oralidade: \u00e9 algu\u00e9m que fala para expressar o que sabe e algu\u00e9m que escuta para compreender as situa\u00e7\u00f5es. Ent\u00e3o, o Sons do Mundo vem para criar condi\u00e7\u00f5es para que os alunos aprendam mais, sendo somado ao Olhar de Crian\u00e7a na identifica\u00e7\u00e3o, no tratamento e no acompanhamento de defici\u00eancias\u201d, avaliou.<\/p>\n\n\n\n<p><strong>P\u00fablico-alvo<br><\/strong>O programa Sons do Mundo tem o objetivo de preencher a lacuna que possa existir entre crian\u00e7as que realizaram o Teste da Orelhinha quando nasceram e crian\u00e7as que est\u00e3o em idade escolar e que, por algum motivo, possam ter desenvolvido d\u00e9ficit auditivo. Dessa forma, abrange as crian\u00e7as da rede municipal de ensino que t\u00eam entre 3 a 8 anos.<\/p>\n\n\n\n<p><strong>Triagem e atendimento especializado<br><\/strong>Os alunos s\u00e3o triados nas escolas por fonoaudi\u00f3logos, conforme cronograma pr\u00e9-definido, com avalia\u00e7\u00e3o cl\u00ednica, otoscopia e aplica\u00e7\u00e3o do teste de emiss\u00f5es otoac\u00fasticas. Em caso de detec\u00e7\u00e3o de altera\u00e7\u00f5es, a crian\u00e7a \u00e9 encaminhada para atendimento especializado e realiza\u00e7\u00e3o de audiometria convencional.<\/p>\n\n\n\n<p><strong>Programa com muitas a\u00e7\u00f5es<br><\/strong>O programa Sons do Mundo acontece em tr\u00eas frentes principais: a implementa\u00e7\u00e3o de a\u00e7\u00f5es para promover a sa\u00fade auditiva nas escolas municipais, com enfoque em orienta\u00e7\u00f5es de professores e pais sobre detec\u00e7\u00e3o de preven\u00e7\u00e3o de problemas \u00e0 audi\u00e7\u00e3o; o est\u00edmulo e a observa\u00e7\u00e3o do comportamento da crian\u00e7a frente aos est\u00edmulos sonoros do ambiente e os aspectos referentes \u00e0 linguagem e fala como indicadores do desenvolvimento infantil durante as atividades do dia a dia; e a realiza\u00e7\u00e3o de triagem auditiva nas escolas para posterior encaminhamento para avalia\u00e7\u00e3o formal em audiometria convencional.<\/p>\n","protected":false},"excerpt":{"rendered":"<p>O Sons do Mundo \u00e9 direcionado a alunos da rede municipal de 3 a 8 anos<\/p>\n","protected":false},"author":6,"featured_media":3303,"comment_status":"closed","ping_status":"closed","sticky":true,"template":"","format":"standard","meta":{"footnotes":""},"categories":[1],"tags":[],"class_list":["post-3302","post","type-post","status-publish","format-standard","has-post-thumbnail","hentry","category-sem-categoria"],"yoast_head":"<!-- This site is optimized with the Yoast SEO plugin v23.8 - https:\/\/yoast.com\/wordpress\/plugins\/seo\/ -->\n<title>Programa da Prefeitura auxilia crian\u00e7as com dificuldades de audi\u00e7\u00e3o\u00a0 - Secretaria de Sa\u00fade<\/title>\n<meta name=\"robots\" content=\"index, follow, max-snippet:-1, max-image-preview:large, max-video-preview:-1\" \/>\n<link rel=\"canonical\" href=\"https:\/\/www.pmpf.rs.gov.br\/secretaria-de-saude\/2022\/08\/31\/programa-da-prefeitura-auxilia-criancas-com-dificuldades-de-audicao\/\" \/>\n<meta property=\"og:locale\" content=\"pt_BR\" \/>\n<meta property=\"og:type\" content=\"article\" \/>\n<meta property=\"og:title\" content=\"Programa da Prefeitura auxilia crian\u00e7as com dificuldades de audi\u00e7\u00e3o\u00a0 - Secretaria de Sa\u00fade\" \/>\n<meta property=\"og:description\" content=\"O Sons do Mundo \u00e9 direcionado a alunos da rede municipal de 3 a 8 anos\" \/>\n<meta property=\"og:url\" content=\"https:\/\/www.pmpf.rs.gov.br\/secretaria-de-saude\/2022\/08\/31\/programa-da-prefeitura-auxilia-criancas-com-dificuldades-de-audicao\/\" \/>\n<meta property=\"og:site_name\" content=\"Secretaria de Sa\u00fade\" \/>\n<meta property=\"article:published_time\" content=\"2022-08-31T11:33:27+00:00\" \/>\n<meta property=\"article:modified_time\" content=\"2022-08-31T11:33:45+00:00\" \/>\n<meta property=\"og:image\" content=\"https:\/\/www.pmpf.rs.gov.br\/secretaria-de-saude\/wp-content\/uploads\/sites\/50\/2022\/08\/sons-do-mundo.png\" \/>\n\t<meta property=\"og:image:width\" content=\"720\" \/>\n\t<meta property=\"og:image:height\" content=\"728\" \/>\n\t<meta property=\"og:image:type\" content=\"image\/png\" \/>\n<meta name=\"author\" content=\"andressazorzetto07\" \/>\n<meta name=\"twitter:card\" content=\"summary_large_image\" \/>\n<meta name=\"twitter:label1\" content=\"Escrito por\" \/>\n\t<meta name=\"twitter:data1\" content=\"andressazorzetto07\" \/>\n\t<meta name=\"twitter:label2\" content=\"Est. tempo de leitura\" \/>\n\t<meta name=\"twitter:data2\" content=\"3 minutos\" \/>\n<script type=\"application\/ld+json\" class=\"yoast-schema-graph\">{\"@context\":\"https:\/\/schema.org\",\"@graph\":[{\"@type\":\"WebPage\",\"@id\":\"https:\/\/www.pmpf.rs.gov.br\/secretaria-de-saude\/2022\/08\/31\/programa-da-prefeitura-auxilia-criancas-com-dificuldades-de-audicao\/\",\"url\":\"https:\/\/www.pmpf.rs.gov.br\/secretaria-de-saude\/2022\/08\/31\/programa-da-prefeitura-auxilia-criancas-com-dificuldades-de-audicao\/\",\"name\":\"Programa da Prefeitura auxilia crian\u00e7as com dificuldades de audi\u00e7\u00e3o\u00a0 - Secretaria de Sa\u00fade\",\"isPartOf\":{\"@id\":\"https:\/\/www.pmpf.rs.gov.br\/secretaria-de-saude\/#website\"},\"primaryImageOfPage\":{\"@id\":\"https:\/\/www.pmpf.rs.gov.br\/secretaria-de-saude\/2022\/08\/31\/programa-da-prefeitura-auxilia-criancas-com-dificuldades-de-audicao\/#primaryimage\"},\"image\":{\"@id\":\"https:\/\/www.pmpf.rs.gov.br\/secretaria-de-saude\/2022\/08\/31\/programa-da-prefeitura-auxilia-criancas-com-dificuldades-de-audicao\/#primaryimage\"},\"thumbnailUrl\":\"https:\/\/www.pmpf.rs.gov.br\/secretaria-de-saude\/wp-content\/uploads\/sites\/50\/2022\/08\/sons-do-mundo.png\",\"datePublished\":\"2022-08-31T11:33:27+00:00\",\"dateModified\":\"2022-08-31T11:33:45+00:00\",\"author\":{\"@id\":\"https:\/\/www.pmpf.rs.gov.br\/secretaria-de-saude\/#\/schema\/person\/30ee1d1bd74da1469b01fcf086e43351\"},\"breadcrumb\":{\"@id\":\"https:\/\/www.pmpf.rs.gov.br\/secretaria-de-saude\/2022\/08\/31\/programa-da-prefeitura-auxilia-criancas-com-dificuldades-de-audicao\/#breadcrumb\"},\"inLanguage\":\"pt-BR\",\"potentialAction\":[{\"@type\":\"ReadAction\",\"target\":[\"https:\/\/www.pmpf.rs.gov.br\/secretaria-de-saude\/2022\/08\/31\/programa-da-prefeitura-auxilia-criancas-com-dificuldades-de-audicao\/\"]}]},{\"@type\":\"ImageObject\",\"inLanguage\":\"pt-BR\",\"@id\":\"https:\/\/www.pmpf.rs.gov.br\/secretaria-de-saude\/2022\/08\/31\/programa-da-prefeitura-auxilia-criancas-com-dificuldades-de-audicao\/#primaryimage\",\"url\":\"https:\/\/www.pmpf.rs.gov.br\/secretaria-de-saude\/wp-content\/uploads\/sites\/50\/2022\/08\/sons-do-mundo.png\",\"contentUrl\":\"https:\/\/www.pmpf.rs.gov.br\/secretaria-de-saude\/wp-content\/uploads\/sites\/50\/2022\/08\/sons-do-mundo.png\",\"width\":720,\"height\":728},{\"@type\":\"BreadcrumbList\",\"@id\":\"https:\/\/www.pmpf.rs.gov.br\/secretaria-de-saude\/2022\/08\/31\/programa-da-prefeitura-auxilia-criancas-com-dificuldades-de-audicao\/#breadcrumb\",\"itemListElement\":[{\"@type\":\"ListItem\",\"position\":1,\"name\":\"In\u00edcio\",\"item\":\"https:\/\/www.pmpf.rs.gov.br\/secretaria-de-saude\/\"},{\"@type\":\"ListItem\",\"position\":2,\"name\":\"Programa da Prefeitura auxilia crian\u00e7as com dificuldades de audi\u00e7\u00e3o\u00a0\"}]},{\"@type\":\"WebSite\",\"@id\":\"https:\/\/www.pmpf.rs.gov.br\/secretaria-de-saude\/#website\",\"url\":\"https:\/\/www.pmpf.rs.gov.br\/secretaria-de-saude\/\",\"name\":\"Secretaria de Sa\u00fade\",\"description\":\"S\u00f3 mais um site Prefeitura de Passo Fundo\",\"potentialAction\":[{\"@type\":\"SearchAction\",\"target\":{\"@type\":\"EntryPoint\",\"urlTemplate\":\"https:\/\/www.pmpf.rs.gov.br\/secretaria-de-saude\/?s={search_term_string}\"},\"query-input\":{\"@type\":\"PropertyValueSpecification\",\"valueRequired\":true,\"valueName\":\"search_term_string\"}}],\"inLanguage\":\"pt-BR\"},{\"@type\":\"Person\",\"@id\":\"https:\/\/www.pmpf.rs.gov.br\/secretaria-de-saude\/#\/schema\/person\/30ee1d1bd74da1469b01fcf086e43351\",\"name\":\"andressazorzetto07\",\"image\":{\"@type\":\"ImageObject\",\"inLanguage\":\"pt-BR\",\"@id\":\"https:\/\/www.pmpf.rs.gov.br\/secretaria-de-saude\/#\/schema\/person\/image\/\",\"url\":\"https:\/\/secure.gravatar.com\/avatar\/14c5458ed79dc81da99a13b9ff5f9f19?s=96&d=mm&r=g\",\"contentUrl\":\"https:\/\/secure.gravatar.com\/avatar\/14c5458ed79dc81da99a13b9ff5f9f19?s=96&d=mm&r=g\",\"caption\":\"andressazorzetto07\"},\"url\":\"https:\/\/www.pmpf.rs.gov.br\/secretaria-de-saude\/author\/andressazorzetto07\/\"}]}<\/script>\n<!-- \/ Yoast SEO plugin. -->","yoast_head_json":{"title":"Programa da Prefeitura auxilia crian\u00e7as com dificuldades de audi\u00e7\u00e3o\u00a0 - Secretaria de Sa\u00fade","robots":{"index":"index","follow":"follow","max-snippet":"max-snippet:-1","max-image-preview":"max-image-preview:large","max-video-preview":"max-video-preview:-1"},"canonical":"https:\/\/www.pmpf.rs.gov.br\/secretaria-de-saude\/2022\/08\/31\/programa-da-prefeitura-auxilia-criancas-com-dificuldades-de-audicao\/","og_locale":"pt_BR","og_type":"article","og_title":"Programa da Prefeitura auxilia crian\u00e7as com dificuldades de audi\u00e7\u00e3o\u00a0 - Secretaria de Sa\u00fade","og_description":"O Sons do Mundo \u00e9 direcionado a alunos da rede municipal de 3 a 8 anos","og_url":"https:\/\/www.pmpf.rs.gov.br\/secretaria-de-saude\/2022\/08\/31\/programa-da-prefeitura-auxilia-criancas-com-dificuldades-de-audicao\/","og_site_name":"Secretaria de Sa\u00fade","article_published_time":"2022-08-31T11:33:27+00:00","article_modified_time":"2022-08-31T11:33:45+00:00","og_image":[{"width":720,"height":728,"url":"https:\/\/www.pmpf.rs.gov.br\/secretaria-de-saude\/wp-content\/uploads\/sites\/50\/2022\/08\/sons-do-mundo.png","type":"image\/png"}],"author":"andressazorzetto07","twitter_card":"summary_large_image","twitter_misc":{"Escrito por":"andressazorzetto07","Est. tempo de leitura":"3 minutos"},"schema":{"@context":"https:\/\/schema.org","@graph":[{"@type":"WebPage","@id":"https:\/\/www.pmpf.rs.gov.br\/secretaria-de-saude\/2022\/08\/31\/programa-da-prefeitura-auxilia-criancas-com-dificuldades-de-audicao\/","url":"https:\/\/www.pmpf.rs.gov.br\/secretaria-de-saude\/2022\/08\/31\/programa-da-prefeitura-auxilia-criancas-com-dificuldades-de-audicao\/","name":"Programa da Prefeitura auxilia crian\u00e7as com dificuldades de audi\u00e7\u00e3o\u00a0 - Secretaria de Sa\u00fade","isPartOf":{"@id":"https:\/\/www.pmpf.rs.gov.br\/secretaria-de-saude\/#website"},"primaryImageOfPage":{"@id":"https:\/\/www.pmpf.rs.gov.br\/secretaria-de-saude\/2022\/08\/31\/programa-da-prefeitura-auxilia-criancas-com-dificuldades-de-audicao\/#primaryimage"},"image":{"@id":"https:\/\/www.pmpf.rs.gov.br\/secretaria-de-saude\/2022\/08\/31\/programa-da-prefeitura-auxilia-criancas-com-dificuldades-de-audicao\/#primaryimage"},"thumbnailUrl":"https:\/\/www.pmpf.rs.gov.br\/secretaria-de-saude\/wp-content\/uploads\/sites\/50\/2022\/08\/sons-do-mundo.png","datePublished":"2022-08-31T11:33:27+00:00","dateModified":"2022-08-31T11:33:45+00:00","author":{"@id":"https:\/\/www.pmpf.rs.gov.br\/secretaria-de-saude\/#\/schema\/person\/30ee1d1bd74da1469b01fcf086e43351"},"breadcrumb":{"@id":"https:\/\/www.pmpf.rs.gov.br\/secretaria-de-saude\/2022\/08\/31\/programa-da-prefeitura-auxilia-criancas-com-dificuldades-de-audicao\/#breadcrumb"},"inLanguage":"pt-BR","potentialAction":[{"@type":"ReadAction","target":["https:\/\/www.pmpf.rs.gov.br\/secretaria-de-saude\/2022\/08\/31\/programa-da-prefeitura-auxilia-criancas-com-dificuldades-de-audicao\/"]}]},{"@type":"ImageObject","inLanguage":"pt-BR","@id":"https:\/\/www.pmpf.rs.gov.br\/secretaria-de-saude\/2022\/08\/31\/programa-da-prefeitura-auxilia-criancas-com-dificuldades-de-audicao\/#primaryimage","url":"https:\/\/www.pmpf.rs.gov.br\/secretaria-de-saude\/wp-content\/uploads\/sites\/50\/2022\/08\/sons-do-mundo.png","contentUrl":"https:\/\/www.pmpf.rs.gov.br\/secretaria-de-saude\/wp-content\/uploads\/sites\/50\/2022\/08\/sons-do-mundo.png","width":720,"height":728},{"@type":"BreadcrumbList","@id":"https:\/\/www.pmpf.rs.gov.br\/secretaria-de-saude\/2022\/08\/31\/programa-da-prefeitura-auxilia-criancas-com-dificuldades-de-audicao\/#breadcrumb","itemListElement":[{"@type":"ListItem","position":1,"name":"In\u00edcio","item":"https:\/\/www.pmpf.rs.gov.br\/secretaria-de-saude\/"},{"@type":"ListItem","position":2,"name":"Programa da Prefeitura auxilia crian\u00e7as com dificuldades de audi\u00e7\u00e3o\u00a0"}]},{"@type":"WebSite","@id":"https:\/\/www.pmpf.rs.gov.br\/secretaria-de-saude\/#website","url":"https:\/\/www.pmpf.rs.gov.br\/secretaria-de-saude\/","name":"Secretaria de Sa\u00fade","description":"S\u00f3 mais um site Prefeitura de Passo Fundo","potentialAction":[{"@type":"SearchAction","target":{"@type":"EntryPoint","urlTemplate":"https:\/\/www.pmpf.rs.gov.br\/secretaria-de-saude\/?s={search_term_string}"},"query-input":{"@type":"PropertyValueSpecification","valueRequired":true,"valueName":"search_term_string"}}],"inLanguage":"pt-BR"},{"@type":"Person","@id":"https:\/\/www.pmpf.rs.gov.br\/secretaria-de-saude\/#\/schema\/person\/30ee1d1bd74da1469b01fcf086e43351","name":"andressazorzetto07","image":{"@type":"ImageObject","inLanguage":"pt-BR","@id":"https:\/\/www.pmpf.rs.gov.br\/secretaria-de-saude\/#\/schema\/person\/image\/","url":"https:\/\/secure.gravatar.com\/avatar\/14c5458ed79dc81da99a13b9ff5f9f19?s=96&d=mm&r=g","contentUrl":"https:\/\/secure.gravatar.com\/avatar\/14c5458ed79dc81da99a13b9ff5f9f19?s=96&d=mm&r=g","caption":"andressazorzetto07"},"url":"https:\/\/www.pmpf.rs.gov.br\/secretaria-de-saude\/author\/andressazorzetto07\/"}]}},"_links":{"self":[{"href":"https:\/\/www.pmpf.rs.gov.br\/secretaria-de-saude\/wp-json\/wp\/v2\/posts\/3302"}],"collection":[{"href":"https:\/\/www.pmpf.rs.gov.br\/secretaria-de-saude\/wp-json\/wp\/v2\/posts"}],"about":[{"href":"https:\/\/www.pmpf.rs.gov.br\/secretaria-de-saude\/wp-json\/wp\/v2\/types\/post"}],"author":[{"embeddable":true,"href":"https:\/\/www.pmpf.rs.gov.br\/secretaria-de-saude\/wp-json\/wp\/v2\/users\/6"}],"replies":[{"embeddable":true,"href":"https:\/\/www.pmpf.rs.gov.br\/secretaria-de-saude\/wp-json\/wp\/v2\/comments?post=3302"}],"version-history":[{"count":1,"href":"https:\/\/www.pmpf.rs.gov.br\/secretaria-de-saude\/wp-json\/wp\/v2\/posts\/3302\/revisions"}],"predecessor-version":[{"id":3304,"href":"https:\/\/www.pmpf.rs.gov.br\/secretaria-de-saude\/wp-json\/wp\/v2\/posts\/3302\/revisions\/3304"}],"wp:featuredmedia":[{"embeddable":true,"href":"https:\/\/www.pmpf.rs.gov.br\/secretaria-de-saude\/wp-json\/wp\/v2\/media\/3303"}],"wp:attachment":[{"href":"https:\/\/www.pmpf.rs.gov.br\/secretaria-de-saude\/wp-json\/wp\/v2\/media?parent=3302"}],"wp:term":[{"taxonomy":"category","embeddable":true,"href":"https:\/\/www.pmpf.rs.gov.br\/secretaria-de-saude\/wp-json\/wp\/v2\/categories?post=3302"},{"taxonomy":"post_tag","embeddable":true,"href":"https:\/\/www.pmpf.rs.gov.br\/secretaria-de-saude\/wp-json\/wp\/v2\/tags?post=3302"}],"curies":[{"name":"wp","href":"https:\/\/api.w.org\/{rel}","templated":true}]}}