{"id":3250,"date":"2022-08-22T14:16:51","date_gmt":"2022-08-22T17:16:51","guid":{"rendered":"https:\/\/www.pmpf.rs.gov.br\/secretaria-de-saude\/?p=3250"},"modified":"2022-08-22T14:16:53","modified_gmt":"2022-08-22T17:16:53","slug":"campanhas-de-multivacinacao-e-contra-a-poliomelite-seguirao-ate-9-de-setembro","status":"publish","type":"post","link":"https:\/\/www.pmpf.rs.gov.br\/secretaria-de-saude\/2022\/08\/22\/campanhas-de-multivacinacao-e-contra-a-poliomelite-seguirao-ate-9-de-setembro\/","title":{"rendered":"Campanhas de multivacina\u00e7\u00e3o e contra a poliomelite seguir\u00e3o at\u00e9 9 de setembro"},"content":{"rendered":"\n<p><\/p>\n\n\n\n<p>No \u00faltimo s\u00e1bado (20), Passo Fundo realizou uma grande mobiliza\u00e7\u00e3o para vacinar crian\u00e7as e adolescentes. Em 25 unidades de sa\u00fade, foram aplicadas vacinas correspondentes \u00e0s campanhas de multivacina\u00e7\u00e3o e contra a poliomelite. O munic\u00edpio tamb\u00e9m aproveitou a data e a abertura dos postos das 8h \u00e0s 17h, sem intervalo ao meio-dia, para ampliar as coberturas contra a influenza e a covid-19.<\/p>\n\n\n\n<p>Conforme registra a coordenadora de Vigil\u00e2ncia em Sa\u00fade, Marisa Zanatta, a procura para a poliomelite, que busca proteger todas as crian\u00e7as com at\u00e9 cinco anos, e para a multivacina\u00e7\u00e3o, que tem como objetivo a atualiza\u00e7\u00e3o da caderneta de crian\u00e7as e adolescentes com at\u00e9 15 anos, foi satisfat\u00f3ria. \u201cDurante o s\u00e1bado, mais de 1,3 mil doses da poliomelite e da multivacina\u00e7\u00e3o foram aplicadas. N\u00f3s chamamos os pais ou respons\u00e1veis para que buscassem a unidade de sa\u00fade mais pr\u00f3xima de sua casa para verificar a situa\u00e7\u00e3o vacinal. Muitas crian\u00e7as e adolescentes estavam com vacinas atrasadas e conseguimos regularizar\u201d, enfatizou.<\/p>\n\n\n\n<p>As campanhas nacionais de multivacina\u00e7\u00e3o e contra a poliomelite seguir\u00e3o at\u00e9 o dia 9 de setembro. Em Passo Fundo, as mesmas 25 unidades de sa\u00fade que participaram do Dia D fazem as aplica\u00e7\u00f5es.<\/p>\n\n\n\n<p>Marisa pontua que a vacina\u00e7\u00e3o \u00e9 importante para a prote\u00e7\u00e3o individual e para evitar que doen\u00e7as controladas voltem a ser espalhadas. \u201cPor isso, pedimos que os pais ou respons\u00e1veis se dirijam at\u00e9 as unidades com a caderneta de vacina\u00e7\u00e3o para que a situa\u00e7\u00e3o das crian\u00e7as e dos adolescentes seja avaliada e para que recebam os imunizantes que estiverem faltando. No caso da poliomelite, todas as crian\u00e7as com at\u00e9 cinco anos devem comparecer nos postos, j\u00e1 que a nossa meta \u00e9 vacinar 95% deste p\u00fablico\u201d, destacou.<\/p>\n\n\n\n<p><br><br><br><strong>Locais de vacina\u00e7\u00e3o<\/strong><br>&#8211; Ambulat\u00f3rio de Especialidades<br>&#8211; Cais H\u00edpica<br>&#8211; Cais Boqueir\u00e3o<br>&#8211; Cais Vila Lu\u00edza<br>&#8211; ESF Adriana L\u00edrio<br>&#8211; ESF S\u00e3o Jos\u00e9<br>&#8211; ESF S\u00e3o Luiz Gonzaga<br>&#8211; ESF Adolfo Groth<br>&#8211; ESF Don\u00e1ria \/ Santa Marta<br>&#8211; ESF Mattos<br>&#8211; ESF Nen\u00ea Graeff<br>&#8211; ESF Jer\u00f4nimo Coelho<br>&#8211; ESF Planaltina<br>&#8211; ESF S\u00e3o Crist\u00f3v\u00e3o<br>&#8211; ESF Valinhos<br>&#8211; ESF Ricci<br>&#8211; ESF Zachia<br>&#8211; ESF Adirbal Corralo<br>&#8211; ESF Jaboticabal<br>&#8211; ESF Caic Edu Azambuja<br>&#8211; UBS Parque Farroupilha<br>&#8211; UBS Ivo Ferreira<br>&#8211; UBS Jardim Am\u00e9rica<br>&#8211; UBS Vila Nova \/ Santa Maria<br>&#8211; Central de Vacinas<br><br><strong>Hor\u00e1rios<\/strong><br>UBS, ESF e Ambulat\u00f3rios: das 8h \u00e0s 11h30 e das 13h \u00e0s 16h30<br>Cais e Central de Vacinas: das 8h \u00e0s 18h<br><br><strong>Observa\u00e7\u00e3o<\/strong><br>Para a vacina\u00e7\u00e3o, \u00e9 necess\u00e1rio apresentar caderneta de vacina\u00e7\u00e3o e documentos pessoais.<\/p>\n","protected":false},"excerpt":{"rendered":"<p>Pais ou respons\u00e1veis se dirijam at\u00e9 as unidades com a caderneta de vacina\u00e7\u00e3o para que a situa\u00e7\u00e3o das crian\u00e7as e dos adolescentes seja avaliada<\/p>\n","protected":false},"author":6,"featured_media":0,"comment_status":"closed","ping_status":"closed","sticky":true,"template":"","format":"standard","meta":{"footnotes":""},"categories":[1],"tags":[],"class_list":["post-3250","post","type-post","status-publish","format-standard","hentry","category-sem-categoria"],"yoast_head":"<!-- This site is optimized with the Yoast SEO plugin v23.8 - https:\/\/yoast.com\/wordpress\/plugins\/seo\/ -->\n<title>Campanhas de multivacina\u00e7\u00e3o e contra a poliomelite seguir\u00e3o at\u00e9 9 de setembro - Secretaria de Sa\u00fade<\/title>\n<meta name=\"robots\" content=\"index, follow, max-snippet:-1, max-image-preview:large, max-video-preview:-1\" \/>\n<link rel=\"canonical\" href=\"https:\/\/www.pmpf.rs.gov.br\/secretaria-de-saude\/2022\/08\/22\/campanhas-de-multivacinacao-e-contra-a-poliomelite-seguirao-ate-9-de-setembro\/\" \/>\n<meta property=\"og:locale\" content=\"pt_BR\" \/>\n<meta property=\"og:type\" content=\"article\" \/>\n<meta property=\"og:title\" content=\"Campanhas de multivacina\u00e7\u00e3o e contra a poliomelite seguir\u00e3o at\u00e9 9 de setembro - Secretaria de Sa\u00fade\" \/>\n<meta property=\"og:description\" content=\"Pais ou respons\u00e1veis se dirijam at\u00e9 as unidades com a caderneta de vacina\u00e7\u00e3o para que a situa\u00e7\u00e3o das crian\u00e7as e dos adolescentes seja avaliada\" \/>\n<meta property=\"og:url\" content=\"https:\/\/www.pmpf.rs.gov.br\/secretaria-de-saude\/2022\/08\/22\/campanhas-de-multivacinacao-e-contra-a-poliomelite-seguirao-ate-9-de-setembro\/\" \/>\n<meta property=\"og:site_name\" content=\"Secretaria de Sa\u00fade\" \/>\n<meta property=\"article:published_time\" content=\"2022-08-22T17:16:51+00:00\" \/>\n<meta property=\"article:modified_time\" content=\"2022-08-22T17:16:53+00:00\" \/>\n<meta name=\"author\" content=\"andressazorzetto07\" \/>\n<meta name=\"twitter:card\" content=\"summary_large_image\" \/>\n<meta name=\"twitter:label1\" content=\"Escrito por\" \/>\n\t<meta name=\"twitter:data1\" content=\"andressazorzetto07\" \/>\n\t<meta name=\"twitter:label2\" content=\"Est. tempo de leitura\" \/>\n\t<meta name=\"twitter:data2\" content=\"2 minutos\" \/>\n<script type=\"application\/ld+json\" class=\"yoast-schema-graph\">{\"@context\":\"https:\/\/schema.org\",\"@graph\":[{\"@type\":\"WebPage\",\"@id\":\"https:\/\/www.pmpf.rs.gov.br\/secretaria-de-saude\/2022\/08\/22\/campanhas-de-multivacinacao-e-contra-a-poliomelite-seguirao-ate-9-de-setembro\/\",\"url\":\"https:\/\/www.pmpf.rs.gov.br\/secretaria-de-saude\/2022\/08\/22\/campanhas-de-multivacinacao-e-contra-a-poliomelite-seguirao-ate-9-de-setembro\/\",\"name\":\"Campanhas de multivacina\u00e7\u00e3o e contra a poliomelite seguir\u00e3o at\u00e9 9 de setembro - Secretaria de Sa\u00fade\",\"isPartOf\":{\"@id\":\"https:\/\/www.pmpf.rs.gov.br\/secretaria-de-saude\/#website\"},\"datePublished\":\"2022-08-22T17:16:51+00:00\",\"dateModified\":\"2022-08-22T17:16:53+00:00\",\"author\":{\"@id\":\"https:\/\/www.pmpf.rs.gov.br\/secretaria-de-saude\/#\/schema\/person\/30ee1d1bd74da1469b01fcf086e43351\"},\"breadcrumb\":{\"@id\":\"https:\/\/www.pmpf.rs.gov.br\/secretaria-de-saude\/2022\/08\/22\/campanhas-de-multivacinacao-e-contra-a-poliomelite-seguirao-ate-9-de-setembro\/#breadcrumb\"},\"inLanguage\":\"pt-BR\",\"potentialAction\":[{\"@type\":\"ReadAction\",\"target\":[\"https:\/\/www.pmpf.rs.gov.br\/secretaria-de-saude\/2022\/08\/22\/campanhas-de-multivacinacao-e-contra-a-poliomelite-seguirao-ate-9-de-setembro\/\"]}]},{\"@type\":\"BreadcrumbList\",\"@id\":\"https:\/\/www.pmpf.rs.gov.br\/secretaria-de-saude\/2022\/08\/22\/campanhas-de-multivacinacao-e-contra-a-poliomelite-seguirao-ate-9-de-setembro\/#breadcrumb\",\"itemListElement\":[{\"@type\":\"ListItem\",\"position\":1,\"name\":\"In\u00edcio\",\"item\":\"https:\/\/www.pmpf.rs.gov.br\/secretaria-de-saude\/\"},{\"@type\":\"ListItem\",\"position\":2,\"name\":\"Campanhas de multivacina\u00e7\u00e3o e contra a poliomelite seguir\u00e3o at\u00e9 9 de setembro\"}]},{\"@type\":\"WebSite\",\"@id\":\"https:\/\/www.pmpf.rs.gov.br\/secretaria-de-saude\/#website\",\"url\":\"https:\/\/www.pmpf.rs.gov.br\/secretaria-de-saude\/\",\"name\":\"Secretaria de Sa\u00fade\",\"description\":\"S\u00f3 mais um site Prefeitura de Passo Fundo\",\"potentialAction\":[{\"@type\":\"SearchAction\",\"target\":{\"@type\":\"EntryPoint\",\"urlTemplate\":\"https:\/\/www.pmpf.rs.gov.br\/secretaria-de-saude\/?s={search_term_string}\"},\"query-input\":{\"@type\":\"PropertyValueSpecification\",\"valueRequired\":true,\"valueName\":\"search_term_string\"}}],\"inLanguage\":\"pt-BR\"},{\"@type\":\"Person\",\"@id\":\"https:\/\/www.pmpf.rs.gov.br\/secretaria-de-saude\/#\/schema\/person\/30ee1d1bd74da1469b01fcf086e43351\",\"name\":\"andressazorzetto07\",\"image\":{\"@type\":\"ImageObject\",\"inLanguage\":\"pt-BR\",\"@id\":\"https:\/\/www.pmpf.rs.gov.br\/secretaria-de-saude\/#\/schema\/person\/image\/\",\"url\":\"https:\/\/secure.gravatar.com\/avatar\/14c5458ed79dc81da99a13b9ff5f9f19?s=96&d=mm&r=g\",\"contentUrl\":\"https:\/\/secure.gravatar.com\/avatar\/14c5458ed79dc81da99a13b9ff5f9f19?s=96&d=mm&r=g\",\"caption\":\"andressazorzetto07\"},\"url\":\"https:\/\/www.pmpf.rs.gov.br\/secretaria-de-saude\/author\/andressazorzetto07\/\"}]}<\/script>\n<!-- \/ Yoast SEO plugin. -->","yoast_head_json":{"title":"Campanhas de multivacina\u00e7\u00e3o e contra a poliomelite seguir\u00e3o at\u00e9 9 de setembro - Secretaria de Sa\u00fade","robots":{"index":"index","follow":"follow","max-snippet":"max-snippet:-1","max-image-preview":"max-image-preview:large","max-video-preview":"max-video-preview:-1"},"canonical":"https:\/\/www.pmpf.rs.gov.br\/secretaria-de-saude\/2022\/08\/22\/campanhas-de-multivacinacao-e-contra-a-poliomelite-seguirao-ate-9-de-setembro\/","og_locale":"pt_BR","og_type":"article","og_title":"Campanhas de multivacina\u00e7\u00e3o e contra a poliomelite seguir\u00e3o at\u00e9 9 de setembro - Secretaria de Sa\u00fade","og_description":"Pais ou respons\u00e1veis se dirijam at\u00e9 as unidades com a caderneta de vacina\u00e7\u00e3o para que a situa\u00e7\u00e3o das crian\u00e7as e dos adolescentes seja avaliada","og_url":"https:\/\/www.pmpf.rs.gov.br\/secretaria-de-saude\/2022\/08\/22\/campanhas-de-multivacinacao-e-contra-a-poliomelite-seguirao-ate-9-de-setembro\/","og_site_name":"Secretaria de Sa\u00fade","article_published_time":"2022-08-22T17:16:51+00:00","article_modified_time":"2022-08-22T17:16:53+00:00","author":"andressazorzetto07","twitter_card":"summary_large_image","twitter_misc":{"Escrito por":"andressazorzetto07","Est. tempo de leitura":"2 minutos"},"schema":{"@context":"https:\/\/schema.org","@graph":[{"@type":"WebPage","@id":"https:\/\/www.pmpf.rs.gov.br\/secretaria-de-saude\/2022\/08\/22\/campanhas-de-multivacinacao-e-contra-a-poliomelite-seguirao-ate-9-de-setembro\/","url":"https:\/\/www.pmpf.rs.gov.br\/secretaria-de-saude\/2022\/08\/22\/campanhas-de-multivacinacao-e-contra-a-poliomelite-seguirao-ate-9-de-setembro\/","name":"Campanhas de multivacina\u00e7\u00e3o e contra a poliomelite seguir\u00e3o at\u00e9 9 de setembro - Secretaria de Sa\u00fade","isPartOf":{"@id":"https:\/\/www.pmpf.rs.gov.br\/secretaria-de-saude\/#website"},"datePublished":"2022-08-22T17:16:51+00:00","dateModified":"2022-08-22T17:16:53+00:00","author":{"@id":"https:\/\/www.pmpf.rs.gov.br\/secretaria-de-saude\/#\/schema\/person\/30ee1d1bd74da1469b01fcf086e43351"},"breadcrumb":{"@id":"https:\/\/www.pmpf.rs.gov.br\/secretaria-de-saude\/2022\/08\/22\/campanhas-de-multivacinacao-e-contra-a-poliomelite-seguirao-ate-9-de-setembro\/#breadcrumb"},"inLanguage":"pt-BR","potentialAction":[{"@type":"ReadAction","target":["https:\/\/www.pmpf.rs.gov.br\/secretaria-de-saude\/2022\/08\/22\/campanhas-de-multivacinacao-e-contra-a-poliomelite-seguirao-ate-9-de-setembro\/"]}]},{"@type":"BreadcrumbList","@id":"https:\/\/www.pmpf.rs.gov.br\/secretaria-de-saude\/2022\/08\/22\/campanhas-de-multivacinacao-e-contra-a-poliomelite-seguirao-ate-9-de-setembro\/#breadcrumb","itemListElement":[{"@type":"ListItem","position":1,"name":"In\u00edcio","item":"https:\/\/www.pmpf.rs.gov.br\/secretaria-de-saude\/"},{"@type":"ListItem","position":2,"name":"Campanhas de multivacina\u00e7\u00e3o e contra a poliomelite seguir\u00e3o at\u00e9 9 de setembro"}]},{"@type":"WebSite","@id":"https:\/\/www.pmpf.rs.gov.br\/secretaria-de-saude\/#website","url":"https:\/\/www.pmpf.rs.gov.br\/secretaria-de-saude\/","name":"Secretaria de Sa\u00fade","description":"S\u00f3 mais um site Prefeitura de Passo Fundo","potentialAction":[{"@type":"SearchAction","target":{"@type":"EntryPoint","urlTemplate":"https:\/\/www.pmpf.rs.gov.br\/secretaria-de-saude\/?s={search_term_string}"},"query-input":{"@type":"PropertyValueSpecification","valueRequired":true,"valueName":"search_term_string"}}],"inLanguage":"pt-BR"},{"@type":"Person","@id":"https:\/\/www.pmpf.rs.gov.br\/secretaria-de-saude\/#\/schema\/person\/30ee1d1bd74da1469b01fcf086e43351","name":"andressazorzetto07","image":{"@type":"ImageObject","inLanguage":"pt-BR","@id":"https:\/\/www.pmpf.rs.gov.br\/secretaria-de-saude\/#\/schema\/person\/image\/","url":"https:\/\/secure.gravatar.com\/avatar\/14c5458ed79dc81da99a13b9ff5f9f19?s=96&d=mm&r=g","contentUrl":"https:\/\/secure.gravatar.com\/avatar\/14c5458ed79dc81da99a13b9ff5f9f19?s=96&d=mm&r=g","caption":"andressazorzetto07"},"url":"https:\/\/www.pmpf.rs.gov.br\/secretaria-de-saude\/author\/andressazorzetto07\/"}]}},"_links":{"self":[{"href":"https:\/\/www.pmpf.rs.gov.br\/secretaria-de-saude\/wp-json\/wp\/v2\/posts\/3250"}],"collection":[{"href":"https:\/\/www.pmpf.rs.gov.br\/secretaria-de-saude\/wp-json\/wp\/v2\/posts"}],"about":[{"href":"https:\/\/www.pmpf.rs.gov.br\/secretaria-de-saude\/wp-json\/wp\/v2\/types\/post"}],"author":[{"embeddable":true,"href":"https:\/\/www.pmpf.rs.gov.br\/secretaria-de-saude\/wp-json\/wp\/v2\/users\/6"}],"replies":[{"embeddable":true,"href":"https:\/\/www.pmpf.rs.gov.br\/secretaria-de-saude\/wp-json\/wp\/v2\/comments?post=3250"}],"version-history":[{"count":1,"href":"https:\/\/www.pmpf.rs.gov.br\/secretaria-de-saude\/wp-json\/wp\/v2\/posts\/3250\/revisions"}],"predecessor-version":[{"id":3251,"href":"https:\/\/www.pmpf.rs.gov.br\/secretaria-de-saude\/wp-json\/wp\/v2\/posts\/3250\/revisions\/3251"}],"wp:attachment":[{"href":"https:\/\/www.pmpf.rs.gov.br\/secretaria-de-saude\/wp-json\/wp\/v2\/media?parent=3250"}],"wp:term":[{"taxonomy":"category","embeddable":true,"href":"https:\/\/www.pmpf.rs.gov.br\/secretaria-de-saude\/wp-json\/wp\/v2\/categories?post=3250"},{"taxonomy":"post_tag","embeddable":true,"href":"https:\/\/www.pmpf.rs.gov.br\/secretaria-de-saude\/wp-json\/wp\/v2\/tags?post=3250"}],"curies":[{"name":"wp","href":"https:\/\/api.w.org\/{rel}","templated":true}]}}