{"id":3240,"date":"2022-08-15T09:10:41","date_gmt":"2022-08-15T12:10:41","guid":{"rendered":"https:\/\/www.pmpf.rs.gov.br\/secretaria-de-saude\/?p=3240"},"modified":"2022-08-17T10:57:37","modified_gmt":"2022-08-17T13:57:37","slug":"passo-fundo-libera-segunda-dose-de-reforco-contra-a-covid-19-para-todas-as-pessoas-com-mais-de-18-anos","status":"publish","type":"post","link":"https:\/\/www.pmpf.rs.gov.br\/secretaria-de-saude\/2022\/08\/15\/passo-fundo-libera-segunda-dose-de-reforco-contra-a-covid-19-para-todas-as-pessoas-com-mais-de-18-anos\/","title":{"rendered":"Passo Fundo libera segunda dose de refor\u00e7o contra a Covid-19 para todas as pessoas com mais de 18 anos"},"content":{"rendered":"\n<p><br>Passo Fundo liberou, a partir desta segunda-feira (15), o segundo refor\u00e7o da vacina contra a Covid-19 para todas as pessoas com mais de 18 anos. Para receber o refor\u00e7o, \u00e9 necess\u00e1rio ter um intervalo de quatro meses com rela\u00e7\u00e3o \u00e0 \u00faltima dose feita.<br>A secret\u00e1ria de Sa\u00fade, Cristine Pilati, explica a expans\u00e3o da faixa et\u00e1ria. \u201cTemos um quantitativo grande de doses, que nos possibilita fazer essa amplia\u00e7\u00e3o. Ent\u00e3o, quem tem mais de 18 anos e possui esse intervalo m\u00ednimo de quatro meses pode se dirigir a uma das unidades com sala de vacina\u00e7\u00e3o para Covid-19. A vacina\u00e7\u00e3o vai acontecer enquanto houver doses dispon\u00edveis\u201d, justificou.<\/p>\n\n\n\n<p><strong>Mais tempo para vacinar<br><\/strong>Al\u00e9m da mudan\u00e7a na cobertura vacinal contra a Covid-19, a Prefeitura estender\u00e1 o hor\u00e1rio de funcionamento da Central de Vacinas em um dia da semana para facilitar a vacina\u00e7\u00e3o. Nas quintas-feiras, a Central atender\u00e1 at\u00e9 as 21h. \u201cToda semana, vamos fazer isso. \u00c9 uma altera\u00e7\u00e3o pensada em quem trabalha durante o hor\u00e1rio comercial e n\u00e3o consegue ir at\u00e9 uma unidade durante o per\u00edodo habitual de funcionamento\u201d, pontuou Cristine.<\/p>\n\n\n\n<p><strong>Confira como fica a vacina\u00e7\u00e3o:<br>P\u00fablicos<br><\/strong>&nbsp; &nbsp; \u2022 1\u00aa dose para crian\u00e7as de 3 a 11 anos (enquanto houver doses)<br>&nbsp; &nbsp; \u2022 1\u00aa dose para pessoas acima de 12 anos, gestantes e pu\u00e9rperas<br>&nbsp; &nbsp; \u2022 2\u00aa dose de Coronavac para todas as crian\u00e7as que precisam completar o esquema vacinal (intervalo \u00e9 de 28 dias)<br>&nbsp; &nbsp; \u2022 2\u00aa dose de Coronavac para todas as pessoas que precisam completar o esquema vacinal (intervalo \u00e9 de 28 dias)<br>&nbsp; &nbsp; \u2022 2\u00aa dose de Pfizer para as pessoas com 18 anos ou mais que precisam completar o esquema vacinal (intervalo \u00e9 de oito semanas)<br>&nbsp; &nbsp; \u2022 2\u00aa dose de Pfizer para adolescentes que precisam completar o esquema vacinal (intervalo \u00e9 de oito semanas) (*enquanto houver doses)<br>&nbsp; &nbsp; \u2022 2\u00aa dose de AstraZeneca para todas as pessoas que precisam completar o esquema vacinal (intervalo \u00e9 de oito semanas)<br>&nbsp; &nbsp; \u2022 3\u00aa dose (refor\u00e7o) para todas as pessoas com 18 anos ou mais que receberam a segunda dose h\u00e1, no m\u00ednimo, quatro meses<br>&nbsp; &nbsp; \u2022 3\u00aa dose (refor\u00e7o para os adolescentes de 12 a 17 anos que receberam a segunda dose h\u00e1, no m\u00ednimo, quatro meses<br>&nbsp; &nbsp; \u2022 2\u00aa dose de refor\u00e7o para pessoas com 18 anos ou mais que fizeram o primeiro refor\u00e7o h\u00e1 quatro meses ou mais<br><br>Cais Vila Lu\u00edza, Cais H\u00edpica, Cais Boqueir\u00e3o, Ambulat\u00f3rio de Especialidades, ESF Nen\u00ea Graeff, ESF Zachia, Ambulat\u00f3rio S\u00e3o Jos\u00e9, ESF Don\u00e1ria\/Santa Marta, ESF S\u00e3o Luiz Gonzaga, ESF Adirbal Corralo, ESF Planaltina, ESF S\u00e3o Crist\u00f3v\u00e3o, ESF Adolfo Groth, ESF Jaboticabal, UBS Vila Nova, UBS Parque Farroupilha e Central de Vacinas.<\/p>\n\n\n\n<p>ESF, UBS e ambulat\u00f3rios: de segunda a sexta-feira, das 8h \u00e0s 11h30 e das 13h \u00e0s 16h30<br>Cais e Central de Vacinas: de segunda a sexta-feira, das 8h \u00e0s 18h<\/p>\n\n\n\n<p><strong>Exclusivo para quem fez a vacina Janssen<br><\/strong>&nbsp; &nbsp; \u2022 Refor\u00e7o para todas as pessoas com 18 anos ou mais que fizeram a vacina Janssen no esquema prim\u00e1rio (dose \u00fanica) h\u00e1, no m\u00ednimo, dois meses<br>&nbsp; &nbsp; \u2022 2\u00aa dose de refor\u00e7o para pessoas com 18 anos a 39 anos (n\u00e3o gestantes e pu\u00e9rperas) que fizeram a vacina Janssen no esquema prim\u00e1rio (dose \u00fanica), independente do imunizante utilizado no primeiro refor\u00e7o<br>&nbsp; &nbsp; \u2022 3\u00aa dose de refor\u00e7o para pessoas com 18 anos ou mais (n\u00e3o gestantes e pu\u00e9rperas) que fizeram a vacina Janssen no esquema prim\u00e1rio (dose \u00fanica), independente do imunizante utilizado nos refor\u00e7os anteriores.<br>Cais Vila Lu\u00edza, Cais H\u00edpica, Cais Boqueir\u00e3o, Ambulat\u00f3rio de Especialidades, ESF Nen\u00ea Graeff, ESF Zachia, Ambulat\u00f3rio S\u00e3o Jos\u00e9, ESF Don\u00e1ria\/Santa Marta, ESF S\u00e3o Luiz Gonzaga, ESF Adirbal Corralo, ESF Planaltina, ESF S\u00e3o Crist\u00f3v\u00e3o, ESF Adolfo Groth, ESF Jaboticabal, UBS Vila Nova, UBS Parque Farroupilha e Central de Vacinas.<\/p>\n\n\n\n<p>ESF, UBS e ambulat\u00f3rios: de segunda a sexta-feira, das 8h \u00e0s 11h30 e das 13h \u00e0s 16h30<br>Cais e Central de Vacinas: de segunda a sexta-feira, das 8h \u00e0s 18h<\/p>\n\n\n\n<p><strong>Outros p\u00fablicos<br><\/strong>&nbsp; &nbsp; \u2022 Dose adicional para adolescentes de 12 a 17 anos imunocomprometidos (intervalo m\u00ednimo de oito semanas da segunda dose)<br>&nbsp; &nbsp; \u2022 3\u00aa dose para imunossuprimidos<br>Somente na Central de Vacinas, de segunda a sexta-feira, das 8h \u00e0s 16h<br>*Enquanto houver doses<\/p>\n\n\n\n<p>&nbsp; &nbsp; \u2022 2\u00aa dose de Pfizer para todas as crian\u00e7as que precisam completar o esquema vacinal (intervalo \u00e9 de oito semanas)<br>Na Central de Vacinas, de segunda a sexta-feira, das 8h \u00e0s 14h<\/p>\n","protected":false},"excerpt":{"rendered":"<p>Al\u00e9m disso, Munic\u00edpio anuncia a amplia\u00e7\u00e3o do hor\u00e1rio de atendimento da Central de Vacinas, nas quintas-feiras, at\u00e9 as 21h<\/p>\n","protected":false},"author":6,"featured_media":3243,"comment_status":"closed","ping_status":"closed","sticky":true,"template":"","format":"standard","meta":{"footnotes":""},"categories":[1],"tags":[],"class_list":["post-3240","post","type-post","status-publish","format-standard","has-post-thumbnail","hentry","category-sem-categoria"],"yoast_head":"<!-- This site is optimized with the Yoast SEO plugin v23.8 - https:\/\/yoast.com\/wordpress\/plugins\/seo\/ -->\n<title>Passo Fundo libera segunda dose de refor\u00e7o contra a Covid-19 para todas as pessoas com mais de 18 anos - Secretaria de Sa\u00fade<\/title>\n<meta name=\"robots\" content=\"index, follow, max-snippet:-1, max-image-preview:large, max-video-preview:-1\" \/>\n<link rel=\"canonical\" href=\"https:\/\/www.pmpf.rs.gov.br\/secretaria-de-saude\/2022\/08\/15\/passo-fundo-libera-segunda-dose-de-reforco-contra-a-covid-19-para-todas-as-pessoas-com-mais-de-18-anos\/\" \/>\n<meta property=\"og:locale\" content=\"pt_BR\" \/>\n<meta property=\"og:type\" content=\"article\" \/>\n<meta property=\"og:title\" content=\"Passo Fundo libera segunda dose de refor\u00e7o contra a Covid-19 para todas as pessoas com mais de 18 anos - Secretaria de Sa\u00fade\" \/>\n<meta property=\"og:description\" content=\"Al\u00e9m disso, Munic\u00edpio anuncia a amplia\u00e7\u00e3o do hor\u00e1rio de atendimento da Central de Vacinas, nas quintas-feiras, at\u00e9 as 21h\" \/>\n<meta property=\"og:url\" content=\"https:\/\/www.pmpf.rs.gov.br\/secretaria-de-saude\/2022\/08\/15\/passo-fundo-libera-segunda-dose-de-reforco-contra-a-covid-19-para-todas-as-pessoas-com-mais-de-18-anos\/\" \/>\n<meta property=\"og:site_name\" content=\"Secretaria de Sa\u00fade\" \/>\n<meta property=\"article:published_time\" content=\"2022-08-15T12:10:41+00:00\" \/>\n<meta property=\"article:modified_time\" content=\"2022-08-17T13:57:37+00:00\" \/>\n<meta property=\"og:image\" content=\"https:\/\/www.pmpf.rs.gov.br\/secretaria-de-saude\/wp-content\/uploads\/sites\/50\/2022\/08\/I2021-06-01_161340_402193.jpg\" \/>\n\t<meta property=\"og:image:width\" content=\"1280\" \/>\n\t<meta property=\"og:image:height\" content=\"852\" \/>\n\t<meta property=\"og:image:type\" content=\"image\/jpeg\" \/>\n<meta name=\"author\" content=\"andressazorzetto07\" \/>\n<meta name=\"twitter:card\" content=\"summary_large_image\" \/>\n<meta name=\"twitter:label1\" content=\"Escrito por\" \/>\n\t<meta name=\"twitter:data1\" content=\"andressazorzetto07\" \/>\n\t<meta name=\"twitter:label2\" content=\"Est. tempo de leitura\" \/>\n\t<meta name=\"twitter:data2\" content=\"4 minutos\" \/>\n<script type=\"application\/ld+json\" class=\"yoast-schema-graph\">{\"@context\":\"https:\/\/schema.org\",\"@graph\":[{\"@type\":\"WebPage\",\"@id\":\"https:\/\/www.pmpf.rs.gov.br\/secretaria-de-saude\/2022\/08\/15\/passo-fundo-libera-segunda-dose-de-reforco-contra-a-covid-19-para-todas-as-pessoas-com-mais-de-18-anos\/\",\"url\":\"https:\/\/www.pmpf.rs.gov.br\/secretaria-de-saude\/2022\/08\/15\/passo-fundo-libera-segunda-dose-de-reforco-contra-a-covid-19-para-todas-as-pessoas-com-mais-de-18-anos\/\",\"name\":\"Passo Fundo libera segunda dose de refor\u00e7o contra a Covid-19 para todas as pessoas com mais de 18 anos - Secretaria de Sa\u00fade\",\"isPartOf\":{\"@id\":\"https:\/\/www.pmpf.rs.gov.br\/secretaria-de-saude\/#website\"},\"primaryImageOfPage\":{\"@id\":\"https:\/\/www.pmpf.rs.gov.br\/secretaria-de-saude\/2022\/08\/15\/passo-fundo-libera-segunda-dose-de-reforco-contra-a-covid-19-para-todas-as-pessoas-com-mais-de-18-anos\/#primaryimage\"},\"image\":{\"@id\":\"https:\/\/www.pmpf.rs.gov.br\/secretaria-de-saude\/2022\/08\/15\/passo-fundo-libera-segunda-dose-de-reforco-contra-a-covid-19-para-todas-as-pessoas-com-mais-de-18-anos\/#primaryimage\"},\"thumbnailUrl\":\"https:\/\/www.pmpf.rs.gov.br\/secretaria-de-saude\/wp-content\/uploads\/sites\/50\/2022\/08\/I2021-06-01_161340_402193.jpg\",\"datePublished\":\"2022-08-15T12:10:41+00:00\",\"dateModified\":\"2022-08-17T13:57:37+00:00\",\"author\":{\"@id\":\"https:\/\/www.pmpf.rs.gov.br\/secretaria-de-saude\/#\/schema\/person\/30ee1d1bd74da1469b01fcf086e43351\"},\"breadcrumb\":{\"@id\":\"https:\/\/www.pmpf.rs.gov.br\/secretaria-de-saude\/2022\/08\/15\/passo-fundo-libera-segunda-dose-de-reforco-contra-a-covid-19-para-todas-as-pessoas-com-mais-de-18-anos\/#breadcrumb\"},\"inLanguage\":\"pt-BR\",\"potentialAction\":[{\"@type\":\"ReadAction\",\"target\":[\"https:\/\/www.pmpf.rs.gov.br\/secretaria-de-saude\/2022\/08\/15\/passo-fundo-libera-segunda-dose-de-reforco-contra-a-covid-19-para-todas-as-pessoas-com-mais-de-18-anos\/\"]}]},{\"@type\":\"ImageObject\",\"inLanguage\":\"pt-BR\",\"@id\":\"https:\/\/www.pmpf.rs.gov.br\/secretaria-de-saude\/2022\/08\/15\/passo-fundo-libera-segunda-dose-de-reforco-contra-a-covid-19-para-todas-as-pessoas-com-mais-de-18-anos\/#primaryimage\",\"url\":\"https:\/\/www.pmpf.rs.gov.br\/secretaria-de-saude\/wp-content\/uploads\/sites\/50\/2022\/08\/I2021-06-01_161340_402193.jpg\",\"contentUrl\":\"https:\/\/www.pmpf.rs.gov.br\/secretaria-de-saude\/wp-content\/uploads\/sites\/50\/2022\/08\/I2021-06-01_161340_402193.jpg\",\"width\":1280,\"height\":852},{\"@type\":\"BreadcrumbList\",\"@id\":\"https:\/\/www.pmpf.rs.gov.br\/secretaria-de-saude\/2022\/08\/15\/passo-fundo-libera-segunda-dose-de-reforco-contra-a-covid-19-para-todas-as-pessoas-com-mais-de-18-anos\/#breadcrumb\",\"itemListElement\":[{\"@type\":\"ListItem\",\"position\":1,\"name\":\"In\u00edcio\",\"item\":\"https:\/\/www.pmpf.rs.gov.br\/secretaria-de-saude\/\"},{\"@type\":\"ListItem\",\"position\":2,\"name\":\"Passo Fundo libera segunda dose de refor\u00e7o contra a Covid-19 para todas as pessoas com mais de 18 anos\"}]},{\"@type\":\"WebSite\",\"@id\":\"https:\/\/www.pmpf.rs.gov.br\/secretaria-de-saude\/#website\",\"url\":\"https:\/\/www.pmpf.rs.gov.br\/secretaria-de-saude\/\",\"name\":\"Secretaria de Sa\u00fade\",\"description\":\"S\u00f3 mais um site Prefeitura de Passo Fundo\",\"potentialAction\":[{\"@type\":\"SearchAction\",\"target\":{\"@type\":\"EntryPoint\",\"urlTemplate\":\"https:\/\/www.pmpf.rs.gov.br\/secretaria-de-saude\/?s={search_term_string}\"},\"query-input\":{\"@type\":\"PropertyValueSpecification\",\"valueRequired\":true,\"valueName\":\"search_term_string\"}}],\"inLanguage\":\"pt-BR\"},{\"@type\":\"Person\",\"@id\":\"https:\/\/www.pmpf.rs.gov.br\/secretaria-de-saude\/#\/schema\/person\/30ee1d1bd74da1469b01fcf086e43351\",\"name\":\"andressazorzetto07\",\"image\":{\"@type\":\"ImageObject\",\"inLanguage\":\"pt-BR\",\"@id\":\"https:\/\/www.pmpf.rs.gov.br\/secretaria-de-saude\/#\/schema\/person\/image\/\",\"url\":\"https:\/\/secure.gravatar.com\/avatar\/14c5458ed79dc81da99a13b9ff5f9f19?s=96&d=mm&r=g\",\"contentUrl\":\"https:\/\/secure.gravatar.com\/avatar\/14c5458ed79dc81da99a13b9ff5f9f19?s=96&d=mm&r=g\",\"caption\":\"andressazorzetto07\"},\"url\":\"https:\/\/www.pmpf.rs.gov.br\/secretaria-de-saude\/author\/andressazorzetto07\/\"}]}<\/script>\n<!-- \/ Yoast SEO plugin. -->","yoast_head_json":{"title":"Passo Fundo libera segunda dose de refor\u00e7o contra a Covid-19 para todas as pessoas com mais de 18 anos - Secretaria de Sa\u00fade","robots":{"index":"index","follow":"follow","max-snippet":"max-snippet:-1","max-image-preview":"max-image-preview:large","max-video-preview":"max-video-preview:-1"},"canonical":"https:\/\/www.pmpf.rs.gov.br\/secretaria-de-saude\/2022\/08\/15\/passo-fundo-libera-segunda-dose-de-reforco-contra-a-covid-19-para-todas-as-pessoas-com-mais-de-18-anos\/","og_locale":"pt_BR","og_type":"article","og_title":"Passo Fundo libera segunda dose de refor\u00e7o contra a Covid-19 para todas as pessoas com mais de 18 anos - Secretaria de Sa\u00fade","og_description":"Al\u00e9m disso, Munic\u00edpio anuncia a amplia\u00e7\u00e3o do hor\u00e1rio de atendimento da Central de Vacinas, nas quintas-feiras, at\u00e9 as 21h","og_url":"https:\/\/www.pmpf.rs.gov.br\/secretaria-de-saude\/2022\/08\/15\/passo-fundo-libera-segunda-dose-de-reforco-contra-a-covid-19-para-todas-as-pessoas-com-mais-de-18-anos\/","og_site_name":"Secretaria de Sa\u00fade","article_published_time":"2022-08-15T12:10:41+00:00","article_modified_time":"2022-08-17T13:57:37+00:00","og_image":[{"width":1280,"height":852,"url":"https:\/\/www.pmpf.rs.gov.br\/secretaria-de-saude\/wp-content\/uploads\/sites\/50\/2022\/08\/I2021-06-01_161340_402193.jpg","type":"image\/jpeg"}],"author":"andressazorzetto07","twitter_card":"summary_large_image","twitter_misc":{"Escrito por":"andressazorzetto07","Est. tempo de leitura":"4 minutos"},"schema":{"@context":"https:\/\/schema.org","@graph":[{"@type":"WebPage","@id":"https:\/\/www.pmpf.rs.gov.br\/secretaria-de-saude\/2022\/08\/15\/passo-fundo-libera-segunda-dose-de-reforco-contra-a-covid-19-para-todas-as-pessoas-com-mais-de-18-anos\/","url":"https:\/\/www.pmpf.rs.gov.br\/secretaria-de-saude\/2022\/08\/15\/passo-fundo-libera-segunda-dose-de-reforco-contra-a-covid-19-para-todas-as-pessoas-com-mais-de-18-anos\/","name":"Passo Fundo libera segunda dose de refor\u00e7o contra a Covid-19 para todas as pessoas com mais de 18 anos - Secretaria de Sa\u00fade","isPartOf":{"@id":"https:\/\/www.pmpf.rs.gov.br\/secretaria-de-saude\/#website"},"primaryImageOfPage":{"@id":"https:\/\/www.pmpf.rs.gov.br\/secretaria-de-saude\/2022\/08\/15\/passo-fundo-libera-segunda-dose-de-reforco-contra-a-covid-19-para-todas-as-pessoas-com-mais-de-18-anos\/#primaryimage"},"image":{"@id":"https:\/\/www.pmpf.rs.gov.br\/secretaria-de-saude\/2022\/08\/15\/passo-fundo-libera-segunda-dose-de-reforco-contra-a-covid-19-para-todas-as-pessoas-com-mais-de-18-anos\/#primaryimage"},"thumbnailUrl":"https:\/\/www.pmpf.rs.gov.br\/secretaria-de-saude\/wp-content\/uploads\/sites\/50\/2022\/08\/I2021-06-01_161340_402193.jpg","datePublished":"2022-08-15T12:10:41+00:00","dateModified":"2022-08-17T13:57:37+00:00","author":{"@id":"https:\/\/www.pmpf.rs.gov.br\/secretaria-de-saude\/#\/schema\/person\/30ee1d1bd74da1469b01fcf086e43351"},"breadcrumb":{"@id":"https:\/\/www.pmpf.rs.gov.br\/secretaria-de-saude\/2022\/08\/15\/passo-fundo-libera-segunda-dose-de-reforco-contra-a-covid-19-para-todas-as-pessoas-com-mais-de-18-anos\/#breadcrumb"},"inLanguage":"pt-BR","potentialAction":[{"@type":"ReadAction","target":["https:\/\/www.pmpf.rs.gov.br\/secretaria-de-saude\/2022\/08\/15\/passo-fundo-libera-segunda-dose-de-reforco-contra-a-covid-19-para-todas-as-pessoas-com-mais-de-18-anos\/"]}]},{"@type":"ImageObject","inLanguage":"pt-BR","@id":"https:\/\/www.pmpf.rs.gov.br\/secretaria-de-saude\/2022\/08\/15\/passo-fundo-libera-segunda-dose-de-reforco-contra-a-covid-19-para-todas-as-pessoas-com-mais-de-18-anos\/#primaryimage","url":"https:\/\/www.pmpf.rs.gov.br\/secretaria-de-saude\/wp-content\/uploads\/sites\/50\/2022\/08\/I2021-06-01_161340_402193.jpg","contentUrl":"https:\/\/www.pmpf.rs.gov.br\/secretaria-de-saude\/wp-content\/uploads\/sites\/50\/2022\/08\/I2021-06-01_161340_402193.jpg","width":1280,"height":852},{"@type":"BreadcrumbList","@id":"https:\/\/www.pmpf.rs.gov.br\/secretaria-de-saude\/2022\/08\/15\/passo-fundo-libera-segunda-dose-de-reforco-contra-a-covid-19-para-todas-as-pessoas-com-mais-de-18-anos\/#breadcrumb","itemListElement":[{"@type":"ListItem","position":1,"name":"In\u00edcio","item":"https:\/\/www.pmpf.rs.gov.br\/secretaria-de-saude\/"},{"@type":"ListItem","position":2,"name":"Passo Fundo libera segunda dose de refor\u00e7o contra a Covid-19 para todas as pessoas com mais de 18 anos"}]},{"@type":"WebSite","@id":"https:\/\/www.pmpf.rs.gov.br\/secretaria-de-saude\/#website","url":"https:\/\/www.pmpf.rs.gov.br\/secretaria-de-saude\/","name":"Secretaria de Sa\u00fade","description":"S\u00f3 mais um site Prefeitura de Passo Fundo","potentialAction":[{"@type":"SearchAction","target":{"@type":"EntryPoint","urlTemplate":"https:\/\/www.pmpf.rs.gov.br\/secretaria-de-saude\/?s={search_term_string}"},"query-input":{"@type":"PropertyValueSpecification","valueRequired":true,"valueName":"search_term_string"}}],"inLanguage":"pt-BR"},{"@type":"Person","@id":"https:\/\/www.pmpf.rs.gov.br\/secretaria-de-saude\/#\/schema\/person\/30ee1d1bd74da1469b01fcf086e43351","name":"andressazorzetto07","image":{"@type":"ImageObject","inLanguage":"pt-BR","@id":"https:\/\/www.pmpf.rs.gov.br\/secretaria-de-saude\/#\/schema\/person\/image\/","url":"https:\/\/secure.gravatar.com\/avatar\/14c5458ed79dc81da99a13b9ff5f9f19?s=96&d=mm&r=g","contentUrl":"https:\/\/secure.gravatar.com\/avatar\/14c5458ed79dc81da99a13b9ff5f9f19?s=96&d=mm&r=g","caption":"andressazorzetto07"},"url":"https:\/\/www.pmpf.rs.gov.br\/secretaria-de-saude\/author\/andressazorzetto07\/"}]}},"_links":{"self":[{"href":"https:\/\/www.pmpf.rs.gov.br\/secretaria-de-saude\/wp-json\/wp\/v2\/posts\/3240"}],"collection":[{"href":"https:\/\/www.pmpf.rs.gov.br\/secretaria-de-saude\/wp-json\/wp\/v2\/posts"}],"about":[{"href":"https:\/\/www.pmpf.rs.gov.br\/secretaria-de-saude\/wp-json\/wp\/v2\/types\/post"}],"author":[{"embeddable":true,"href":"https:\/\/www.pmpf.rs.gov.br\/secretaria-de-saude\/wp-json\/wp\/v2\/users\/6"}],"replies":[{"embeddable":true,"href":"https:\/\/www.pmpf.rs.gov.br\/secretaria-de-saude\/wp-json\/wp\/v2\/comments?post=3240"}],"version-history":[{"count":1,"href":"https:\/\/www.pmpf.rs.gov.br\/secretaria-de-saude\/wp-json\/wp\/v2\/posts\/3240\/revisions"}],"predecessor-version":[{"id":3242,"href":"https:\/\/www.pmpf.rs.gov.br\/secretaria-de-saude\/wp-json\/wp\/v2\/posts\/3240\/revisions\/3242"}],"wp:featuredmedia":[{"embeddable":true,"href":"https:\/\/www.pmpf.rs.gov.br\/secretaria-de-saude\/wp-json\/wp\/v2\/media\/3243"}],"wp:attachment":[{"href":"https:\/\/www.pmpf.rs.gov.br\/secretaria-de-saude\/wp-json\/wp\/v2\/media?parent=3240"}],"wp:term":[{"taxonomy":"category","embeddable":true,"href":"https:\/\/www.pmpf.rs.gov.br\/secretaria-de-saude\/wp-json\/wp\/v2\/categories?post=3240"},{"taxonomy":"post_tag","embeddable":true,"href":"https:\/\/www.pmpf.rs.gov.br\/secretaria-de-saude\/wp-json\/wp\/v2\/tags?post=3240"}],"curies":[{"name":"wp","href":"https:\/\/api.w.org\/{rel}","templated":true}]}}