{"id":3222,"date":"2022-06-23T17:38:06","date_gmt":"2022-06-23T20:38:06","guid":{"rendered":"https:\/\/www.pmpf.rs.gov.br\/secretaria-de-saude\/?p=3222"},"modified":"2022-07-29T09:04:57","modified_gmt":"2022-07-29T12:04:57","slug":"prefeito-anuncia-o-acesso-prioritario-de-gestantes-acompanhadas-pelo-meu-bebe-meu-tesouro-a-cursos-profissionalizantes","status":"publish","type":"post","link":"https:\/\/www.pmpf.rs.gov.br\/secretaria-de-saude\/2022\/06\/23\/prefeito-anuncia-o-acesso-prioritario-de-gestantes-acompanhadas-pelo-meu-bebe-meu-tesouro-a-cursos-profissionalizantes\/","title":{"rendered":"Prefeito anuncia o acesso priorit\u00e1rio de gestantes acompanhadas pelo Meu Beb\u00ea, Meu Tesouro a cursos profissionalizantes"},"content":{"rendered":"\n<p><em><br><\/em><br>Nesta quarta-feira (23), mais um encontro para as gestantes acompanhadas pela Prefeitura a partir do programa Meu Beb\u00ea, Meu Tesouro foi realizado. Al\u00e9m das orienta\u00e7\u00f5es sobre os cuidados com os beb\u00eas e da entrega dos kits de enxoval, elas receberam a novidade de mais uma a\u00e7\u00e3o importante: as mulheres que passaram pelo programa tamb\u00e9m ter\u00e3o acesso priorit\u00e1rio a cursos profissionalizantes na Escola das Profiss\u00f5es.<\/p>\n\n\n\n<p>O prefeito, Pedro Almeida, explica que a Escola das Profiss\u00f5es \u00e9 um novo projeto do Munic\u00edpio e vai oferecer mais de 100 cursos gratuitos. \u201cA Escola das Profiss\u00f5es ainda ser\u00e1 lan\u00e7ada pela Prefeitura. A previs\u00e3o \u00e9 que isso aconte\u00e7a no segundo semestre do ano. E queremos aproveitar para adiantar aqui, no Meu Beb\u00ea, Meu Tesouro, que as mulheres que passaram pelo programa ter\u00e3o essa oportunidade facilitada de terem uma profiss\u00e3o\u201d, afirmou.<\/p>\n\n\n\n<p>A not\u00edcia gerou expectativas para Regina Monteiro, de 27 anos, que est\u00e1 \u00e0 espera do Valentim. Gr\u00e1vida de 35 semanas, ela considera que a profissionaliza\u00e7\u00e3o garante a independ\u00eancia financeira das mulheres e um futuro melhor para as crian\u00e7as. \u201cCom certeza, essa \u00e9 uma grande oportunidade para todas as gestantes que est\u00e3o aqui. \u00c9 \u00f3timo ver cada vez mais mulheres se capacitando e sendo empregadas\u201d, disse.<\/p>\n\n\n\n<p><\/p>\n\n\n\n<p><strong>Mais sa\u00fade para as mulheres e as crian\u00e7as<br><\/strong>Regina realiza o pr\u00e9-natal na Estrat\u00e9gia de Sa\u00fade da Fam\u00edlia (ESF) Caic Edu Azambuja. Ela destacou como o programa Meu Beb\u00ea, Meu Tesouro tem feito a diferen\u00e7a para ela e para o Valentim. &#8220;\u00c9 um programa maravilhoso. Eu fiz todos os exames, inclusive, o morfol\u00f3gico, que \u00e9 car\u00edssimo e foi arcado pela Prefeitura. S\u00f3 tenho a agradecer pelo acolhimento que recebo na minha unidade de sa\u00fade com a gerente Lisenia, a enfermeira Juliana, a recepcionista J\u00e9ssica e o t\u00e9cnico em Enfermagem Gilmar. Todos cuidam de mim e do beb\u00ea com muito carinho&#8221;, contou.<\/p>\n\n\n\n<p>O Meu Beb\u00ea, Meu Tesouro atende, por interm\u00e9dio das unidades de sa\u00fade, gestantes que realizam o pr\u00e9-natal pelo SUS e apresentam algum fator de risco. Elas recebem atendimentos durante a gesta\u00e7\u00e3o e o primeiro ano de vida do beb\u00ea.<\/p>\n\n\n\n<p>O programa tamb\u00e9m oferece encontros mensais para orienta\u00e7\u00f5es em rela\u00e7\u00e3o \u00e0 gravidez, amamenta\u00e7\u00e3o e cuidados com o beb\u00ea, consultas, exames, visitas domiciliares e demais atendimentos necess\u00e1rios em cada caso. Al\u00e9m disso, disponibiliza \u00e0s m\u00e3es um kit de enxoval para o beb\u00ea com v\u00e1rios itens, sal\u00e3o de beleza e fotografia art\u00edstica no Dia da Gestante, transporte na sa\u00edda da maternidade para o domic\u00edlio e cestas b\u00e1sicas durante tr\u00eas meses ap\u00f3s o nascimento.<\/p>\n\n\n\n<p>De acordo com a secret\u00e1ria de Sa\u00fade, Cristine Pilati, a iniciativa tem como principal objetivo a redu\u00e7\u00e3o da taxa de mortalidade infantil. \u201cO programa \u00e9 voltado ao fortalecimento dos la\u00e7os profundos do bin\u00f4mio m\u00e3e e filho, atendendo gestantes em vulnerabilidade e impactando diretamente na redu\u00e7\u00e3o da mortalidade. A mortalidade infantil \u00e9 um dos principais problemas enfrentados no Brasil e a solu\u00e7\u00e3o est\u00e1 em implantar pol\u00edticas p\u00fablicas efetivas, ampliando e fortalecendo a rede prim\u00e1ria de sa\u00fade\u201d, avaliou.<\/p>\n\n\n\n<p><strong>Foto: Michel Sanderi<\/strong><\/p>\n","protected":false},"excerpt":{"rendered":"<p>A Escola das Profissionais ser\u00e1 lan\u00e7ada em agosto pela Prefeitura, e possibilitar\u00e1 o ingresso facilitado para as mulheres que passaram pelo programa<\/p>\n","protected":false},"author":6,"featured_media":3223,"comment_status":"closed","ping_status":"closed","sticky":true,"template":"","format":"standard","meta":{"footnotes":""},"categories":[25],"tags":[],"class_list":["post-3222","post","type-post","status-publish","format-standard","has-post-thumbnail","hentry","category-meu-bebe-meu-tesouro"],"yoast_head":"<!-- This site is optimized with the Yoast SEO plugin v23.8 - https:\/\/yoast.com\/wordpress\/plugins\/seo\/ -->\n<title>Prefeito anuncia o acesso priorit\u00e1rio de gestantes acompanhadas pelo Meu Beb\u00ea, Meu Tesouro a cursos profissionalizantes - Secretaria de Sa\u00fade<\/title>\n<meta name=\"robots\" content=\"index, follow, max-snippet:-1, max-image-preview:large, max-video-preview:-1\" \/>\n<link rel=\"canonical\" href=\"https:\/\/www.pmpf.rs.gov.br\/secretaria-de-saude\/2022\/06\/23\/prefeito-anuncia-o-acesso-prioritario-de-gestantes-acompanhadas-pelo-meu-bebe-meu-tesouro-a-cursos-profissionalizantes\/\" \/>\n<meta property=\"og:locale\" content=\"pt_BR\" \/>\n<meta property=\"og:type\" content=\"article\" \/>\n<meta property=\"og:title\" content=\"Prefeito anuncia o acesso priorit\u00e1rio de gestantes acompanhadas pelo Meu Beb\u00ea, Meu Tesouro a cursos profissionalizantes - Secretaria de Sa\u00fade\" \/>\n<meta property=\"og:description\" content=\"A Escola das Profissionais ser\u00e1 lan\u00e7ada em agosto pela Prefeitura, e possibilitar\u00e1 o ingresso facilitado para as mulheres que passaram pelo programa\" \/>\n<meta property=\"og:url\" content=\"https:\/\/www.pmpf.rs.gov.br\/secretaria-de-saude\/2022\/06\/23\/prefeito-anuncia-o-acesso-prioritario-de-gestantes-acompanhadas-pelo-meu-bebe-meu-tesouro-a-cursos-profissionalizantes\/\" \/>\n<meta property=\"og:site_name\" content=\"Secretaria de Sa\u00fade\" \/>\n<meta property=\"article:published_time\" content=\"2022-06-23T20:38:06+00:00\" \/>\n<meta property=\"article:modified_time\" content=\"2022-07-29T12:04:57+00:00\" \/>\n<meta property=\"og:image\" content=\"https:\/\/www.pmpf.rs.gov.br\/secretaria-de-saude\/wp-content\/uploads\/sites\/50\/2022\/06\/meu-bebe-meu-tesouro-23-de-junho.jpg\" \/>\n\t<meta property=\"og:image:width\" content=\"1280\" \/>\n\t<meta property=\"og:image:height\" content=\"853\" \/>\n\t<meta property=\"og:image:type\" content=\"image\/jpeg\" \/>\n<meta name=\"author\" content=\"andressazorzetto07\" \/>\n<meta name=\"twitter:card\" content=\"summary_large_image\" \/>\n<meta name=\"twitter:label1\" content=\"Escrito por\" \/>\n\t<meta name=\"twitter:data1\" content=\"andressazorzetto07\" \/>\n\t<meta name=\"twitter:label2\" content=\"Est. tempo de leitura\" \/>\n\t<meta name=\"twitter:data2\" content=\"3 minutos\" \/>\n<script type=\"application\/ld+json\" class=\"yoast-schema-graph\">{\"@context\":\"https:\/\/schema.org\",\"@graph\":[{\"@type\":\"WebPage\",\"@id\":\"https:\/\/www.pmpf.rs.gov.br\/secretaria-de-saude\/2022\/06\/23\/prefeito-anuncia-o-acesso-prioritario-de-gestantes-acompanhadas-pelo-meu-bebe-meu-tesouro-a-cursos-profissionalizantes\/\",\"url\":\"https:\/\/www.pmpf.rs.gov.br\/secretaria-de-saude\/2022\/06\/23\/prefeito-anuncia-o-acesso-prioritario-de-gestantes-acompanhadas-pelo-meu-bebe-meu-tesouro-a-cursos-profissionalizantes\/\",\"name\":\"Prefeito anuncia o acesso priorit\u00e1rio de gestantes acompanhadas pelo Meu Beb\u00ea, Meu Tesouro a cursos profissionalizantes - Secretaria de Sa\u00fade\",\"isPartOf\":{\"@id\":\"https:\/\/www.pmpf.rs.gov.br\/secretaria-de-saude\/#website\"},\"primaryImageOfPage\":{\"@id\":\"https:\/\/www.pmpf.rs.gov.br\/secretaria-de-saude\/2022\/06\/23\/prefeito-anuncia-o-acesso-prioritario-de-gestantes-acompanhadas-pelo-meu-bebe-meu-tesouro-a-cursos-profissionalizantes\/#primaryimage\"},\"image\":{\"@id\":\"https:\/\/www.pmpf.rs.gov.br\/secretaria-de-saude\/2022\/06\/23\/prefeito-anuncia-o-acesso-prioritario-de-gestantes-acompanhadas-pelo-meu-bebe-meu-tesouro-a-cursos-profissionalizantes\/#primaryimage\"},\"thumbnailUrl\":\"https:\/\/www.pmpf.rs.gov.br\/secretaria-de-saude\/wp-content\/uploads\/sites\/50\/2022\/06\/meu-bebe-meu-tesouro-23-de-junho.jpg\",\"datePublished\":\"2022-06-23T20:38:06+00:00\",\"dateModified\":\"2022-07-29T12:04:57+00:00\",\"author\":{\"@id\":\"https:\/\/www.pmpf.rs.gov.br\/secretaria-de-saude\/#\/schema\/person\/30ee1d1bd74da1469b01fcf086e43351\"},\"breadcrumb\":{\"@id\":\"https:\/\/www.pmpf.rs.gov.br\/secretaria-de-saude\/2022\/06\/23\/prefeito-anuncia-o-acesso-prioritario-de-gestantes-acompanhadas-pelo-meu-bebe-meu-tesouro-a-cursos-profissionalizantes\/#breadcrumb\"},\"inLanguage\":\"pt-BR\",\"potentialAction\":[{\"@type\":\"ReadAction\",\"target\":[\"https:\/\/www.pmpf.rs.gov.br\/secretaria-de-saude\/2022\/06\/23\/prefeito-anuncia-o-acesso-prioritario-de-gestantes-acompanhadas-pelo-meu-bebe-meu-tesouro-a-cursos-profissionalizantes\/\"]}]},{\"@type\":\"ImageObject\",\"inLanguage\":\"pt-BR\",\"@id\":\"https:\/\/www.pmpf.rs.gov.br\/secretaria-de-saude\/2022\/06\/23\/prefeito-anuncia-o-acesso-prioritario-de-gestantes-acompanhadas-pelo-meu-bebe-meu-tesouro-a-cursos-profissionalizantes\/#primaryimage\",\"url\":\"https:\/\/www.pmpf.rs.gov.br\/secretaria-de-saude\/wp-content\/uploads\/sites\/50\/2022\/06\/meu-bebe-meu-tesouro-23-de-junho.jpg\",\"contentUrl\":\"https:\/\/www.pmpf.rs.gov.br\/secretaria-de-saude\/wp-content\/uploads\/sites\/50\/2022\/06\/meu-bebe-meu-tesouro-23-de-junho.jpg\",\"width\":1280,\"height\":853},{\"@type\":\"BreadcrumbList\",\"@id\":\"https:\/\/www.pmpf.rs.gov.br\/secretaria-de-saude\/2022\/06\/23\/prefeito-anuncia-o-acesso-prioritario-de-gestantes-acompanhadas-pelo-meu-bebe-meu-tesouro-a-cursos-profissionalizantes\/#breadcrumb\",\"itemListElement\":[{\"@type\":\"ListItem\",\"position\":1,\"name\":\"In\u00edcio\",\"item\":\"https:\/\/www.pmpf.rs.gov.br\/secretaria-de-saude\/\"},{\"@type\":\"ListItem\",\"position\":2,\"name\":\"Prefeito anuncia o acesso priorit\u00e1rio de gestantes acompanhadas pelo Meu Beb\u00ea, Meu Tesouro a cursos profissionalizantes\"}]},{\"@type\":\"WebSite\",\"@id\":\"https:\/\/www.pmpf.rs.gov.br\/secretaria-de-saude\/#website\",\"url\":\"https:\/\/www.pmpf.rs.gov.br\/secretaria-de-saude\/\",\"name\":\"Secretaria de Sa\u00fade\",\"description\":\"S\u00f3 mais um site Prefeitura de Passo Fundo\",\"potentialAction\":[{\"@type\":\"SearchAction\",\"target\":{\"@type\":\"EntryPoint\",\"urlTemplate\":\"https:\/\/www.pmpf.rs.gov.br\/secretaria-de-saude\/?s={search_term_string}\"},\"query-input\":{\"@type\":\"PropertyValueSpecification\",\"valueRequired\":true,\"valueName\":\"search_term_string\"}}],\"inLanguage\":\"pt-BR\"},{\"@type\":\"Person\",\"@id\":\"https:\/\/www.pmpf.rs.gov.br\/secretaria-de-saude\/#\/schema\/person\/30ee1d1bd74da1469b01fcf086e43351\",\"name\":\"andressazorzetto07\",\"image\":{\"@type\":\"ImageObject\",\"inLanguage\":\"pt-BR\",\"@id\":\"https:\/\/www.pmpf.rs.gov.br\/secretaria-de-saude\/#\/schema\/person\/image\/\",\"url\":\"https:\/\/secure.gravatar.com\/avatar\/14c5458ed79dc81da99a13b9ff5f9f19?s=96&d=mm&r=g\",\"contentUrl\":\"https:\/\/secure.gravatar.com\/avatar\/14c5458ed79dc81da99a13b9ff5f9f19?s=96&d=mm&r=g\",\"caption\":\"andressazorzetto07\"},\"url\":\"https:\/\/www.pmpf.rs.gov.br\/secretaria-de-saude\/author\/andressazorzetto07\/\"}]}<\/script>\n<!-- \/ Yoast SEO plugin. -->","yoast_head_json":{"title":"Prefeito anuncia o acesso priorit\u00e1rio de gestantes acompanhadas pelo Meu Beb\u00ea, Meu Tesouro a cursos profissionalizantes - Secretaria de Sa\u00fade","robots":{"index":"index","follow":"follow","max-snippet":"max-snippet:-1","max-image-preview":"max-image-preview:large","max-video-preview":"max-video-preview:-1"},"canonical":"https:\/\/www.pmpf.rs.gov.br\/secretaria-de-saude\/2022\/06\/23\/prefeito-anuncia-o-acesso-prioritario-de-gestantes-acompanhadas-pelo-meu-bebe-meu-tesouro-a-cursos-profissionalizantes\/","og_locale":"pt_BR","og_type":"article","og_title":"Prefeito anuncia o acesso priorit\u00e1rio de gestantes acompanhadas pelo Meu Beb\u00ea, Meu Tesouro a cursos profissionalizantes - Secretaria de Sa\u00fade","og_description":"A Escola das Profissionais ser\u00e1 lan\u00e7ada em agosto pela Prefeitura, e possibilitar\u00e1 o ingresso facilitado para as mulheres que passaram pelo programa","og_url":"https:\/\/www.pmpf.rs.gov.br\/secretaria-de-saude\/2022\/06\/23\/prefeito-anuncia-o-acesso-prioritario-de-gestantes-acompanhadas-pelo-meu-bebe-meu-tesouro-a-cursos-profissionalizantes\/","og_site_name":"Secretaria de Sa\u00fade","article_published_time":"2022-06-23T20:38:06+00:00","article_modified_time":"2022-07-29T12:04:57+00:00","og_image":[{"width":1280,"height":853,"url":"https:\/\/www.pmpf.rs.gov.br\/secretaria-de-saude\/wp-content\/uploads\/sites\/50\/2022\/06\/meu-bebe-meu-tesouro-23-de-junho.jpg","type":"image\/jpeg"}],"author":"andressazorzetto07","twitter_card":"summary_large_image","twitter_misc":{"Escrito por":"andressazorzetto07","Est. tempo de leitura":"3 minutos"},"schema":{"@context":"https:\/\/schema.org","@graph":[{"@type":"WebPage","@id":"https:\/\/www.pmpf.rs.gov.br\/secretaria-de-saude\/2022\/06\/23\/prefeito-anuncia-o-acesso-prioritario-de-gestantes-acompanhadas-pelo-meu-bebe-meu-tesouro-a-cursos-profissionalizantes\/","url":"https:\/\/www.pmpf.rs.gov.br\/secretaria-de-saude\/2022\/06\/23\/prefeito-anuncia-o-acesso-prioritario-de-gestantes-acompanhadas-pelo-meu-bebe-meu-tesouro-a-cursos-profissionalizantes\/","name":"Prefeito anuncia o acesso priorit\u00e1rio de gestantes acompanhadas pelo Meu Beb\u00ea, Meu Tesouro a cursos profissionalizantes - Secretaria de Sa\u00fade","isPartOf":{"@id":"https:\/\/www.pmpf.rs.gov.br\/secretaria-de-saude\/#website"},"primaryImageOfPage":{"@id":"https:\/\/www.pmpf.rs.gov.br\/secretaria-de-saude\/2022\/06\/23\/prefeito-anuncia-o-acesso-prioritario-de-gestantes-acompanhadas-pelo-meu-bebe-meu-tesouro-a-cursos-profissionalizantes\/#primaryimage"},"image":{"@id":"https:\/\/www.pmpf.rs.gov.br\/secretaria-de-saude\/2022\/06\/23\/prefeito-anuncia-o-acesso-prioritario-de-gestantes-acompanhadas-pelo-meu-bebe-meu-tesouro-a-cursos-profissionalizantes\/#primaryimage"},"thumbnailUrl":"https:\/\/www.pmpf.rs.gov.br\/secretaria-de-saude\/wp-content\/uploads\/sites\/50\/2022\/06\/meu-bebe-meu-tesouro-23-de-junho.jpg","datePublished":"2022-06-23T20:38:06+00:00","dateModified":"2022-07-29T12:04:57+00:00","author":{"@id":"https:\/\/www.pmpf.rs.gov.br\/secretaria-de-saude\/#\/schema\/person\/30ee1d1bd74da1469b01fcf086e43351"},"breadcrumb":{"@id":"https:\/\/www.pmpf.rs.gov.br\/secretaria-de-saude\/2022\/06\/23\/prefeito-anuncia-o-acesso-prioritario-de-gestantes-acompanhadas-pelo-meu-bebe-meu-tesouro-a-cursos-profissionalizantes\/#breadcrumb"},"inLanguage":"pt-BR","potentialAction":[{"@type":"ReadAction","target":["https:\/\/www.pmpf.rs.gov.br\/secretaria-de-saude\/2022\/06\/23\/prefeito-anuncia-o-acesso-prioritario-de-gestantes-acompanhadas-pelo-meu-bebe-meu-tesouro-a-cursos-profissionalizantes\/"]}]},{"@type":"ImageObject","inLanguage":"pt-BR","@id":"https:\/\/www.pmpf.rs.gov.br\/secretaria-de-saude\/2022\/06\/23\/prefeito-anuncia-o-acesso-prioritario-de-gestantes-acompanhadas-pelo-meu-bebe-meu-tesouro-a-cursos-profissionalizantes\/#primaryimage","url":"https:\/\/www.pmpf.rs.gov.br\/secretaria-de-saude\/wp-content\/uploads\/sites\/50\/2022\/06\/meu-bebe-meu-tesouro-23-de-junho.jpg","contentUrl":"https:\/\/www.pmpf.rs.gov.br\/secretaria-de-saude\/wp-content\/uploads\/sites\/50\/2022\/06\/meu-bebe-meu-tesouro-23-de-junho.jpg","width":1280,"height":853},{"@type":"BreadcrumbList","@id":"https:\/\/www.pmpf.rs.gov.br\/secretaria-de-saude\/2022\/06\/23\/prefeito-anuncia-o-acesso-prioritario-de-gestantes-acompanhadas-pelo-meu-bebe-meu-tesouro-a-cursos-profissionalizantes\/#breadcrumb","itemListElement":[{"@type":"ListItem","position":1,"name":"In\u00edcio","item":"https:\/\/www.pmpf.rs.gov.br\/secretaria-de-saude\/"},{"@type":"ListItem","position":2,"name":"Prefeito anuncia o acesso priorit\u00e1rio de gestantes acompanhadas pelo Meu Beb\u00ea, Meu Tesouro a cursos profissionalizantes"}]},{"@type":"WebSite","@id":"https:\/\/www.pmpf.rs.gov.br\/secretaria-de-saude\/#website","url":"https:\/\/www.pmpf.rs.gov.br\/secretaria-de-saude\/","name":"Secretaria de Sa\u00fade","description":"S\u00f3 mais um site Prefeitura de Passo Fundo","potentialAction":[{"@type":"SearchAction","target":{"@type":"EntryPoint","urlTemplate":"https:\/\/www.pmpf.rs.gov.br\/secretaria-de-saude\/?s={search_term_string}"},"query-input":{"@type":"PropertyValueSpecification","valueRequired":true,"valueName":"search_term_string"}}],"inLanguage":"pt-BR"},{"@type":"Person","@id":"https:\/\/www.pmpf.rs.gov.br\/secretaria-de-saude\/#\/schema\/person\/30ee1d1bd74da1469b01fcf086e43351","name":"andressazorzetto07","image":{"@type":"ImageObject","inLanguage":"pt-BR","@id":"https:\/\/www.pmpf.rs.gov.br\/secretaria-de-saude\/#\/schema\/person\/image\/","url":"https:\/\/secure.gravatar.com\/avatar\/14c5458ed79dc81da99a13b9ff5f9f19?s=96&d=mm&r=g","contentUrl":"https:\/\/secure.gravatar.com\/avatar\/14c5458ed79dc81da99a13b9ff5f9f19?s=96&d=mm&r=g","caption":"andressazorzetto07"},"url":"https:\/\/www.pmpf.rs.gov.br\/secretaria-de-saude\/author\/andressazorzetto07\/"}]}},"_links":{"self":[{"href":"https:\/\/www.pmpf.rs.gov.br\/secretaria-de-saude\/wp-json\/wp\/v2\/posts\/3222"}],"collection":[{"href":"https:\/\/www.pmpf.rs.gov.br\/secretaria-de-saude\/wp-json\/wp\/v2\/posts"}],"about":[{"href":"https:\/\/www.pmpf.rs.gov.br\/secretaria-de-saude\/wp-json\/wp\/v2\/types\/post"}],"author":[{"embeddable":true,"href":"https:\/\/www.pmpf.rs.gov.br\/secretaria-de-saude\/wp-json\/wp\/v2\/users\/6"}],"replies":[{"embeddable":true,"href":"https:\/\/www.pmpf.rs.gov.br\/secretaria-de-saude\/wp-json\/wp\/v2\/comments?post=3222"}],"version-history":[{"count":1,"href":"https:\/\/www.pmpf.rs.gov.br\/secretaria-de-saude\/wp-json\/wp\/v2\/posts\/3222\/revisions"}],"predecessor-version":[{"id":3224,"href":"https:\/\/www.pmpf.rs.gov.br\/secretaria-de-saude\/wp-json\/wp\/v2\/posts\/3222\/revisions\/3224"}],"wp:featuredmedia":[{"embeddable":true,"href":"https:\/\/www.pmpf.rs.gov.br\/secretaria-de-saude\/wp-json\/wp\/v2\/media\/3223"}],"wp:attachment":[{"href":"https:\/\/www.pmpf.rs.gov.br\/secretaria-de-saude\/wp-json\/wp\/v2\/media?parent=3222"}],"wp:term":[{"taxonomy":"category","embeddable":true,"href":"https:\/\/www.pmpf.rs.gov.br\/secretaria-de-saude\/wp-json\/wp\/v2\/categories?post=3222"},{"taxonomy":"post_tag","embeddable":true,"href":"https:\/\/www.pmpf.rs.gov.br\/secretaria-de-saude\/wp-json\/wp\/v2\/tags?post=3222"}],"curies":[{"name":"wp","href":"https:\/\/api.w.org\/{rel}","templated":true}]}}