{"id":3186,"date":"2022-06-10T16:43:34","date_gmt":"2022-06-10T19:43:34","guid":{"rendered":"https:\/\/www.pmpf.rs.gov.br\/secretaria-de-saude\/?p=3186"},"modified":"2022-06-10T16:43:35","modified_gmt":"2022-06-10T19:43:35","slug":"com-a-farmacia-movel-prefeitura-facilita-o-acesso-a-medicamentos","status":"publish","type":"post","link":"https:\/\/www.pmpf.rs.gov.br\/secretaria-de-saude\/2022\/06\/10\/com-a-farmacia-movel-prefeitura-facilita-o-acesso-a-medicamentos\/","title":{"rendered":"Com a farm\u00e1cia m\u00f3vel, prefeitura facilita o acesso a medicamentos"},"content":{"rendered":"\n<p><\/p>\n\n\n\n<p><\/p>\n\n\n\n<p>Na manh\u00e3 desta sexta-feira (10), Marin\u00eas Tariga, de 31 anos, buscou a unidade de sa\u00fade do Bairro Jardim Am\u00e9rica para uma consulta. Ap\u00f3s passar pelo atendimento m\u00e9dico, ela, que apresenta sintomas gripais, j\u00e1 saiu do local com todos os medicamentos indicados. A unidade n\u00e3o possui farm\u00e1cia, mas conta com a Farm\u00e1cia M\u00f3vel em dias espec\u00edficos, facilitando o acesso da comunidade \u00e0 lista b\u00e1sica disponibilizada pelo Sistema \u00danico de Sa\u00fade (SUS).<\/p>\n\n\n\n<p>\u201c\u00c9 mais c\u00f4modo para todo mundo, principalmente, para os idosos e para quem n\u00e3o pode se deslocar. A gente sai da consulta e j\u00e1 pode pegar os rem\u00e9dios\u201d, disse Marin\u00eas enquanto aguardava a entrega dos medicamentos.<\/p>\n\n\n\n<p>O programa Farm\u00e1cia Mais Perto foi implementado pela Prefeitura em 2014. Uma van vai at\u00e9 as unidades de sa\u00fade dos bairros que n\u00e3o contam com a farm\u00e1cia interna, seguindo um cronograma que tamb\u00e9m atende a popula\u00e7\u00e3o do interior. O calend\u00e1rio \u00e9 de segunda a sexta-feira e abrange dois locais por dia, um no turno da manh\u00e3 e outro no turno da tarde. O objetivo \u00e9 facilitar a aquisi\u00e7\u00e3o dos medicamentos, al\u00e9m de orientar o uso correto.<\/p>\n\n\n\n<p>Conforme o secret\u00e1rio adjunto de Sa\u00fade, Lu\u00eds Schneiders, a comunidade pode conferir os locais por onde a van passar\u00e1 de forma pr\u00e9via. \u201cO calend\u00e1rio mensal \u00e9 vari\u00e1vel e sempre divulgado na metade do m\u00eas atual com os atendimentos do m\u00eas subsequente. Ele fica dispon\u00edvel em todas as unidades de sa\u00fade para ser verificado pelas pessoas. Todos os medicamentos dispon\u00edveis na Farm\u00e1cia Central tamb\u00e9m est\u00e3o na Mais Perto\u201d, afirma, enfatizando que o paciente precisa portar o cart\u00e3o SUS e receita v\u00e1lida para fazer a retirada.<\/p>\n\n\n\n<p>O cronograma tamb\u00e9m ser\u00e1 divulgado, em breve, no site da Prefeitura (<a href=\"http:\/\/www.pmpf.rs.gov.br\/\">www.p<\/a><a href=\"http:\/\/www.pmpf.rs.gov.br\/\">assofundo<\/a><a href=\"http:\/\/www.pmpf.rs.gov.br\/\">.rs.gov.br<\/a>). Mais informa\u00e7\u00f5es podem ser obtidas pelo telefone (54) 3316-1000.<\/p>\n\n\n\n<p><strong>Cronograma dos pr\u00f3ximos dias<\/strong><\/p>\n\n\n\n<p><strong>13\/06<\/strong><\/p>\n\n\n\n<p><a><\/a> Manh\u00e3: PARQUE FARROUPILHA<\/p>\n\n\n\n<p>Tarde: S\u00c3O JOS\u00c9<\/p>\n\n\n\n<p><strong>14\/06<\/strong><\/p>\n\n\n\n<p><a><\/a> Manh\u00e3: SANTO ANT\u00d4NIO DA PEDREIRA<\/p>\n\n\n\n<p>Tarde: BOM JESUS<\/p>\n\n\n\n<p><strong>15\/06<\/strong><\/p>\n\n\n\n<p><a><\/a> Manh\u00e3: PLANALTINA<\/p>\n\n\n\n<p>Tarde: OPER\u00c1RIA<\/p>\n\n\n\n<p><strong>17\/06<\/strong><\/p>\n\n\n\n<p><a><\/a> Manh\u00e3: JABOTICABAL<\/p>\n\n\n\n<p><strong>20\/06<\/strong><\/p>\n\n\n\n<p><a><\/a> Manh\u00e3: PARQUE FARROUPILHA<\/p>\n\n\n\n<p>Tarde: S\u00c3O JOS\u00c9<\/p>\n\n\n\n<p><strong>21\/06<\/strong><\/p>\n\n\n\n<p><a><\/a> Manh\u00e3: SCHISLER<\/p>\n\n\n\n<p>Tarde: RICCI<\/p>\n\n\n\n<p><strong>22\/06<\/strong><\/p>\n\n\n\n<p><a><\/a> Manh\u00e3: VILA NOVA<\/p>\n\n\n\n<p>Tarde: 1\u00ba CENTEN\u00c1RIO<\/p>\n\n\n\n<p><strong>23\/06<\/strong><\/p>\n\n\n\n<p><a><\/a> Manh\u00e3: PARQUE FARROUPILHA<\/p>\n\n\n\n<p>Tarde: S\u00c3O JOS\u00c9<\/p>\n\n\n\n<p><strong>24\/06<\/strong><\/p>\n\n\n\n<p><a><\/a> Manh\u00e3: NEN\u00ca GRAEFF<\/p>\n\n\n\n<p>Tarde: CAIC\/SECCHI<\/p>\n\n\n\n<p><strong>27\/06<\/strong><\/p>\n\n\n\n<p><a><\/a> Manh\u00e3: PARQUE FARROUPILHA<\/p>\n\n\n\n<p>Tarde: S\u00c3O JOS\u00c9<\/p>\n\n\n\n<p><strong>28\/06<\/strong><\/p>\n\n\n\n<p><a><\/a> Manh\u00e3: JABOTICABAL<\/p>\n\n\n\n<p>Tarde: INDEPENDENTE<\/p>\n\n\n\n<p><strong>29\/06<\/strong><\/p>\n\n\n\n<p><a><\/a> Manh\u00e3: SENTO ANT\u00d4NIO DA PEDREIRA<\/p>\n\n\n\n<p>Tarde: CAPINZAL<\/p>\n\n\n\n<p><strong>Foto: Michel Sanderi<\/strong><\/p>\n","protected":false},"excerpt":{"rendered":"<p>O programa Farm\u00e1cia Mais Perto atende as comunidades em que as unidades de sa\u00fade n\u00e3o possuem a unidade interna, nos bairros e no interior<\/p>\n","protected":false},"author":6,"featured_media":3187,"comment_status":"closed","ping_status":"closed","sticky":true,"template":"","format":"standard","meta":{"footnotes":""},"categories":[1],"tags":[],"class_list":["post-3186","post","type-post","status-publish","format-standard","has-post-thumbnail","hentry","category-sem-categoria"],"yoast_head":"<!-- This site is optimized with the Yoast SEO plugin v23.8 - https:\/\/yoast.com\/wordpress\/plugins\/seo\/ -->\n<title>Com a farm\u00e1cia m\u00f3vel, prefeitura facilita o acesso a medicamentos - Secretaria de Sa\u00fade<\/title>\n<meta name=\"robots\" content=\"index, follow, max-snippet:-1, max-image-preview:large, max-video-preview:-1\" \/>\n<link rel=\"canonical\" href=\"https:\/\/www.pmpf.rs.gov.br\/secretaria-de-saude\/2022\/06\/10\/com-a-farmacia-movel-prefeitura-facilita-o-acesso-a-medicamentos\/\" \/>\n<meta property=\"og:locale\" content=\"pt_BR\" \/>\n<meta property=\"og:type\" content=\"article\" \/>\n<meta property=\"og:title\" content=\"Com a farm\u00e1cia m\u00f3vel, prefeitura facilita o acesso a medicamentos - Secretaria de Sa\u00fade\" \/>\n<meta property=\"og:description\" content=\"O programa Farm\u00e1cia Mais Perto atende as comunidades em que as unidades de sa\u00fade n\u00e3o possuem a unidade interna, nos bairros e no interior\" \/>\n<meta property=\"og:url\" content=\"https:\/\/www.pmpf.rs.gov.br\/secretaria-de-saude\/2022\/06\/10\/com-a-farmacia-movel-prefeitura-facilita-o-acesso-a-medicamentos\/\" \/>\n<meta property=\"og:site_name\" content=\"Secretaria de Sa\u00fade\" \/>\n<meta property=\"article:published_time\" content=\"2022-06-10T19:43:34+00:00\" \/>\n<meta property=\"article:modified_time\" content=\"2022-06-10T19:43:35+00:00\" \/>\n<meta name=\"author\" content=\"andressazorzetto07\" \/>\n<meta name=\"twitter:card\" content=\"summary_large_image\" \/>\n<meta name=\"twitter:label1\" content=\"Escrito por\" \/>\n\t<meta name=\"twitter:data1\" content=\"andressazorzetto07\" \/>\n\t<meta name=\"twitter:label2\" content=\"Est. tempo de leitura\" \/>\n\t<meta name=\"twitter:data2\" content=\"2 minutos\" \/>\n<script type=\"application\/ld+json\" class=\"yoast-schema-graph\">{\"@context\":\"https:\/\/schema.org\",\"@graph\":[{\"@type\":\"WebPage\",\"@id\":\"https:\/\/www.pmpf.rs.gov.br\/secretaria-de-saude\/2022\/06\/10\/com-a-farmacia-movel-prefeitura-facilita-o-acesso-a-medicamentos\/\",\"url\":\"https:\/\/www.pmpf.rs.gov.br\/secretaria-de-saude\/2022\/06\/10\/com-a-farmacia-movel-prefeitura-facilita-o-acesso-a-medicamentos\/\",\"name\":\"Com a farm\u00e1cia m\u00f3vel, prefeitura facilita o acesso a medicamentos - Secretaria de Sa\u00fade\",\"isPartOf\":{\"@id\":\"https:\/\/www.pmpf.rs.gov.br\/secretaria-de-saude\/#website\"},\"primaryImageOfPage\":{\"@id\":\"https:\/\/www.pmpf.rs.gov.br\/secretaria-de-saude\/2022\/06\/10\/com-a-farmacia-movel-prefeitura-facilita-o-acesso-a-medicamentos\/#primaryimage\"},\"image\":{\"@id\":\"https:\/\/www.pmpf.rs.gov.br\/secretaria-de-saude\/2022\/06\/10\/com-a-farmacia-movel-prefeitura-facilita-o-acesso-a-medicamentos\/#primaryimage\"},\"thumbnailUrl\":\"https:\/\/www.pmpf.rs.gov.br\/secretaria-de-saude\/wp-content\/uploads\/sites\/50\/2022\/06\/farmacia-mais-perto.jpg\",\"datePublished\":\"2022-06-10T19:43:34+00:00\",\"dateModified\":\"2022-06-10T19:43:35+00:00\",\"author\":{\"@id\":\"https:\/\/www.pmpf.rs.gov.br\/secretaria-de-saude\/#\/schema\/person\/30ee1d1bd74da1469b01fcf086e43351\"},\"breadcrumb\":{\"@id\":\"https:\/\/www.pmpf.rs.gov.br\/secretaria-de-saude\/2022\/06\/10\/com-a-farmacia-movel-prefeitura-facilita-o-acesso-a-medicamentos\/#breadcrumb\"},\"inLanguage\":\"pt-BR\",\"potentialAction\":[{\"@type\":\"ReadAction\",\"target\":[\"https:\/\/www.pmpf.rs.gov.br\/secretaria-de-saude\/2022\/06\/10\/com-a-farmacia-movel-prefeitura-facilita-o-acesso-a-medicamentos\/\"]}]},{\"@type\":\"ImageObject\",\"inLanguage\":\"pt-BR\",\"@id\":\"https:\/\/www.pmpf.rs.gov.br\/secretaria-de-saude\/2022\/06\/10\/com-a-farmacia-movel-prefeitura-facilita-o-acesso-a-medicamentos\/#primaryimage\",\"url\":\"https:\/\/www.pmpf.rs.gov.br\/secretaria-de-saude\/wp-content\/uploads\/sites\/50\/2022\/06\/farmacia-mais-perto.jpg\",\"contentUrl\":\"https:\/\/www.pmpf.rs.gov.br\/secretaria-de-saude\/wp-content\/uploads\/sites\/50\/2022\/06\/farmacia-mais-perto.jpg\",\"width\":1280,\"height\":853},{\"@type\":\"BreadcrumbList\",\"@id\":\"https:\/\/www.pmpf.rs.gov.br\/secretaria-de-saude\/2022\/06\/10\/com-a-farmacia-movel-prefeitura-facilita-o-acesso-a-medicamentos\/#breadcrumb\",\"itemListElement\":[{\"@type\":\"ListItem\",\"position\":1,\"name\":\"In\u00edcio\",\"item\":\"https:\/\/www.pmpf.rs.gov.br\/secretaria-de-saude\/\"},{\"@type\":\"ListItem\",\"position\":2,\"name\":\"Com a farm\u00e1cia m\u00f3vel, prefeitura facilita o acesso a medicamentos\"}]},{\"@type\":\"WebSite\",\"@id\":\"https:\/\/www.pmpf.rs.gov.br\/secretaria-de-saude\/#website\",\"url\":\"https:\/\/www.pmpf.rs.gov.br\/secretaria-de-saude\/\",\"name\":\"Secretaria de Sa\u00fade\",\"description\":\"S\u00f3 mais um site Prefeitura de Passo Fundo\",\"potentialAction\":[{\"@type\":\"SearchAction\",\"target\":{\"@type\":\"EntryPoint\",\"urlTemplate\":\"https:\/\/www.pmpf.rs.gov.br\/secretaria-de-saude\/?s={search_term_string}\"},\"query-input\":{\"@type\":\"PropertyValueSpecification\",\"valueRequired\":true,\"valueName\":\"search_term_string\"}}],\"inLanguage\":\"pt-BR\"},{\"@type\":\"Person\",\"@id\":\"https:\/\/www.pmpf.rs.gov.br\/secretaria-de-saude\/#\/schema\/person\/30ee1d1bd74da1469b01fcf086e43351\",\"name\":\"andressazorzetto07\",\"image\":{\"@type\":\"ImageObject\",\"inLanguage\":\"pt-BR\",\"@id\":\"https:\/\/www.pmpf.rs.gov.br\/secretaria-de-saude\/#\/schema\/person\/image\/\",\"url\":\"https:\/\/secure.gravatar.com\/avatar\/14c5458ed79dc81da99a13b9ff5f9f19?s=96&d=mm&r=g\",\"contentUrl\":\"https:\/\/secure.gravatar.com\/avatar\/14c5458ed79dc81da99a13b9ff5f9f19?s=96&d=mm&r=g\",\"caption\":\"andressazorzetto07\"},\"url\":\"https:\/\/www.pmpf.rs.gov.br\/secretaria-de-saude\/author\/andressazorzetto07\/\"}]}<\/script>\n<!-- \/ Yoast SEO plugin. -->","yoast_head_json":{"title":"Com a farm\u00e1cia m\u00f3vel, prefeitura facilita o acesso a medicamentos - Secretaria de Sa\u00fade","robots":{"index":"index","follow":"follow","max-snippet":"max-snippet:-1","max-image-preview":"max-image-preview:large","max-video-preview":"max-video-preview:-1"},"canonical":"https:\/\/www.pmpf.rs.gov.br\/secretaria-de-saude\/2022\/06\/10\/com-a-farmacia-movel-prefeitura-facilita-o-acesso-a-medicamentos\/","og_locale":"pt_BR","og_type":"article","og_title":"Com a farm\u00e1cia m\u00f3vel, prefeitura facilita o acesso a medicamentos - Secretaria de Sa\u00fade","og_description":"O programa Farm\u00e1cia Mais Perto atende as comunidades em que as unidades de sa\u00fade n\u00e3o possuem a unidade interna, nos bairros e no interior","og_url":"https:\/\/www.pmpf.rs.gov.br\/secretaria-de-saude\/2022\/06\/10\/com-a-farmacia-movel-prefeitura-facilita-o-acesso-a-medicamentos\/","og_site_name":"Secretaria de Sa\u00fade","article_published_time":"2022-06-10T19:43:34+00:00","article_modified_time":"2022-06-10T19:43:35+00:00","author":"andressazorzetto07","twitter_card":"summary_large_image","twitter_misc":{"Escrito por":"andressazorzetto07","Est. tempo de leitura":"2 minutos"},"schema":{"@context":"https:\/\/schema.org","@graph":[{"@type":"WebPage","@id":"https:\/\/www.pmpf.rs.gov.br\/secretaria-de-saude\/2022\/06\/10\/com-a-farmacia-movel-prefeitura-facilita-o-acesso-a-medicamentos\/","url":"https:\/\/www.pmpf.rs.gov.br\/secretaria-de-saude\/2022\/06\/10\/com-a-farmacia-movel-prefeitura-facilita-o-acesso-a-medicamentos\/","name":"Com a farm\u00e1cia m\u00f3vel, prefeitura facilita o acesso a medicamentos - Secretaria de Sa\u00fade","isPartOf":{"@id":"https:\/\/www.pmpf.rs.gov.br\/secretaria-de-saude\/#website"},"primaryImageOfPage":{"@id":"https:\/\/www.pmpf.rs.gov.br\/secretaria-de-saude\/2022\/06\/10\/com-a-farmacia-movel-prefeitura-facilita-o-acesso-a-medicamentos\/#primaryimage"},"image":{"@id":"https:\/\/www.pmpf.rs.gov.br\/secretaria-de-saude\/2022\/06\/10\/com-a-farmacia-movel-prefeitura-facilita-o-acesso-a-medicamentos\/#primaryimage"},"thumbnailUrl":"https:\/\/www.pmpf.rs.gov.br\/secretaria-de-saude\/wp-content\/uploads\/sites\/50\/2022\/06\/farmacia-mais-perto.jpg","datePublished":"2022-06-10T19:43:34+00:00","dateModified":"2022-06-10T19:43:35+00:00","author":{"@id":"https:\/\/www.pmpf.rs.gov.br\/secretaria-de-saude\/#\/schema\/person\/30ee1d1bd74da1469b01fcf086e43351"},"breadcrumb":{"@id":"https:\/\/www.pmpf.rs.gov.br\/secretaria-de-saude\/2022\/06\/10\/com-a-farmacia-movel-prefeitura-facilita-o-acesso-a-medicamentos\/#breadcrumb"},"inLanguage":"pt-BR","potentialAction":[{"@type":"ReadAction","target":["https:\/\/www.pmpf.rs.gov.br\/secretaria-de-saude\/2022\/06\/10\/com-a-farmacia-movel-prefeitura-facilita-o-acesso-a-medicamentos\/"]}]},{"@type":"ImageObject","inLanguage":"pt-BR","@id":"https:\/\/www.pmpf.rs.gov.br\/secretaria-de-saude\/2022\/06\/10\/com-a-farmacia-movel-prefeitura-facilita-o-acesso-a-medicamentos\/#primaryimage","url":"https:\/\/www.pmpf.rs.gov.br\/secretaria-de-saude\/wp-content\/uploads\/sites\/50\/2022\/06\/farmacia-mais-perto.jpg","contentUrl":"https:\/\/www.pmpf.rs.gov.br\/secretaria-de-saude\/wp-content\/uploads\/sites\/50\/2022\/06\/farmacia-mais-perto.jpg","width":1280,"height":853},{"@type":"BreadcrumbList","@id":"https:\/\/www.pmpf.rs.gov.br\/secretaria-de-saude\/2022\/06\/10\/com-a-farmacia-movel-prefeitura-facilita-o-acesso-a-medicamentos\/#breadcrumb","itemListElement":[{"@type":"ListItem","position":1,"name":"In\u00edcio","item":"https:\/\/www.pmpf.rs.gov.br\/secretaria-de-saude\/"},{"@type":"ListItem","position":2,"name":"Com a farm\u00e1cia m\u00f3vel, prefeitura facilita o acesso a medicamentos"}]},{"@type":"WebSite","@id":"https:\/\/www.pmpf.rs.gov.br\/secretaria-de-saude\/#website","url":"https:\/\/www.pmpf.rs.gov.br\/secretaria-de-saude\/","name":"Secretaria de Sa\u00fade","description":"S\u00f3 mais um site Prefeitura de Passo Fundo","potentialAction":[{"@type":"SearchAction","target":{"@type":"EntryPoint","urlTemplate":"https:\/\/www.pmpf.rs.gov.br\/secretaria-de-saude\/?s={search_term_string}"},"query-input":{"@type":"PropertyValueSpecification","valueRequired":true,"valueName":"search_term_string"}}],"inLanguage":"pt-BR"},{"@type":"Person","@id":"https:\/\/www.pmpf.rs.gov.br\/secretaria-de-saude\/#\/schema\/person\/30ee1d1bd74da1469b01fcf086e43351","name":"andressazorzetto07","image":{"@type":"ImageObject","inLanguage":"pt-BR","@id":"https:\/\/www.pmpf.rs.gov.br\/secretaria-de-saude\/#\/schema\/person\/image\/","url":"https:\/\/secure.gravatar.com\/avatar\/14c5458ed79dc81da99a13b9ff5f9f19?s=96&d=mm&r=g","contentUrl":"https:\/\/secure.gravatar.com\/avatar\/14c5458ed79dc81da99a13b9ff5f9f19?s=96&d=mm&r=g","caption":"andressazorzetto07"},"url":"https:\/\/www.pmpf.rs.gov.br\/secretaria-de-saude\/author\/andressazorzetto07\/"}]}},"_links":{"self":[{"href":"https:\/\/www.pmpf.rs.gov.br\/secretaria-de-saude\/wp-json\/wp\/v2\/posts\/3186"}],"collection":[{"href":"https:\/\/www.pmpf.rs.gov.br\/secretaria-de-saude\/wp-json\/wp\/v2\/posts"}],"about":[{"href":"https:\/\/www.pmpf.rs.gov.br\/secretaria-de-saude\/wp-json\/wp\/v2\/types\/post"}],"author":[{"embeddable":true,"href":"https:\/\/www.pmpf.rs.gov.br\/secretaria-de-saude\/wp-json\/wp\/v2\/users\/6"}],"replies":[{"embeddable":true,"href":"https:\/\/www.pmpf.rs.gov.br\/secretaria-de-saude\/wp-json\/wp\/v2\/comments?post=3186"}],"version-history":[{"count":1,"href":"https:\/\/www.pmpf.rs.gov.br\/secretaria-de-saude\/wp-json\/wp\/v2\/posts\/3186\/revisions"}],"predecessor-version":[{"id":3188,"href":"https:\/\/www.pmpf.rs.gov.br\/secretaria-de-saude\/wp-json\/wp\/v2\/posts\/3186\/revisions\/3188"}],"wp:featuredmedia":[{"embeddable":true,"href":"https:\/\/www.pmpf.rs.gov.br\/secretaria-de-saude\/wp-json\/wp\/v2\/media\/3187"}],"wp:attachment":[{"href":"https:\/\/www.pmpf.rs.gov.br\/secretaria-de-saude\/wp-json\/wp\/v2\/media?parent=3186"}],"wp:term":[{"taxonomy":"category","embeddable":true,"href":"https:\/\/www.pmpf.rs.gov.br\/secretaria-de-saude\/wp-json\/wp\/v2\/categories?post=3186"},{"taxonomy":"post_tag","embeddable":true,"href":"https:\/\/www.pmpf.rs.gov.br\/secretaria-de-saude\/wp-json\/wp\/v2\/tags?post=3186"}],"curies":[{"name":"wp","href":"https:\/\/api.w.org\/{rel}","templated":true}]}}