{"id":3139,"date":"2022-05-06T17:22:33","date_gmt":"2022-05-06T20:22:33","guid":{"rendered":"https:\/\/www.pmpf.rs.gov.br\/secretaria-de-saude\/?p=3139"},"modified":"2022-05-06T17:22:34","modified_gmt":"2022-05-06T20:22:34","slug":"em-reuniao-prefeitura-discute-alternativas-para-o-fluxo-dos-atendimentos-pediatricos","status":"publish","type":"post","link":"https:\/\/www.pmpf.rs.gov.br\/secretaria-de-saude\/2022\/05\/06\/em-reuniao-prefeitura-discute-alternativas-para-o-fluxo-dos-atendimentos-pediatricos\/","title":{"rendered":"Em reuni\u00e3o, Prefeitura discute alternativas para o fluxo dos atendimentos pedi\u00e1tricos"},"content":{"rendered":"\n<p><em><br><\/em>Na tarde desta sexta-feira (6), a Prefeitura realizou uma reuni\u00e3o para debater a situa\u00e7\u00e3o dos atendimentos pedi\u00e1tricos. Em um di\u00e1logo com hospitais p\u00fablicos e privados, Minist\u00e9rio P\u00fablico e 6\u00aa Coordenadoria Regional da Sa\u00fade, o Munic\u00edpio buscou alternativas para absorver o aumento da demanda em um momento de p\u00f3s-pandemia. O Munic\u00edpio j\u00e1 vem adotando estrat\u00e9gias para ampliar a capacidade de atendimento, como a consolida\u00e7\u00e3o do Hospital da Crian\u00e7a e a contrata\u00e7\u00e3o de mais m\u00e9dicos pediatras com maior valor da hora trabalhada.<\/p>\n\n\n\n<p>O prefeito, Pedro Almeida, considera que \u00e9 importante haver a colabora\u00e7\u00e3o de toda a rede de sa\u00fade para o atendimento de crian\u00e7as, principalmente, at\u00e9 a entrega do Hospital da Crian\u00e7a, prevista para acontecer entre os meses de junho e julho. &#8220;O nosso setor de sa\u00fade \u00e9 qualificado e preparado. Prova disso \u00e9 que enfrentamos o pior momento da pandemia, com muitas interna\u00e7\u00f5es, atendendo a regi\u00e3o. Estamos agora em um contexto que torna necess\u00e1ria a uni\u00e3o para dar suporte aos atendimentos pedi\u00e1tricos&#8221;, pontua.<\/p>\n\n\n\n<p>Devido \u00e0s obras da unidade, os atendimentos de crian\u00e7as na rede municipal s\u00e3o concentrados temporariamente no Pronto Atendimento Pedi\u00e1trico (PAP), no Cais S\u00e3o Crist\u00f3v\u00e3o, que funciona 24 horas diariamente. Se, em 2019, foram realizados 9,6 mil atendimentos em todo o ano, nestes primeiros quatro meses de 2022, j\u00e1 foram contabilizados quase 13 mil atendimentos. Al\u00e9m disso, outras seis unidades de sa\u00fade contam com pediatras durante o dia.<\/p>\n\n\n\n<p>A secret\u00e1ria de Sa\u00fade, Cristine Pilati, avalia que um dos principais fatores relacionados a esse volume de pessoas procurando o PAP. &#8220;Uma das medidas que tomamos recentemente \u00e9 disponibilizar atendimentos para crian\u00e7as a partir dos oito anos com doen\u00e7as respirat\u00f3rias no Cais Petr\u00f3polis. Por\u00e9m, a maior procura \u00e9 para crian\u00e7as de zero a dois anos, que passaram a pandemia dentro de casa e passaram a estar expostas a doen\u00e7as agora&#8221;, considera.<\/p>\n\n\n\n<p>Ainda de acordo com Cristine, a grande maioria dos atendimentos segue sendo para casos enquadrados como n\u00e3o urgentes. Em contrapartida, junto com o aumento da procura, tamb\u00e9m cresceram os casos graves. &#8220;Os atendimentos do PAP s\u00e3o divididos em quatro cores que indicam a gravidade: verde, azul, amarela e vermelha. E, embora a maioria seja verde ou azul, h\u00e1 tamb\u00e9m uma eleva\u00e7\u00e3o da gravidade. Em 2020, por exemplo, recebemos 16 crian\u00e7as com caso classificado em vermelho. Neste ano, j\u00e1 foram 194. E cada um desses casos necessita de cerca de uma hora de atendimento&#8221;, afirma.<\/p>\n\n\n\n<p>A secret\u00e1ria declara que, como alternativa para a descentraliza\u00e7\u00e3o dos atendimentos \u00e9 que as pessoas busquem as unidades de sa\u00fade mais pr\u00f3ximas dos seus domic\u00edlios. &#8220;O Pronto Atendimento recebe a popula\u00e7\u00e3o em todos os casos, mas tem a proposta de atender as situa\u00e7\u00f5es que envolvem interven\u00e7\u00f5es mais imediatas&#8221;, salienta.<\/p>\n\n\n\n<p>\u00c9 tamb\u00e9m consenso entre os hospitais que as emerg\u00eancias das institui\u00e7\u00f5es precisam ser destinadas aos casos graves e, por isso, os atendimentos que n\u00e3o demandam urg\u00eancia s\u00e3o encaminhados para a rede municipal.<\/p>\n\n\n\n<p>Confirme o diretor t\u00e9cnico do Hospital de Cl\u00ednicas, Juarez dal Vesco, \u00e9 importante que a popula\u00e7\u00e3o tenha esse entendimento. &#8220;\u00c9 uma quest\u00e3o muito complexa e de dif\u00edcil solu\u00e7\u00e3o. Os hospitais s\u00e3o vistos pela popula\u00e7\u00e3o como solu\u00e7\u00e3o imediata e acabam reduzindo a busca pelas unidades de sa\u00fade. Mas esses servi\u00e7os de urg\u00eancia e emerg\u00eancia servem para essas situa\u00e7\u00f5es. O aumento da procura tira o foco da equipe para algo que n\u00e3o necessita de atendimento imediato, dispersa a qualidade dos servi\u00e7os e coloca em risco pessoas em situa\u00e7\u00f5es graves&#8221;, justifica.<\/p>\n\n\n\n<p><strong>Foto: Michel Sanderi<\/strong><\/p>\n","protected":false},"excerpt":{"rendered":"<p>Reuni\u00e3o realizada na tarde desta sexta-feira (6) teve a participa\u00e7\u00e3o de hospitais p\u00fablicos e privados, Minist\u00e9rio P\u00fablico e 6\u00aa Coordenadoria Regional de Sa\u00fade<\/p>\n","protected":false},"author":6,"featured_media":3140,"comment_status":"closed","ping_status":"closed","sticky":true,"template":"","format":"standard","meta":{"footnotes":""},"categories":[20],"tags":[],"class_list":["post-3139","post","type-post","status-publish","format-standard","has-post-thumbnail","hentry","category-atendimento-pediatrico"],"yoast_head":"<!-- This site is optimized with the Yoast SEO plugin v23.8 - https:\/\/yoast.com\/wordpress\/plugins\/seo\/ -->\n<title>Em reuni\u00e3o, Prefeitura discute alternativas para o fluxo dos atendimentos pedi\u00e1tricos - Secretaria de Sa\u00fade<\/title>\n<meta name=\"robots\" content=\"index, follow, max-snippet:-1, max-image-preview:large, max-video-preview:-1\" \/>\n<link rel=\"canonical\" href=\"https:\/\/www.pmpf.rs.gov.br\/secretaria-de-saude\/2022\/05\/06\/em-reuniao-prefeitura-discute-alternativas-para-o-fluxo-dos-atendimentos-pediatricos\/\" \/>\n<meta property=\"og:locale\" content=\"pt_BR\" \/>\n<meta property=\"og:type\" content=\"article\" \/>\n<meta property=\"og:title\" content=\"Em reuni\u00e3o, Prefeitura discute alternativas para o fluxo dos atendimentos pedi\u00e1tricos - Secretaria de Sa\u00fade\" \/>\n<meta property=\"og:description\" content=\"Reuni\u00e3o realizada na tarde desta sexta-feira (6) teve a participa\u00e7\u00e3o de hospitais p\u00fablicos e privados, Minist\u00e9rio P\u00fablico e 6\u00aa Coordenadoria Regional de Sa\u00fade\" \/>\n<meta property=\"og:url\" content=\"https:\/\/www.pmpf.rs.gov.br\/secretaria-de-saude\/2022\/05\/06\/em-reuniao-prefeitura-discute-alternativas-para-o-fluxo-dos-atendimentos-pediatricos\/\" \/>\n<meta property=\"og:site_name\" content=\"Secretaria de Sa\u00fade\" \/>\n<meta property=\"article:published_time\" content=\"2022-05-06T20:22:33+00:00\" \/>\n<meta property=\"article:modified_time\" content=\"2022-05-06T20:22:34+00:00\" \/>\n<meta name=\"author\" content=\"andressazorzetto07\" \/>\n<meta name=\"twitter:card\" content=\"summary_large_image\" \/>\n<meta name=\"twitter:label1\" content=\"Escrito por\" \/>\n\t<meta name=\"twitter:data1\" content=\"andressazorzetto07\" \/>\n\t<meta name=\"twitter:label2\" content=\"Est. tempo de leitura\" \/>\n\t<meta name=\"twitter:data2\" content=\"3 minutos\" \/>\n<script type=\"application\/ld+json\" class=\"yoast-schema-graph\">{\"@context\":\"https:\/\/schema.org\",\"@graph\":[{\"@type\":\"WebPage\",\"@id\":\"https:\/\/www.pmpf.rs.gov.br\/secretaria-de-saude\/2022\/05\/06\/em-reuniao-prefeitura-discute-alternativas-para-o-fluxo-dos-atendimentos-pediatricos\/\",\"url\":\"https:\/\/www.pmpf.rs.gov.br\/secretaria-de-saude\/2022\/05\/06\/em-reuniao-prefeitura-discute-alternativas-para-o-fluxo-dos-atendimentos-pediatricos\/\",\"name\":\"Em reuni\u00e3o, Prefeitura discute alternativas para o fluxo dos atendimentos pedi\u00e1tricos - Secretaria de Sa\u00fade\",\"isPartOf\":{\"@id\":\"https:\/\/www.pmpf.rs.gov.br\/secretaria-de-saude\/#website\"},\"primaryImageOfPage\":{\"@id\":\"https:\/\/www.pmpf.rs.gov.br\/secretaria-de-saude\/2022\/05\/06\/em-reuniao-prefeitura-discute-alternativas-para-o-fluxo-dos-atendimentos-pediatricos\/#primaryimage\"},\"image\":{\"@id\":\"https:\/\/www.pmpf.rs.gov.br\/secretaria-de-saude\/2022\/05\/06\/em-reuniao-prefeitura-discute-alternativas-para-o-fluxo-dos-atendimentos-pediatricos\/#primaryimage\"},\"thumbnailUrl\":\"https:\/\/www.pmpf.rs.gov.br\/secretaria-de-saude\/wp-content\/uploads\/sites\/50\/2022\/05\/reuniao-atendimento-pediatrico.jpg\",\"datePublished\":\"2022-05-06T20:22:33+00:00\",\"dateModified\":\"2022-05-06T20:22:34+00:00\",\"author\":{\"@id\":\"https:\/\/www.pmpf.rs.gov.br\/secretaria-de-saude\/#\/schema\/person\/30ee1d1bd74da1469b01fcf086e43351\"},\"breadcrumb\":{\"@id\":\"https:\/\/www.pmpf.rs.gov.br\/secretaria-de-saude\/2022\/05\/06\/em-reuniao-prefeitura-discute-alternativas-para-o-fluxo-dos-atendimentos-pediatricos\/#breadcrumb\"},\"inLanguage\":\"pt-BR\",\"potentialAction\":[{\"@type\":\"ReadAction\",\"target\":[\"https:\/\/www.pmpf.rs.gov.br\/secretaria-de-saude\/2022\/05\/06\/em-reuniao-prefeitura-discute-alternativas-para-o-fluxo-dos-atendimentos-pediatricos\/\"]}]},{\"@type\":\"ImageObject\",\"inLanguage\":\"pt-BR\",\"@id\":\"https:\/\/www.pmpf.rs.gov.br\/secretaria-de-saude\/2022\/05\/06\/em-reuniao-prefeitura-discute-alternativas-para-o-fluxo-dos-atendimentos-pediatricos\/#primaryimage\",\"url\":\"https:\/\/www.pmpf.rs.gov.br\/secretaria-de-saude\/wp-content\/uploads\/sites\/50\/2022\/05\/reuniao-atendimento-pediatrico.jpg\",\"contentUrl\":\"https:\/\/www.pmpf.rs.gov.br\/secretaria-de-saude\/wp-content\/uploads\/sites\/50\/2022\/05\/reuniao-atendimento-pediatrico.jpg\",\"width\":1280,\"height\":853},{\"@type\":\"BreadcrumbList\",\"@id\":\"https:\/\/www.pmpf.rs.gov.br\/secretaria-de-saude\/2022\/05\/06\/em-reuniao-prefeitura-discute-alternativas-para-o-fluxo-dos-atendimentos-pediatricos\/#breadcrumb\",\"itemListElement\":[{\"@type\":\"ListItem\",\"position\":1,\"name\":\"In\u00edcio\",\"item\":\"https:\/\/www.pmpf.rs.gov.br\/secretaria-de-saude\/\"},{\"@type\":\"ListItem\",\"position\":2,\"name\":\"Em reuni\u00e3o, Prefeitura discute alternativas para o fluxo dos atendimentos pedi\u00e1tricos\"}]},{\"@type\":\"WebSite\",\"@id\":\"https:\/\/www.pmpf.rs.gov.br\/secretaria-de-saude\/#website\",\"url\":\"https:\/\/www.pmpf.rs.gov.br\/secretaria-de-saude\/\",\"name\":\"Secretaria de Sa\u00fade\",\"description\":\"S\u00f3 mais um site Prefeitura de Passo Fundo\",\"potentialAction\":[{\"@type\":\"SearchAction\",\"target\":{\"@type\":\"EntryPoint\",\"urlTemplate\":\"https:\/\/www.pmpf.rs.gov.br\/secretaria-de-saude\/?s={search_term_string}\"},\"query-input\":{\"@type\":\"PropertyValueSpecification\",\"valueRequired\":true,\"valueName\":\"search_term_string\"}}],\"inLanguage\":\"pt-BR\"},{\"@type\":\"Person\",\"@id\":\"https:\/\/www.pmpf.rs.gov.br\/secretaria-de-saude\/#\/schema\/person\/30ee1d1bd74da1469b01fcf086e43351\",\"name\":\"andressazorzetto07\",\"image\":{\"@type\":\"ImageObject\",\"inLanguage\":\"pt-BR\",\"@id\":\"https:\/\/www.pmpf.rs.gov.br\/secretaria-de-saude\/#\/schema\/person\/image\/\",\"url\":\"https:\/\/secure.gravatar.com\/avatar\/14c5458ed79dc81da99a13b9ff5f9f19?s=96&d=mm&r=g\",\"contentUrl\":\"https:\/\/secure.gravatar.com\/avatar\/14c5458ed79dc81da99a13b9ff5f9f19?s=96&d=mm&r=g\",\"caption\":\"andressazorzetto07\"},\"url\":\"https:\/\/www.pmpf.rs.gov.br\/secretaria-de-saude\/author\/andressazorzetto07\/\"}]}<\/script>\n<!-- \/ Yoast SEO plugin. -->","yoast_head_json":{"title":"Em reuni\u00e3o, Prefeitura discute alternativas para o fluxo dos atendimentos pedi\u00e1tricos - Secretaria de Sa\u00fade","robots":{"index":"index","follow":"follow","max-snippet":"max-snippet:-1","max-image-preview":"max-image-preview:large","max-video-preview":"max-video-preview:-1"},"canonical":"https:\/\/www.pmpf.rs.gov.br\/secretaria-de-saude\/2022\/05\/06\/em-reuniao-prefeitura-discute-alternativas-para-o-fluxo-dos-atendimentos-pediatricos\/","og_locale":"pt_BR","og_type":"article","og_title":"Em reuni\u00e3o, Prefeitura discute alternativas para o fluxo dos atendimentos pedi\u00e1tricos - Secretaria de Sa\u00fade","og_description":"Reuni\u00e3o realizada na tarde desta sexta-feira (6) teve a participa\u00e7\u00e3o de hospitais p\u00fablicos e privados, Minist\u00e9rio P\u00fablico e 6\u00aa Coordenadoria Regional de Sa\u00fade","og_url":"https:\/\/www.pmpf.rs.gov.br\/secretaria-de-saude\/2022\/05\/06\/em-reuniao-prefeitura-discute-alternativas-para-o-fluxo-dos-atendimentos-pediatricos\/","og_site_name":"Secretaria de Sa\u00fade","article_published_time":"2022-05-06T20:22:33+00:00","article_modified_time":"2022-05-06T20:22:34+00:00","author":"andressazorzetto07","twitter_card":"summary_large_image","twitter_misc":{"Escrito por":"andressazorzetto07","Est. tempo de leitura":"3 minutos"},"schema":{"@context":"https:\/\/schema.org","@graph":[{"@type":"WebPage","@id":"https:\/\/www.pmpf.rs.gov.br\/secretaria-de-saude\/2022\/05\/06\/em-reuniao-prefeitura-discute-alternativas-para-o-fluxo-dos-atendimentos-pediatricos\/","url":"https:\/\/www.pmpf.rs.gov.br\/secretaria-de-saude\/2022\/05\/06\/em-reuniao-prefeitura-discute-alternativas-para-o-fluxo-dos-atendimentos-pediatricos\/","name":"Em reuni\u00e3o, Prefeitura discute alternativas para o fluxo dos atendimentos pedi\u00e1tricos - Secretaria de Sa\u00fade","isPartOf":{"@id":"https:\/\/www.pmpf.rs.gov.br\/secretaria-de-saude\/#website"},"primaryImageOfPage":{"@id":"https:\/\/www.pmpf.rs.gov.br\/secretaria-de-saude\/2022\/05\/06\/em-reuniao-prefeitura-discute-alternativas-para-o-fluxo-dos-atendimentos-pediatricos\/#primaryimage"},"image":{"@id":"https:\/\/www.pmpf.rs.gov.br\/secretaria-de-saude\/2022\/05\/06\/em-reuniao-prefeitura-discute-alternativas-para-o-fluxo-dos-atendimentos-pediatricos\/#primaryimage"},"thumbnailUrl":"https:\/\/www.pmpf.rs.gov.br\/secretaria-de-saude\/wp-content\/uploads\/sites\/50\/2022\/05\/reuniao-atendimento-pediatrico.jpg","datePublished":"2022-05-06T20:22:33+00:00","dateModified":"2022-05-06T20:22:34+00:00","author":{"@id":"https:\/\/www.pmpf.rs.gov.br\/secretaria-de-saude\/#\/schema\/person\/30ee1d1bd74da1469b01fcf086e43351"},"breadcrumb":{"@id":"https:\/\/www.pmpf.rs.gov.br\/secretaria-de-saude\/2022\/05\/06\/em-reuniao-prefeitura-discute-alternativas-para-o-fluxo-dos-atendimentos-pediatricos\/#breadcrumb"},"inLanguage":"pt-BR","potentialAction":[{"@type":"ReadAction","target":["https:\/\/www.pmpf.rs.gov.br\/secretaria-de-saude\/2022\/05\/06\/em-reuniao-prefeitura-discute-alternativas-para-o-fluxo-dos-atendimentos-pediatricos\/"]}]},{"@type":"ImageObject","inLanguage":"pt-BR","@id":"https:\/\/www.pmpf.rs.gov.br\/secretaria-de-saude\/2022\/05\/06\/em-reuniao-prefeitura-discute-alternativas-para-o-fluxo-dos-atendimentos-pediatricos\/#primaryimage","url":"https:\/\/www.pmpf.rs.gov.br\/secretaria-de-saude\/wp-content\/uploads\/sites\/50\/2022\/05\/reuniao-atendimento-pediatrico.jpg","contentUrl":"https:\/\/www.pmpf.rs.gov.br\/secretaria-de-saude\/wp-content\/uploads\/sites\/50\/2022\/05\/reuniao-atendimento-pediatrico.jpg","width":1280,"height":853},{"@type":"BreadcrumbList","@id":"https:\/\/www.pmpf.rs.gov.br\/secretaria-de-saude\/2022\/05\/06\/em-reuniao-prefeitura-discute-alternativas-para-o-fluxo-dos-atendimentos-pediatricos\/#breadcrumb","itemListElement":[{"@type":"ListItem","position":1,"name":"In\u00edcio","item":"https:\/\/www.pmpf.rs.gov.br\/secretaria-de-saude\/"},{"@type":"ListItem","position":2,"name":"Em reuni\u00e3o, Prefeitura discute alternativas para o fluxo dos atendimentos pedi\u00e1tricos"}]},{"@type":"WebSite","@id":"https:\/\/www.pmpf.rs.gov.br\/secretaria-de-saude\/#website","url":"https:\/\/www.pmpf.rs.gov.br\/secretaria-de-saude\/","name":"Secretaria de Sa\u00fade","description":"S\u00f3 mais um site Prefeitura de Passo Fundo","potentialAction":[{"@type":"SearchAction","target":{"@type":"EntryPoint","urlTemplate":"https:\/\/www.pmpf.rs.gov.br\/secretaria-de-saude\/?s={search_term_string}"},"query-input":{"@type":"PropertyValueSpecification","valueRequired":true,"valueName":"search_term_string"}}],"inLanguage":"pt-BR"},{"@type":"Person","@id":"https:\/\/www.pmpf.rs.gov.br\/secretaria-de-saude\/#\/schema\/person\/30ee1d1bd74da1469b01fcf086e43351","name":"andressazorzetto07","image":{"@type":"ImageObject","inLanguage":"pt-BR","@id":"https:\/\/www.pmpf.rs.gov.br\/secretaria-de-saude\/#\/schema\/person\/image\/","url":"https:\/\/secure.gravatar.com\/avatar\/14c5458ed79dc81da99a13b9ff5f9f19?s=96&d=mm&r=g","contentUrl":"https:\/\/secure.gravatar.com\/avatar\/14c5458ed79dc81da99a13b9ff5f9f19?s=96&d=mm&r=g","caption":"andressazorzetto07"},"url":"https:\/\/www.pmpf.rs.gov.br\/secretaria-de-saude\/author\/andressazorzetto07\/"}]}},"_links":{"self":[{"href":"https:\/\/www.pmpf.rs.gov.br\/secretaria-de-saude\/wp-json\/wp\/v2\/posts\/3139"}],"collection":[{"href":"https:\/\/www.pmpf.rs.gov.br\/secretaria-de-saude\/wp-json\/wp\/v2\/posts"}],"about":[{"href":"https:\/\/www.pmpf.rs.gov.br\/secretaria-de-saude\/wp-json\/wp\/v2\/types\/post"}],"author":[{"embeddable":true,"href":"https:\/\/www.pmpf.rs.gov.br\/secretaria-de-saude\/wp-json\/wp\/v2\/users\/6"}],"replies":[{"embeddable":true,"href":"https:\/\/www.pmpf.rs.gov.br\/secretaria-de-saude\/wp-json\/wp\/v2\/comments?post=3139"}],"version-history":[{"count":1,"href":"https:\/\/www.pmpf.rs.gov.br\/secretaria-de-saude\/wp-json\/wp\/v2\/posts\/3139\/revisions"}],"predecessor-version":[{"id":3141,"href":"https:\/\/www.pmpf.rs.gov.br\/secretaria-de-saude\/wp-json\/wp\/v2\/posts\/3139\/revisions\/3141"}],"wp:featuredmedia":[{"embeddable":true,"href":"https:\/\/www.pmpf.rs.gov.br\/secretaria-de-saude\/wp-json\/wp\/v2\/media\/3140"}],"wp:attachment":[{"href":"https:\/\/www.pmpf.rs.gov.br\/secretaria-de-saude\/wp-json\/wp\/v2\/media?parent=3139"}],"wp:term":[{"taxonomy":"category","embeddable":true,"href":"https:\/\/www.pmpf.rs.gov.br\/secretaria-de-saude\/wp-json\/wp\/v2\/categories?post=3139"},{"taxonomy":"post_tag","embeddable":true,"href":"https:\/\/www.pmpf.rs.gov.br\/secretaria-de-saude\/wp-json\/wp\/v2\/tags?post=3139"}],"curies":[{"name":"wp","href":"https:\/\/api.w.org\/{rel}","templated":true}]}}