{"id":3067,"date":"2022-04-29T11:10:05","date_gmt":"2022-04-29T14:10:05","guid":{"rendered":"https:\/\/www.pmpf.rs.gov.br\/secretaria-de-saude\/?p=3067"},"modified":"2022-04-29T11:10:06","modified_gmt":"2022-04-29T14:10:06","slug":"campanha-contra-a-gripe-avanca-para-mais-grupos","status":"publish","type":"post","link":"https:\/\/www.pmpf.rs.gov.br\/secretaria-de-saude\/2022\/04\/29\/campanha-contra-a-gripe-avanca-para-mais-grupos\/","title":{"rendered":"Campanha contra a gripe avan\u00e7a para mais grupos"},"content":{"rendered":"\n<p><\/p>\n\n\n\n<p>A Campanha Nacional de Vacina\u00e7\u00e3o Contra a Influenza avan\u00e7a em Passo Fundo. A partir de segunda-feira, 2 de maio, poder\u00e3o ser vacinados 17 grupos considerados priorit\u00e1rios pelo Minist\u00e9rio da Sa\u00fade.<\/p>\n\n\n\n<p><strong>Grupos<br><\/strong>&#8211; Idosos com 60 anos ou mais<br>&#8211; Trabalhadores da sa\u00fade<br>&#8211; Crian\u00e7as de 6 meses a 5 anos incompletos<br>&#8211; Gestantes<br>&#8211; Pu\u00e9rperas<br>&#8211; Povos ind\u00edgenas<br>&#8211; Trabalhadores de educa\u00e7\u00e3o<br>&#8211; Pessoas com comorbidades<br>&#8211; Pessoas com defici\u00eancia permanente<br>&#8211; Caminhoneiros<br>&#8211; Trabalhadores de Transporte Coletivo Rodovi\u00e1rio de Passageiros Urbano e de Longo Curso<br>&#8211; Trabalhadores Portu\u00e1rios<br>&#8211; For\u00e7as de Seguran\u00e7a e Salvamento<br>&#8211; For\u00e7as Armadas<br>&#8211; Funcion\u00e1rios do Sistema de Priva\u00e7\u00e3o de Liberdade<br>&#8211; Popula\u00e7\u00e3o privada de liberdade<br>&#8211; Adolescentes e jovens em medidas socioeducativas<\/p>\n\n\n\n<p><strong>Locais de vacina\u00e7\u00e3o<br><\/strong>&#8211; Ambulat\u00f3rio de Especialidades<br>&#8211; Cais H\u00edpica<br>&#8211; Cais Boqueir\u00e3o<br>&#8211; Cais Vila Lu\u00edza<br>&#8211; ESF Adriana L\u00edrio<br>&#8211; ESF S\u00e3o Jos\u00e9<br>&#8211; ESF S\u00e3o Luiz Gonzaga<br>&#8211; ESF Adolfo Groth<br>&#8211; ESF Don\u00e1ria \/ Santa Marta<br>&#8211; ESF Mattos<br>&#8211; ESF Nen\u00ea Graeff<br>&#8211; ESF Jer\u00f4nimo Coelho<br>&#8211; ESF Planaltina<br>&#8211; ESF S\u00e3o Crist\u00f3v\u00e3o<br>&#8211; ESF Valinhos<br>&#8211; ESF Ricci<br>&#8211; ESF Zachia<br>&#8211; ESF Adirbal Corralo<br>&#8211; ESF Jaboticabal<br>&#8211; ESF Caic Edu Azambuja<br>&#8211; UBS Parque Farroupilha<br>&#8211; UBS Ivo Ferreira<br>&#8211; UBS Jardim Am\u00e9rica<br>&#8211; UBS Vila Nova \/ Santa Maria<\/p>\n\n\n\n<p>UBS, ESF e Ambulat\u00f3rios funcionam das 8h \u00e0s 11h30 e das 13h \u00e0s 16h. J\u00e1 os Cais, das 8h \u00e0s 16h.<\/p>\n\n\n\n<p>Trabalhadores da Sa\u00fade tamb\u00e9m podem ser vacinados na Central de Vacinas, que funciona na Rua Uruguai, 667, Centro, das 8h \u00e0s 17h30.<\/p>\n\n\n\n<p><strong>Comorbidades<br><\/strong><em>Doen\u00e7a respirat\u00f3ria cr\u00f4nica:<br><\/em>&#8211; Asma em uso de corticoide inalat\u00f3rio ou sist\u00eamico (Moderada ou Grave);<br>&#8211; Doen\u00e7a Pulmonar Obstrutiva Cr\u00f4nica (DPOC);<br>&#8211; Bronquiectasia;<br>&#8211; Fibrose C\u00edstica;<br>&#8211; Doen\u00e7as Intersticiais do pulm\u00e3o;<br>&#8211; Displasia broncopulmonar;<br>&#8211; Hipertens\u00e3o Arterial Pulmonar;<br>&#8211; Crian\u00e7as com doen\u00e7a pulmonar cr\u00f4nica da prematuridade.<\/p>\n\n\n\n<p><em>&#8211; Doen\u00e7a card\u00edaca cr\u00f4nica:<br><\/em>&#8211; Doen\u00e7a card\u00edaca cong\u00eanita;<br>&#8211; Hipertens\u00e3o arterial sist\u00eamica com comorbidade;<br>&#8211; Doen\u00e7a card\u00edaca isqu\u00eamica;<br>&#8211; Insufici\u00eancia card\u00edaca.<\/p>\n\n\n\n<p><em>Doen\u00e7a renal cr\u00f4nica:<\/em><br>&#8211; Doen\u00e7a renal nos est\u00e1gios 3,4 e 5;<br>&#8211; S\u00edndrome nefr\u00f3tica;<br>&#8211; Paciente em di\u00e1lise.<\/p>\n\n\n\n<p><em>Doen\u00e7a hep\u00e1tica cr\u00f4nica:<\/em><br>&#8211; Atresia biliar;<br>&#8211; Hepatites cr\u00f4nicas;<br>&#8211; Cirrose.<\/p>\n\n\n\n<p><em>Doen\u00e7a neurol\u00f3gica cr\u00f4nica:<br><\/em>&#8211; Condi\u00e7\u00f5es em que a fun\u00e7\u00e3o respirat\u00f3ria pode estar comprometida pela doen\u00e7a neurol\u00f3gica;<br>&#8211; Considerar as necessidades cl\u00ednicas individuais dos pacientes, incluindo Acidente Vascular Cerebral, indiv\u00edduos com paralisia cerebral, esclerose m\u00faltipla, e condi\u00e7\u00f5es similares;<br>&#8211; Doen\u00e7as heredit\u00e1rias e degenerativas do sistema nervoso ou muscular;<br>&#8211; Defici\u00eancia neurol\u00f3gica grave.<\/p>\n\n\n\n<p><em>Diabetes:<br><\/em>&#8211; Diabetes Mellitus tipo I e tipo II em uso de medicamentos.<\/p>\n\n\n\n<p><em>Imunossupress\u00e3o:<\/em><br>&#8211; Imunodefici\u00eancia cong\u00eanita ou adquirida;<br>&#8211; Imunossupress\u00e3o por doen\u00e7as ou medicamentos;<\/p>\n\n\n\n<p><em>Obesidade:<\/em><br>&#8211; Obesidade grau III.<\/p>\n\n\n\n<p><em>Transplantados:<\/em><br>&#8211; \u00d3rg\u00e3os;<br>&#8211; Medula \u00f3ssea.<\/p>\n\n\n\n<p><em>Portadores de trissomias:<br><\/em>&#8211; S\u00edndrome de Down, S\u00edndrome de Klinefelter, S\u00edndrome de Warkany, dentre outras trissomias.<\/p>\n","protected":false},"excerpt":{"rendered":"<p>Confira quais as popula\u00e7\u00f5es-alvo poder\u00e3o ser vacinadas a partir de segunda-feira (2)<\/p>\n","protected":false},"author":6,"featured_media":0,"comment_status":"closed","ping_status":"closed","sticky":true,"template":"","format":"standard","meta":{"footnotes":""},"categories":[4],"tags":[],"class_list":["post-3067","post","type-post","status-publish","format-standard","hentry","category-vacinacao-influenza"],"yoast_head":"<!-- This site is optimized with the Yoast SEO plugin v23.8 - https:\/\/yoast.com\/wordpress\/plugins\/seo\/ -->\n<title>Campanha contra a gripe avan\u00e7a para mais grupos - Secretaria de Sa\u00fade<\/title>\n<meta name=\"robots\" content=\"index, follow, max-snippet:-1, max-image-preview:large, max-video-preview:-1\" \/>\n<link rel=\"canonical\" href=\"https:\/\/www.pmpf.rs.gov.br\/secretaria-de-saude\/2022\/04\/29\/campanha-contra-a-gripe-avanca-para-mais-grupos\/\" \/>\n<meta property=\"og:locale\" content=\"pt_BR\" \/>\n<meta property=\"og:type\" content=\"article\" \/>\n<meta property=\"og:title\" content=\"Campanha contra a gripe avan\u00e7a para mais grupos - Secretaria de Sa\u00fade\" \/>\n<meta property=\"og:description\" content=\"Confira quais as popula\u00e7\u00f5es-alvo poder\u00e3o ser vacinadas a partir de segunda-feira (2)\" \/>\n<meta property=\"og:url\" content=\"https:\/\/www.pmpf.rs.gov.br\/secretaria-de-saude\/2022\/04\/29\/campanha-contra-a-gripe-avanca-para-mais-grupos\/\" \/>\n<meta property=\"og:site_name\" content=\"Secretaria de Sa\u00fade\" \/>\n<meta property=\"article:published_time\" content=\"2022-04-29T14:10:05+00:00\" \/>\n<meta property=\"article:modified_time\" content=\"2022-04-29T14:10:06+00:00\" \/>\n<meta name=\"author\" content=\"andressazorzetto07\" \/>\n<meta name=\"twitter:card\" content=\"summary_large_image\" \/>\n<meta name=\"twitter:label1\" content=\"Escrito por\" \/>\n\t<meta name=\"twitter:data1\" content=\"andressazorzetto07\" \/>\n\t<meta name=\"twitter:label2\" content=\"Est. tempo de leitura\" \/>\n\t<meta name=\"twitter:data2\" content=\"3 minutos\" \/>\n<script type=\"application\/ld+json\" class=\"yoast-schema-graph\">{\"@context\":\"https:\/\/schema.org\",\"@graph\":[{\"@type\":\"WebPage\",\"@id\":\"https:\/\/www.pmpf.rs.gov.br\/secretaria-de-saude\/2022\/04\/29\/campanha-contra-a-gripe-avanca-para-mais-grupos\/\",\"url\":\"https:\/\/www.pmpf.rs.gov.br\/secretaria-de-saude\/2022\/04\/29\/campanha-contra-a-gripe-avanca-para-mais-grupos\/\",\"name\":\"Campanha contra a gripe avan\u00e7a para mais grupos - Secretaria de Sa\u00fade\",\"isPartOf\":{\"@id\":\"https:\/\/www.pmpf.rs.gov.br\/secretaria-de-saude\/#website\"},\"datePublished\":\"2022-04-29T14:10:05+00:00\",\"dateModified\":\"2022-04-29T14:10:06+00:00\",\"author\":{\"@id\":\"https:\/\/www.pmpf.rs.gov.br\/secretaria-de-saude\/#\/schema\/person\/30ee1d1bd74da1469b01fcf086e43351\"},\"breadcrumb\":{\"@id\":\"https:\/\/www.pmpf.rs.gov.br\/secretaria-de-saude\/2022\/04\/29\/campanha-contra-a-gripe-avanca-para-mais-grupos\/#breadcrumb\"},\"inLanguage\":\"pt-BR\",\"potentialAction\":[{\"@type\":\"ReadAction\",\"target\":[\"https:\/\/www.pmpf.rs.gov.br\/secretaria-de-saude\/2022\/04\/29\/campanha-contra-a-gripe-avanca-para-mais-grupos\/\"]}]},{\"@type\":\"BreadcrumbList\",\"@id\":\"https:\/\/www.pmpf.rs.gov.br\/secretaria-de-saude\/2022\/04\/29\/campanha-contra-a-gripe-avanca-para-mais-grupos\/#breadcrumb\",\"itemListElement\":[{\"@type\":\"ListItem\",\"position\":1,\"name\":\"In\u00edcio\",\"item\":\"https:\/\/www.pmpf.rs.gov.br\/secretaria-de-saude\/\"},{\"@type\":\"ListItem\",\"position\":2,\"name\":\"Campanha contra a gripe avan\u00e7a para mais grupos\"}]},{\"@type\":\"WebSite\",\"@id\":\"https:\/\/www.pmpf.rs.gov.br\/secretaria-de-saude\/#website\",\"url\":\"https:\/\/www.pmpf.rs.gov.br\/secretaria-de-saude\/\",\"name\":\"Secretaria de Sa\u00fade\",\"description\":\"S\u00f3 mais um site Prefeitura de Passo Fundo\",\"potentialAction\":[{\"@type\":\"SearchAction\",\"target\":{\"@type\":\"EntryPoint\",\"urlTemplate\":\"https:\/\/www.pmpf.rs.gov.br\/secretaria-de-saude\/?s={search_term_string}\"},\"query-input\":{\"@type\":\"PropertyValueSpecification\",\"valueRequired\":true,\"valueName\":\"search_term_string\"}}],\"inLanguage\":\"pt-BR\"},{\"@type\":\"Person\",\"@id\":\"https:\/\/www.pmpf.rs.gov.br\/secretaria-de-saude\/#\/schema\/person\/30ee1d1bd74da1469b01fcf086e43351\",\"name\":\"andressazorzetto07\",\"image\":{\"@type\":\"ImageObject\",\"inLanguage\":\"pt-BR\",\"@id\":\"https:\/\/www.pmpf.rs.gov.br\/secretaria-de-saude\/#\/schema\/person\/image\/\",\"url\":\"https:\/\/secure.gravatar.com\/avatar\/14c5458ed79dc81da99a13b9ff5f9f19?s=96&d=mm&r=g\",\"contentUrl\":\"https:\/\/secure.gravatar.com\/avatar\/14c5458ed79dc81da99a13b9ff5f9f19?s=96&d=mm&r=g\",\"caption\":\"andressazorzetto07\"},\"url\":\"https:\/\/www.pmpf.rs.gov.br\/secretaria-de-saude\/author\/andressazorzetto07\/\"}]}<\/script>\n<!-- \/ Yoast SEO plugin. -->","yoast_head_json":{"title":"Campanha contra a gripe avan\u00e7a para mais grupos - Secretaria de Sa\u00fade","robots":{"index":"index","follow":"follow","max-snippet":"max-snippet:-1","max-image-preview":"max-image-preview:large","max-video-preview":"max-video-preview:-1"},"canonical":"https:\/\/www.pmpf.rs.gov.br\/secretaria-de-saude\/2022\/04\/29\/campanha-contra-a-gripe-avanca-para-mais-grupos\/","og_locale":"pt_BR","og_type":"article","og_title":"Campanha contra a gripe avan\u00e7a para mais grupos - Secretaria de Sa\u00fade","og_description":"Confira quais as popula\u00e7\u00f5es-alvo poder\u00e3o ser vacinadas a partir de segunda-feira (2)","og_url":"https:\/\/www.pmpf.rs.gov.br\/secretaria-de-saude\/2022\/04\/29\/campanha-contra-a-gripe-avanca-para-mais-grupos\/","og_site_name":"Secretaria de Sa\u00fade","article_published_time":"2022-04-29T14:10:05+00:00","article_modified_time":"2022-04-29T14:10:06+00:00","author":"andressazorzetto07","twitter_card":"summary_large_image","twitter_misc":{"Escrito por":"andressazorzetto07","Est. tempo de leitura":"3 minutos"},"schema":{"@context":"https:\/\/schema.org","@graph":[{"@type":"WebPage","@id":"https:\/\/www.pmpf.rs.gov.br\/secretaria-de-saude\/2022\/04\/29\/campanha-contra-a-gripe-avanca-para-mais-grupos\/","url":"https:\/\/www.pmpf.rs.gov.br\/secretaria-de-saude\/2022\/04\/29\/campanha-contra-a-gripe-avanca-para-mais-grupos\/","name":"Campanha contra a gripe avan\u00e7a para mais grupos - Secretaria de Sa\u00fade","isPartOf":{"@id":"https:\/\/www.pmpf.rs.gov.br\/secretaria-de-saude\/#website"},"datePublished":"2022-04-29T14:10:05+00:00","dateModified":"2022-04-29T14:10:06+00:00","author":{"@id":"https:\/\/www.pmpf.rs.gov.br\/secretaria-de-saude\/#\/schema\/person\/30ee1d1bd74da1469b01fcf086e43351"},"breadcrumb":{"@id":"https:\/\/www.pmpf.rs.gov.br\/secretaria-de-saude\/2022\/04\/29\/campanha-contra-a-gripe-avanca-para-mais-grupos\/#breadcrumb"},"inLanguage":"pt-BR","potentialAction":[{"@type":"ReadAction","target":["https:\/\/www.pmpf.rs.gov.br\/secretaria-de-saude\/2022\/04\/29\/campanha-contra-a-gripe-avanca-para-mais-grupos\/"]}]},{"@type":"BreadcrumbList","@id":"https:\/\/www.pmpf.rs.gov.br\/secretaria-de-saude\/2022\/04\/29\/campanha-contra-a-gripe-avanca-para-mais-grupos\/#breadcrumb","itemListElement":[{"@type":"ListItem","position":1,"name":"In\u00edcio","item":"https:\/\/www.pmpf.rs.gov.br\/secretaria-de-saude\/"},{"@type":"ListItem","position":2,"name":"Campanha contra a gripe avan\u00e7a para mais grupos"}]},{"@type":"WebSite","@id":"https:\/\/www.pmpf.rs.gov.br\/secretaria-de-saude\/#website","url":"https:\/\/www.pmpf.rs.gov.br\/secretaria-de-saude\/","name":"Secretaria de Sa\u00fade","description":"S\u00f3 mais um site Prefeitura de Passo Fundo","potentialAction":[{"@type":"SearchAction","target":{"@type":"EntryPoint","urlTemplate":"https:\/\/www.pmpf.rs.gov.br\/secretaria-de-saude\/?s={search_term_string}"},"query-input":{"@type":"PropertyValueSpecification","valueRequired":true,"valueName":"search_term_string"}}],"inLanguage":"pt-BR"},{"@type":"Person","@id":"https:\/\/www.pmpf.rs.gov.br\/secretaria-de-saude\/#\/schema\/person\/30ee1d1bd74da1469b01fcf086e43351","name":"andressazorzetto07","image":{"@type":"ImageObject","inLanguage":"pt-BR","@id":"https:\/\/www.pmpf.rs.gov.br\/secretaria-de-saude\/#\/schema\/person\/image\/","url":"https:\/\/secure.gravatar.com\/avatar\/14c5458ed79dc81da99a13b9ff5f9f19?s=96&d=mm&r=g","contentUrl":"https:\/\/secure.gravatar.com\/avatar\/14c5458ed79dc81da99a13b9ff5f9f19?s=96&d=mm&r=g","caption":"andressazorzetto07"},"url":"https:\/\/www.pmpf.rs.gov.br\/secretaria-de-saude\/author\/andressazorzetto07\/"}]}},"_links":{"self":[{"href":"https:\/\/www.pmpf.rs.gov.br\/secretaria-de-saude\/wp-json\/wp\/v2\/posts\/3067"}],"collection":[{"href":"https:\/\/www.pmpf.rs.gov.br\/secretaria-de-saude\/wp-json\/wp\/v2\/posts"}],"about":[{"href":"https:\/\/www.pmpf.rs.gov.br\/secretaria-de-saude\/wp-json\/wp\/v2\/types\/post"}],"author":[{"embeddable":true,"href":"https:\/\/www.pmpf.rs.gov.br\/secretaria-de-saude\/wp-json\/wp\/v2\/users\/6"}],"replies":[{"embeddable":true,"href":"https:\/\/www.pmpf.rs.gov.br\/secretaria-de-saude\/wp-json\/wp\/v2\/comments?post=3067"}],"version-history":[{"count":1,"href":"https:\/\/www.pmpf.rs.gov.br\/secretaria-de-saude\/wp-json\/wp\/v2\/posts\/3067\/revisions"}],"predecessor-version":[{"id":3068,"href":"https:\/\/www.pmpf.rs.gov.br\/secretaria-de-saude\/wp-json\/wp\/v2\/posts\/3067\/revisions\/3068"}],"wp:attachment":[{"href":"https:\/\/www.pmpf.rs.gov.br\/secretaria-de-saude\/wp-json\/wp\/v2\/media?parent=3067"}],"wp:term":[{"taxonomy":"category","embeddable":true,"href":"https:\/\/www.pmpf.rs.gov.br\/secretaria-de-saude\/wp-json\/wp\/v2\/categories?post=3067"},{"taxonomy":"post_tag","embeddable":true,"href":"https:\/\/www.pmpf.rs.gov.br\/secretaria-de-saude\/wp-json\/wp\/v2\/tags?post=3067"}],"curies":[{"name":"wp","href":"https:\/\/api.w.org\/{rel}","templated":true}]}}