{"id":3046,"date":"2022-04-28T13:55:56","date_gmt":"2022-04-28T16:55:56","guid":{"rendered":"https:\/\/www.pmpf.rs.gov.br\/secretaria-de-saude\/?p=3046"},"modified":"2022-04-28T19:33:35","modified_gmt":"2022-04-28T22:33:35","slug":"prefeitura-de-passo-fundo-contrata-pediatras-com-aumento-no-valor-da-hora","status":"publish","type":"post","link":"https:\/\/www.pmpf.rs.gov.br\/secretaria-de-saude\/2022\/04\/28\/prefeitura-de-passo-fundo-contrata-pediatras-com-aumento-no-valor-da-hora\/","title":{"rendered":"Prefeitura de Passo Fundo contrata pediatras com aumento no valor da hora"},"content":{"rendered":"\n<p><br>A Prefeitura de Passo Fundo abriu, nesta quinta-feira (28), um novo processo seletivo para a contrata\u00e7\u00e3o de pediatras, enfermeiros e t\u00e9cnicos em Enfermagem na pr\u00f3xima semana. A a\u00e7\u00e3o faz parte de um pacote de medidas que visam absorver o crescente aumento da demanda por atendimentos registrado no Pronto Atendimento Pedi\u00e1trico (PAP). Para atrair profissionais da Pediatria de toda a regi\u00e3o, a sele\u00e7\u00e3o tem como diferencial a eleva\u00e7\u00e3o do valor oferecido pelo Munic\u00edpio.<\/p>\n\n\n\n<p>O prefeito, Pedro Almeida, determinou o chamamento emergencial com o foco na amplia\u00e7\u00e3o do n\u00famero de profissionais para o fechamento das escalas na unidade diante de uma nova realidade de volume de atendimentos, sobretudo, nos fins de semana. \u201cO Munic\u00edpio est\u00e1 atento ao aumento da procura por consultas no PAP e est\u00e1 agindo para promover o acolhimento das fam\u00edlias. A Prefeitura encaminhou para a C\u00e2mara um Projeto de Lei autorizando esse novo processo, que foi aprovado e sancionado, tornando as contrata\u00e7\u00f5es poss\u00edveis com reajuste em valores\u201d, afirmou.<\/p>\n\n\n\n<p>A contrata\u00e7\u00e3o dos novos pediatras dever\u00e1 suprir uma escala de 2.405 horas mensais, que representam 40% a mais da efetuada atualmente. Para isso, ser\u00e3o contratados, no m\u00ednimo, 18 m\u00e9dicos da \u00e1rea. Ainda, ser\u00e3o efetivados 9 enfermeiros e 16 t\u00e9cnicos em Enfermagem.<\/p>\n\n\n\n<p>A secret\u00e1ria de Sa\u00fade, Cristine Pilati, pontuou quais ser\u00e3o os novos valores. \u201cNos dias da semana, o Munic\u00edpio pagar\u00e1 R$ 145 pela hora diurna e R$ 160 pela noturna. Nos s\u00e1bados, domingos e feriados, a hora diurna ser\u00e1 de R$ 180 e a noturna, R$ 180. Essa \u00e9 uma alternativa para trazermos pediatras para o atendimento da popula\u00e7\u00e3o\u201d, justificou.<\/p>\n\n\n\n<p><strong><br>Inscri\u00e7\u00f5es<\/strong><br>As inscri\u00e7\u00f5es para o Processo Seletivo Simplificado podem ser realizadas por enfermeiros, t\u00e9cnicos de Enfermagem e m\u00e9dicos especialistas em Pediatria ou Cirurgia Pedi\u00e1trica ou, ainda, m\u00e9dicos residentes em Pediatria ou Cirurgia Pedi\u00e1trica. Elas dever\u00e3o ser feitas at\u00e9 o dia 11 de maio, exclusivamente, por meio do e-mail seletivosms@pmpf.rs.gov.br, com o envio, em anexo, de toda a documenta\u00e7\u00e3o exigida no edital em formato PDF.<\/p>\n\n\n\n<p>No campo do assunto, o candidato dever\u00e1 inserir a fun\u00e7\u00e3o pretendida e, no caso de m\u00e9dicos, a carga hor\u00e1ria. A carga hor\u00e1ria m\u00ednima \u00e9 de 6 horas semanais. A m\u00e1xima \u00e9 de 42 horas por semana.<\/p>\n\n\n\n<p>Ap\u00f3s todos os tr\u00e2mites, a classifica\u00e7\u00e3o final ser\u00e1 publicada no dia 26 de maio.<\/p>\n","protected":false},"excerpt":{"rendered":"<p>Novo modelo de edital busca atrair profissionais de toda a regi\u00e3o, tendo como foco agilizar atendimentos nos fins de semana<\/p>\n","protected":false},"author":6,"featured_media":0,"comment_status":"closed","ping_status":"closed","sticky":true,"template":"","format":"standard","meta":{"footnotes":""},"categories":[20,21],"tags":[],"class_list":["post-3046","post","type-post","status-publish","format-standard","hentry","category-atendimento-pediatrico","category-contratacao-de-pediatras"],"yoast_head":"<!-- This site is optimized with the Yoast SEO plugin v23.8 - https:\/\/yoast.com\/wordpress\/plugins\/seo\/ -->\n<title>Prefeitura de Passo Fundo contrata pediatras com aumento no valor da hora - Secretaria de Sa\u00fade<\/title>\n<meta name=\"robots\" content=\"index, follow, max-snippet:-1, max-image-preview:large, max-video-preview:-1\" \/>\n<link rel=\"canonical\" href=\"https:\/\/www.pmpf.rs.gov.br\/secretaria-de-saude\/2022\/04\/28\/prefeitura-de-passo-fundo-contrata-pediatras-com-aumento-no-valor-da-hora\/\" \/>\n<meta property=\"og:locale\" content=\"pt_BR\" \/>\n<meta property=\"og:type\" content=\"article\" \/>\n<meta property=\"og:title\" content=\"Prefeitura de Passo Fundo contrata pediatras com aumento no valor da hora - Secretaria de Sa\u00fade\" \/>\n<meta property=\"og:description\" content=\"Novo modelo de edital busca atrair profissionais de toda a regi\u00e3o, tendo como foco agilizar atendimentos nos fins de semana\" \/>\n<meta property=\"og:url\" content=\"https:\/\/www.pmpf.rs.gov.br\/secretaria-de-saude\/2022\/04\/28\/prefeitura-de-passo-fundo-contrata-pediatras-com-aumento-no-valor-da-hora\/\" \/>\n<meta property=\"og:site_name\" content=\"Secretaria de Sa\u00fade\" \/>\n<meta property=\"article:published_time\" content=\"2022-04-28T16:55:56+00:00\" \/>\n<meta property=\"article:modified_time\" content=\"2022-04-28T22:33:35+00:00\" \/>\n<meta name=\"author\" content=\"andressazorzetto07\" \/>\n<meta name=\"twitter:card\" content=\"summary_large_image\" \/>\n<meta name=\"twitter:label1\" content=\"Escrito por\" \/>\n\t<meta name=\"twitter:data1\" content=\"andressazorzetto07\" \/>\n\t<meta name=\"twitter:label2\" content=\"Est. tempo de leitura\" \/>\n\t<meta name=\"twitter:data2\" content=\"2 minutos\" \/>\n<script type=\"application\/ld+json\" class=\"yoast-schema-graph\">{\"@context\":\"https:\/\/schema.org\",\"@graph\":[{\"@type\":\"WebPage\",\"@id\":\"https:\/\/www.pmpf.rs.gov.br\/secretaria-de-saude\/2022\/04\/28\/prefeitura-de-passo-fundo-contrata-pediatras-com-aumento-no-valor-da-hora\/\",\"url\":\"https:\/\/www.pmpf.rs.gov.br\/secretaria-de-saude\/2022\/04\/28\/prefeitura-de-passo-fundo-contrata-pediatras-com-aumento-no-valor-da-hora\/\",\"name\":\"Prefeitura de Passo Fundo contrata pediatras com aumento no valor da hora - Secretaria de Sa\u00fade\",\"isPartOf\":{\"@id\":\"https:\/\/www.pmpf.rs.gov.br\/secretaria-de-saude\/#website\"},\"datePublished\":\"2022-04-28T16:55:56+00:00\",\"dateModified\":\"2022-04-28T22:33:35+00:00\",\"author\":{\"@id\":\"https:\/\/www.pmpf.rs.gov.br\/secretaria-de-saude\/#\/schema\/person\/30ee1d1bd74da1469b01fcf086e43351\"},\"breadcrumb\":{\"@id\":\"https:\/\/www.pmpf.rs.gov.br\/secretaria-de-saude\/2022\/04\/28\/prefeitura-de-passo-fundo-contrata-pediatras-com-aumento-no-valor-da-hora\/#breadcrumb\"},\"inLanguage\":\"pt-BR\",\"potentialAction\":[{\"@type\":\"ReadAction\",\"target\":[\"https:\/\/www.pmpf.rs.gov.br\/secretaria-de-saude\/2022\/04\/28\/prefeitura-de-passo-fundo-contrata-pediatras-com-aumento-no-valor-da-hora\/\"]}]},{\"@type\":\"BreadcrumbList\",\"@id\":\"https:\/\/www.pmpf.rs.gov.br\/secretaria-de-saude\/2022\/04\/28\/prefeitura-de-passo-fundo-contrata-pediatras-com-aumento-no-valor-da-hora\/#breadcrumb\",\"itemListElement\":[{\"@type\":\"ListItem\",\"position\":1,\"name\":\"In\u00edcio\",\"item\":\"https:\/\/www.pmpf.rs.gov.br\/secretaria-de-saude\/\"},{\"@type\":\"ListItem\",\"position\":2,\"name\":\"Prefeitura de Passo Fundo contrata pediatras com aumento no valor da hora\"}]},{\"@type\":\"WebSite\",\"@id\":\"https:\/\/www.pmpf.rs.gov.br\/secretaria-de-saude\/#website\",\"url\":\"https:\/\/www.pmpf.rs.gov.br\/secretaria-de-saude\/\",\"name\":\"Secretaria de Sa\u00fade\",\"description\":\"S\u00f3 mais um site Prefeitura de Passo Fundo\",\"potentialAction\":[{\"@type\":\"SearchAction\",\"target\":{\"@type\":\"EntryPoint\",\"urlTemplate\":\"https:\/\/www.pmpf.rs.gov.br\/secretaria-de-saude\/?s={search_term_string}\"},\"query-input\":{\"@type\":\"PropertyValueSpecification\",\"valueRequired\":true,\"valueName\":\"search_term_string\"}}],\"inLanguage\":\"pt-BR\"},{\"@type\":\"Person\",\"@id\":\"https:\/\/www.pmpf.rs.gov.br\/secretaria-de-saude\/#\/schema\/person\/30ee1d1bd74da1469b01fcf086e43351\",\"name\":\"andressazorzetto07\",\"image\":{\"@type\":\"ImageObject\",\"inLanguage\":\"pt-BR\",\"@id\":\"https:\/\/www.pmpf.rs.gov.br\/secretaria-de-saude\/#\/schema\/person\/image\/\",\"url\":\"https:\/\/secure.gravatar.com\/avatar\/14c5458ed79dc81da99a13b9ff5f9f19?s=96&d=mm&r=g\",\"contentUrl\":\"https:\/\/secure.gravatar.com\/avatar\/14c5458ed79dc81da99a13b9ff5f9f19?s=96&d=mm&r=g\",\"caption\":\"andressazorzetto07\"},\"url\":\"https:\/\/www.pmpf.rs.gov.br\/secretaria-de-saude\/author\/andressazorzetto07\/\"}]}<\/script>\n<!-- \/ Yoast SEO plugin. -->","yoast_head_json":{"title":"Prefeitura de Passo Fundo contrata pediatras com aumento no valor da hora - Secretaria de Sa\u00fade","robots":{"index":"index","follow":"follow","max-snippet":"max-snippet:-1","max-image-preview":"max-image-preview:large","max-video-preview":"max-video-preview:-1"},"canonical":"https:\/\/www.pmpf.rs.gov.br\/secretaria-de-saude\/2022\/04\/28\/prefeitura-de-passo-fundo-contrata-pediatras-com-aumento-no-valor-da-hora\/","og_locale":"pt_BR","og_type":"article","og_title":"Prefeitura de Passo Fundo contrata pediatras com aumento no valor da hora - Secretaria de Sa\u00fade","og_description":"Novo modelo de edital busca atrair profissionais de toda a regi\u00e3o, tendo como foco agilizar atendimentos nos fins de semana","og_url":"https:\/\/www.pmpf.rs.gov.br\/secretaria-de-saude\/2022\/04\/28\/prefeitura-de-passo-fundo-contrata-pediatras-com-aumento-no-valor-da-hora\/","og_site_name":"Secretaria de Sa\u00fade","article_published_time":"2022-04-28T16:55:56+00:00","article_modified_time":"2022-04-28T22:33:35+00:00","author":"andressazorzetto07","twitter_card":"summary_large_image","twitter_misc":{"Escrito por":"andressazorzetto07","Est. tempo de leitura":"2 minutos"},"schema":{"@context":"https:\/\/schema.org","@graph":[{"@type":"WebPage","@id":"https:\/\/www.pmpf.rs.gov.br\/secretaria-de-saude\/2022\/04\/28\/prefeitura-de-passo-fundo-contrata-pediatras-com-aumento-no-valor-da-hora\/","url":"https:\/\/www.pmpf.rs.gov.br\/secretaria-de-saude\/2022\/04\/28\/prefeitura-de-passo-fundo-contrata-pediatras-com-aumento-no-valor-da-hora\/","name":"Prefeitura de Passo Fundo contrata pediatras com aumento no valor da hora - Secretaria de Sa\u00fade","isPartOf":{"@id":"https:\/\/www.pmpf.rs.gov.br\/secretaria-de-saude\/#website"},"datePublished":"2022-04-28T16:55:56+00:00","dateModified":"2022-04-28T22:33:35+00:00","author":{"@id":"https:\/\/www.pmpf.rs.gov.br\/secretaria-de-saude\/#\/schema\/person\/30ee1d1bd74da1469b01fcf086e43351"},"breadcrumb":{"@id":"https:\/\/www.pmpf.rs.gov.br\/secretaria-de-saude\/2022\/04\/28\/prefeitura-de-passo-fundo-contrata-pediatras-com-aumento-no-valor-da-hora\/#breadcrumb"},"inLanguage":"pt-BR","potentialAction":[{"@type":"ReadAction","target":["https:\/\/www.pmpf.rs.gov.br\/secretaria-de-saude\/2022\/04\/28\/prefeitura-de-passo-fundo-contrata-pediatras-com-aumento-no-valor-da-hora\/"]}]},{"@type":"BreadcrumbList","@id":"https:\/\/www.pmpf.rs.gov.br\/secretaria-de-saude\/2022\/04\/28\/prefeitura-de-passo-fundo-contrata-pediatras-com-aumento-no-valor-da-hora\/#breadcrumb","itemListElement":[{"@type":"ListItem","position":1,"name":"In\u00edcio","item":"https:\/\/www.pmpf.rs.gov.br\/secretaria-de-saude\/"},{"@type":"ListItem","position":2,"name":"Prefeitura de Passo Fundo contrata pediatras com aumento no valor da hora"}]},{"@type":"WebSite","@id":"https:\/\/www.pmpf.rs.gov.br\/secretaria-de-saude\/#website","url":"https:\/\/www.pmpf.rs.gov.br\/secretaria-de-saude\/","name":"Secretaria de Sa\u00fade","description":"S\u00f3 mais um site Prefeitura de Passo Fundo","potentialAction":[{"@type":"SearchAction","target":{"@type":"EntryPoint","urlTemplate":"https:\/\/www.pmpf.rs.gov.br\/secretaria-de-saude\/?s={search_term_string}"},"query-input":{"@type":"PropertyValueSpecification","valueRequired":true,"valueName":"search_term_string"}}],"inLanguage":"pt-BR"},{"@type":"Person","@id":"https:\/\/www.pmpf.rs.gov.br\/secretaria-de-saude\/#\/schema\/person\/30ee1d1bd74da1469b01fcf086e43351","name":"andressazorzetto07","image":{"@type":"ImageObject","inLanguage":"pt-BR","@id":"https:\/\/www.pmpf.rs.gov.br\/secretaria-de-saude\/#\/schema\/person\/image\/","url":"https:\/\/secure.gravatar.com\/avatar\/14c5458ed79dc81da99a13b9ff5f9f19?s=96&d=mm&r=g","contentUrl":"https:\/\/secure.gravatar.com\/avatar\/14c5458ed79dc81da99a13b9ff5f9f19?s=96&d=mm&r=g","caption":"andressazorzetto07"},"url":"https:\/\/www.pmpf.rs.gov.br\/secretaria-de-saude\/author\/andressazorzetto07\/"}]}},"_links":{"self":[{"href":"https:\/\/www.pmpf.rs.gov.br\/secretaria-de-saude\/wp-json\/wp\/v2\/posts\/3046"}],"collection":[{"href":"https:\/\/www.pmpf.rs.gov.br\/secretaria-de-saude\/wp-json\/wp\/v2\/posts"}],"about":[{"href":"https:\/\/www.pmpf.rs.gov.br\/secretaria-de-saude\/wp-json\/wp\/v2\/types\/post"}],"author":[{"embeddable":true,"href":"https:\/\/www.pmpf.rs.gov.br\/secretaria-de-saude\/wp-json\/wp\/v2\/users\/6"}],"replies":[{"embeddable":true,"href":"https:\/\/www.pmpf.rs.gov.br\/secretaria-de-saude\/wp-json\/wp\/v2\/comments?post=3046"}],"version-history":[{"count":2,"href":"https:\/\/www.pmpf.rs.gov.br\/secretaria-de-saude\/wp-json\/wp\/v2\/posts\/3046\/revisions"}],"predecessor-version":[{"id":3059,"href":"https:\/\/www.pmpf.rs.gov.br\/secretaria-de-saude\/wp-json\/wp\/v2\/posts\/3046\/revisions\/3059"}],"wp:attachment":[{"href":"https:\/\/www.pmpf.rs.gov.br\/secretaria-de-saude\/wp-json\/wp\/v2\/media?parent=3046"}],"wp:term":[{"taxonomy":"category","embeddable":true,"href":"https:\/\/www.pmpf.rs.gov.br\/secretaria-de-saude\/wp-json\/wp\/v2\/categories?post=3046"},{"taxonomy":"post_tag","embeddable":true,"href":"https:\/\/www.pmpf.rs.gov.br\/secretaria-de-saude\/wp-json\/wp\/v2\/tags?post=3046"}],"curies":[{"name":"wp","href":"https:\/\/api.w.org\/{rel}","templated":true}]}}