{"id":3043,"date":"2022-04-28T12:02:39","date_gmt":"2022-04-28T15:02:39","guid":{"rendered":"https:\/\/www.pmpf.rs.gov.br\/secretaria-de-saude\/?p=3043"},"modified":"2022-05-03T14:09:02","modified_gmt":"2022-05-03T17:09:02","slug":"passo-fundo-nao-tera-mais-cronograma-de-vacinacao","status":"publish","type":"post","link":"https:\/\/www.pmpf.rs.gov.br\/secretaria-de-saude\/2022\/04\/28\/passo-fundo-nao-tera-mais-cronograma-de-vacinacao\/","title":{"rendered":"Passo Fundo n\u00e3o ter\u00e1 mais cronograma de vacina\u00e7\u00e3o"},"content":{"rendered":"\n<p>A Secretaria Municipal de Sa\u00fade informa que, a partir de maio, Passo Fundo n\u00e3o ter\u00e1 mais dias espec\u00edficos para a aplica\u00e7\u00e3o de doses contra a Covid-19. A vacina\u00e7\u00e3o ser\u00e1 feita de segunda a sexta-feira em 17 locais conforme a demanda.<\/p>\n\n\n\n<p>De acordo com a secret\u00e1ria de Sa\u00fade, Cristine Pilati, com a mudan\u00e7a, a popula\u00e7\u00e3o dever\u00e1 observar a carteirinha e os prazos de refor\u00e7o. \u201cAo todo, teremos 16 unidades de sa\u00fade e mais a Central de vacinas com doses dispon\u00edveis, respeitando o per\u00edodo de intervalo de cada tipo de vacina\u201d, afirmou.<\/p>\n\n\n\n<p><\/p>\n\n\n\n<p><strong>Locais que vacinar\u00e3o<\/strong><br>Cais Vila Lu\u00edza, Cais H\u00edpica, Cais Boqueir\u00e3o, Ambulat\u00f3rio de Especialidades, ESF Nen\u00ea Graeff, ESF Zachia, Ambulat\u00f3rio S\u00e3o Jos\u00e9, ESF Don\u00e1ria\/Santa Marta, ESF S\u00e3o Luiz Gonzaga, ESF Adirbal Corralo, ESF Planaltina, ESF S\u00e3o Crist\u00f3v\u00e3o, ESF Adolfo Groth, ESF Jaboticabal, UBS Vila Nova, UBS Parque Farroupilha e Central de Vacinas.<\/p>\n\n\n\n<p>ESF, UBS e ambulat\u00f3rios: das 8h \u00e0s 11h30 e das 13h \u00e0s 16h<br>Cais e Central de Vacinas: das 8h \u00e0s 16h<br>&#8211; 1\u00aa dose para pessoas acima de 12 anos, gestantes e pu\u00e9rperas<br>&#8211; 1\u00aa dose para crian\u00e7as de 5 a 11 anos<br>&#8211; 2\u00aa dose de Coronavac para todas as crian\u00e7as que precisam completar o esquema vacinal (intervalo \u00e9 de 28 dias)<br>&#8211; 2\u00aa dose de Pfizer para todas as crian\u00e7as que precisam completar o esquema vacinal (intervalo \u00e9 de oito semanas)<br>&#8211; 2\u00aa dose de Coronavac para todas as pessoas que precisam completar o esquema vacinal (intervalo \u00e9 de 28 dias)<br>&#8211; 2\u00aa dose de Pfizer para as pessoas com 18 anos ou mais que precisam completar o esquema vacinal (intervalo \u00e9 de oito semanas)<br>&#8211; 2\u00aa dose de AstraZeneca para todas as pessoas que precisam completar o esquema vacinal (intervalo \u00e9 de oito semanas)<br>&#8211; 3\u00aa dose (refor\u00e7o) para todas as pessoas com 18 anos ou mais que receberam a segunda dose h\u00e1, no m\u00ednimo, quatro meses<br>&#8211; Refor\u00e7o Janssen para todas as pessoas com 18 anos ou mais que receberam a primeira dose de Janssen h\u00e1, no m\u00ednimo, dois meses<br>&#8211; 2\u00aa dose de refor\u00e7o para idosos com 80 anos ou mais que fizeram o primeiro refor\u00e7o (terceira dose) h\u00e1 quatro meses ou mais<\/p>\n\n\n\n<p>Somente na Central de Vacinas<br>&#8211; Dose adicional para adolescentes de 12 a 17 anos imunocomprometidos (intervalo m\u00ednimo de oito semanas da segunda dose)<br>&#8211; 3\u00aa dose para imunossuprimidos<\/p>\n\n\n\n<p>*Enquanto houver doses<\/p>\n","protected":false},"excerpt":{"rendered":"<p>A partir de maio, n\u00e3o haver\u00e1 mais datas espec\u00edficas para aplica\u00e7\u00e3o de vacinas, que ser\u00e1 realizada diariamente em 17 locais<\/p>\n","protected":false},"author":6,"featured_media":0,"comment_status":"closed","ping_status":"closed","sticky":true,"template":"","format":"standard","meta":{"footnotes":""},"categories":[15],"tags":[],"class_list":["post-3043","post","type-post","status-publish","format-standard","hentry","category-vacinacao-covid-19"],"yoast_head":"<!-- This site is optimized with the Yoast SEO plugin v23.8 - https:\/\/yoast.com\/wordpress\/plugins\/seo\/ -->\n<title>Passo Fundo n\u00e3o ter\u00e1 mais cronograma de vacina\u00e7\u00e3o - Secretaria de Sa\u00fade<\/title>\n<meta name=\"robots\" content=\"index, follow, max-snippet:-1, max-image-preview:large, max-video-preview:-1\" \/>\n<link rel=\"canonical\" href=\"https:\/\/www.pmpf.rs.gov.br\/secretaria-de-saude\/2022\/04\/28\/passo-fundo-nao-tera-mais-cronograma-de-vacinacao\/\" \/>\n<meta property=\"og:locale\" content=\"pt_BR\" \/>\n<meta property=\"og:type\" content=\"article\" \/>\n<meta property=\"og:title\" content=\"Passo Fundo n\u00e3o ter\u00e1 mais cronograma de vacina\u00e7\u00e3o - Secretaria de Sa\u00fade\" \/>\n<meta property=\"og:description\" content=\"A partir de maio, n\u00e3o haver\u00e1 mais datas espec\u00edficas para aplica\u00e7\u00e3o de vacinas, que ser\u00e1 realizada diariamente em 17 locais\" \/>\n<meta property=\"og:url\" content=\"https:\/\/www.pmpf.rs.gov.br\/secretaria-de-saude\/2022\/04\/28\/passo-fundo-nao-tera-mais-cronograma-de-vacinacao\/\" \/>\n<meta property=\"og:site_name\" content=\"Secretaria de Sa\u00fade\" \/>\n<meta property=\"article:published_time\" content=\"2022-04-28T15:02:39+00:00\" \/>\n<meta property=\"article:modified_time\" content=\"2022-05-03T17:09:02+00:00\" \/>\n<meta name=\"author\" content=\"andressazorzetto07\" \/>\n<meta name=\"twitter:card\" content=\"summary_large_image\" \/>\n<meta name=\"twitter:label1\" content=\"Escrito por\" \/>\n\t<meta name=\"twitter:data1\" content=\"andressazorzetto07\" \/>\n\t<meta name=\"twitter:label2\" content=\"Est. tempo de leitura\" \/>\n\t<meta name=\"twitter:data2\" content=\"2 minutos\" \/>\n<script type=\"application\/ld+json\" class=\"yoast-schema-graph\">{\"@context\":\"https:\/\/schema.org\",\"@graph\":[{\"@type\":\"WebPage\",\"@id\":\"https:\/\/www.pmpf.rs.gov.br\/secretaria-de-saude\/2022\/04\/28\/passo-fundo-nao-tera-mais-cronograma-de-vacinacao\/\",\"url\":\"https:\/\/www.pmpf.rs.gov.br\/secretaria-de-saude\/2022\/04\/28\/passo-fundo-nao-tera-mais-cronograma-de-vacinacao\/\",\"name\":\"Passo Fundo n\u00e3o ter\u00e1 mais cronograma de vacina\u00e7\u00e3o - Secretaria de Sa\u00fade\",\"isPartOf\":{\"@id\":\"https:\/\/www.pmpf.rs.gov.br\/secretaria-de-saude\/#website\"},\"datePublished\":\"2022-04-28T15:02:39+00:00\",\"dateModified\":\"2022-05-03T17:09:02+00:00\",\"author\":{\"@id\":\"https:\/\/www.pmpf.rs.gov.br\/secretaria-de-saude\/#\/schema\/person\/30ee1d1bd74da1469b01fcf086e43351\"},\"breadcrumb\":{\"@id\":\"https:\/\/www.pmpf.rs.gov.br\/secretaria-de-saude\/2022\/04\/28\/passo-fundo-nao-tera-mais-cronograma-de-vacinacao\/#breadcrumb\"},\"inLanguage\":\"pt-BR\",\"potentialAction\":[{\"@type\":\"ReadAction\",\"target\":[\"https:\/\/www.pmpf.rs.gov.br\/secretaria-de-saude\/2022\/04\/28\/passo-fundo-nao-tera-mais-cronograma-de-vacinacao\/\"]}]},{\"@type\":\"BreadcrumbList\",\"@id\":\"https:\/\/www.pmpf.rs.gov.br\/secretaria-de-saude\/2022\/04\/28\/passo-fundo-nao-tera-mais-cronograma-de-vacinacao\/#breadcrumb\",\"itemListElement\":[{\"@type\":\"ListItem\",\"position\":1,\"name\":\"In\u00edcio\",\"item\":\"https:\/\/www.pmpf.rs.gov.br\/secretaria-de-saude\/\"},{\"@type\":\"ListItem\",\"position\":2,\"name\":\"Passo Fundo n\u00e3o ter\u00e1 mais cronograma de vacina\u00e7\u00e3o\"}]},{\"@type\":\"WebSite\",\"@id\":\"https:\/\/www.pmpf.rs.gov.br\/secretaria-de-saude\/#website\",\"url\":\"https:\/\/www.pmpf.rs.gov.br\/secretaria-de-saude\/\",\"name\":\"Secretaria de Sa\u00fade\",\"description\":\"S\u00f3 mais um site Prefeitura de Passo Fundo\",\"potentialAction\":[{\"@type\":\"SearchAction\",\"target\":{\"@type\":\"EntryPoint\",\"urlTemplate\":\"https:\/\/www.pmpf.rs.gov.br\/secretaria-de-saude\/?s={search_term_string}\"},\"query-input\":{\"@type\":\"PropertyValueSpecification\",\"valueRequired\":true,\"valueName\":\"search_term_string\"}}],\"inLanguage\":\"pt-BR\"},{\"@type\":\"Person\",\"@id\":\"https:\/\/www.pmpf.rs.gov.br\/secretaria-de-saude\/#\/schema\/person\/30ee1d1bd74da1469b01fcf086e43351\",\"name\":\"andressazorzetto07\",\"image\":{\"@type\":\"ImageObject\",\"inLanguage\":\"pt-BR\",\"@id\":\"https:\/\/www.pmpf.rs.gov.br\/secretaria-de-saude\/#\/schema\/person\/image\/\",\"url\":\"https:\/\/secure.gravatar.com\/avatar\/14c5458ed79dc81da99a13b9ff5f9f19?s=96&d=mm&r=g\",\"contentUrl\":\"https:\/\/secure.gravatar.com\/avatar\/14c5458ed79dc81da99a13b9ff5f9f19?s=96&d=mm&r=g\",\"caption\":\"andressazorzetto07\"},\"url\":\"https:\/\/www.pmpf.rs.gov.br\/secretaria-de-saude\/author\/andressazorzetto07\/\"}]}<\/script>\n<!-- \/ Yoast SEO plugin. -->","yoast_head_json":{"title":"Passo Fundo n\u00e3o ter\u00e1 mais cronograma de vacina\u00e7\u00e3o - Secretaria de Sa\u00fade","robots":{"index":"index","follow":"follow","max-snippet":"max-snippet:-1","max-image-preview":"max-image-preview:large","max-video-preview":"max-video-preview:-1"},"canonical":"https:\/\/www.pmpf.rs.gov.br\/secretaria-de-saude\/2022\/04\/28\/passo-fundo-nao-tera-mais-cronograma-de-vacinacao\/","og_locale":"pt_BR","og_type":"article","og_title":"Passo Fundo n\u00e3o ter\u00e1 mais cronograma de vacina\u00e7\u00e3o - Secretaria de Sa\u00fade","og_description":"A partir de maio, n\u00e3o haver\u00e1 mais datas espec\u00edficas para aplica\u00e7\u00e3o de vacinas, que ser\u00e1 realizada diariamente em 17 locais","og_url":"https:\/\/www.pmpf.rs.gov.br\/secretaria-de-saude\/2022\/04\/28\/passo-fundo-nao-tera-mais-cronograma-de-vacinacao\/","og_site_name":"Secretaria de Sa\u00fade","article_published_time":"2022-04-28T15:02:39+00:00","article_modified_time":"2022-05-03T17:09:02+00:00","author":"andressazorzetto07","twitter_card":"summary_large_image","twitter_misc":{"Escrito por":"andressazorzetto07","Est. tempo de leitura":"2 minutos"},"schema":{"@context":"https:\/\/schema.org","@graph":[{"@type":"WebPage","@id":"https:\/\/www.pmpf.rs.gov.br\/secretaria-de-saude\/2022\/04\/28\/passo-fundo-nao-tera-mais-cronograma-de-vacinacao\/","url":"https:\/\/www.pmpf.rs.gov.br\/secretaria-de-saude\/2022\/04\/28\/passo-fundo-nao-tera-mais-cronograma-de-vacinacao\/","name":"Passo Fundo n\u00e3o ter\u00e1 mais cronograma de vacina\u00e7\u00e3o - Secretaria de Sa\u00fade","isPartOf":{"@id":"https:\/\/www.pmpf.rs.gov.br\/secretaria-de-saude\/#website"},"datePublished":"2022-04-28T15:02:39+00:00","dateModified":"2022-05-03T17:09:02+00:00","author":{"@id":"https:\/\/www.pmpf.rs.gov.br\/secretaria-de-saude\/#\/schema\/person\/30ee1d1bd74da1469b01fcf086e43351"},"breadcrumb":{"@id":"https:\/\/www.pmpf.rs.gov.br\/secretaria-de-saude\/2022\/04\/28\/passo-fundo-nao-tera-mais-cronograma-de-vacinacao\/#breadcrumb"},"inLanguage":"pt-BR","potentialAction":[{"@type":"ReadAction","target":["https:\/\/www.pmpf.rs.gov.br\/secretaria-de-saude\/2022\/04\/28\/passo-fundo-nao-tera-mais-cronograma-de-vacinacao\/"]}]},{"@type":"BreadcrumbList","@id":"https:\/\/www.pmpf.rs.gov.br\/secretaria-de-saude\/2022\/04\/28\/passo-fundo-nao-tera-mais-cronograma-de-vacinacao\/#breadcrumb","itemListElement":[{"@type":"ListItem","position":1,"name":"In\u00edcio","item":"https:\/\/www.pmpf.rs.gov.br\/secretaria-de-saude\/"},{"@type":"ListItem","position":2,"name":"Passo Fundo n\u00e3o ter\u00e1 mais cronograma de vacina\u00e7\u00e3o"}]},{"@type":"WebSite","@id":"https:\/\/www.pmpf.rs.gov.br\/secretaria-de-saude\/#website","url":"https:\/\/www.pmpf.rs.gov.br\/secretaria-de-saude\/","name":"Secretaria de Sa\u00fade","description":"S\u00f3 mais um site Prefeitura de Passo Fundo","potentialAction":[{"@type":"SearchAction","target":{"@type":"EntryPoint","urlTemplate":"https:\/\/www.pmpf.rs.gov.br\/secretaria-de-saude\/?s={search_term_string}"},"query-input":{"@type":"PropertyValueSpecification","valueRequired":true,"valueName":"search_term_string"}}],"inLanguage":"pt-BR"},{"@type":"Person","@id":"https:\/\/www.pmpf.rs.gov.br\/secretaria-de-saude\/#\/schema\/person\/30ee1d1bd74da1469b01fcf086e43351","name":"andressazorzetto07","image":{"@type":"ImageObject","inLanguage":"pt-BR","@id":"https:\/\/www.pmpf.rs.gov.br\/secretaria-de-saude\/#\/schema\/person\/image\/","url":"https:\/\/secure.gravatar.com\/avatar\/14c5458ed79dc81da99a13b9ff5f9f19?s=96&d=mm&r=g","contentUrl":"https:\/\/secure.gravatar.com\/avatar\/14c5458ed79dc81da99a13b9ff5f9f19?s=96&d=mm&r=g","caption":"andressazorzetto07"},"url":"https:\/\/www.pmpf.rs.gov.br\/secretaria-de-saude\/author\/andressazorzetto07\/"}]}},"_links":{"self":[{"href":"https:\/\/www.pmpf.rs.gov.br\/secretaria-de-saude\/wp-json\/wp\/v2\/posts\/3043"}],"collection":[{"href":"https:\/\/www.pmpf.rs.gov.br\/secretaria-de-saude\/wp-json\/wp\/v2\/posts"}],"about":[{"href":"https:\/\/www.pmpf.rs.gov.br\/secretaria-de-saude\/wp-json\/wp\/v2\/types\/post"}],"author":[{"embeddable":true,"href":"https:\/\/www.pmpf.rs.gov.br\/secretaria-de-saude\/wp-json\/wp\/v2\/users\/6"}],"replies":[{"embeddable":true,"href":"https:\/\/www.pmpf.rs.gov.br\/secretaria-de-saude\/wp-json\/wp\/v2\/comments?post=3043"}],"version-history":[{"count":1,"href":"https:\/\/www.pmpf.rs.gov.br\/secretaria-de-saude\/wp-json\/wp\/v2\/posts\/3043\/revisions"}],"predecessor-version":[{"id":3044,"href":"https:\/\/www.pmpf.rs.gov.br\/secretaria-de-saude\/wp-json\/wp\/v2\/posts\/3043\/revisions\/3044"}],"wp:attachment":[{"href":"https:\/\/www.pmpf.rs.gov.br\/secretaria-de-saude\/wp-json\/wp\/v2\/media?parent=3043"}],"wp:term":[{"taxonomy":"category","embeddable":true,"href":"https:\/\/www.pmpf.rs.gov.br\/secretaria-de-saude\/wp-json\/wp\/v2\/categories?post=3043"},{"taxonomy":"post_tag","embeddable":true,"href":"https:\/\/www.pmpf.rs.gov.br\/secretaria-de-saude\/wp-json\/wp\/v2\/tags?post=3043"}],"curies":[{"name":"wp","href":"https:\/\/api.w.org\/{rel}","templated":true}]}}