{"id":3016,"date":"2022-04-27T10:47:00","date_gmt":"2022-04-27T13:47:00","guid":{"rendered":"https:\/\/www.pmpf.rs.gov.br\/secretaria-de-saude\/?p=3016"},"modified":"2022-04-27T10:47:01","modified_gmt":"2022-04-27T13:47:01","slug":"prefeitura-abre-novo-modelo-de-contratacao-de-pediatras-com-foco-nos-fins-de-semana","status":"publish","type":"post","link":"https:\/\/www.pmpf.rs.gov.br\/secretaria-de-saude\/2022\/04\/27\/prefeitura-abre-novo-modelo-de-contratacao-de-pediatras-com-foco-nos-fins-de-semana\/","title":{"rendered":"Prefeitura abre novo modelo de contrata\u00e7\u00e3o de pediatras com foco nos fins de semana"},"content":{"rendered":"\n<p><\/p>\n\n\n\n<p>A Prefeitura de Passo Fundo abrir\u00e1 um novo processo seletivo para a contrata\u00e7\u00e3o de pediatras, enfermeiros e t\u00e9cnicos em Enfermagem na pr\u00f3xima semana. A a\u00e7\u00e3o faz parte de um pacote de medidas que visam absorver o crescente aumento da demanda por atendimentos registrado no Pronto Atendimento Pedi\u00e1trico (PAP). O foco \u00e9, sobretudo, viabilizar agilidade nos servi\u00e7os durante os fins de semana.<\/p>\n\n\n\n<p>O prefeito, Pedro Almeida, avalia que o chamamento emergencial ampliar\u00e1 o n\u00famero de profissionais para o fechamento das escalas na unidade diante de uma nova realidade de volume de atendimentos. \u201cO Munic\u00edpio est\u00e1 atento ao aumento da procura por consultas no PAP e est\u00e1 agindo para promover o acolhimento das fam\u00edlias. A Prefeitura j\u00e1 havia encaminhado para a C\u00e2mara um Projeto de Lei autorizando esse novo processo, que foi aprovado e publicado nesta quarta-feira, tornando as contrata\u00e7\u00f5es poss\u00edveis\u201d, afirmou. O prefeito, que est\u00e1 em Bras\u00edlia na Marcha dos Prefeitos, participou de reuni\u00e3o com as equipes de governo e determinou agilidade na abertura o edital.<\/p>\n\n\n\n<p>De acordo com a secret\u00e1ria de Sa\u00fade, Cristine Pilati, neste momento, s\u00e3o realizados os \u00faltimos ajustes para a publica\u00e7\u00e3o do edital. \u201cA Secretaria j\u00e1 est\u00e1 com o processo e far\u00e1 a reda\u00e7\u00e3o do edital e a publica\u00e7\u00e3o da comiss\u00e3o julgadora, que \u00e9 quem vai analisar todas as documenta\u00e7\u00f5es enviadas pelos profissionais interessados. Ap\u00f3s isso, ent\u00e3o, o edital ser\u00e1 publicado\u201d, justificou.<\/p>\n\n\n\n<p>A contrata\u00e7\u00e3o dos novos pediatras dever\u00e1 suprir uma escala de 2.405 horas mensais, que representam 40% a mais da efetuada atualmente. Para isso, ser\u00e3o contratados, no m\u00ednimo, 18 m\u00e9dicos da \u00e1rea. Ainda, ser\u00e3o efetivados 9 enfermeiros e 16 t\u00e9cnicos em Enfermagem.<\/p>\n\n\n\n<p>Este \u00e9 um novo modelo de processo, em que a Prefeitura reajustou os valores oferecidos para atrair pediatras da regi\u00e3o. &#8220;Nos dias da semana, o Munic\u00edpio pagar\u00e1 R$ 145 pela hora diurna. Nos fins de semana, R$ 160. J\u00e1 a hora noturna ser\u00e1 de R$ 180 em todos os dias. Essa \u00e9 uma alternativa para trazermos pediatras para o atendimento da popula\u00e7\u00e3o&#8221;, avaliou Cristine.<\/p>\n\n\n\n<p>A secret\u00e1ria de Sa\u00fade pondera que o fluxo dos pacientes varia segundo a etiqueta de gravidade. \u201cOs atendimentos s\u00e3o divididos por cores, que d\u00e3o prefer\u00eancia para casos que necessitam de interven\u00e7\u00e3o mais r\u00e1pida\u201d, considerou.<\/p>\n\n\n\n<p>Ainda conforme Cristine, h\u00e1 dias e hor\u00e1rios que registram a maior procura. \u201cPor conta dos fins de semana, a segunda-feira \u00e9 o dia com maior movimento. J\u00e1 os hor\u00e1rios das 18h \u00e0s 22h costumam concentrar a maior espera, que \u00e9 justamente quando a maioria das fam\u00edlias deixou o trabalho e est\u00e1 em casa\u201d, pontuou.<\/p>\n\n\n\n<p><strong>Aumento da demanda<br><\/strong>A demanda por atendimentos pedi\u00e1tricos na rede municipal de sa\u00fade cresceu de forma exponencial. Com isso, tamb\u00e9m foi elevado o tempo de espera por consultas no Pronto Atendimento Pedi\u00e1trico (PAP), que funciona no Cais Fragomeni. Se, em janeiro de 2021, foram feitas 690 consultas, somente em abril deste ano, j\u00e1 foram realizados 3,7 mil atendimentos.<\/p>\n\n\n\n<p><strong>Mais a\u00e7\u00f5es<br><\/strong>At\u00e9 a conclus\u00e3o dos tr\u00e2mites do processo seletivo e as contrata\u00e7\u00f5es, o remanejamento de profissionais como m\u00e9dicos, enfermeiros e t\u00e9cnicos em Enfermagem para o PAP ser\u00e1 intensificado pela Secretaria de Sa\u00fade. \u201cHoje, j\u00e1 contamos com profissionais que se deslocam de suas unidades para auxiliar no Pronto Atendimento Pedi\u00e1trico. Diante do aval do Munic\u00edpio, levaremos mais profissionais para o local\u201d, argumentou a secret\u00e1ria.<\/p>\n\n\n\n<p>Al\u00e9m disso, a Prefeitura articulou a descentraliza\u00e7\u00e3o dos atendimentos de crian\u00e7as para mais locais. Com isso, a partir desta quarta-feira (27), o Cais Fragomeni seguir\u00e1 recebendo exclusivamente crian\u00e7as de todas as idades, o Cais Petr\u00f3polis passar\u00e1 a atender tamb\u00e9m crian\u00e7as a partir dos oito anos com S\u00edndrome Respirat\u00f3ria. \u201cO objetivo \u00e9 que, com esse apoio, consigamos desafogar o PAP at\u00e9 que a contrata\u00e7\u00e3o de profissionais esteja conclu\u00edda\u201d, disse a secret\u00e1ria.<\/p>\n\n\n\n<p><strong>Consolida\u00e7\u00e3o do Hospital da Crian\u00e7a<br><\/strong>O PAP foi implementado no Cais Fragomeni de forma tempor\u00e1ria. Isso porque, no Hospital Municipal, s\u00e3o executadas as obras de constru\u00e7\u00e3o do Hospital Dia da Crian\u00e7a, um espa\u00e7o inteiramente adequado para atender as crian\u00e7as. A entrega dever\u00e1 acontecer nos pr\u00f3ximos meses.<\/p>\n","protected":false},"excerpt":{"rendered":"<p>A a\u00e7\u00e3o faz parte de um pacote de medidas que visam absorver o crescente aumento da demanda por atendimentos registrado no Pronto Atendimento Pedi\u00e1trico (PAP)<\/p>\n","protected":false},"author":6,"featured_media":3013,"comment_status":"closed","ping_status":"closed","sticky":true,"template":"","format":"standard","meta":{"footnotes":""},"categories":[20],"tags":[],"class_list":["post-3016","post","type-post","status-publish","format-standard","has-post-thumbnail","hentry","category-atendimento-pediatrico"],"yoast_head":"<!-- This site is optimized with the Yoast SEO plugin v23.8 - https:\/\/yoast.com\/wordpress\/plugins\/seo\/ -->\n<title>Prefeitura abre novo modelo de contrata\u00e7\u00e3o de pediatras com foco nos fins de semana - Secretaria de Sa\u00fade<\/title>\n<meta name=\"robots\" content=\"index, follow, max-snippet:-1, max-image-preview:large, max-video-preview:-1\" \/>\n<link rel=\"canonical\" href=\"https:\/\/www.pmpf.rs.gov.br\/secretaria-de-saude\/2022\/04\/27\/prefeitura-abre-novo-modelo-de-contratacao-de-pediatras-com-foco-nos-fins-de-semana\/\" \/>\n<meta property=\"og:locale\" content=\"pt_BR\" \/>\n<meta property=\"og:type\" content=\"article\" \/>\n<meta property=\"og:title\" content=\"Prefeitura abre novo modelo de contrata\u00e7\u00e3o de pediatras com foco nos fins de semana - Secretaria de Sa\u00fade\" \/>\n<meta property=\"og:description\" content=\"A a\u00e7\u00e3o faz parte de um pacote de medidas que visam absorver o crescente aumento da demanda por atendimentos registrado no Pronto Atendimento Pedi\u00e1trico (PAP)\" \/>\n<meta property=\"og:url\" content=\"https:\/\/www.pmpf.rs.gov.br\/secretaria-de-saude\/2022\/04\/27\/prefeitura-abre-novo-modelo-de-contratacao-de-pediatras-com-foco-nos-fins-de-semana\/\" \/>\n<meta property=\"og:site_name\" content=\"Secretaria de Sa\u00fade\" \/>\n<meta property=\"article:published_time\" content=\"2022-04-27T13:47:00+00:00\" \/>\n<meta property=\"article:modified_time\" content=\"2022-04-27T13:47:01+00:00\" \/>\n<meta name=\"author\" content=\"andressazorzetto07\" \/>\n<meta name=\"twitter:card\" content=\"summary_large_image\" \/>\n<meta name=\"twitter:label1\" content=\"Escrito por\" \/>\n\t<meta name=\"twitter:data1\" content=\"andressazorzetto07\" \/>\n\t<meta name=\"twitter:label2\" content=\"Est. tempo de leitura\" \/>\n\t<meta name=\"twitter:data2\" content=\"4 minutos\" \/>\n<script type=\"application\/ld+json\" class=\"yoast-schema-graph\">{\"@context\":\"https:\/\/schema.org\",\"@graph\":[{\"@type\":\"WebPage\",\"@id\":\"https:\/\/www.pmpf.rs.gov.br\/secretaria-de-saude\/2022\/04\/27\/prefeitura-abre-novo-modelo-de-contratacao-de-pediatras-com-foco-nos-fins-de-semana\/\",\"url\":\"https:\/\/www.pmpf.rs.gov.br\/secretaria-de-saude\/2022\/04\/27\/prefeitura-abre-novo-modelo-de-contratacao-de-pediatras-com-foco-nos-fins-de-semana\/\",\"name\":\"Prefeitura abre novo modelo de contrata\u00e7\u00e3o de pediatras com foco nos fins de semana - Secretaria de Sa\u00fade\",\"isPartOf\":{\"@id\":\"https:\/\/www.pmpf.rs.gov.br\/secretaria-de-saude\/#website\"},\"primaryImageOfPage\":{\"@id\":\"https:\/\/www.pmpf.rs.gov.br\/secretaria-de-saude\/2022\/04\/27\/prefeitura-abre-novo-modelo-de-contratacao-de-pediatras-com-foco-nos-fins-de-semana\/#primaryimage\"},\"image\":{\"@id\":\"https:\/\/www.pmpf.rs.gov.br\/secretaria-de-saude\/2022\/04\/27\/prefeitura-abre-novo-modelo-de-contratacao-de-pediatras-com-foco-nos-fins-de-semana\/#primaryimage\"},\"thumbnailUrl\":\"https:\/\/www.pmpf.rs.gov.br\/secretaria-de-saude\/wp-content\/uploads\/sites\/50\/2022\/04\/pediatras.jpg\",\"datePublished\":\"2022-04-27T13:47:00+00:00\",\"dateModified\":\"2022-04-27T13:47:01+00:00\",\"author\":{\"@id\":\"https:\/\/www.pmpf.rs.gov.br\/secretaria-de-saude\/#\/schema\/person\/30ee1d1bd74da1469b01fcf086e43351\"},\"breadcrumb\":{\"@id\":\"https:\/\/www.pmpf.rs.gov.br\/secretaria-de-saude\/2022\/04\/27\/prefeitura-abre-novo-modelo-de-contratacao-de-pediatras-com-foco-nos-fins-de-semana\/#breadcrumb\"},\"inLanguage\":\"pt-BR\",\"potentialAction\":[{\"@type\":\"ReadAction\",\"target\":[\"https:\/\/www.pmpf.rs.gov.br\/secretaria-de-saude\/2022\/04\/27\/prefeitura-abre-novo-modelo-de-contratacao-de-pediatras-com-foco-nos-fins-de-semana\/\"]}]},{\"@type\":\"ImageObject\",\"inLanguage\":\"pt-BR\",\"@id\":\"https:\/\/www.pmpf.rs.gov.br\/secretaria-de-saude\/2022\/04\/27\/prefeitura-abre-novo-modelo-de-contratacao-de-pediatras-com-foco-nos-fins-de-semana\/#primaryimage\",\"url\":\"https:\/\/www.pmpf.rs.gov.br\/secretaria-de-saude\/wp-content\/uploads\/sites\/50\/2022\/04\/pediatras.jpg\",\"contentUrl\":\"https:\/\/www.pmpf.rs.gov.br\/secretaria-de-saude\/wp-content\/uploads\/sites\/50\/2022\/04\/pediatras.jpg\",\"width\":853,\"height\":1280},{\"@type\":\"BreadcrumbList\",\"@id\":\"https:\/\/www.pmpf.rs.gov.br\/secretaria-de-saude\/2022\/04\/27\/prefeitura-abre-novo-modelo-de-contratacao-de-pediatras-com-foco-nos-fins-de-semana\/#breadcrumb\",\"itemListElement\":[{\"@type\":\"ListItem\",\"position\":1,\"name\":\"In\u00edcio\",\"item\":\"https:\/\/www.pmpf.rs.gov.br\/secretaria-de-saude\/\"},{\"@type\":\"ListItem\",\"position\":2,\"name\":\"Prefeitura abre novo modelo de contrata\u00e7\u00e3o de pediatras com foco nos fins de semana\"}]},{\"@type\":\"WebSite\",\"@id\":\"https:\/\/www.pmpf.rs.gov.br\/secretaria-de-saude\/#website\",\"url\":\"https:\/\/www.pmpf.rs.gov.br\/secretaria-de-saude\/\",\"name\":\"Secretaria de Sa\u00fade\",\"description\":\"S\u00f3 mais um site Prefeitura de Passo Fundo\",\"potentialAction\":[{\"@type\":\"SearchAction\",\"target\":{\"@type\":\"EntryPoint\",\"urlTemplate\":\"https:\/\/www.pmpf.rs.gov.br\/secretaria-de-saude\/?s={search_term_string}\"},\"query-input\":{\"@type\":\"PropertyValueSpecification\",\"valueRequired\":true,\"valueName\":\"search_term_string\"}}],\"inLanguage\":\"pt-BR\"},{\"@type\":\"Person\",\"@id\":\"https:\/\/www.pmpf.rs.gov.br\/secretaria-de-saude\/#\/schema\/person\/30ee1d1bd74da1469b01fcf086e43351\",\"name\":\"andressazorzetto07\",\"image\":{\"@type\":\"ImageObject\",\"inLanguage\":\"pt-BR\",\"@id\":\"https:\/\/www.pmpf.rs.gov.br\/secretaria-de-saude\/#\/schema\/person\/image\/\",\"url\":\"https:\/\/secure.gravatar.com\/avatar\/14c5458ed79dc81da99a13b9ff5f9f19?s=96&d=mm&r=g\",\"contentUrl\":\"https:\/\/secure.gravatar.com\/avatar\/14c5458ed79dc81da99a13b9ff5f9f19?s=96&d=mm&r=g\",\"caption\":\"andressazorzetto07\"},\"url\":\"https:\/\/www.pmpf.rs.gov.br\/secretaria-de-saude\/author\/andressazorzetto07\/\"}]}<\/script>\n<!-- \/ Yoast SEO plugin. -->","yoast_head_json":{"title":"Prefeitura abre novo modelo de contrata\u00e7\u00e3o de pediatras com foco nos fins de semana - Secretaria de Sa\u00fade","robots":{"index":"index","follow":"follow","max-snippet":"max-snippet:-1","max-image-preview":"max-image-preview:large","max-video-preview":"max-video-preview:-1"},"canonical":"https:\/\/www.pmpf.rs.gov.br\/secretaria-de-saude\/2022\/04\/27\/prefeitura-abre-novo-modelo-de-contratacao-de-pediatras-com-foco-nos-fins-de-semana\/","og_locale":"pt_BR","og_type":"article","og_title":"Prefeitura abre novo modelo de contrata\u00e7\u00e3o de pediatras com foco nos fins de semana - Secretaria de Sa\u00fade","og_description":"A a\u00e7\u00e3o faz parte de um pacote de medidas que visam absorver o crescente aumento da demanda por atendimentos registrado no Pronto Atendimento Pedi\u00e1trico (PAP)","og_url":"https:\/\/www.pmpf.rs.gov.br\/secretaria-de-saude\/2022\/04\/27\/prefeitura-abre-novo-modelo-de-contratacao-de-pediatras-com-foco-nos-fins-de-semana\/","og_site_name":"Secretaria de Sa\u00fade","article_published_time":"2022-04-27T13:47:00+00:00","article_modified_time":"2022-04-27T13:47:01+00:00","author":"andressazorzetto07","twitter_card":"summary_large_image","twitter_misc":{"Escrito por":"andressazorzetto07","Est. tempo de leitura":"4 minutos"},"schema":{"@context":"https:\/\/schema.org","@graph":[{"@type":"WebPage","@id":"https:\/\/www.pmpf.rs.gov.br\/secretaria-de-saude\/2022\/04\/27\/prefeitura-abre-novo-modelo-de-contratacao-de-pediatras-com-foco-nos-fins-de-semana\/","url":"https:\/\/www.pmpf.rs.gov.br\/secretaria-de-saude\/2022\/04\/27\/prefeitura-abre-novo-modelo-de-contratacao-de-pediatras-com-foco-nos-fins-de-semana\/","name":"Prefeitura abre novo modelo de contrata\u00e7\u00e3o de pediatras com foco nos fins de semana - Secretaria de Sa\u00fade","isPartOf":{"@id":"https:\/\/www.pmpf.rs.gov.br\/secretaria-de-saude\/#website"},"primaryImageOfPage":{"@id":"https:\/\/www.pmpf.rs.gov.br\/secretaria-de-saude\/2022\/04\/27\/prefeitura-abre-novo-modelo-de-contratacao-de-pediatras-com-foco-nos-fins-de-semana\/#primaryimage"},"image":{"@id":"https:\/\/www.pmpf.rs.gov.br\/secretaria-de-saude\/2022\/04\/27\/prefeitura-abre-novo-modelo-de-contratacao-de-pediatras-com-foco-nos-fins-de-semana\/#primaryimage"},"thumbnailUrl":"https:\/\/www.pmpf.rs.gov.br\/secretaria-de-saude\/wp-content\/uploads\/sites\/50\/2022\/04\/pediatras.jpg","datePublished":"2022-04-27T13:47:00+00:00","dateModified":"2022-04-27T13:47:01+00:00","author":{"@id":"https:\/\/www.pmpf.rs.gov.br\/secretaria-de-saude\/#\/schema\/person\/30ee1d1bd74da1469b01fcf086e43351"},"breadcrumb":{"@id":"https:\/\/www.pmpf.rs.gov.br\/secretaria-de-saude\/2022\/04\/27\/prefeitura-abre-novo-modelo-de-contratacao-de-pediatras-com-foco-nos-fins-de-semana\/#breadcrumb"},"inLanguage":"pt-BR","potentialAction":[{"@type":"ReadAction","target":["https:\/\/www.pmpf.rs.gov.br\/secretaria-de-saude\/2022\/04\/27\/prefeitura-abre-novo-modelo-de-contratacao-de-pediatras-com-foco-nos-fins-de-semana\/"]}]},{"@type":"ImageObject","inLanguage":"pt-BR","@id":"https:\/\/www.pmpf.rs.gov.br\/secretaria-de-saude\/2022\/04\/27\/prefeitura-abre-novo-modelo-de-contratacao-de-pediatras-com-foco-nos-fins-de-semana\/#primaryimage","url":"https:\/\/www.pmpf.rs.gov.br\/secretaria-de-saude\/wp-content\/uploads\/sites\/50\/2022\/04\/pediatras.jpg","contentUrl":"https:\/\/www.pmpf.rs.gov.br\/secretaria-de-saude\/wp-content\/uploads\/sites\/50\/2022\/04\/pediatras.jpg","width":853,"height":1280},{"@type":"BreadcrumbList","@id":"https:\/\/www.pmpf.rs.gov.br\/secretaria-de-saude\/2022\/04\/27\/prefeitura-abre-novo-modelo-de-contratacao-de-pediatras-com-foco-nos-fins-de-semana\/#breadcrumb","itemListElement":[{"@type":"ListItem","position":1,"name":"In\u00edcio","item":"https:\/\/www.pmpf.rs.gov.br\/secretaria-de-saude\/"},{"@type":"ListItem","position":2,"name":"Prefeitura abre novo modelo de contrata\u00e7\u00e3o de pediatras com foco nos fins de semana"}]},{"@type":"WebSite","@id":"https:\/\/www.pmpf.rs.gov.br\/secretaria-de-saude\/#website","url":"https:\/\/www.pmpf.rs.gov.br\/secretaria-de-saude\/","name":"Secretaria de Sa\u00fade","description":"S\u00f3 mais um site Prefeitura de Passo Fundo","potentialAction":[{"@type":"SearchAction","target":{"@type":"EntryPoint","urlTemplate":"https:\/\/www.pmpf.rs.gov.br\/secretaria-de-saude\/?s={search_term_string}"},"query-input":{"@type":"PropertyValueSpecification","valueRequired":true,"valueName":"search_term_string"}}],"inLanguage":"pt-BR"},{"@type":"Person","@id":"https:\/\/www.pmpf.rs.gov.br\/secretaria-de-saude\/#\/schema\/person\/30ee1d1bd74da1469b01fcf086e43351","name":"andressazorzetto07","image":{"@type":"ImageObject","inLanguage":"pt-BR","@id":"https:\/\/www.pmpf.rs.gov.br\/secretaria-de-saude\/#\/schema\/person\/image\/","url":"https:\/\/secure.gravatar.com\/avatar\/14c5458ed79dc81da99a13b9ff5f9f19?s=96&d=mm&r=g","contentUrl":"https:\/\/secure.gravatar.com\/avatar\/14c5458ed79dc81da99a13b9ff5f9f19?s=96&d=mm&r=g","caption":"andressazorzetto07"},"url":"https:\/\/www.pmpf.rs.gov.br\/secretaria-de-saude\/author\/andressazorzetto07\/"}]}},"_links":{"self":[{"href":"https:\/\/www.pmpf.rs.gov.br\/secretaria-de-saude\/wp-json\/wp\/v2\/posts\/3016"}],"collection":[{"href":"https:\/\/www.pmpf.rs.gov.br\/secretaria-de-saude\/wp-json\/wp\/v2\/posts"}],"about":[{"href":"https:\/\/www.pmpf.rs.gov.br\/secretaria-de-saude\/wp-json\/wp\/v2\/types\/post"}],"author":[{"embeddable":true,"href":"https:\/\/www.pmpf.rs.gov.br\/secretaria-de-saude\/wp-json\/wp\/v2\/users\/6"}],"replies":[{"embeddable":true,"href":"https:\/\/www.pmpf.rs.gov.br\/secretaria-de-saude\/wp-json\/wp\/v2\/comments?post=3016"}],"version-history":[{"count":1,"href":"https:\/\/www.pmpf.rs.gov.br\/secretaria-de-saude\/wp-json\/wp\/v2\/posts\/3016\/revisions"}],"predecessor-version":[{"id":3017,"href":"https:\/\/www.pmpf.rs.gov.br\/secretaria-de-saude\/wp-json\/wp\/v2\/posts\/3016\/revisions\/3017"}],"wp:featuredmedia":[{"embeddable":true,"href":"https:\/\/www.pmpf.rs.gov.br\/secretaria-de-saude\/wp-json\/wp\/v2\/media\/3013"}],"wp:attachment":[{"href":"https:\/\/www.pmpf.rs.gov.br\/secretaria-de-saude\/wp-json\/wp\/v2\/media?parent=3016"}],"wp:term":[{"taxonomy":"category","embeddable":true,"href":"https:\/\/www.pmpf.rs.gov.br\/secretaria-de-saude\/wp-json\/wp\/v2\/categories?post=3016"},{"taxonomy":"post_tag","embeddable":true,"href":"https:\/\/www.pmpf.rs.gov.br\/secretaria-de-saude\/wp-json\/wp\/v2\/tags?post=3016"}],"curies":[{"name":"wp","href":"https:\/\/api.w.org\/{rel}","templated":true}]}}