{"id":3011,"date":"2022-04-27T10:42:51","date_gmt":"2022-04-27T13:42:51","guid":{"rendered":"https:\/\/www.pmpf.rs.gov.br\/secretaria-de-saude\/?p=3011"},"modified":"2022-04-27T15:43:46","modified_gmt":"2022-04-27T18:43:46","slug":"dia-d-de-vacinacao-contra-a-gripe-e-a-triplice-viral-sera-neste-sabado-em-passo-fundo","status":"publish","type":"post","link":"https:\/\/www.pmpf.rs.gov.br\/secretaria-de-saude\/2022\/04\/27\/dia-d-de-vacinacao-contra-a-gripe-e-a-triplice-viral-sera-neste-sabado-em-passo-fundo\/","title":{"rendered":"Dia D de vacina\u00e7\u00e3o contra a gripe e a tr\u00edplice viral ser\u00e1 neste s\u00e1bado em Passo Fundo"},"content":{"rendered":"\n<p>Este s\u00e1bado (30) ser\u00e1 marcado como o Dia D de vacina\u00e7\u00e3o contra a gripe e a tr\u00edplice viral. As unidades de sa\u00fade estar\u00e3o abertas das 8h \u00e0s 17h, sem fechamento ao meio-dia, para receber os grupos que j\u00e1 v\u00eam sendo vacinados.<\/p>\n\n\n\n<p>Nesta fase da campanha, podem ser vacinadas contra a gripe crian\u00e7as de seis meses a cinco anos incompletos (4 anos, 11 meses e 29 dias), pessoas com mais de 60 anos, trabalhadores da sa\u00fade e da educa\u00e7\u00e3o, povos ind\u00edgenas, gestantes e pu\u00e9rperas. J\u00e1 a vacina da tr\u00edplice viral \u00e9 aplicada nas crian\u00e7as da mesma faixa et\u00e1ria e trabalhadores da sa\u00fade com esquema incompleto.<\/p>\n\n\n\n<p>A mobiliza\u00e7\u00e3o no s\u00e1bado tem como objetivo elevar as taxas de cobertura, que, conforme a coordenadora de Vigil\u00e2ncia em Sa\u00fade, Marisa Zanatta, s\u00e3o baixas. \u201cTemos 52% dos trabalhadores da sa\u00fade e 34% dos idosos. Essa taxa \u00e9 de somente 2% entre as crian\u00e7as de seis meses a cinco anos incompletos. A nossa meta \u00e9 vacinar 90% das pessoas de cada grupo\u201d, identificou.<\/p>\n\n\n\n<p><\/p>\n\n\n\n<p><\/p>\n\n\n\n<p><strong>Por que vacinar todos os anos<\/strong><\/p>\n\n\n\n<p><br>A secret\u00e1ria de Sa\u00fade, Cristine Pilati, destaca que a vacina contra a gripe \u00e9 atualizada com as cepas que est\u00e3o em maior circula\u00e7\u00e3o e, por isso, \u00e9 fundamental a vacina\u00e7\u00e3o anual. \u201cO v\u00edrus da gripe consegue se modificar frequentemente. Sendo assim, a popula\u00e7\u00e3o deve fazer o refor\u00e7o todos os anos. Conforme resolu\u00e7\u00e3o da Ag\u00eancia Nacional de Vigil\u00e2ncia Sanit\u00e1ria (Anvisa), as vacinas Influenza trivalentes utilizadas no Brasil desde fevereiro deste ano apresentam tr\u00eas tipos de cepas de v\u00edrus em combina\u00e7\u00e3o, sendo Influenza A Victoria (H1N1), Influenza A Darwin (H3N2), Influenza B \u00c1ustria &#8211; linhagem B Victoria\u201d, mencionou.<br><br><strong>Locais de vacina\u00e7\u00e3o<\/strong><\/p>\n\n\n\n<p>Central de Vacinas<br>Ambulat\u00f3rio de Especialidades<br>Cais H\u00edpica<br>Cais Boqueir\u00e3o<br>Cais Vila Lu\u00edza<br>ESF Adriana L\u00edrio<br>ESF S\u00e3o Jos\u00e9<br>ESF S\u00e3o Luiz Gonzaga<br>ESF Adolfo Groth<br>ESF Don\u00e1ria \/ Santa Marta<br>ESF Mattos<br>ESF Nen\u00ea Graeff<br>ESF Jer\u00f4nimo Coelho<br>ESF Planaltina<br>ESF S\u00e3o Crist\u00f3v\u00e3o<br>ESF Valinhos<br>ESF Ricci<br>ESF Zachia<br>ESF Adirbal Corralo<br>ESF Jaboticabal<br>ESF Caic Edu Azambuja<br>UBS Parque Farroupilha<br>UBS Ivo Ferreira<br>UBS Jardim Am\u00e9rica<br>UBS Vila Nova \/ Santa Maria<br><\/p>\n\n\n\n<p>Ser\u00e1 necess\u00e1rio apresentar CPF ou cart\u00e3o SUS, documento de identifica\u00e7\u00e3o com foto e carteirinha de vacina\u00e7\u00e3o. J\u00e1 os trabalhadores de educa\u00e7\u00e3o e da sa\u00fade dever\u00e3o portar documento que comprove profiss\u00e3o ou local de trabalho.<\/p>\n\n\n\n<p><br><strong>Vacina\u00e7\u00e3o contra a Influenza e contra a Covid-19<\/strong><\/p>\n\n\n\n<p>A Campanha de Vacina\u00e7\u00e3o Contra a Influenza coincide com a realiza\u00e7\u00e3o da vacina\u00e7\u00e3o contra a Covid-19. De acordo com o Minist\u00e9rio da Sa\u00fade, as vacinas contra a Covid-19 poder\u00e3o ser administradas de maneira simult\u00e2nea ou com qualquer intervalo com as demais vacinas do Calend\u00e1rio Nacional de Vacina\u00e7\u00e3o na popula\u00e7\u00e3o a partir de 12 anos de idade.<br><br>No entanto, \u00e9 importante que seja priorizada a administra\u00e7\u00e3o da vacina Covid-19 para as crian\u00e7as de cinco a 11 anos de idade contempladas nos grupos priorit\u00e1rios para a Influenza. Nestas situa\u00e7\u00f5es, deve-se respeitar o intervalo m\u00ednimo de 15 dias entre as vacinas.<\/p>\n","protected":false},"excerpt":{"rendered":"<p>As unidades de sa\u00fade estar\u00e3o abertas das 8h \u00e0s 17h, sem fechamento ao meio-dia<\/p>\n","protected":false},"author":6,"featured_media":0,"comment_status":"closed","ping_status":"closed","sticky":true,"template":"","format":"standard","meta":{"footnotes":""},"categories":[4],"tags":[],"class_list":["post-3011","post","type-post","status-publish","format-standard","hentry","category-vacinacao-influenza"],"yoast_head":"<!-- This site is optimized with the Yoast SEO plugin v23.8 - https:\/\/yoast.com\/wordpress\/plugins\/seo\/ -->\n<title>Dia D de vacina\u00e7\u00e3o contra a gripe e a tr\u00edplice viral ser\u00e1 neste s\u00e1bado em Passo Fundo - Secretaria de Sa\u00fade<\/title>\n<meta name=\"robots\" content=\"index, follow, max-snippet:-1, max-image-preview:large, max-video-preview:-1\" \/>\n<link rel=\"canonical\" href=\"https:\/\/www.pmpf.rs.gov.br\/secretaria-de-saude\/2022\/04\/27\/dia-d-de-vacinacao-contra-a-gripe-e-a-triplice-viral-sera-neste-sabado-em-passo-fundo\/\" \/>\n<meta property=\"og:locale\" content=\"pt_BR\" \/>\n<meta property=\"og:type\" content=\"article\" \/>\n<meta property=\"og:title\" content=\"Dia D de vacina\u00e7\u00e3o contra a gripe e a tr\u00edplice viral ser\u00e1 neste s\u00e1bado em Passo Fundo - Secretaria de Sa\u00fade\" \/>\n<meta property=\"og:description\" content=\"As unidades de sa\u00fade estar\u00e3o abertas das 8h \u00e0s 17h, sem fechamento ao meio-dia\" \/>\n<meta property=\"og:url\" content=\"https:\/\/www.pmpf.rs.gov.br\/secretaria-de-saude\/2022\/04\/27\/dia-d-de-vacinacao-contra-a-gripe-e-a-triplice-viral-sera-neste-sabado-em-passo-fundo\/\" \/>\n<meta property=\"og:site_name\" content=\"Secretaria de Sa\u00fade\" \/>\n<meta property=\"article:published_time\" content=\"2022-04-27T13:42:51+00:00\" \/>\n<meta property=\"article:modified_time\" content=\"2022-04-27T18:43:46+00:00\" \/>\n<meta name=\"author\" content=\"andressazorzetto07\" \/>\n<meta name=\"twitter:card\" content=\"summary_large_image\" \/>\n<meta name=\"twitter:label1\" content=\"Escrito por\" \/>\n\t<meta name=\"twitter:data1\" content=\"andressazorzetto07\" \/>\n\t<meta name=\"twitter:label2\" content=\"Est. tempo de leitura\" \/>\n\t<meta name=\"twitter:data2\" content=\"3 minutos\" \/>\n<script type=\"application\/ld+json\" class=\"yoast-schema-graph\">{\"@context\":\"https:\/\/schema.org\",\"@graph\":[{\"@type\":\"WebPage\",\"@id\":\"https:\/\/www.pmpf.rs.gov.br\/secretaria-de-saude\/2022\/04\/27\/dia-d-de-vacinacao-contra-a-gripe-e-a-triplice-viral-sera-neste-sabado-em-passo-fundo\/\",\"url\":\"https:\/\/www.pmpf.rs.gov.br\/secretaria-de-saude\/2022\/04\/27\/dia-d-de-vacinacao-contra-a-gripe-e-a-triplice-viral-sera-neste-sabado-em-passo-fundo\/\",\"name\":\"Dia D de vacina\u00e7\u00e3o contra a gripe e a tr\u00edplice viral ser\u00e1 neste s\u00e1bado em Passo Fundo - Secretaria de Sa\u00fade\",\"isPartOf\":{\"@id\":\"https:\/\/www.pmpf.rs.gov.br\/secretaria-de-saude\/#website\"},\"datePublished\":\"2022-04-27T13:42:51+00:00\",\"dateModified\":\"2022-04-27T18:43:46+00:00\",\"author\":{\"@id\":\"https:\/\/www.pmpf.rs.gov.br\/secretaria-de-saude\/#\/schema\/person\/30ee1d1bd74da1469b01fcf086e43351\"},\"breadcrumb\":{\"@id\":\"https:\/\/www.pmpf.rs.gov.br\/secretaria-de-saude\/2022\/04\/27\/dia-d-de-vacinacao-contra-a-gripe-e-a-triplice-viral-sera-neste-sabado-em-passo-fundo\/#breadcrumb\"},\"inLanguage\":\"pt-BR\",\"potentialAction\":[{\"@type\":\"ReadAction\",\"target\":[\"https:\/\/www.pmpf.rs.gov.br\/secretaria-de-saude\/2022\/04\/27\/dia-d-de-vacinacao-contra-a-gripe-e-a-triplice-viral-sera-neste-sabado-em-passo-fundo\/\"]}]},{\"@type\":\"BreadcrumbList\",\"@id\":\"https:\/\/www.pmpf.rs.gov.br\/secretaria-de-saude\/2022\/04\/27\/dia-d-de-vacinacao-contra-a-gripe-e-a-triplice-viral-sera-neste-sabado-em-passo-fundo\/#breadcrumb\",\"itemListElement\":[{\"@type\":\"ListItem\",\"position\":1,\"name\":\"In\u00edcio\",\"item\":\"https:\/\/www.pmpf.rs.gov.br\/secretaria-de-saude\/\"},{\"@type\":\"ListItem\",\"position\":2,\"name\":\"Dia D de vacina\u00e7\u00e3o contra a gripe e a tr\u00edplice viral ser\u00e1 neste s\u00e1bado em Passo Fundo\"}]},{\"@type\":\"WebSite\",\"@id\":\"https:\/\/www.pmpf.rs.gov.br\/secretaria-de-saude\/#website\",\"url\":\"https:\/\/www.pmpf.rs.gov.br\/secretaria-de-saude\/\",\"name\":\"Secretaria de Sa\u00fade\",\"description\":\"S\u00f3 mais um site Prefeitura de Passo Fundo\",\"potentialAction\":[{\"@type\":\"SearchAction\",\"target\":{\"@type\":\"EntryPoint\",\"urlTemplate\":\"https:\/\/www.pmpf.rs.gov.br\/secretaria-de-saude\/?s={search_term_string}\"},\"query-input\":{\"@type\":\"PropertyValueSpecification\",\"valueRequired\":true,\"valueName\":\"search_term_string\"}}],\"inLanguage\":\"pt-BR\"},{\"@type\":\"Person\",\"@id\":\"https:\/\/www.pmpf.rs.gov.br\/secretaria-de-saude\/#\/schema\/person\/30ee1d1bd74da1469b01fcf086e43351\",\"name\":\"andressazorzetto07\",\"image\":{\"@type\":\"ImageObject\",\"inLanguage\":\"pt-BR\",\"@id\":\"https:\/\/www.pmpf.rs.gov.br\/secretaria-de-saude\/#\/schema\/person\/image\/\",\"url\":\"https:\/\/secure.gravatar.com\/avatar\/14c5458ed79dc81da99a13b9ff5f9f19?s=96&d=mm&r=g\",\"contentUrl\":\"https:\/\/secure.gravatar.com\/avatar\/14c5458ed79dc81da99a13b9ff5f9f19?s=96&d=mm&r=g\",\"caption\":\"andressazorzetto07\"},\"url\":\"https:\/\/www.pmpf.rs.gov.br\/secretaria-de-saude\/author\/andressazorzetto07\/\"}]}<\/script>\n<!-- \/ Yoast SEO plugin. -->","yoast_head_json":{"title":"Dia D de vacina\u00e7\u00e3o contra a gripe e a tr\u00edplice viral ser\u00e1 neste s\u00e1bado em Passo Fundo - Secretaria de Sa\u00fade","robots":{"index":"index","follow":"follow","max-snippet":"max-snippet:-1","max-image-preview":"max-image-preview:large","max-video-preview":"max-video-preview:-1"},"canonical":"https:\/\/www.pmpf.rs.gov.br\/secretaria-de-saude\/2022\/04\/27\/dia-d-de-vacinacao-contra-a-gripe-e-a-triplice-viral-sera-neste-sabado-em-passo-fundo\/","og_locale":"pt_BR","og_type":"article","og_title":"Dia D de vacina\u00e7\u00e3o contra a gripe e a tr\u00edplice viral ser\u00e1 neste s\u00e1bado em Passo Fundo - Secretaria de Sa\u00fade","og_description":"As unidades de sa\u00fade estar\u00e3o abertas das 8h \u00e0s 17h, sem fechamento ao meio-dia","og_url":"https:\/\/www.pmpf.rs.gov.br\/secretaria-de-saude\/2022\/04\/27\/dia-d-de-vacinacao-contra-a-gripe-e-a-triplice-viral-sera-neste-sabado-em-passo-fundo\/","og_site_name":"Secretaria de Sa\u00fade","article_published_time":"2022-04-27T13:42:51+00:00","article_modified_time":"2022-04-27T18:43:46+00:00","author":"andressazorzetto07","twitter_card":"summary_large_image","twitter_misc":{"Escrito por":"andressazorzetto07","Est. tempo de leitura":"3 minutos"},"schema":{"@context":"https:\/\/schema.org","@graph":[{"@type":"WebPage","@id":"https:\/\/www.pmpf.rs.gov.br\/secretaria-de-saude\/2022\/04\/27\/dia-d-de-vacinacao-contra-a-gripe-e-a-triplice-viral-sera-neste-sabado-em-passo-fundo\/","url":"https:\/\/www.pmpf.rs.gov.br\/secretaria-de-saude\/2022\/04\/27\/dia-d-de-vacinacao-contra-a-gripe-e-a-triplice-viral-sera-neste-sabado-em-passo-fundo\/","name":"Dia D de vacina\u00e7\u00e3o contra a gripe e a tr\u00edplice viral ser\u00e1 neste s\u00e1bado em Passo Fundo - Secretaria de Sa\u00fade","isPartOf":{"@id":"https:\/\/www.pmpf.rs.gov.br\/secretaria-de-saude\/#website"},"datePublished":"2022-04-27T13:42:51+00:00","dateModified":"2022-04-27T18:43:46+00:00","author":{"@id":"https:\/\/www.pmpf.rs.gov.br\/secretaria-de-saude\/#\/schema\/person\/30ee1d1bd74da1469b01fcf086e43351"},"breadcrumb":{"@id":"https:\/\/www.pmpf.rs.gov.br\/secretaria-de-saude\/2022\/04\/27\/dia-d-de-vacinacao-contra-a-gripe-e-a-triplice-viral-sera-neste-sabado-em-passo-fundo\/#breadcrumb"},"inLanguage":"pt-BR","potentialAction":[{"@type":"ReadAction","target":["https:\/\/www.pmpf.rs.gov.br\/secretaria-de-saude\/2022\/04\/27\/dia-d-de-vacinacao-contra-a-gripe-e-a-triplice-viral-sera-neste-sabado-em-passo-fundo\/"]}]},{"@type":"BreadcrumbList","@id":"https:\/\/www.pmpf.rs.gov.br\/secretaria-de-saude\/2022\/04\/27\/dia-d-de-vacinacao-contra-a-gripe-e-a-triplice-viral-sera-neste-sabado-em-passo-fundo\/#breadcrumb","itemListElement":[{"@type":"ListItem","position":1,"name":"In\u00edcio","item":"https:\/\/www.pmpf.rs.gov.br\/secretaria-de-saude\/"},{"@type":"ListItem","position":2,"name":"Dia D de vacina\u00e7\u00e3o contra a gripe e a tr\u00edplice viral ser\u00e1 neste s\u00e1bado em Passo Fundo"}]},{"@type":"WebSite","@id":"https:\/\/www.pmpf.rs.gov.br\/secretaria-de-saude\/#website","url":"https:\/\/www.pmpf.rs.gov.br\/secretaria-de-saude\/","name":"Secretaria de Sa\u00fade","description":"S\u00f3 mais um site Prefeitura de Passo Fundo","potentialAction":[{"@type":"SearchAction","target":{"@type":"EntryPoint","urlTemplate":"https:\/\/www.pmpf.rs.gov.br\/secretaria-de-saude\/?s={search_term_string}"},"query-input":{"@type":"PropertyValueSpecification","valueRequired":true,"valueName":"search_term_string"}}],"inLanguage":"pt-BR"},{"@type":"Person","@id":"https:\/\/www.pmpf.rs.gov.br\/secretaria-de-saude\/#\/schema\/person\/30ee1d1bd74da1469b01fcf086e43351","name":"andressazorzetto07","image":{"@type":"ImageObject","inLanguage":"pt-BR","@id":"https:\/\/www.pmpf.rs.gov.br\/secretaria-de-saude\/#\/schema\/person\/image\/","url":"https:\/\/secure.gravatar.com\/avatar\/14c5458ed79dc81da99a13b9ff5f9f19?s=96&d=mm&r=g","contentUrl":"https:\/\/secure.gravatar.com\/avatar\/14c5458ed79dc81da99a13b9ff5f9f19?s=96&d=mm&r=g","caption":"andressazorzetto07"},"url":"https:\/\/www.pmpf.rs.gov.br\/secretaria-de-saude\/author\/andressazorzetto07\/"}]}},"_links":{"self":[{"href":"https:\/\/www.pmpf.rs.gov.br\/secretaria-de-saude\/wp-json\/wp\/v2\/posts\/3011"}],"collection":[{"href":"https:\/\/www.pmpf.rs.gov.br\/secretaria-de-saude\/wp-json\/wp\/v2\/posts"}],"about":[{"href":"https:\/\/www.pmpf.rs.gov.br\/secretaria-de-saude\/wp-json\/wp\/v2\/types\/post"}],"author":[{"embeddable":true,"href":"https:\/\/www.pmpf.rs.gov.br\/secretaria-de-saude\/wp-json\/wp\/v2\/users\/6"}],"replies":[{"embeddable":true,"href":"https:\/\/www.pmpf.rs.gov.br\/secretaria-de-saude\/wp-json\/wp\/v2\/comments?post=3011"}],"version-history":[{"count":3,"href":"https:\/\/www.pmpf.rs.gov.br\/secretaria-de-saude\/wp-json\/wp\/v2\/posts\/3011\/revisions"}],"predecessor-version":[{"id":3023,"href":"https:\/\/www.pmpf.rs.gov.br\/secretaria-de-saude\/wp-json\/wp\/v2\/posts\/3011\/revisions\/3023"}],"wp:attachment":[{"href":"https:\/\/www.pmpf.rs.gov.br\/secretaria-de-saude\/wp-json\/wp\/v2\/media?parent=3011"}],"wp:term":[{"taxonomy":"category","embeddable":true,"href":"https:\/\/www.pmpf.rs.gov.br\/secretaria-de-saude\/wp-json\/wp\/v2\/categories?post=3011"},{"taxonomy":"post_tag","embeddable":true,"href":"https:\/\/www.pmpf.rs.gov.br\/secretaria-de-saude\/wp-json\/wp\/v2\/tags?post=3011"}],"curies":[{"name":"wp","href":"https:\/\/api.w.org\/{rel}","templated":true}]}}