{"id":2982,"date":"2022-04-22T15:52:17","date_gmt":"2022-04-22T18:52:17","guid":{"rendered":"https:\/\/www.pmpf.rs.gov.br\/secretaria-de-saude\/?p=2982"},"modified":"2022-04-25T09:39:58","modified_gmt":"2022-04-25T12:39:58","slug":"criancas-se-seis-meses-a-cinco-anos-incompletos-poderao-ser-vacinadas-contra-a-gripe-a-partir-de-segunda-feira","status":"publish","type":"post","link":"https:\/\/www.pmpf.rs.gov.br\/secretaria-de-saude\/2022\/04\/22\/criancas-se-seis-meses-a-cinco-anos-incompletos-poderao-ser-vacinadas-contra-a-gripe-a-partir-de-segunda-feira\/","title":{"rendered":"Crian\u00e7as de seis meses a cinco anos incompletos poder\u00e3o ser vacinadas contra a gripe a partir de segunda-feira"},"content":{"rendered":"\n<p>A vacina\u00e7\u00e3o das crian\u00e7as de seis meses at\u00e9 cinco anos incompletos (4 anos, 11 meses e 29 dias) contra a gripe ser\u00e1 iniciada na pr\u00f3xima segunda-feira (25) junto com a imuniza\u00e7\u00e3o da tr\u00edplice viral. A partir desta data, os pais ou respons\u00e1veis poder\u00e3o lev\u00e1-las at\u00e9 as unidades de sa\u00fade com a carteirinha de vacina\u00e7\u00e3o.<\/p>\n\n\n\n<p>Com a amplia\u00e7\u00e3o do grupo, podem continuar sendo vacinadas as pessoas com mais de 60 anos, trabalhadores da educa\u00e7\u00e3o, povos ind\u00edgenas, gestantes e pu\u00e9rperas. Al\u00e9m disso, tamb\u00e9m seguem sendo vacinados os trabalhadores da sa\u00fade, que podem fazer junto com a vacina da gripe a da tr\u00edplice viral.<\/p>\n\n\n\n<p>A secret\u00e1ria de Sa\u00fade, Cristine Pilati, destaca que a vacina \u00e9 atualizada com as cepas que est\u00e3o em maior circula\u00e7\u00e3o e, por isso, \u00e9 fundamental a vacina\u00e7\u00e3o anual. \u201cO v\u00edrus da gripe consegue se modificar frequentemente. Sendo assim, a popula\u00e7\u00e3o deve fazer o refor\u00e7o todos os anos. Conforme resolu\u00e7\u00e3o da Ag\u00eancia Nacional de Vigil\u00e2ncia Sanit\u00e1ria (Anvisa), as vacinas Influenza trivalentes utilizadas no Brasil desde fevereiro deste ano apresentam tr\u00eas tipos de cepas de v\u00edrus em combina\u00e7\u00e3o, sendo Influenza A Victoria (H1N1), Influenza A Darwin (H3N2), Influenza B \u00c1ustria &#8211; linhagem B Victoria\u201d, mencionou.<\/p>\n\n\n\n<p>At\u00e9 o momento, conforme registra a coordenadora de Vigil\u00e2ncia em Sa\u00fade, Marisa Zanatta, a procura pela vacina \u00e9 baixa. &#8220;Completamos tr\u00eas semanas de campanha e tivemos somente 51% dos trabalhadores da sa\u00fade vacinados, 32% dos idosos, 12% dos trabalhadores da educa\u00e7\u00e3o, 21% das pu\u00e9rperas e 6% das gestantes. Temos como meta vacinar 90% das popula\u00e7\u00f5es de cada grupo&#8221;, identificou.<\/p>\n\n\n\n<p><strong>Locais de vacina\u00e7\u00e3o<br><\/strong>Ambulat\u00f3rio de Especialidades<br>Cais H\u00edpica<br>Cais Boqueir\u00e3o<br>Cais Vila Lu\u00edza<br>ESF Adriana L\u00edrio<br>ESF S\u00e3o Jos\u00e9<br>ESF S\u00e3o Luiz Gonzaga<br>ESF Adolfo Groth<br>ESF Don\u00e1ria \/ Santa Marta<br>ESF Mattos<br>ESF Nen\u00ea Graeff<br>ESF Jer\u00f4nimo Coelho<br>ESF Planaltina<br>ESF S\u00e3o Crist\u00f3v\u00e3o<br>ESF Valinhos<br>ESF Ricci<br>ESF Zachia<br>ESF Adirbal Corralo<br>ESF Jaboticabal<br>ESF Caic Edu Azambuja<br>UBS Parque Farroupilha<br>UBS Ivo Ferreira<br>UBS Jardim Am\u00e9rica<br>UBS Vila Nova \/ Santa Maria<\/p>\n\n\n\n<p>UBS, ESF e Ambulat\u00f3rios funcionam das 8h \u00e0s 11h30 e das 13h \u00e0s 16h. J\u00e1 os Cais, das 8h \u00e0s 16h.<\/p>\n\n\n\n<p>Trabalhadores da Sa\u00fade tamb\u00e9m pode ser vacinados na Central de Vacinas, que funciona na Rua Uruguai, 667, Centro, das 8h \u00e0s 17h30.<\/p>\n\n\n\n<p><strong>Vacina\u00e7\u00e3o contra a Influenza e contra a Covid-19<br><\/strong>A Campanha de Vacina\u00e7\u00e3o Contra a Influenza coincide com a realiza\u00e7\u00e3o da vacina\u00e7\u00e3o contra a Covid-19. De acordo com o Minist\u00e9rio da Sa\u00fade, as vacinas contra a Covid-19 poder\u00e3o ser administradas de maneira simult\u00e2nea ou com qualquer intervalo com as demais vacinas do Calend\u00e1rio Nacional de Vacina\u00e7\u00e3o na popula\u00e7\u00e3o a partir de 12 anos de idade.<\/p>\n\n\n\n<p>No entanto, \u00e9 importante que seja priorizada a administra\u00e7\u00e3o da vacina Covid-19 para as crian\u00e7as de cinco a 11 anos de idade contempladas nos grupos priorit\u00e1rios para a Influenza. Nestas situa\u00e7\u00f5es, deve-se respeitar o intervalo m\u00ednimo de 15 dias entre as vacinas.<\/p>\n","protected":false},"excerpt":{"rendered":"<p>Vacina\u00e7\u00e3o tamb\u00e9m segue nas unidades de sa\u00fade para pessoas com mais de 60 anos, trabalhadores da sa\u00fade e da educa\u00e7\u00e3o, povos ind\u00edgenas, gestantes e pu\u00e9rperas<\/p>\n","protected":false},"author":5,"featured_media":0,"comment_status":"closed","ping_status":"closed","sticky":true,"template":"","format":"standard","meta":{"footnotes":""},"categories":[1],"tags":[],"class_list":["post-2982","post","type-post","status-publish","format-standard","hentry","category-sem-categoria"],"yoast_head":"<!-- This site is optimized with the Yoast SEO plugin v23.8 - https:\/\/yoast.com\/wordpress\/plugins\/seo\/ -->\n<title>Crian\u00e7as de seis meses a cinco anos incompletos poder\u00e3o ser vacinadas contra a gripe a partir de segunda-feira - Secretaria de Sa\u00fade<\/title>\n<meta name=\"robots\" content=\"index, follow, max-snippet:-1, max-image-preview:large, max-video-preview:-1\" \/>\n<link rel=\"canonical\" href=\"https:\/\/www.pmpf.rs.gov.br\/secretaria-de-saude\/2022\/04\/22\/criancas-se-seis-meses-a-cinco-anos-incompletos-poderao-ser-vacinadas-contra-a-gripe-a-partir-de-segunda-feira\/\" \/>\n<meta property=\"og:locale\" content=\"pt_BR\" \/>\n<meta property=\"og:type\" content=\"article\" \/>\n<meta property=\"og:title\" content=\"Crian\u00e7as de seis meses a cinco anos incompletos poder\u00e3o ser vacinadas contra a gripe a partir de segunda-feira - Secretaria de Sa\u00fade\" \/>\n<meta property=\"og:description\" content=\"Vacina\u00e7\u00e3o tamb\u00e9m segue nas unidades de sa\u00fade para pessoas com mais de 60 anos, trabalhadores da sa\u00fade e da educa\u00e7\u00e3o, povos ind\u00edgenas, gestantes e pu\u00e9rperas\" \/>\n<meta property=\"og:url\" content=\"https:\/\/www.pmpf.rs.gov.br\/secretaria-de-saude\/2022\/04\/22\/criancas-se-seis-meses-a-cinco-anos-incompletos-poderao-ser-vacinadas-contra-a-gripe-a-partir-de-segunda-feira\/\" \/>\n<meta property=\"og:site_name\" content=\"Secretaria de Sa\u00fade\" \/>\n<meta property=\"article:published_time\" content=\"2022-04-22T18:52:17+00:00\" \/>\n<meta property=\"article:modified_time\" content=\"2022-04-25T12:39:58+00:00\" \/>\n<meta name=\"author\" content=\"jhenriquepazuch\" \/>\n<meta name=\"twitter:card\" content=\"summary_large_image\" \/>\n<meta name=\"twitter:label1\" content=\"Escrito por\" \/>\n\t<meta name=\"twitter:data1\" content=\"jhenriquepazuch\" \/>\n\t<meta name=\"twitter:label2\" content=\"Est. tempo de leitura\" \/>\n\t<meta name=\"twitter:data2\" content=\"3 minutos\" \/>\n<script type=\"application\/ld+json\" class=\"yoast-schema-graph\">{\"@context\":\"https:\/\/schema.org\",\"@graph\":[{\"@type\":\"WebPage\",\"@id\":\"https:\/\/www.pmpf.rs.gov.br\/secretaria-de-saude\/2022\/04\/22\/criancas-se-seis-meses-a-cinco-anos-incompletos-poderao-ser-vacinadas-contra-a-gripe-a-partir-de-segunda-feira\/\",\"url\":\"https:\/\/www.pmpf.rs.gov.br\/secretaria-de-saude\/2022\/04\/22\/criancas-se-seis-meses-a-cinco-anos-incompletos-poderao-ser-vacinadas-contra-a-gripe-a-partir-de-segunda-feira\/\",\"name\":\"Crian\u00e7as de seis meses a cinco anos incompletos poder\u00e3o ser vacinadas contra a gripe a partir de segunda-feira - Secretaria de Sa\u00fade\",\"isPartOf\":{\"@id\":\"https:\/\/www.pmpf.rs.gov.br\/secretaria-de-saude\/#website\"},\"datePublished\":\"2022-04-22T18:52:17+00:00\",\"dateModified\":\"2022-04-25T12:39:58+00:00\",\"author\":{\"@id\":\"https:\/\/www.pmpf.rs.gov.br\/secretaria-de-saude\/#\/schema\/person\/249dc71a5a2165b543ee3d81c1bff2b7\"},\"breadcrumb\":{\"@id\":\"https:\/\/www.pmpf.rs.gov.br\/secretaria-de-saude\/2022\/04\/22\/criancas-se-seis-meses-a-cinco-anos-incompletos-poderao-ser-vacinadas-contra-a-gripe-a-partir-de-segunda-feira\/#breadcrumb\"},\"inLanguage\":\"pt-BR\",\"potentialAction\":[{\"@type\":\"ReadAction\",\"target\":[\"https:\/\/www.pmpf.rs.gov.br\/secretaria-de-saude\/2022\/04\/22\/criancas-se-seis-meses-a-cinco-anos-incompletos-poderao-ser-vacinadas-contra-a-gripe-a-partir-de-segunda-feira\/\"]}]},{\"@type\":\"BreadcrumbList\",\"@id\":\"https:\/\/www.pmpf.rs.gov.br\/secretaria-de-saude\/2022\/04\/22\/criancas-se-seis-meses-a-cinco-anos-incompletos-poderao-ser-vacinadas-contra-a-gripe-a-partir-de-segunda-feira\/#breadcrumb\",\"itemListElement\":[{\"@type\":\"ListItem\",\"position\":1,\"name\":\"In\u00edcio\",\"item\":\"https:\/\/www.pmpf.rs.gov.br\/secretaria-de-saude\/\"},{\"@type\":\"ListItem\",\"position\":2,\"name\":\"Crian\u00e7as de seis meses a cinco anos incompletos poder\u00e3o ser vacinadas contra a gripe a partir de segunda-feira\"}]},{\"@type\":\"WebSite\",\"@id\":\"https:\/\/www.pmpf.rs.gov.br\/secretaria-de-saude\/#website\",\"url\":\"https:\/\/www.pmpf.rs.gov.br\/secretaria-de-saude\/\",\"name\":\"Secretaria de Sa\u00fade\",\"description\":\"S\u00f3 mais um site Prefeitura de Passo Fundo\",\"potentialAction\":[{\"@type\":\"SearchAction\",\"target\":{\"@type\":\"EntryPoint\",\"urlTemplate\":\"https:\/\/www.pmpf.rs.gov.br\/secretaria-de-saude\/?s={search_term_string}\"},\"query-input\":{\"@type\":\"PropertyValueSpecification\",\"valueRequired\":true,\"valueName\":\"search_term_string\"}}],\"inLanguage\":\"pt-BR\"},{\"@type\":\"Person\",\"@id\":\"https:\/\/www.pmpf.rs.gov.br\/secretaria-de-saude\/#\/schema\/person\/249dc71a5a2165b543ee3d81c1bff2b7\",\"name\":\"jhenriquepazuch\",\"image\":{\"@type\":\"ImageObject\",\"inLanguage\":\"pt-BR\",\"@id\":\"https:\/\/www.pmpf.rs.gov.br\/secretaria-de-saude\/#\/schema\/person\/image\/\",\"url\":\"https:\/\/secure.gravatar.com\/avatar\/d63ee6364841b20760885a11f8dcac24?s=96&d=mm&r=g\",\"contentUrl\":\"https:\/\/secure.gravatar.com\/avatar\/d63ee6364841b20760885a11f8dcac24?s=96&d=mm&r=g\",\"caption\":\"jhenriquepazuch\"},\"url\":\"https:\/\/www.pmpf.rs.gov.br\/secretaria-de-saude\/author\/jhenriquepazuch\/\"}]}<\/script>\n<!-- \/ Yoast SEO plugin. -->","yoast_head_json":{"title":"Crian\u00e7as de seis meses a cinco anos incompletos poder\u00e3o ser vacinadas contra a gripe a partir de segunda-feira - Secretaria de Sa\u00fade","robots":{"index":"index","follow":"follow","max-snippet":"max-snippet:-1","max-image-preview":"max-image-preview:large","max-video-preview":"max-video-preview:-1"},"canonical":"https:\/\/www.pmpf.rs.gov.br\/secretaria-de-saude\/2022\/04\/22\/criancas-se-seis-meses-a-cinco-anos-incompletos-poderao-ser-vacinadas-contra-a-gripe-a-partir-de-segunda-feira\/","og_locale":"pt_BR","og_type":"article","og_title":"Crian\u00e7as de seis meses a cinco anos incompletos poder\u00e3o ser vacinadas contra a gripe a partir de segunda-feira - Secretaria de Sa\u00fade","og_description":"Vacina\u00e7\u00e3o tamb\u00e9m segue nas unidades de sa\u00fade para pessoas com mais de 60 anos, trabalhadores da sa\u00fade e da educa\u00e7\u00e3o, povos ind\u00edgenas, gestantes e pu\u00e9rperas","og_url":"https:\/\/www.pmpf.rs.gov.br\/secretaria-de-saude\/2022\/04\/22\/criancas-se-seis-meses-a-cinco-anos-incompletos-poderao-ser-vacinadas-contra-a-gripe-a-partir-de-segunda-feira\/","og_site_name":"Secretaria de Sa\u00fade","article_published_time":"2022-04-22T18:52:17+00:00","article_modified_time":"2022-04-25T12:39:58+00:00","author":"jhenriquepazuch","twitter_card":"summary_large_image","twitter_misc":{"Escrito por":"jhenriquepazuch","Est. tempo de leitura":"3 minutos"},"schema":{"@context":"https:\/\/schema.org","@graph":[{"@type":"WebPage","@id":"https:\/\/www.pmpf.rs.gov.br\/secretaria-de-saude\/2022\/04\/22\/criancas-se-seis-meses-a-cinco-anos-incompletos-poderao-ser-vacinadas-contra-a-gripe-a-partir-de-segunda-feira\/","url":"https:\/\/www.pmpf.rs.gov.br\/secretaria-de-saude\/2022\/04\/22\/criancas-se-seis-meses-a-cinco-anos-incompletos-poderao-ser-vacinadas-contra-a-gripe-a-partir-de-segunda-feira\/","name":"Crian\u00e7as de seis meses a cinco anos incompletos poder\u00e3o ser vacinadas contra a gripe a partir de segunda-feira - Secretaria de Sa\u00fade","isPartOf":{"@id":"https:\/\/www.pmpf.rs.gov.br\/secretaria-de-saude\/#website"},"datePublished":"2022-04-22T18:52:17+00:00","dateModified":"2022-04-25T12:39:58+00:00","author":{"@id":"https:\/\/www.pmpf.rs.gov.br\/secretaria-de-saude\/#\/schema\/person\/249dc71a5a2165b543ee3d81c1bff2b7"},"breadcrumb":{"@id":"https:\/\/www.pmpf.rs.gov.br\/secretaria-de-saude\/2022\/04\/22\/criancas-se-seis-meses-a-cinco-anos-incompletos-poderao-ser-vacinadas-contra-a-gripe-a-partir-de-segunda-feira\/#breadcrumb"},"inLanguage":"pt-BR","potentialAction":[{"@type":"ReadAction","target":["https:\/\/www.pmpf.rs.gov.br\/secretaria-de-saude\/2022\/04\/22\/criancas-se-seis-meses-a-cinco-anos-incompletos-poderao-ser-vacinadas-contra-a-gripe-a-partir-de-segunda-feira\/"]}]},{"@type":"BreadcrumbList","@id":"https:\/\/www.pmpf.rs.gov.br\/secretaria-de-saude\/2022\/04\/22\/criancas-se-seis-meses-a-cinco-anos-incompletos-poderao-ser-vacinadas-contra-a-gripe-a-partir-de-segunda-feira\/#breadcrumb","itemListElement":[{"@type":"ListItem","position":1,"name":"In\u00edcio","item":"https:\/\/www.pmpf.rs.gov.br\/secretaria-de-saude\/"},{"@type":"ListItem","position":2,"name":"Crian\u00e7as de seis meses a cinco anos incompletos poder\u00e3o ser vacinadas contra a gripe a partir de segunda-feira"}]},{"@type":"WebSite","@id":"https:\/\/www.pmpf.rs.gov.br\/secretaria-de-saude\/#website","url":"https:\/\/www.pmpf.rs.gov.br\/secretaria-de-saude\/","name":"Secretaria de Sa\u00fade","description":"S\u00f3 mais um site Prefeitura de Passo Fundo","potentialAction":[{"@type":"SearchAction","target":{"@type":"EntryPoint","urlTemplate":"https:\/\/www.pmpf.rs.gov.br\/secretaria-de-saude\/?s={search_term_string}"},"query-input":{"@type":"PropertyValueSpecification","valueRequired":true,"valueName":"search_term_string"}}],"inLanguage":"pt-BR"},{"@type":"Person","@id":"https:\/\/www.pmpf.rs.gov.br\/secretaria-de-saude\/#\/schema\/person\/249dc71a5a2165b543ee3d81c1bff2b7","name":"jhenriquepazuch","image":{"@type":"ImageObject","inLanguage":"pt-BR","@id":"https:\/\/www.pmpf.rs.gov.br\/secretaria-de-saude\/#\/schema\/person\/image\/","url":"https:\/\/secure.gravatar.com\/avatar\/d63ee6364841b20760885a11f8dcac24?s=96&d=mm&r=g","contentUrl":"https:\/\/secure.gravatar.com\/avatar\/d63ee6364841b20760885a11f8dcac24?s=96&d=mm&r=g","caption":"jhenriquepazuch"},"url":"https:\/\/www.pmpf.rs.gov.br\/secretaria-de-saude\/author\/jhenriquepazuch\/"}]}},"_links":{"self":[{"href":"https:\/\/www.pmpf.rs.gov.br\/secretaria-de-saude\/wp-json\/wp\/v2\/posts\/2982"}],"collection":[{"href":"https:\/\/www.pmpf.rs.gov.br\/secretaria-de-saude\/wp-json\/wp\/v2\/posts"}],"about":[{"href":"https:\/\/www.pmpf.rs.gov.br\/secretaria-de-saude\/wp-json\/wp\/v2\/types\/post"}],"author":[{"embeddable":true,"href":"https:\/\/www.pmpf.rs.gov.br\/secretaria-de-saude\/wp-json\/wp\/v2\/users\/5"}],"replies":[{"embeddable":true,"href":"https:\/\/www.pmpf.rs.gov.br\/secretaria-de-saude\/wp-json\/wp\/v2\/comments?post=2982"}],"version-history":[{"count":3,"href":"https:\/\/www.pmpf.rs.gov.br\/secretaria-de-saude\/wp-json\/wp\/v2\/posts\/2982\/revisions"}],"predecessor-version":[{"id":2987,"href":"https:\/\/www.pmpf.rs.gov.br\/secretaria-de-saude\/wp-json\/wp\/v2\/posts\/2982\/revisions\/2987"}],"wp:attachment":[{"href":"https:\/\/www.pmpf.rs.gov.br\/secretaria-de-saude\/wp-json\/wp\/v2\/media?parent=2982"}],"wp:term":[{"taxonomy":"category","embeddable":true,"href":"https:\/\/www.pmpf.rs.gov.br\/secretaria-de-saude\/wp-json\/wp\/v2\/categories?post=2982"},{"taxonomy":"post_tag","embeddable":true,"href":"https:\/\/www.pmpf.rs.gov.br\/secretaria-de-saude\/wp-json\/wp\/v2\/tags?post=2982"}],"curies":[{"name":"wp","href":"https:\/\/api.w.org\/{rel}","templated":true}]}}