{"id":2980,"date":"2022-04-22T15:51:12","date_gmt":"2022-04-22T18:51:12","guid":{"rendered":"https:\/\/www.pmpf.rs.gov.br\/secretaria-de-saude\/?p=2980"},"modified":"2022-04-25T09:40:58","modified_gmt":"2022-04-25T12:40:58","slug":"cronograma-de-vacinacao-de-25-a-29-de-abril","status":"publish","type":"post","link":"https:\/\/www.pmpf.rs.gov.br\/secretaria-de-saude\/2022\/04\/22\/cronograma-de-vacinacao-de-25-a-29-de-abril\/","title":{"rendered":"Cronograma de vacina\u00e7\u00e3o de 25 a 29 de abril"},"content":{"rendered":"\n<p><\/p>\n\n\n\n<p><\/p>\n\n\n\n<p><strong>25 a 29 de abril<\/strong><\/p>\n\n\n\n<ul class=\"wp-block-list\"><li>1\u00aa dose para pessoas acima de 12 anos, gestantes e pu\u00e9rperas<\/li><li>1\u00aa dose para crian\u00e7as de 5 a 11 anos<\/li><li>2\u00aa dose de Coronavac para todas as crian\u00e7as que precisam completar o esquema vacinal (intervalo \u00e9 de 28 dias)<\/li><li>2\u00aa dose de Pfizer para todas as crian\u00e7as acima de cinco anos precisam completar o esquema vacinal (intervalo \u00e9 de oito semanas)<\/li><li>2\u00aa dose de Coronavac para todas as pessoas que precisam completar o esquema vacinal (intervalo \u00e9 de 28 dias)<\/li><li>2\u00aa dose de Pfizer para as pessoas com 18 anos ou mais que precisam completar o esquema vacinal (intervalo \u00e9 de oito semanas)<\/li><li>2\u00aa dose de AstraZeneca para todas as pessoas que precisam completar o esquema vacinal (intervalo \u00e9 de oito semanas)<\/li><li>3\u00aa dose (refor\u00e7o) para todas as pessoas com 18 anos ou mais que receberam a segunda dose h\u00e1, no m\u00ednimo, quatro meses<\/li><li>Refor\u00e7o Janssen para todas as pessoas com 18 anos ou mais que receberam a primeira dose de Janssen h\u00e1, no m\u00ednimo, dois meses<\/li><li>2\u00aa dose de refor\u00e7o para idosos com 80 anos ou mais que fizeram o primeiro refor\u00e7o (terceira dose) h\u00e1 quatro meses ou mais<\/li><\/ul>\n\n\n\n<p>Locais:<br>Central de Vacinas; Cais Vila Lu\u00edza, Cais H\u00edpica; Cais Boqueir\u00e3o; UBS Vila Nova; Ambulat\u00f3rio de Especialidades; ESF Nen\u00ea Graeff; ESF Zachia; Ambulat\u00f3rio S\u00e3o Jos\u00e9; ESF Don\u00e1ria\/Santa Marta; ESF S\u00e3o Luiz Gonzaga; UBS Parque Farroupilha; ESF Adirbal Corralo; ESF Planaltina; ESF S\u00e3o Cristov\u00e3o; ESF Adolfo Groth; e ESF Jaboticabal.<\/p>\n\n\n\n<p>Hor\u00e1rios:<br>ESF, UBS e ambulat\u00f3rios: das 8h \u00e0s 11h30 e das 13h \u00e0s 16h<br>Central de Vacinas e Cais: das 8h \u00e0s 16h<\/p>\n\n\n\n<p><strong>25 a 29 de abril<\/strong><\/p>\n\n\n\n<ul class=\"wp-block-list\"><li>Dose adicional para adolescentes de 12 a 17 anos imunocomprometidos (intervalo m\u00ednimo de oito semanas da segunda dose)<\/li><li>3\u00aa dose para imunossuprimidos<\/li><\/ul>\n\n\n\n<p>Local:<br>Central de Vacinas: das 8h \u00e0s 16h<\/p>\n\n\n\n<p>Enquanto houver doses<\/p>\n\n\n\n<p>Se encaixam como imunossupress\u00e3o:<\/p>\n\n\n\n<ul class=\"wp-block-list\"><li>imunodefici\u00eancia prim\u00e1ria grave<\/li><li>quimioterapia para c\u00e2ncer<\/li><li>transplantados de \u00f3rg\u00e3o s\u00f3lido ou de c\u00e9lulas-tronco hematopoi\u00e9ticas (TCTH) em uso de drogas imunossupressoras<\/li><li>pessoas vivendo com HIV\/Aids<\/li><li>uso de corticoides em doses \u226520 mg\/dia de prednisona ou equivalente por \u226514 dias<\/li><li>uso de drogas modificadoras da resposta imune;<\/li><li>pacientes em hemodi\u00e1lise<\/li><li>pacientes com doen\u00e7as imunomediadas inflamat\u00f3rias cr\u00f4nicas (reumatol\u00f3gicas, autoinflamat\u00f3rias, doen\u00e7as intestinais inflamat\u00f3rias)<\/li><\/ul>\n","protected":false},"excerpt":{"rendered":"<p>A Secretaria Municipal de Sa\u00fade divulgou o cronograma de vacina\u00e7\u00e3o contra a Covid-19 para a pr\u00f3xima semana, entre os dias 25 e 29 de abril. Confira:<\/p>\n","protected":false},"author":5,"featured_media":0,"comment_status":"closed","ping_status":"closed","sticky":true,"template":"","format":"standard","meta":{"footnotes":""},"categories":[1],"tags":[],"class_list":["post-2980","post","type-post","status-publish","format-standard","hentry","category-sem-categoria"],"yoast_head":"<!-- This site is optimized with the Yoast SEO plugin v23.8 - https:\/\/yoast.com\/wordpress\/plugins\/seo\/ -->\n<title>Cronograma de vacina\u00e7\u00e3o de 25 a 29 de abril - Secretaria de Sa\u00fade<\/title>\n<meta name=\"robots\" content=\"index, follow, max-snippet:-1, max-image-preview:large, max-video-preview:-1\" \/>\n<link rel=\"canonical\" href=\"https:\/\/www.pmpf.rs.gov.br\/secretaria-de-saude\/2022\/04\/22\/cronograma-de-vacinacao-de-25-a-29-de-abril\/\" \/>\n<meta property=\"og:locale\" content=\"pt_BR\" \/>\n<meta property=\"og:type\" content=\"article\" \/>\n<meta property=\"og:title\" content=\"Cronograma de vacina\u00e7\u00e3o de 25 a 29 de abril - Secretaria de Sa\u00fade\" \/>\n<meta property=\"og:description\" content=\"A Secretaria Municipal de Sa\u00fade divulgou o cronograma de vacina\u00e7\u00e3o contra a Covid-19 para a pr\u00f3xima semana, entre os dias 25 e 29 de abril. Confira:\" \/>\n<meta property=\"og:url\" content=\"https:\/\/www.pmpf.rs.gov.br\/secretaria-de-saude\/2022\/04\/22\/cronograma-de-vacinacao-de-25-a-29-de-abril\/\" \/>\n<meta property=\"og:site_name\" content=\"Secretaria de Sa\u00fade\" \/>\n<meta property=\"article:published_time\" content=\"2022-04-22T18:51:12+00:00\" \/>\n<meta property=\"article:modified_time\" content=\"2022-04-25T12:40:58+00:00\" \/>\n<meta name=\"author\" content=\"jhenriquepazuch\" \/>\n<meta name=\"twitter:card\" content=\"summary_large_image\" \/>\n<meta name=\"twitter:label1\" content=\"Escrito por\" \/>\n\t<meta name=\"twitter:data1\" content=\"jhenriquepazuch\" \/>\n\t<meta name=\"twitter:label2\" content=\"Est. tempo de leitura\" \/>\n\t<meta name=\"twitter:data2\" content=\"2 minutos\" \/>\n<script type=\"application\/ld+json\" class=\"yoast-schema-graph\">{\"@context\":\"https:\/\/schema.org\",\"@graph\":[{\"@type\":\"WebPage\",\"@id\":\"https:\/\/www.pmpf.rs.gov.br\/secretaria-de-saude\/2022\/04\/22\/cronograma-de-vacinacao-de-25-a-29-de-abril\/\",\"url\":\"https:\/\/www.pmpf.rs.gov.br\/secretaria-de-saude\/2022\/04\/22\/cronograma-de-vacinacao-de-25-a-29-de-abril\/\",\"name\":\"Cronograma de vacina\u00e7\u00e3o de 25 a 29 de abril - Secretaria de Sa\u00fade\",\"isPartOf\":{\"@id\":\"https:\/\/www.pmpf.rs.gov.br\/secretaria-de-saude\/#website\"},\"datePublished\":\"2022-04-22T18:51:12+00:00\",\"dateModified\":\"2022-04-25T12:40:58+00:00\",\"author\":{\"@id\":\"https:\/\/www.pmpf.rs.gov.br\/secretaria-de-saude\/#\/schema\/person\/249dc71a5a2165b543ee3d81c1bff2b7\"},\"breadcrumb\":{\"@id\":\"https:\/\/www.pmpf.rs.gov.br\/secretaria-de-saude\/2022\/04\/22\/cronograma-de-vacinacao-de-25-a-29-de-abril\/#breadcrumb\"},\"inLanguage\":\"pt-BR\",\"potentialAction\":[{\"@type\":\"ReadAction\",\"target\":[\"https:\/\/www.pmpf.rs.gov.br\/secretaria-de-saude\/2022\/04\/22\/cronograma-de-vacinacao-de-25-a-29-de-abril\/\"]}]},{\"@type\":\"BreadcrumbList\",\"@id\":\"https:\/\/www.pmpf.rs.gov.br\/secretaria-de-saude\/2022\/04\/22\/cronograma-de-vacinacao-de-25-a-29-de-abril\/#breadcrumb\",\"itemListElement\":[{\"@type\":\"ListItem\",\"position\":1,\"name\":\"In\u00edcio\",\"item\":\"https:\/\/www.pmpf.rs.gov.br\/secretaria-de-saude\/\"},{\"@type\":\"ListItem\",\"position\":2,\"name\":\"Cronograma de vacina\u00e7\u00e3o de 25 a 29 de abril\"}]},{\"@type\":\"WebSite\",\"@id\":\"https:\/\/www.pmpf.rs.gov.br\/secretaria-de-saude\/#website\",\"url\":\"https:\/\/www.pmpf.rs.gov.br\/secretaria-de-saude\/\",\"name\":\"Secretaria de Sa\u00fade\",\"description\":\"S\u00f3 mais um site Prefeitura de Passo Fundo\",\"potentialAction\":[{\"@type\":\"SearchAction\",\"target\":{\"@type\":\"EntryPoint\",\"urlTemplate\":\"https:\/\/www.pmpf.rs.gov.br\/secretaria-de-saude\/?s={search_term_string}\"},\"query-input\":{\"@type\":\"PropertyValueSpecification\",\"valueRequired\":true,\"valueName\":\"search_term_string\"}}],\"inLanguage\":\"pt-BR\"},{\"@type\":\"Person\",\"@id\":\"https:\/\/www.pmpf.rs.gov.br\/secretaria-de-saude\/#\/schema\/person\/249dc71a5a2165b543ee3d81c1bff2b7\",\"name\":\"jhenriquepazuch\",\"image\":{\"@type\":\"ImageObject\",\"inLanguage\":\"pt-BR\",\"@id\":\"https:\/\/www.pmpf.rs.gov.br\/secretaria-de-saude\/#\/schema\/person\/image\/\",\"url\":\"https:\/\/secure.gravatar.com\/avatar\/d63ee6364841b20760885a11f8dcac24?s=96&d=mm&r=g\",\"contentUrl\":\"https:\/\/secure.gravatar.com\/avatar\/d63ee6364841b20760885a11f8dcac24?s=96&d=mm&r=g\",\"caption\":\"jhenriquepazuch\"},\"url\":\"https:\/\/www.pmpf.rs.gov.br\/secretaria-de-saude\/author\/jhenriquepazuch\/\"}]}<\/script>\n<!-- \/ Yoast SEO plugin. -->","yoast_head_json":{"title":"Cronograma de vacina\u00e7\u00e3o de 25 a 29 de abril - Secretaria de Sa\u00fade","robots":{"index":"index","follow":"follow","max-snippet":"max-snippet:-1","max-image-preview":"max-image-preview:large","max-video-preview":"max-video-preview:-1"},"canonical":"https:\/\/www.pmpf.rs.gov.br\/secretaria-de-saude\/2022\/04\/22\/cronograma-de-vacinacao-de-25-a-29-de-abril\/","og_locale":"pt_BR","og_type":"article","og_title":"Cronograma de vacina\u00e7\u00e3o de 25 a 29 de abril - Secretaria de Sa\u00fade","og_description":"A Secretaria Municipal de Sa\u00fade divulgou o cronograma de vacina\u00e7\u00e3o contra a Covid-19 para a pr\u00f3xima semana, entre os dias 25 e 29 de abril. Confira:","og_url":"https:\/\/www.pmpf.rs.gov.br\/secretaria-de-saude\/2022\/04\/22\/cronograma-de-vacinacao-de-25-a-29-de-abril\/","og_site_name":"Secretaria de Sa\u00fade","article_published_time":"2022-04-22T18:51:12+00:00","article_modified_time":"2022-04-25T12:40:58+00:00","author":"jhenriquepazuch","twitter_card":"summary_large_image","twitter_misc":{"Escrito por":"jhenriquepazuch","Est. tempo de leitura":"2 minutos"},"schema":{"@context":"https:\/\/schema.org","@graph":[{"@type":"WebPage","@id":"https:\/\/www.pmpf.rs.gov.br\/secretaria-de-saude\/2022\/04\/22\/cronograma-de-vacinacao-de-25-a-29-de-abril\/","url":"https:\/\/www.pmpf.rs.gov.br\/secretaria-de-saude\/2022\/04\/22\/cronograma-de-vacinacao-de-25-a-29-de-abril\/","name":"Cronograma de vacina\u00e7\u00e3o de 25 a 29 de abril - Secretaria de Sa\u00fade","isPartOf":{"@id":"https:\/\/www.pmpf.rs.gov.br\/secretaria-de-saude\/#website"},"datePublished":"2022-04-22T18:51:12+00:00","dateModified":"2022-04-25T12:40:58+00:00","author":{"@id":"https:\/\/www.pmpf.rs.gov.br\/secretaria-de-saude\/#\/schema\/person\/249dc71a5a2165b543ee3d81c1bff2b7"},"breadcrumb":{"@id":"https:\/\/www.pmpf.rs.gov.br\/secretaria-de-saude\/2022\/04\/22\/cronograma-de-vacinacao-de-25-a-29-de-abril\/#breadcrumb"},"inLanguage":"pt-BR","potentialAction":[{"@type":"ReadAction","target":["https:\/\/www.pmpf.rs.gov.br\/secretaria-de-saude\/2022\/04\/22\/cronograma-de-vacinacao-de-25-a-29-de-abril\/"]}]},{"@type":"BreadcrumbList","@id":"https:\/\/www.pmpf.rs.gov.br\/secretaria-de-saude\/2022\/04\/22\/cronograma-de-vacinacao-de-25-a-29-de-abril\/#breadcrumb","itemListElement":[{"@type":"ListItem","position":1,"name":"In\u00edcio","item":"https:\/\/www.pmpf.rs.gov.br\/secretaria-de-saude\/"},{"@type":"ListItem","position":2,"name":"Cronograma de vacina\u00e7\u00e3o de 25 a 29 de abril"}]},{"@type":"WebSite","@id":"https:\/\/www.pmpf.rs.gov.br\/secretaria-de-saude\/#website","url":"https:\/\/www.pmpf.rs.gov.br\/secretaria-de-saude\/","name":"Secretaria de Sa\u00fade","description":"S\u00f3 mais um site Prefeitura de Passo Fundo","potentialAction":[{"@type":"SearchAction","target":{"@type":"EntryPoint","urlTemplate":"https:\/\/www.pmpf.rs.gov.br\/secretaria-de-saude\/?s={search_term_string}"},"query-input":{"@type":"PropertyValueSpecification","valueRequired":true,"valueName":"search_term_string"}}],"inLanguage":"pt-BR"},{"@type":"Person","@id":"https:\/\/www.pmpf.rs.gov.br\/secretaria-de-saude\/#\/schema\/person\/249dc71a5a2165b543ee3d81c1bff2b7","name":"jhenriquepazuch","image":{"@type":"ImageObject","inLanguage":"pt-BR","@id":"https:\/\/www.pmpf.rs.gov.br\/secretaria-de-saude\/#\/schema\/person\/image\/","url":"https:\/\/secure.gravatar.com\/avatar\/d63ee6364841b20760885a11f8dcac24?s=96&d=mm&r=g","contentUrl":"https:\/\/secure.gravatar.com\/avatar\/d63ee6364841b20760885a11f8dcac24?s=96&d=mm&r=g","caption":"jhenriquepazuch"},"url":"https:\/\/www.pmpf.rs.gov.br\/secretaria-de-saude\/author\/jhenriquepazuch\/"}]}},"_links":{"self":[{"href":"https:\/\/www.pmpf.rs.gov.br\/secretaria-de-saude\/wp-json\/wp\/v2\/posts\/2980"}],"collection":[{"href":"https:\/\/www.pmpf.rs.gov.br\/secretaria-de-saude\/wp-json\/wp\/v2\/posts"}],"about":[{"href":"https:\/\/www.pmpf.rs.gov.br\/secretaria-de-saude\/wp-json\/wp\/v2\/types\/post"}],"author":[{"embeddable":true,"href":"https:\/\/www.pmpf.rs.gov.br\/secretaria-de-saude\/wp-json\/wp\/v2\/users\/5"}],"replies":[{"embeddable":true,"href":"https:\/\/www.pmpf.rs.gov.br\/secretaria-de-saude\/wp-json\/wp\/v2\/comments?post=2980"}],"version-history":[{"count":3,"href":"https:\/\/www.pmpf.rs.gov.br\/secretaria-de-saude\/wp-json\/wp\/v2\/posts\/2980\/revisions"}],"predecessor-version":[{"id":2988,"href":"https:\/\/www.pmpf.rs.gov.br\/secretaria-de-saude\/wp-json\/wp\/v2\/posts\/2980\/revisions\/2988"}],"wp:attachment":[{"href":"https:\/\/www.pmpf.rs.gov.br\/secretaria-de-saude\/wp-json\/wp\/v2\/media?parent=2980"}],"wp:term":[{"taxonomy":"category","embeddable":true,"href":"https:\/\/www.pmpf.rs.gov.br\/secretaria-de-saude\/wp-json\/wp\/v2\/categories?post=2980"},{"taxonomy":"post_tag","embeddable":true,"href":"https:\/\/www.pmpf.rs.gov.br\/secretaria-de-saude\/wp-json\/wp\/v2\/tags?post=2980"}],"curies":[{"name":"wp","href":"https:\/\/api.w.org\/{rel}","templated":true}]}}