{"id":2962,"date":"2022-04-14T13:51:56","date_gmt":"2022-04-14T16:51:56","guid":{"rendered":"https:\/\/www.pmpf.rs.gov.br\/secretaria-de-saude\/?p=2962"},"modified":"2022-04-14T13:51:57","modified_gmt":"2022-04-14T16:51:57","slug":"prefeitura-realiza-acao-de-bloqueio-contra-o-mosquito-transmissor-da-dengue","status":"publish","type":"post","link":"https:\/\/www.pmpf.rs.gov.br\/secretaria-de-saude\/2022\/04\/14\/prefeitura-realiza-acao-de-bloqueio-contra-o-mosquito-transmissor-da-dengue\/","title":{"rendered":"Prefeitura realiza a\u00e7\u00e3o de bloqueio contra o mosquito transmissor da dengue"},"content":{"rendered":"\n<p><\/p>\n\n\n\n<p>Conforme informa\u00e7\u00f5es do Centro Estadual de Vigil\u00e2ncia em Sa\u00fade, mais de 100 munic\u00edpios ga\u00fachos j\u00e1 confirmaram casos aut\u00f3ctones de dengue em 2022. Ou seja, duas a cada dez cidades registraram transmiss\u00e3o local da doen\u00e7a causada pelo mosquito Aedes aegypti. Embora Passo Fundo n\u00e3o esteja nesta lista, contabilizando cinco casos importados, a Secretaria de Sa\u00fade tem intensificado as medidas de combate.<\/p>\n\n\n\n<p>Nesta quarta-feira (13), uma a\u00e7\u00e3o de bloqueio foi realizada pela Prefeitura em quarteir\u00f5es do Bairro Integra\u00e7\u00e3o, onde um dos moradores tem um quadro considerado suspeito e aguarda o resultado do exame. O supervisor dos agentes de endemias, Bruno Dias, explicou que esse \u00e9 um protocolo determinado pelo Estado. \u201cRealizamos essa a\u00e7\u00e3o para bloquear os mosquitos adultos com um equipamento de pulveriza\u00e7\u00e3o e com a utiliza\u00e7\u00e3o de inseticida na resid\u00eancia desse morador, nas casas ao lado e num raio de duas quadras\u201d, afirmou, enfatizando que o produto \u00e9 seguro para as pessoas e para os animais dom\u00e9sticos.<\/p>\n\n\n\n<p>As a\u00e7\u00f5es de bloqueio tamb\u00e9m j\u00e1 foram efetuadas em outros pontos da cidade, nos bairros Petr\u00f3polis e Boqueir\u00e3o. Essa \u00e9 estrat\u00e9gia de escolha imediata quando se torna necess\u00e1rio o combate ao vetor na forma adulta.<\/p>\n\n\n\n<p>De acordo com a chefe do N\u00facleo de Vigil\u00e2ncia Ambiental, Iv\u00e2nia Silvestrin, paralelamente ao bloqueio, os agentes de endemias continuam vistoriando resid\u00eancias e conversando com moradores sobre os cuidados com a elimina\u00e7\u00e3o de poss\u00edveis focos e criadouros. \u201cA popula\u00e7\u00e3o deve ajudar estabelecendo o h\u00e1bito de verificar o p\u00e1tio das casas e acabando com a \u00e1gua parada. Piscinas devem receber limpeza regular e caixas d\u2019\u00e1gua precisam permanecer tampadas. S\u00e3o a\u00e7\u00f5es simples e necess\u00e1rias\u201d, disse.<\/p>\n\n\n\n<p>Ainda segundo Iv\u00e2nia, o \u00faltimo Levantamento R\u00e1pido de \u00cdndices para Aedes aegypti, Passo Fundo tem infesta\u00e7\u00e3o de 1,3%: h\u00e1 focos em 1,3 a cada 100 casas visitadas. \u201cEsse percentual \u00e9 do levantamento realizado em janeiro, que j\u00e1 colocava o munic\u00edpio em situa\u00e7\u00e3o de alerta. Teremos uma nova an\u00e1lise no dia 18 de abril e h\u00e1 muito mais mosquitos adultos nesta \u00e9poca do ano. Ent\u00e3o, a probabilidade \u00e9 que aumente\u201d, considerou, justificando que um surto \u00e9 quando o \u00edndice \u00e9 igual ou superior a 4%.<\/p>\n\n\n\n<p>A dengue provoca sintomas como dores de cabe\u00e7a e no corpo e mal estar. Ainda, pode apresentar manifesta\u00e7\u00f5es como dor no fundo dos olhos e manchas avermelhadas na pele. \u00c9 fundamental que qualquer suspeita seja notificada e comunicada imediatamente \u00e0 Vigil\u00e2ncia.<\/p>\n\n\n\n<p><strong>Foto: Michel Sanderi<\/strong><\/p>\n","protected":false},"excerpt":{"rendered":"<p>Medida tem como objetivo bloquear o Aedes aegypti adulto em locais com casos suspeitos ou confirmados<\/p>\n","protected":false},"author":6,"featured_media":2963,"comment_status":"closed","ping_status":"closed","sticky":true,"template":"","format":"standard","meta":{"footnotes":""},"categories":[19],"tags":[],"class_list":["post-2962","post","type-post","status-publish","format-standard","has-post-thumbnail","hentry","category-dengue"],"yoast_head":"<!-- This site is optimized with the Yoast SEO plugin v23.8 - https:\/\/yoast.com\/wordpress\/plugins\/seo\/ -->\n<title>Prefeitura realiza a\u00e7\u00e3o de bloqueio contra o mosquito transmissor da dengue - Secretaria de Sa\u00fade<\/title>\n<meta name=\"robots\" content=\"index, follow, max-snippet:-1, max-image-preview:large, max-video-preview:-1\" \/>\n<link rel=\"canonical\" href=\"https:\/\/www.pmpf.rs.gov.br\/secretaria-de-saude\/2022\/04\/14\/prefeitura-realiza-acao-de-bloqueio-contra-o-mosquito-transmissor-da-dengue\/\" \/>\n<meta property=\"og:locale\" content=\"pt_BR\" \/>\n<meta property=\"og:type\" content=\"article\" \/>\n<meta property=\"og:title\" content=\"Prefeitura realiza a\u00e7\u00e3o de bloqueio contra o mosquito transmissor da dengue - Secretaria de Sa\u00fade\" \/>\n<meta property=\"og:description\" content=\"Medida tem como objetivo bloquear o Aedes aegypti adulto em locais com casos suspeitos ou confirmados\" \/>\n<meta property=\"og:url\" content=\"https:\/\/www.pmpf.rs.gov.br\/secretaria-de-saude\/2022\/04\/14\/prefeitura-realiza-acao-de-bloqueio-contra-o-mosquito-transmissor-da-dengue\/\" \/>\n<meta property=\"og:site_name\" content=\"Secretaria de Sa\u00fade\" \/>\n<meta property=\"article:published_time\" content=\"2022-04-14T16:51:56+00:00\" \/>\n<meta property=\"article:modified_time\" content=\"2022-04-14T16:51:57+00:00\" \/>\n<meta name=\"author\" content=\"andressazorzetto07\" \/>\n<meta name=\"twitter:card\" content=\"summary_large_image\" \/>\n<meta name=\"twitter:label1\" content=\"Escrito por\" \/>\n\t<meta name=\"twitter:data1\" content=\"andressazorzetto07\" \/>\n\t<meta name=\"twitter:label2\" content=\"Est. tempo de leitura\" \/>\n\t<meta name=\"twitter:data2\" content=\"2 minutos\" \/>\n<script type=\"application\/ld+json\" class=\"yoast-schema-graph\">{\"@context\":\"https:\/\/schema.org\",\"@graph\":[{\"@type\":\"WebPage\",\"@id\":\"https:\/\/www.pmpf.rs.gov.br\/secretaria-de-saude\/2022\/04\/14\/prefeitura-realiza-acao-de-bloqueio-contra-o-mosquito-transmissor-da-dengue\/\",\"url\":\"https:\/\/www.pmpf.rs.gov.br\/secretaria-de-saude\/2022\/04\/14\/prefeitura-realiza-acao-de-bloqueio-contra-o-mosquito-transmissor-da-dengue\/\",\"name\":\"Prefeitura realiza a\u00e7\u00e3o de bloqueio contra o mosquito transmissor da dengue - Secretaria de Sa\u00fade\",\"isPartOf\":{\"@id\":\"https:\/\/www.pmpf.rs.gov.br\/secretaria-de-saude\/#website\"},\"primaryImageOfPage\":{\"@id\":\"https:\/\/www.pmpf.rs.gov.br\/secretaria-de-saude\/2022\/04\/14\/prefeitura-realiza-acao-de-bloqueio-contra-o-mosquito-transmissor-da-dengue\/#primaryimage\"},\"image\":{\"@id\":\"https:\/\/www.pmpf.rs.gov.br\/secretaria-de-saude\/2022\/04\/14\/prefeitura-realiza-acao-de-bloqueio-contra-o-mosquito-transmissor-da-dengue\/#primaryimage\"},\"thumbnailUrl\":\"https:\/\/www.pmpf.rs.gov.br\/secretaria-de-saude\/wp-content\/uploads\/sites\/50\/2022\/04\/dengue.jpg\",\"datePublished\":\"2022-04-14T16:51:56+00:00\",\"dateModified\":\"2022-04-14T16:51:57+00:00\",\"author\":{\"@id\":\"https:\/\/www.pmpf.rs.gov.br\/secretaria-de-saude\/#\/schema\/person\/30ee1d1bd74da1469b01fcf086e43351\"},\"breadcrumb\":{\"@id\":\"https:\/\/www.pmpf.rs.gov.br\/secretaria-de-saude\/2022\/04\/14\/prefeitura-realiza-acao-de-bloqueio-contra-o-mosquito-transmissor-da-dengue\/#breadcrumb\"},\"inLanguage\":\"pt-BR\",\"potentialAction\":[{\"@type\":\"ReadAction\",\"target\":[\"https:\/\/www.pmpf.rs.gov.br\/secretaria-de-saude\/2022\/04\/14\/prefeitura-realiza-acao-de-bloqueio-contra-o-mosquito-transmissor-da-dengue\/\"]}]},{\"@type\":\"ImageObject\",\"inLanguage\":\"pt-BR\",\"@id\":\"https:\/\/www.pmpf.rs.gov.br\/secretaria-de-saude\/2022\/04\/14\/prefeitura-realiza-acao-de-bloqueio-contra-o-mosquito-transmissor-da-dengue\/#primaryimage\",\"url\":\"https:\/\/www.pmpf.rs.gov.br\/secretaria-de-saude\/wp-content\/uploads\/sites\/50\/2022\/04\/dengue.jpg\",\"contentUrl\":\"https:\/\/www.pmpf.rs.gov.br\/secretaria-de-saude\/wp-content\/uploads\/sites\/50\/2022\/04\/dengue.jpg\",\"width\":1280,\"height\":853},{\"@type\":\"BreadcrumbList\",\"@id\":\"https:\/\/www.pmpf.rs.gov.br\/secretaria-de-saude\/2022\/04\/14\/prefeitura-realiza-acao-de-bloqueio-contra-o-mosquito-transmissor-da-dengue\/#breadcrumb\",\"itemListElement\":[{\"@type\":\"ListItem\",\"position\":1,\"name\":\"In\u00edcio\",\"item\":\"https:\/\/www.pmpf.rs.gov.br\/secretaria-de-saude\/\"},{\"@type\":\"ListItem\",\"position\":2,\"name\":\"Prefeitura realiza a\u00e7\u00e3o de bloqueio contra o mosquito transmissor da dengue\"}]},{\"@type\":\"WebSite\",\"@id\":\"https:\/\/www.pmpf.rs.gov.br\/secretaria-de-saude\/#website\",\"url\":\"https:\/\/www.pmpf.rs.gov.br\/secretaria-de-saude\/\",\"name\":\"Secretaria de Sa\u00fade\",\"description\":\"S\u00f3 mais um site Prefeitura de Passo Fundo\",\"potentialAction\":[{\"@type\":\"SearchAction\",\"target\":{\"@type\":\"EntryPoint\",\"urlTemplate\":\"https:\/\/www.pmpf.rs.gov.br\/secretaria-de-saude\/?s={search_term_string}\"},\"query-input\":{\"@type\":\"PropertyValueSpecification\",\"valueRequired\":true,\"valueName\":\"search_term_string\"}}],\"inLanguage\":\"pt-BR\"},{\"@type\":\"Person\",\"@id\":\"https:\/\/www.pmpf.rs.gov.br\/secretaria-de-saude\/#\/schema\/person\/30ee1d1bd74da1469b01fcf086e43351\",\"name\":\"andressazorzetto07\",\"image\":{\"@type\":\"ImageObject\",\"inLanguage\":\"pt-BR\",\"@id\":\"https:\/\/www.pmpf.rs.gov.br\/secretaria-de-saude\/#\/schema\/person\/image\/\",\"url\":\"https:\/\/secure.gravatar.com\/avatar\/14c5458ed79dc81da99a13b9ff5f9f19?s=96&d=mm&r=g\",\"contentUrl\":\"https:\/\/secure.gravatar.com\/avatar\/14c5458ed79dc81da99a13b9ff5f9f19?s=96&d=mm&r=g\",\"caption\":\"andressazorzetto07\"},\"url\":\"https:\/\/www.pmpf.rs.gov.br\/secretaria-de-saude\/author\/andressazorzetto07\/\"}]}<\/script>\n<!-- \/ Yoast SEO plugin. -->","yoast_head_json":{"title":"Prefeitura realiza a\u00e7\u00e3o de bloqueio contra o mosquito transmissor da dengue - Secretaria de Sa\u00fade","robots":{"index":"index","follow":"follow","max-snippet":"max-snippet:-1","max-image-preview":"max-image-preview:large","max-video-preview":"max-video-preview:-1"},"canonical":"https:\/\/www.pmpf.rs.gov.br\/secretaria-de-saude\/2022\/04\/14\/prefeitura-realiza-acao-de-bloqueio-contra-o-mosquito-transmissor-da-dengue\/","og_locale":"pt_BR","og_type":"article","og_title":"Prefeitura realiza a\u00e7\u00e3o de bloqueio contra o mosquito transmissor da dengue - Secretaria de Sa\u00fade","og_description":"Medida tem como objetivo bloquear o Aedes aegypti adulto em locais com casos suspeitos ou confirmados","og_url":"https:\/\/www.pmpf.rs.gov.br\/secretaria-de-saude\/2022\/04\/14\/prefeitura-realiza-acao-de-bloqueio-contra-o-mosquito-transmissor-da-dengue\/","og_site_name":"Secretaria de Sa\u00fade","article_published_time":"2022-04-14T16:51:56+00:00","article_modified_time":"2022-04-14T16:51:57+00:00","author":"andressazorzetto07","twitter_card":"summary_large_image","twitter_misc":{"Escrito por":"andressazorzetto07","Est. tempo de leitura":"2 minutos"},"schema":{"@context":"https:\/\/schema.org","@graph":[{"@type":"WebPage","@id":"https:\/\/www.pmpf.rs.gov.br\/secretaria-de-saude\/2022\/04\/14\/prefeitura-realiza-acao-de-bloqueio-contra-o-mosquito-transmissor-da-dengue\/","url":"https:\/\/www.pmpf.rs.gov.br\/secretaria-de-saude\/2022\/04\/14\/prefeitura-realiza-acao-de-bloqueio-contra-o-mosquito-transmissor-da-dengue\/","name":"Prefeitura realiza a\u00e7\u00e3o de bloqueio contra o mosquito transmissor da dengue - Secretaria de Sa\u00fade","isPartOf":{"@id":"https:\/\/www.pmpf.rs.gov.br\/secretaria-de-saude\/#website"},"primaryImageOfPage":{"@id":"https:\/\/www.pmpf.rs.gov.br\/secretaria-de-saude\/2022\/04\/14\/prefeitura-realiza-acao-de-bloqueio-contra-o-mosquito-transmissor-da-dengue\/#primaryimage"},"image":{"@id":"https:\/\/www.pmpf.rs.gov.br\/secretaria-de-saude\/2022\/04\/14\/prefeitura-realiza-acao-de-bloqueio-contra-o-mosquito-transmissor-da-dengue\/#primaryimage"},"thumbnailUrl":"https:\/\/www.pmpf.rs.gov.br\/secretaria-de-saude\/wp-content\/uploads\/sites\/50\/2022\/04\/dengue.jpg","datePublished":"2022-04-14T16:51:56+00:00","dateModified":"2022-04-14T16:51:57+00:00","author":{"@id":"https:\/\/www.pmpf.rs.gov.br\/secretaria-de-saude\/#\/schema\/person\/30ee1d1bd74da1469b01fcf086e43351"},"breadcrumb":{"@id":"https:\/\/www.pmpf.rs.gov.br\/secretaria-de-saude\/2022\/04\/14\/prefeitura-realiza-acao-de-bloqueio-contra-o-mosquito-transmissor-da-dengue\/#breadcrumb"},"inLanguage":"pt-BR","potentialAction":[{"@type":"ReadAction","target":["https:\/\/www.pmpf.rs.gov.br\/secretaria-de-saude\/2022\/04\/14\/prefeitura-realiza-acao-de-bloqueio-contra-o-mosquito-transmissor-da-dengue\/"]}]},{"@type":"ImageObject","inLanguage":"pt-BR","@id":"https:\/\/www.pmpf.rs.gov.br\/secretaria-de-saude\/2022\/04\/14\/prefeitura-realiza-acao-de-bloqueio-contra-o-mosquito-transmissor-da-dengue\/#primaryimage","url":"https:\/\/www.pmpf.rs.gov.br\/secretaria-de-saude\/wp-content\/uploads\/sites\/50\/2022\/04\/dengue.jpg","contentUrl":"https:\/\/www.pmpf.rs.gov.br\/secretaria-de-saude\/wp-content\/uploads\/sites\/50\/2022\/04\/dengue.jpg","width":1280,"height":853},{"@type":"BreadcrumbList","@id":"https:\/\/www.pmpf.rs.gov.br\/secretaria-de-saude\/2022\/04\/14\/prefeitura-realiza-acao-de-bloqueio-contra-o-mosquito-transmissor-da-dengue\/#breadcrumb","itemListElement":[{"@type":"ListItem","position":1,"name":"In\u00edcio","item":"https:\/\/www.pmpf.rs.gov.br\/secretaria-de-saude\/"},{"@type":"ListItem","position":2,"name":"Prefeitura realiza a\u00e7\u00e3o de bloqueio contra o mosquito transmissor da dengue"}]},{"@type":"WebSite","@id":"https:\/\/www.pmpf.rs.gov.br\/secretaria-de-saude\/#website","url":"https:\/\/www.pmpf.rs.gov.br\/secretaria-de-saude\/","name":"Secretaria de Sa\u00fade","description":"S\u00f3 mais um site Prefeitura de Passo Fundo","potentialAction":[{"@type":"SearchAction","target":{"@type":"EntryPoint","urlTemplate":"https:\/\/www.pmpf.rs.gov.br\/secretaria-de-saude\/?s={search_term_string}"},"query-input":{"@type":"PropertyValueSpecification","valueRequired":true,"valueName":"search_term_string"}}],"inLanguage":"pt-BR"},{"@type":"Person","@id":"https:\/\/www.pmpf.rs.gov.br\/secretaria-de-saude\/#\/schema\/person\/30ee1d1bd74da1469b01fcf086e43351","name":"andressazorzetto07","image":{"@type":"ImageObject","inLanguage":"pt-BR","@id":"https:\/\/www.pmpf.rs.gov.br\/secretaria-de-saude\/#\/schema\/person\/image\/","url":"https:\/\/secure.gravatar.com\/avatar\/14c5458ed79dc81da99a13b9ff5f9f19?s=96&d=mm&r=g","contentUrl":"https:\/\/secure.gravatar.com\/avatar\/14c5458ed79dc81da99a13b9ff5f9f19?s=96&d=mm&r=g","caption":"andressazorzetto07"},"url":"https:\/\/www.pmpf.rs.gov.br\/secretaria-de-saude\/author\/andressazorzetto07\/"}]}},"_links":{"self":[{"href":"https:\/\/www.pmpf.rs.gov.br\/secretaria-de-saude\/wp-json\/wp\/v2\/posts\/2962"}],"collection":[{"href":"https:\/\/www.pmpf.rs.gov.br\/secretaria-de-saude\/wp-json\/wp\/v2\/posts"}],"about":[{"href":"https:\/\/www.pmpf.rs.gov.br\/secretaria-de-saude\/wp-json\/wp\/v2\/types\/post"}],"author":[{"embeddable":true,"href":"https:\/\/www.pmpf.rs.gov.br\/secretaria-de-saude\/wp-json\/wp\/v2\/users\/6"}],"replies":[{"embeddable":true,"href":"https:\/\/www.pmpf.rs.gov.br\/secretaria-de-saude\/wp-json\/wp\/v2\/comments?post=2962"}],"version-history":[{"count":1,"href":"https:\/\/www.pmpf.rs.gov.br\/secretaria-de-saude\/wp-json\/wp\/v2\/posts\/2962\/revisions"}],"predecessor-version":[{"id":2964,"href":"https:\/\/www.pmpf.rs.gov.br\/secretaria-de-saude\/wp-json\/wp\/v2\/posts\/2962\/revisions\/2964"}],"wp:featuredmedia":[{"embeddable":true,"href":"https:\/\/www.pmpf.rs.gov.br\/secretaria-de-saude\/wp-json\/wp\/v2\/media\/2963"}],"wp:attachment":[{"href":"https:\/\/www.pmpf.rs.gov.br\/secretaria-de-saude\/wp-json\/wp\/v2\/media?parent=2962"}],"wp:term":[{"taxonomy":"category","embeddable":true,"href":"https:\/\/www.pmpf.rs.gov.br\/secretaria-de-saude\/wp-json\/wp\/v2\/categories?post=2962"},{"taxonomy":"post_tag","embeddable":true,"href":"https:\/\/www.pmpf.rs.gov.br\/secretaria-de-saude\/wp-json\/wp\/v2\/tags?post=2962"}],"curies":[{"name":"wp","href":"https:\/\/api.w.org\/{rel}","templated":true}]}}