{"id":2867,"date":"2022-04-06T17:49:21","date_gmt":"2022-04-06T20:49:21","guid":{"rendered":"https:\/\/www.pmpf.rs.gov.br\/secretaria-de-saude\/?p=2867"},"modified":"2022-07-29T09:05:39","modified_gmt":"2022-07-29T12:05:39","slug":"prefeitura-reune-gestantes-acompanhadas-pelo-meu-bebe-meu-tesouro","status":"publish","type":"post","link":"https:\/\/www.pmpf.rs.gov.br\/secretaria-de-saude\/2022\/04\/06\/prefeitura-reune-gestantes-acompanhadas-pelo-meu-bebe-meu-tesouro\/","title":{"rendered":"Prefeitura re\u00fane gestantes acompanhadas pelo Meu Beb\u00ea, Meu Tesouro"},"content":{"rendered":"\n<p><br>&#8220;Para mim e, com certeza, para todas as crian\u00e7as, est\u00e1 sendo muito importante. O programa Meu beb\u00ea, Meu Tesouro est\u00e1 me dando muito apoio e \u00e9 a melhor coisa que poderia ter seido oferecida&#8221;, afirma Alana Matias, de 24 anos, que est\u00e1 \u00e0 espera da Maysa.<br>Alana \u00e9 uma das gestantes que participam do programa Meu Beb\u00ea, Meu Tesouro e que estiveram presentes em um encontro promovido pela Prefeitura na tarde desta quarta-feira (6). A iniciativa contou com uma conversa sobre sa\u00fade e a entrega do kit de enxoval e de fotografias feitas no Dia da Gestante.<br>O prefeito, Pedro Almeida, destacou a import\u00e2ncia do cuidado integral, com atendimentos em sa\u00fade e o acolhimento \u00e0s mulheres. &#8220;O Meu Beb\u00ea, Meu Tesouro significa o apoio \u00e0s gestantes e um acompanhamento efetivo com consultas, exames, o morfol\u00f3gico e o teste do pezinho. Tamb\u00e9m busca acolh\u00ea-las neste momento para que fortale\u00e7a o v\u00ednculo delas com as crian\u00e7as. Sem d\u00favidas, \u00e9 um dos programas mais importantes do Munic\u00edpio porque cuida das pessoas com carinho e sensibilidade&#8221;, disse.<br>O programa Meu Beb\u00ea, Meu Tesouro &nbsp;atende, por interm\u00e9dio das unidades de sa\u00fade, gestantes que realizam o pr\u00e9-natal pelo SUS e apresentam algum fator de risco. Elas recebem atendimentos durante a gesta\u00e7\u00e3o e o primeiro ano de vida do beb\u00ea.<br>O programa oferece encontros mensais para orienta\u00e7\u00f5es em rela\u00e7\u00e3o \u00e0 gravidez, amamenta\u00e7\u00e3o e cuidados com o beb\u00ea, consultas, exames, visitas domiciliares e demais atendimentos necess\u00e1rios em cada caso. Al\u00e9m disso, disponibiliza \u00e0s m\u00e3es um kit de enxoval para o beb\u00ea com v\u00e1rios itens, sal\u00e3o de beleza e fotografia art\u00edstica no Dia da Gestante, transporte na sa\u00edda da maternidade para o domic\u00edlio e cestas b\u00e1sicas durante tr\u00eas meses ap\u00f3s o nascimento.<br>De acordo com a secret\u00e1ria de Sa\u00fade, Cristine Pilati, a iniciativa tem como principal objetivo a redu\u00e7\u00e3o da taxa de mortalidade infantil. \u201cO programa \u00e9 voltado ao fortalecimento dos la\u00e7os profundos do bin\u00f4mio m\u00e3e e filho, atendendo gestantes em vulnerabilidade e impactando diretamente na redu\u00e7\u00e3o na mortalidade. A mortalidade infantil \u00e9 um dos principais problemas enfrentados no Brasil e a solu\u00e7\u00e3o est\u00e1 em implantar pol\u00edticas p\u00fablicas efetivas, ampliando e fortalecendo a rede prim\u00e1ria de sa\u00fade\u201d, afirmou.<\/p>\n\n\n\n<p><strong>Exame morfol\u00f3gico<br><\/strong>Em 2021, o programa passou por uma transforma\u00e7\u00e3o, com a inclus\u00e3o de mais a\u00e7\u00f5es. Uma das principais novidades \u00e9 o exame morfol\u00f3gico, que permite avaliar a adequada forma\u00e7\u00e3o do beb\u00ea.<br>Stefani dos Santos de Camargo est\u00e1 com 22 semanas de gesta\u00e7\u00e3o e conseguiu fazer o exame morfol\u00f3gico nesta semana, confirmando o sexo do beb\u00ea e garantindo que o desenvolvimento do filho est\u00e1 correndo de forma adequada. &#8220;Fiquei muito feliz quando fui atendida no Cais Vila Luiza e soube que a Prefeitura est\u00e1 disponibilizando esse exame. Na rede particular eu j\u00e1 tinha pesquisa e \u00e9 bem caro. Fico bem mais tranquila sabendo que est\u00e1 tudo bem com o beb\u00ea&#8221;, disse ela, que aguarda a chegada de Anthony para o m\u00eas de julho.&nbsp;<\/p>\n\n\n\n<p><strong>Fotos: Michel Sanderi<\/strong><\/p>\n","protected":false},"excerpt":{"rendered":"<p>Encontro contou com orienta\u00e7\u00f5es sobre a sa\u00fade das gestantes e dos beb\u00eas, al\u00e9m da entrega de kit de enxoval<\/p>\n","protected":false},"author":6,"featured_media":2868,"comment_status":"closed","ping_status":"closed","sticky":true,"template":"","format":"standard","meta":{"footnotes":""},"categories":[1],"tags":[],"class_list":["post-2867","post","type-post","status-publish","format-standard","has-post-thumbnail","hentry","category-sem-categoria"],"yoast_head":"<!-- This site is optimized with the Yoast SEO plugin v23.8 - https:\/\/yoast.com\/wordpress\/plugins\/seo\/ -->\n<title>Prefeitura re\u00fane gestantes acompanhadas pelo Meu Beb\u00ea, Meu Tesouro - Secretaria de Sa\u00fade<\/title>\n<meta name=\"robots\" content=\"index, follow, max-snippet:-1, max-image-preview:large, max-video-preview:-1\" \/>\n<link rel=\"canonical\" href=\"https:\/\/www.pmpf.rs.gov.br\/secretaria-de-saude\/2022\/04\/06\/prefeitura-reune-gestantes-acompanhadas-pelo-meu-bebe-meu-tesouro\/\" \/>\n<meta property=\"og:locale\" content=\"pt_BR\" \/>\n<meta property=\"og:type\" content=\"article\" \/>\n<meta property=\"og:title\" content=\"Prefeitura re\u00fane gestantes acompanhadas pelo Meu Beb\u00ea, Meu Tesouro - Secretaria de Sa\u00fade\" \/>\n<meta property=\"og:description\" content=\"Encontro contou com orienta\u00e7\u00f5es sobre a sa\u00fade das gestantes e dos beb\u00eas, al\u00e9m da entrega de kit de enxoval\" \/>\n<meta property=\"og:url\" content=\"https:\/\/www.pmpf.rs.gov.br\/secretaria-de-saude\/2022\/04\/06\/prefeitura-reune-gestantes-acompanhadas-pelo-meu-bebe-meu-tesouro\/\" \/>\n<meta property=\"og:site_name\" content=\"Secretaria de Sa\u00fade\" \/>\n<meta property=\"article:published_time\" content=\"2022-04-06T20:49:21+00:00\" \/>\n<meta property=\"article:modified_time\" content=\"2022-07-29T12:05:39+00:00\" \/>\n<meta property=\"og:image\" content=\"https:\/\/www.pmpf.rs.gov.br\/secretaria-de-saude\/wp-content\/uploads\/sites\/50\/2022\/04\/meu-bebe.jpg\" \/>\n\t<meta property=\"og:image:width\" content=\"1280\" \/>\n\t<meta property=\"og:image:height\" content=\"853\" \/>\n\t<meta property=\"og:image:type\" content=\"image\/jpeg\" \/>\n<meta name=\"author\" content=\"andressazorzetto07\" \/>\n<meta name=\"twitter:card\" content=\"summary_large_image\" \/>\n<meta name=\"twitter:label1\" content=\"Escrito por\" \/>\n\t<meta name=\"twitter:data1\" content=\"andressazorzetto07\" \/>\n\t<meta name=\"twitter:label2\" content=\"Est. tempo de leitura\" \/>\n\t<meta name=\"twitter:data2\" content=\"3 minutos\" \/>\n<script type=\"application\/ld+json\" class=\"yoast-schema-graph\">{\"@context\":\"https:\/\/schema.org\",\"@graph\":[{\"@type\":\"WebPage\",\"@id\":\"https:\/\/www.pmpf.rs.gov.br\/secretaria-de-saude\/2022\/04\/06\/prefeitura-reune-gestantes-acompanhadas-pelo-meu-bebe-meu-tesouro\/\",\"url\":\"https:\/\/www.pmpf.rs.gov.br\/secretaria-de-saude\/2022\/04\/06\/prefeitura-reune-gestantes-acompanhadas-pelo-meu-bebe-meu-tesouro\/\",\"name\":\"Prefeitura re\u00fane gestantes acompanhadas pelo Meu Beb\u00ea, Meu Tesouro - Secretaria de Sa\u00fade\",\"isPartOf\":{\"@id\":\"https:\/\/www.pmpf.rs.gov.br\/secretaria-de-saude\/#website\"},\"primaryImageOfPage\":{\"@id\":\"https:\/\/www.pmpf.rs.gov.br\/secretaria-de-saude\/2022\/04\/06\/prefeitura-reune-gestantes-acompanhadas-pelo-meu-bebe-meu-tesouro\/#primaryimage\"},\"image\":{\"@id\":\"https:\/\/www.pmpf.rs.gov.br\/secretaria-de-saude\/2022\/04\/06\/prefeitura-reune-gestantes-acompanhadas-pelo-meu-bebe-meu-tesouro\/#primaryimage\"},\"thumbnailUrl\":\"https:\/\/www.pmpf.rs.gov.br\/secretaria-de-saude\/wp-content\/uploads\/sites\/50\/2022\/04\/meu-bebe.jpg\",\"datePublished\":\"2022-04-06T20:49:21+00:00\",\"dateModified\":\"2022-07-29T12:05:39+00:00\",\"author\":{\"@id\":\"https:\/\/www.pmpf.rs.gov.br\/secretaria-de-saude\/#\/schema\/person\/30ee1d1bd74da1469b01fcf086e43351\"},\"breadcrumb\":{\"@id\":\"https:\/\/www.pmpf.rs.gov.br\/secretaria-de-saude\/2022\/04\/06\/prefeitura-reune-gestantes-acompanhadas-pelo-meu-bebe-meu-tesouro\/#breadcrumb\"},\"inLanguage\":\"pt-BR\",\"potentialAction\":[{\"@type\":\"ReadAction\",\"target\":[\"https:\/\/www.pmpf.rs.gov.br\/secretaria-de-saude\/2022\/04\/06\/prefeitura-reune-gestantes-acompanhadas-pelo-meu-bebe-meu-tesouro\/\"]}]},{\"@type\":\"ImageObject\",\"inLanguage\":\"pt-BR\",\"@id\":\"https:\/\/www.pmpf.rs.gov.br\/secretaria-de-saude\/2022\/04\/06\/prefeitura-reune-gestantes-acompanhadas-pelo-meu-bebe-meu-tesouro\/#primaryimage\",\"url\":\"https:\/\/www.pmpf.rs.gov.br\/secretaria-de-saude\/wp-content\/uploads\/sites\/50\/2022\/04\/meu-bebe.jpg\",\"contentUrl\":\"https:\/\/www.pmpf.rs.gov.br\/secretaria-de-saude\/wp-content\/uploads\/sites\/50\/2022\/04\/meu-bebe.jpg\",\"width\":1280,\"height\":853},{\"@type\":\"BreadcrumbList\",\"@id\":\"https:\/\/www.pmpf.rs.gov.br\/secretaria-de-saude\/2022\/04\/06\/prefeitura-reune-gestantes-acompanhadas-pelo-meu-bebe-meu-tesouro\/#breadcrumb\",\"itemListElement\":[{\"@type\":\"ListItem\",\"position\":1,\"name\":\"In\u00edcio\",\"item\":\"https:\/\/www.pmpf.rs.gov.br\/secretaria-de-saude\/\"},{\"@type\":\"ListItem\",\"position\":2,\"name\":\"Prefeitura re\u00fane gestantes acompanhadas pelo Meu Beb\u00ea, Meu Tesouro\"}]},{\"@type\":\"WebSite\",\"@id\":\"https:\/\/www.pmpf.rs.gov.br\/secretaria-de-saude\/#website\",\"url\":\"https:\/\/www.pmpf.rs.gov.br\/secretaria-de-saude\/\",\"name\":\"Secretaria de Sa\u00fade\",\"description\":\"S\u00f3 mais um site Prefeitura de Passo Fundo\",\"potentialAction\":[{\"@type\":\"SearchAction\",\"target\":{\"@type\":\"EntryPoint\",\"urlTemplate\":\"https:\/\/www.pmpf.rs.gov.br\/secretaria-de-saude\/?s={search_term_string}\"},\"query-input\":{\"@type\":\"PropertyValueSpecification\",\"valueRequired\":true,\"valueName\":\"search_term_string\"}}],\"inLanguage\":\"pt-BR\"},{\"@type\":\"Person\",\"@id\":\"https:\/\/www.pmpf.rs.gov.br\/secretaria-de-saude\/#\/schema\/person\/30ee1d1bd74da1469b01fcf086e43351\",\"name\":\"andressazorzetto07\",\"image\":{\"@type\":\"ImageObject\",\"inLanguage\":\"pt-BR\",\"@id\":\"https:\/\/www.pmpf.rs.gov.br\/secretaria-de-saude\/#\/schema\/person\/image\/\",\"url\":\"https:\/\/secure.gravatar.com\/avatar\/14c5458ed79dc81da99a13b9ff5f9f19?s=96&d=mm&r=g\",\"contentUrl\":\"https:\/\/secure.gravatar.com\/avatar\/14c5458ed79dc81da99a13b9ff5f9f19?s=96&d=mm&r=g\",\"caption\":\"andressazorzetto07\"},\"url\":\"https:\/\/www.pmpf.rs.gov.br\/secretaria-de-saude\/author\/andressazorzetto07\/\"}]}<\/script>\n<!-- \/ Yoast SEO plugin. -->","yoast_head_json":{"title":"Prefeitura re\u00fane gestantes acompanhadas pelo Meu Beb\u00ea, Meu Tesouro - Secretaria de Sa\u00fade","robots":{"index":"index","follow":"follow","max-snippet":"max-snippet:-1","max-image-preview":"max-image-preview:large","max-video-preview":"max-video-preview:-1"},"canonical":"https:\/\/www.pmpf.rs.gov.br\/secretaria-de-saude\/2022\/04\/06\/prefeitura-reune-gestantes-acompanhadas-pelo-meu-bebe-meu-tesouro\/","og_locale":"pt_BR","og_type":"article","og_title":"Prefeitura re\u00fane gestantes acompanhadas pelo Meu Beb\u00ea, Meu Tesouro - Secretaria de Sa\u00fade","og_description":"Encontro contou com orienta\u00e7\u00f5es sobre a sa\u00fade das gestantes e dos beb\u00eas, al\u00e9m da entrega de kit de enxoval","og_url":"https:\/\/www.pmpf.rs.gov.br\/secretaria-de-saude\/2022\/04\/06\/prefeitura-reune-gestantes-acompanhadas-pelo-meu-bebe-meu-tesouro\/","og_site_name":"Secretaria de Sa\u00fade","article_published_time":"2022-04-06T20:49:21+00:00","article_modified_time":"2022-07-29T12:05:39+00:00","og_image":[{"width":1280,"height":853,"url":"https:\/\/www.pmpf.rs.gov.br\/secretaria-de-saude\/wp-content\/uploads\/sites\/50\/2022\/04\/meu-bebe.jpg","type":"image\/jpeg"}],"author":"andressazorzetto07","twitter_card":"summary_large_image","twitter_misc":{"Escrito por":"andressazorzetto07","Est. tempo de leitura":"3 minutos"},"schema":{"@context":"https:\/\/schema.org","@graph":[{"@type":"WebPage","@id":"https:\/\/www.pmpf.rs.gov.br\/secretaria-de-saude\/2022\/04\/06\/prefeitura-reune-gestantes-acompanhadas-pelo-meu-bebe-meu-tesouro\/","url":"https:\/\/www.pmpf.rs.gov.br\/secretaria-de-saude\/2022\/04\/06\/prefeitura-reune-gestantes-acompanhadas-pelo-meu-bebe-meu-tesouro\/","name":"Prefeitura re\u00fane gestantes acompanhadas pelo Meu Beb\u00ea, Meu Tesouro - Secretaria de Sa\u00fade","isPartOf":{"@id":"https:\/\/www.pmpf.rs.gov.br\/secretaria-de-saude\/#website"},"primaryImageOfPage":{"@id":"https:\/\/www.pmpf.rs.gov.br\/secretaria-de-saude\/2022\/04\/06\/prefeitura-reune-gestantes-acompanhadas-pelo-meu-bebe-meu-tesouro\/#primaryimage"},"image":{"@id":"https:\/\/www.pmpf.rs.gov.br\/secretaria-de-saude\/2022\/04\/06\/prefeitura-reune-gestantes-acompanhadas-pelo-meu-bebe-meu-tesouro\/#primaryimage"},"thumbnailUrl":"https:\/\/www.pmpf.rs.gov.br\/secretaria-de-saude\/wp-content\/uploads\/sites\/50\/2022\/04\/meu-bebe.jpg","datePublished":"2022-04-06T20:49:21+00:00","dateModified":"2022-07-29T12:05:39+00:00","author":{"@id":"https:\/\/www.pmpf.rs.gov.br\/secretaria-de-saude\/#\/schema\/person\/30ee1d1bd74da1469b01fcf086e43351"},"breadcrumb":{"@id":"https:\/\/www.pmpf.rs.gov.br\/secretaria-de-saude\/2022\/04\/06\/prefeitura-reune-gestantes-acompanhadas-pelo-meu-bebe-meu-tesouro\/#breadcrumb"},"inLanguage":"pt-BR","potentialAction":[{"@type":"ReadAction","target":["https:\/\/www.pmpf.rs.gov.br\/secretaria-de-saude\/2022\/04\/06\/prefeitura-reune-gestantes-acompanhadas-pelo-meu-bebe-meu-tesouro\/"]}]},{"@type":"ImageObject","inLanguage":"pt-BR","@id":"https:\/\/www.pmpf.rs.gov.br\/secretaria-de-saude\/2022\/04\/06\/prefeitura-reune-gestantes-acompanhadas-pelo-meu-bebe-meu-tesouro\/#primaryimage","url":"https:\/\/www.pmpf.rs.gov.br\/secretaria-de-saude\/wp-content\/uploads\/sites\/50\/2022\/04\/meu-bebe.jpg","contentUrl":"https:\/\/www.pmpf.rs.gov.br\/secretaria-de-saude\/wp-content\/uploads\/sites\/50\/2022\/04\/meu-bebe.jpg","width":1280,"height":853},{"@type":"BreadcrumbList","@id":"https:\/\/www.pmpf.rs.gov.br\/secretaria-de-saude\/2022\/04\/06\/prefeitura-reune-gestantes-acompanhadas-pelo-meu-bebe-meu-tesouro\/#breadcrumb","itemListElement":[{"@type":"ListItem","position":1,"name":"In\u00edcio","item":"https:\/\/www.pmpf.rs.gov.br\/secretaria-de-saude\/"},{"@type":"ListItem","position":2,"name":"Prefeitura re\u00fane gestantes acompanhadas pelo Meu Beb\u00ea, Meu Tesouro"}]},{"@type":"WebSite","@id":"https:\/\/www.pmpf.rs.gov.br\/secretaria-de-saude\/#website","url":"https:\/\/www.pmpf.rs.gov.br\/secretaria-de-saude\/","name":"Secretaria de Sa\u00fade","description":"S\u00f3 mais um site Prefeitura de Passo Fundo","potentialAction":[{"@type":"SearchAction","target":{"@type":"EntryPoint","urlTemplate":"https:\/\/www.pmpf.rs.gov.br\/secretaria-de-saude\/?s={search_term_string}"},"query-input":{"@type":"PropertyValueSpecification","valueRequired":true,"valueName":"search_term_string"}}],"inLanguage":"pt-BR"},{"@type":"Person","@id":"https:\/\/www.pmpf.rs.gov.br\/secretaria-de-saude\/#\/schema\/person\/30ee1d1bd74da1469b01fcf086e43351","name":"andressazorzetto07","image":{"@type":"ImageObject","inLanguage":"pt-BR","@id":"https:\/\/www.pmpf.rs.gov.br\/secretaria-de-saude\/#\/schema\/person\/image\/","url":"https:\/\/secure.gravatar.com\/avatar\/14c5458ed79dc81da99a13b9ff5f9f19?s=96&d=mm&r=g","contentUrl":"https:\/\/secure.gravatar.com\/avatar\/14c5458ed79dc81da99a13b9ff5f9f19?s=96&d=mm&r=g","caption":"andressazorzetto07"},"url":"https:\/\/www.pmpf.rs.gov.br\/secretaria-de-saude\/author\/andressazorzetto07\/"}]}},"_links":{"self":[{"href":"https:\/\/www.pmpf.rs.gov.br\/secretaria-de-saude\/wp-json\/wp\/v2\/posts\/2867"}],"collection":[{"href":"https:\/\/www.pmpf.rs.gov.br\/secretaria-de-saude\/wp-json\/wp\/v2\/posts"}],"about":[{"href":"https:\/\/www.pmpf.rs.gov.br\/secretaria-de-saude\/wp-json\/wp\/v2\/types\/post"}],"author":[{"embeddable":true,"href":"https:\/\/www.pmpf.rs.gov.br\/secretaria-de-saude\/wp-json\/wp\/v2\/users\/6"}],"replies":[{"embeddable":true,"href":"https:\/\/www.pmpf.rs.gov.br\/secretaria-de-saude\/wp-json\/wp\/v2\/comments?post=2867"}],"version-history":[{"count":2,"href":"https:\/\/www.pmpf.rs.gov.br\/secretaria-de-saude\/wp-json\/wp\/v2\/posts\/2867\/revisions"}],"predecessor-version":[{"id":3232,"href":"https:\/\/www.pmpf.rs.gov.br\/secretaria-de-saude\/wp-json\/wp\/v2\/posts\/2867\/revisions\/3232"}],"wp:featuredmedia":[{"embeddable":true,"href":"https:\/\/www.pmpf.rs.gov.br\/secretaria-de-saude\/wp-json\/wp\/v2\/media\/2868"}],"wp:attachment":[{"href":"https:\/\/www.pmpf.rs.gov.br\/secretaria-de-saude\/wp-json\/wp\/v2\/media?parent=2867"}],"wp:term":[{"taxonomy":"category","embeddable":true,"href":"https:\/\/www.pmpf.rs.gov.br\/secretaria-de-saude\/wp-json\/wp\/v2\/categories?post=2867"},{"taxonomy":"post_tag","embeddable":true,"href":"https:\/\/www.pmpf.rs.gov.br\/secretaria-de-saude\/wp-json\/wp\/v2\/tags?post=2867"}],"curies":[{"name":"wp","href":"https:\/\/api.w.org\/{rel}","templated":true}]}}