{"id":2860,"date":"2022-03-30T16:32:03","date_gmt":"2022-03-30T19:32:03","guid":{"rendered":"https:\/\/www.pmpf.rs.gov.br\/secretaria-de-saude\/?p=2860"},"modified":"2022-03-30T16:32:03","modified_gmt":"2022-03-30T19:32:03","slug":"vacinacao-contra-a-gripe-iniciara-na-proxima-semana-em-passo-fundo","status":"publish","type":"post","link":"https:\/\/www.pmpf.rs.gov.br\/secretaria-de-saude\/2022\/03\/30\/vacinacao-contra-a-gripe-iniciara-na-proxima-semana-em-passo-fundo\/","title":{"rendered":"Vacina\u00e7\u00e3o contra a gripe iniciar\u00e1 na pr\u00f3xima semana em Passo Fundo"},"content":{"rendered":"\n<p><br>A Campanha Nacional de Vacina\u00e7\u00e3o contra a Influenza iniciar\u00e1 na pr\u00f3xima segunda-feira, 4 de abril. Assim como em todo o pa\u00eds, seguindo orienta\u00e7\u00f5es do Minist\u00e9rio da Sa\u00fade, Passo Fundo realizar\u00e1 a mobiliza\u00e7\u00e3o por grupos priorit\u00e1rios.<\/p>\n\n\n\n<p>De acordo com a secret\u00e1ria de Sa\u00fade, Cristine Pilati, o munic\u00edpio j\u00e1 recebeu 8,7 mil doses da vacina trivalente e iniciar\u00e1 a campanha vacinando os idosos que residem em Institui\u00e7\u00f5es e Longa Perman\u00eancia e trabalhadores da sa\u00fade dos hospitais e da rede municipal, avan\u00e7ando conforme a cobertura vacinal e o quantitativo de doses recebidas. \u201cO Estado j\u00e1 comunicou que, semanalmente, haver\u00e1 remessa de novas doses para o munic\u00edpio, o que nos permitir\u00e1 ir atingindo novos grupos\u201d, pontuou.<\/p>\n\n\n\n<p>Ao falar sobre a import\u00e2ncia da vacina\u00e7\u00e3o anual, a secret\u00e1ria destacou que a vacina \u00e9 atualizada com as cepas que est\u00e3o em maior circula\u00e7\u00e3o. \u201cO v\u00edrus da gripe consegue se modificar frequentemente. Sendo assim, a popula\u00e7\u00e3o deve fazer o refor\u00e7o todos os anos. Conforme resolu\u00e7\u00e3o da Ag\u00eancia Nacional de Vigil\u00e2ncia Sanit\u00e1ria (Anvisa), as vacinas Influenza trivalentes utilizadas no Brasil a partir de fevereiro deste ano apresentam tr\u00eas tipos de cepas de v\u00edrus em combina\u00e7\u00e3o, sendo Influenza A Victoria (H1N1), Influenza A Darwin (H3N2) e Influenza B \u00c1ustria, linhagem B Victoria\u201d, mencionou.<\/p>\n\n\n\n<p>A vacina\u00e7\u00e3o contra a Influenza permitir\u00e1, ao longo de 2022, minimizar a carga e prevenir o surgimento de complica\u00e7\u00f5es decorrentes da doen\u00e7a, reduzindo os sintomas nos grupos priorit\u00e1rios, que podem ser confundidos com os da Covid-19, al\u00e9m de amenizar a sobrecarga sobre os servi\u00e7os de sa\u00fade. A influenza \u00e9 uma infec\u00e7\u00e3o viral aguda, que afeta o sistema respirat\u00f3rio e \u00e9 de alta transmissibilidade. A estrat\u00e9gia de vacina\u00e7\u00e3o contra a doen\u00e7a foi incorporada no Programa Nacional de Imuniza\u00e7\u00f5es (PNI) em 1999, com o prop\u00f3sito de diminuir interna\u00e7\u00f5es, complica\u00e7\u00f5es e \u00f3bitos nas popula\u00e7\u00f5es-alvo.<\/p>\n\n\n\n<p><strong>Grupos priorit\u00e1rios<br><\/strong>Segundo informe t\u00e9cnico do Minist\u00e9rio da Sa\u00fade, s\u00e3o considerados grupos de elevada prioridade para a vacina\u00e7\u00e3o contra a Influenza os profissionais da \u00e1rea da sa\u00fade e os idosos. A seguir, sem ordem de prioridade, demais popula\u00e7\u00f5es consideradas expostas ao risco.<br>A meta \u00e9 vacinar, pelo menos, 90% dos seguintes grupos eleg\u00edveis:<br>&#8211; Trabalhadores da sa\u00fade<br>&#8211; Idosos de ILPIs<br>&#8211; Idosos com 60 anos ou mais<br>&#8211; Crian\u00e7as de 6 meses a menores de 5 anos de idade (4 anos, 11 meses e 29 dias)<br>&#8211; Gestantes<br>&#8211; Pu\u00e9rperas<br>&#8211; Povos ind\u00edgenas<br>&#8211; Professores<br>&#8211; Pessoas portadoras de doen\u00e7as cr\u00f4nicas n\u00e3o transmiss\u00edveis e outras condi\u00e7\u00f5es cl\u00ednicas especiais<br>&#8211; Pessoas com defici\u00eancia permanente<br>&#8211; Profissionais das for\u00e7as de seguran\u00e7a e salvamento e das for\u00e7as armadas<br>&#8211; Caminhoneiros<br>&#8211; Trabalhadores de transporte coletivo rodovi\u00e1rio de passageiros urbano e de longo curso<br>&#8211; Trabalhadores portu\u00e1rios<br>&#8211; Funcion\u00e1rios do sistema prisional<br>&#8211; Adolescentes e jovens de 12 a 21 anos de idade sob medidas socioeducativas<br>&#8211; Popula\u00e7\u00e3o privada de liberdade<\/p>\n\n\n\n<p><strong>Agendamento para pessoas acamadas<br><\/strong>O munic\u00edpio estima o come\u00e7o da vacina\u00e7\u00e3o para as pessoas acamadas em 18 de abril. Os agendamentos para as equipes de sa\u00fade irem at\u00e9 os domic\u00edlios poder\u00e3o ser feitos a partir da pr\u00f3xima semana pelo telefone 54 3316-1026.<\/p>\n\n\n\n<p><strong>Vacina\u00e7\u00e3o contra a Influenza e contra a Covid-19<\/strong><br>A Campanha de Vacina\u00e7\u00e3o Contra a Influenza coincidir\u00e1 com a realiza\u00e7\u00e3o da vacina\u00e7\u00e3o contra a Covid-19. De acordo com o Minist\u00e9rio da Sa\u00fade, as vacinas contra a Covid-19 poder\u00e3o ser administradas de maneira simult\u00e2nea ou com qualquer intervalo com as demais vacinas do Calend\u00e1rio Nacional de Vacina\u00e7\u00e3o na popula\u00e7\u00e3o a partir de 12 anos de idade. No entanto, \u00e9 importante que seja priorizada a administra\u00e7\u00e3o da vacina Covid-19 para as crian\u00e7as de cinco a 11 anos de idade contempladas nos grupos priorit\u00e1rios para a Influenza. Nestas situa\u00e7\u00f5es, deve-se respeitar o intervalo m\u00ednimo de 15 dias entre as vacinas.<\/p>\n","protected":false},"excerpt":{"rendered":"<p>Mobiliza\u00e7\u00e3o come\u00e7ar\u00e1 pelos idosos que residem em Institui\u00e7\u00f5es e Longa Perman\u00eancia e trabalhadores da sa\u00fade dos hospitais e da rede municipal e avan\u00e7ar\u00e1 para demais grupos priorit\u00e1rios conforme os avan\u00e7os na cobertura<\/p>\n","protected":false},"author":6,"featured_media":0,"comment_status":"closed","ping_status":"closed","sticky":true,"template":"","format":"standard","meta":{"footnotes":""},"categories":[4],"tags":[],"class_list":["post-2860","post","type-post","status-publish","format-standard","hentry","category-vacinacao-influenza"],"yoast_head":"<!-- This site is optimized with the Yoast SEO plugin v23.8 - https:\/\/yoast.com\/wordpress\/plugins\/seo\/ -->\n<title>Vacina\u00e7\u00e3o contra a gripe iniciar\u00e1 na pr\u00f3xima semana em Passo Fundo - Secretaria de Sa\u00fade<\/title>\n<meta name=\"robots\" content=\"index, follow, max-snippet:-1, max-image-preview:large, max-video-preview:-1\" \/>\n<link rel=\"canonical\" href=\"https:\/\/www.pmpf.rs.gov.br\/secretaria-de-saude\/2022\/03\/30\/vacinacao-contra-a-gripe-iniciara-na-proxima-semana-em-passo-fundo\/\" \/>\n<meta property=\"og:locale\" content=\"pt_BR\" \/>\n<meta property=\"og:type\" content=\"article\" \/>\n<meta property=\"og:title\" content=\"Vacina\u00e7\u00e3o contra a gripe iniciar\u00e1 na pr\u00f3xima semana em Passo Fundo - Secretaria de Sa\u00fade\" \/>\n<meta property=\"og:description\" content=\"Mobiliza\u00e7\u00e3o come\u00e7ar\u00e1 pelos idosos que residem em Institui\u00e7\u00f5es e Longa Perman\u00eancia e trabalhadores da sa\u00fade dos hospitais e da rede municipal e avan\u00e7ar\u00e1 para demais grupos priorit\u00e1rios conforme os avan\u00e7os na cobertura\" \/>\n<meta property=\"og:url\" content=\"https:\/\/www.pmpf.rs.gov.br\/secretaria-de-saude\/2022\/03\/30\/vacinacao-contra-a-gripe-iniciara-na-proxima-semana-em-passo-fundo\/\" \/>\n<meta property=\"og:site_name\" content=\"Secretaria de Sa\u00fade\" \/>\n<meta property=\"article:published_time\" content=\"2022-03-30T19:32:03+00:00\" \/>\n<meta name=\"author\" content=\"andressazorzetto07\" \/>\n<meta name=\"twitter:card\" content=\"summary_large_image\" \/>\n<meta name=\"twitter:label1\" content=\"Escrito por\" \/>\n\t<meta name=\"twitter:data1\" content=\"andressazorzetto07\" \/>\n\t<meta name=\"twitter:label2\" content=\"Est. tempo de leitura\" \/>\n\t<meta name=\"twitter:data2\" content=\"3 minutos\" \/>\n<script type=\"application\/ld+json\" class=\"yoast-schema-graph\">{\"@context\":\"https:\/\/schema.org\",\"@graph\":[{\"@type\":\"WebPage\",\"@id\":\"https:\/\/www.pmpf.rs.gov.br\/secretaria-de-saude\/2022\/03\/30\/vacinacao-contra-a-gripe-iniciara-na-proxima-semana-em-passo-fundo\/\",\"url\":\"https:\/\/www.pmpf.rs.gov.br\/secretaria-de-saude\/2022\/03\/30\/vacinacao-contra-a-gripe-iniciara-na-proxima-semana-em-passo-fundo\/\",\"name\":\"Vacina\u00e7\u00e3o contra a gripe iniciar\u00e1 na pr\u00f3xima semana em Passo Fundo - Secretaria de Sa\u00fade\",\"isPartOf\":{\"@id\":\"https:\/\/www.pmpf.rs.gov.br\/secretaria-de-saude\/#website\"},\"datePublished\":\"2022-03-30T19:32:03+00:00\",\"dateModified\":\"2022-03-30T19:32:03+00:00\",\"author\":{\"@id\":\"https:\/\/www.pmpf.rs.gov.br\/secretaria-de-saude\/#\/schema\/person\/30ee1d1bd74da1469b01fcf086e43351\"},\"breadcrumb\":{\"@id\":\"https:\/\/www.pmpf.rs.gov.br\/secretaria-de-saude\/2022\/03\/30\/vacinacao-contra-a-gripe-iniciara-na-proxima-semana-em-passo-fundo\/#breadcrumb\"},\"inLanguage\":\"pt-BR\",\"potentialAction\":[{\"@type\":\"ReadAction\",\"target\":[\"https:\/\/www.pmpf.rs.gov.br\/secretaria-de-saude\/2022\/03\/30\/vacinacao-contra-a-gripe-iniciara-na-proxima-semana-em-passo-fundo\/\"]}]},{\"@type\":\"BreadcrumbList\",\"@id\":\"https:\/\/www.pmpf.rs.gov.br\/secretaria-de-saude\/2022\/03\/30\/vacinacao-contra-a-gripe-iniciara-na-proxima-semana-em-passo-fundo\/#breadcrumb\",\"itemListElement\":[{\"@type\":\"ListItem\",\"position\":1,\"name\":\"In\u00edcio\",\"item\":\"https:\/\/www.pmpf.rs.gov.br\/secretaria-de-saude\/\"},{\"@type\":\"ListItem\",\"position\":2,\"name\":\"Vacina\u00e7\u00e3o contra a gripe iniciar\u00e1 na pr\u00f3xima semana em Passo Fundo\"}]},{\"@type\":\"WebSite\",\"@id\":\"https:\/\/www.pmpf.rs.gov.br\/secretaria-de-saude\/#website\",\"url\":\"https:\/\/www.pmpf.rs.gov.br\/secretaria-de-saude\/\",\"name\":\"Secretaria de Sa\u00fade\",\"description\":\"S\u00f3 mais um site Prefeitura de Passo Fundo\",\"potentialAction\":[{\"@type\":\"SearchAction\",\"target\":{\"@type\":\"EntryPoint\",\"urlTemplate\":\"https:\/\/www.pmpf.rs.gov.br\/secretaria-de-saude\/?s={search_term_string}\"},\"query-input\":{\"@type\":\"PropertyValueSpecification\",\"valueRequired\":true,\"valueName\":\"search_term_string\"}}],\"inLanguage\":\"pt-BR\"},{\"@type\":\"Person\",\"@id\":\"https:\/\/www.pmpf.rs.gov.br\/secretaria-de-saude\/#\/schema\/person\/30ee1d1bd74da1469b01fcf086e43351\",\"name\":\"andressazorzetto07\",\"image\":{\"@type\":\"ImageObject\",\"inLanguage\":\"pt-BR\",\"@id\":\"https:\/\/www.pmpf.rs.gov.br\/secretaria-de-saude\/#\/schema\/person\/image\/\",\"url\":\"https:\/\/secure.gravatar.com\/avatar\/14c5458ed79dc81da99a13b9ff5f9f19?s=96&d=mm&r=g\",\"contentUrl\":\"https:\/\/secure.gravatar.com\/avatar\/14c5458ed79dc81da99a13b9ff5f9f19?s=96&d=mm&r=g\",\"caption\":\"andressazorzetto07\"},\"url\":\"https:\/\/www.pmpf.rs.gov.br\/secretaria-de-saude\/author\/andressazorzetto07\/\"}]}<\/script>\n<!-- \/ Yoast SEO plugin. -->","yoast_head_json":{"title":"Vacina\u00e7\u00e3o contra a gripe iniciar\u00e1 na pr\u00f3xima semana em Passo Fundo - Secretaria de Sa\u00fade","robots":{"index":"index","follow":"follow","max-snippet":"max-snippet:-1","max-image-preview":"max-image-preview:large","max-video-preview":"max-video-preview:-1"},"canonical":"https:\/\/www.pmpf.rs.gov.br\/secretaria-de-saude\/2022\/03\/30\/vacinacao-contra-a-gripe-iniciara-na-proxima-semana-em-passo-fundo\/","og_locale":"pt_BR","og_type":"article","og_title":"Vacina\u00e7\u00e3o contra a gripe iniciar\u00e1 na pr\u00f3xima semana em Passo Fundo - Secretaria de Sa\u00fade","og_description":"Mobiliza\u00e7\u00e3o come\u00e7ar\u00e1 pelos idosos que residem em Institui\u00e7\u00f5es e Longa Perman\u00eancia e trabalhadores da sa\u00fade dos hospitais e da rede municipal e avan\u00e7ar\u00e1 para demais grupos priorit\u00e1rios conforme os avan\u00e7os na cobertura","og_url":"https:\/\/www.pmpf.rs.gov.br\/secretaria-de-saude\/2022\/03\/30\/vacinacao-contra-a-gripe-iniciara-na-proxima-semana-em-passo-fundo\/","og_site_name":"Secretaria de Sa\u00fade","article_published_time":"2022-03-30T19:32:03+00:00","author":"andressazorzetto07","twitter_card":"summary_large_image","twitter_misc":{"Escrito por":"andressazorzetto07","Est. tempo de leitura":"3 minutos"},"schema":{"@context":"https:\/\/schema.org","@graph":[{"@type":"WebPage","@id":"https:\/\/www.pmpf.rs.gov.br\/secretaria-de-saude\/2022\/03\/30\/vacinacao-contra-a-gripe-iniciara-na-proxima-semana-em-passo-fundo\/","url":"https:\/\/www.pmpf.rs.gov.br\/secretaria-de-saude\/2022\/03\/30\/vacinacao-contra-a-gripe-iniciara-na-proxima-semana-em-passo-fundo\/","name":"Vacina\u00e7\u00e3o contra a gripe iniciar\u00e1 na pr\u00f3xima semana em Passo Fundo - Secretaria de Sa\u00fade","isPartOf":{"@id":"https:\/\/www.pmpf.rs.gov.br\/secretaria-de-saude\/#website"},"datePublished":"2022-03-30T19:32:03+00:00","dateModified":"2022-03-30T19:32:03+00:00","author":{"@id":"https:\/\/www.pmpf.rs.gov.br\/secretaria-de-saude\/#\/schema\/person\/30ee1d1bd74da1469b01fcf086e43351"},"breadcrumb":{"@id":"https:\/\/www.pmpf.rs.gov.br\/secretaria-de-saude\/2022\/03\/30\/vacinacao-contra-a-gripe-iniciara-na-proxima-semana-em-passo-fundo\/#breadcrumb"},"inLanguage":"pt-BR","potentialAction":[{"@type":"ReadAction","target":["https:\/\/www.pmpf.rs.gov.br\/secretaria-de-saude\/2022\/03\/30\/vacinacao-contra-a-gripe-iniciara-na-proxima-semana-em-passo-fundo\/"]}]},{"@type":"BreadcrumbList","@id":"https:\/\/www.pmpf.rs.gov.br\/secretaria-de-saude\/2022\/03\/30\/vacinacao-contra-a-gripe-iniciara-na-proxima-semana-em-passo-fundo\/#breadcrumb","itemListElement":[{"@type":"ListItem","position":1,"name":"In\u00edcio","item":"https:\/\/www.pmpf.rs.gov.br\/secretaria-de-saude\/"},{"@type":"ListItem","position":2,"name":"Vacina\u00e7\u00e3o contra a gripe iniciar\u00e1 na pr\u00f3xima semana em Passo Fundo"}]},{"@type":"WebSite","@id":"https:\/\/www.pmpf.rs.gov.br\/secretaria-de-saude\/#website","url":"https:\/\/www.pmpf.rs.gov.br\/secretaria-de-saude\/","name":"Secretaria de Sa\u00fade","description":"S\u00f3 mais um site Prefeitura de Passo Fundo","potentialAction":[{"@type":"SearchAction","target":{"@type":"EntryPoint","urlTemplate":"https:\/\/www.pmpf.rs.gov.br\/secretaria-de-saude\/?s={search_term_string}"},"query-input":{"@type":"PropertyValueSpecification","valueRequired":true,"valueName":"search_term_string"}}],"inLanguage":"pt-BR"},{"@type":"Person","@id":"https:\/\/www.pmpf.rs.gov.br\/secretaria-de-saude\/#\/schema\/person\/30ee1d1bd74da1469b01fcf086e43351","name":"andressazorzetto07","image":{"@type":"ImageObject","inLanguage":"pt-BR","@id":"https:\/\/www.pmpf.rs.gov.br\/secretaria-de-saude\/#\/schema\/person\/image\/","url":"https:\/\/secure.gravatar.com\/avatar\/14c5458ed79dc81da99a13b9ff5f9f19?s=96&d=mm&r=g","contentUrl":"https:\/\/secure.gravatar.com\/avatar\/14c5458ed79dc81da99a13b9ff5f9f19?s=96&d=mm&r=g","caption":"andressazorzetto07"},"url":"https:\/\/www.pmpf.rs.gov.br\/secretaria-de-saude\/author\/andressazorzetto07\/"}]}},"_links":{"self":[{"href":"https:\/\/www.pmpf.rs.gov.br\/secretaria-de-saude\/wp-json\/wp\/v2\/posts\/2860"}],"collection":[{"href":"https:\/\/www.pmpf.rs.gov.br\/secretaria-de-saude\/wp-json\/wp\/v2\/posts"}],"about":[{"href":"https:\/\/www.pmpf.rs.gov.br\/secretaria-de-saude\/wp-json\/wp\/v2\/types\/post"}],"author":[{"embeddable":true,"href":"https:\/\/www.pmpf.rs.gov.br\/secretaria-de-saude\/wp-json\/wp\/v2\/users\/6"}],"replies":[{"embeddable":true,"href":"https:\/\/www.pmpf.rs.gov.br\/secretaria-de-saude\/wp-json\/wp\/v2\/comments?post=2860"}],"version-history":[{"count":1,"href":"https:\/\/www.pmpf.rs.gov.br\/secretaria-de-saude\/wp-json\/wp\/v2\/posts\/2860\/revisions"}],"predecessor-version":[{"id":2861,"href":"https:\/\/www.pmpf.rs.gov.br\/secretaria-de-saude\/wp-json\/wp\/v2\/posts\/2860\/revisions\/2861"}],"wp:attachment":[{"href":"https:\/\/www.pmpf.rs.gov.br\/secretaria-de-saude\/wp-json\/wp\/v2\/media?parent=2860"}],"wp:term":[{"taxonomy":"category","embeddable":true,"href":"https:\/\/www.pmpf.rs.gov.br\/secretaria-de-saude\/wp-json\/wp\/v2\/categories?post=2860"},{"taxonomy":"post_tag","embeddable":true,"href":"https:\/\/www.pmpf.rs.gov.br\/secretaria-de-saude\/wp-json\/wp\/v2\/tags?post=2860"}],"curies":[{"name":"wp","href":"https:\/\/api.w.org\/{rel}","templated":true}]}}