{"id":2856,"date":"2022-03-25T16:32:13","date_gmt":"2022-03-25T19:32:13","guid":{"rendered":"https:\/\/www.pmpf.rs.gov.br\/secretaria-de-saude\/?p=2856"},"modified":"2022-09-26T15:16:49","modified_gmt":"2022-09-26T18:16:49","slug":"cais-boqueirao-voltara-a-realizar-atendimentos-habituais-na-proxima-semana","status":"publish","type":"post","link":"https:\/\/www.pmpf.rs.gov.br\/secretaria-de-saude\/2022\/03\/25\/cais-boqueirao-voltara-a-realizar-atendimentos-habituais-na-proxima-semana\/","title":{"rendered":"Cais Boqueir\u00e3o voltar\u00e1 a realizar atendimentos habituais na pr\u00f3xima semana"},"content":{"rendered":"\n<p><br>A partir da pr\u00f3xima segunda-feira, 28 de mar\u00e7o, o Cais Boqueir\u00e3o deixar\u00e1 de atender Covid-19 e voltar\u00e1 a realizar os servi\u00e7os habituais. A reestrutura\u00e7\u00e3o foi feita pela Secretaria Municipal de Sa\u00fade diante da queda dos indicadores da pandemia.<\/p>\n\n\n\n<p>Conforme a secret\u00e1ria da pasta, Cristine Pilati, a popula\u00e7\u00e3o poder\u00e1 buscar a unidade para atendimentos como consultas m\u00e9dicas com cl\u00ednico geral e pediatra. \u201cTodos os servi\u00e7os que eram prestados antes voltar\u00e3o a ser executados pelas equipes de sa\u00fade no local. As consultas, por livre demanda, retornar\u00e3o na segunda-feira. J\u00e1 a sala de vacina\u00e7\u00e3o retornar\u00e1 gradativamente\u201d, pontuou.<\/p>\n\n\n\n<p><\/p>\n\n\n\n<p><strong>Atendimentos de Covid-19<br><\/strong>Com a mudan\u00e7a, os casos de suspeita ou confirma\u00e7\u00e3o de Covid-19 ser\u00e3o centralizados no Cais Petr\u00f3polis, que, em 2020, foi a primeira unidade adaptada pelo Munic\u00edpio para suprir a demanda do coronav\u00edrus. O local funciona todos os dias, 24 horas.<\/p>\n","protected":false},"excerpt":{"rendered":"<p>A partir de segunda-feira, 28 de mar\u00e7o, a unidade n\u00e3o atender\u00e1 mais Covid-19<\/p>\n","protected":false},"author":6,"featured_media":0,"comment_status":"closed","ping_status":"closed","sticky":false,"template":"","format":"standard","meta":{"footnotes":""},"categories":[3],"tags":[],"class_list":["post-2856","post","type-post","status-publish","format-standard","hentry","category-saude"],"yoast_head":"<!-- This site is optimized with the Yoast SEO plugin v23.8 - https:\/\/yoast.com\/wordpress\/plugins\/seo\/ -->\n<title>Cais Boqueir\u00e3o voltar\u00e1 a realizar atendimentos habituais na pr\u00f3xima semana - Secretaria de Sa\u00fade<\/title>\n<meta name=\"robots\" content=\"index, follow, max-snippet:-1, max-image-preview:large, max-video-preview:-1\" \/>\n<link rel=\"canonical\" href=\"https:\/\/www.pmpf.rs.gov.br\/secretaria-de-saude\/2022\/03\/25\/cais-boqueirao-voltara-a-realizar-atendimentos-habituais-na-proxima-semana\/\" \/>\n<meta property=\"og:locale\" content=\"pt_BR\" \/>\n<meta property=\"og:type\" content=\"article\" \/>\n<meta property=\"og:title\" content=\"Cais Boqueir\u00e3o voltar\u00e1 a realizar atendimentos habituais na pr\u00f3xima semana - Secretaria de Sa\u00fade\" \/>\n<meta property=\"og:description\" content=\"A partir de segunda-feira, 28 de mar\u00e7o, a unidade n\u00e3o atender\u00e1 mais Covid-19\" \/>\n<meta property=\"og:url\" content=\"https:\/\/www.pmpf.rs.gov.br\/secretaria-de-saude\/2022\/03\/25\/cais-boqueirao-voltara-a-realizar-atendimentos-habituais-na-proxima-semana\/\" \/>\n<meta property=\"og:site_name\" content=\"Secretaria de Sa\u00fade\" \/>\n<meta property=\"article:published_time\" content=\"2022-03-25T19:32:13+00:00\" \/>\n<meta property=\"article:modified_time\" content=\"2022-09-26T18:16:49+00:00\" \/>\n<meta name=\"author\" content=\"andressazorzetto07\" \/>\n<meta name=\"twitter:card\" content=\"summary_large_image\" \/>\n<meta name=\"twitter:label1\" content=\"Escrito por\" \/>\n\t<meta name=\"twitter:data1\" content=\"andressazorzetto07\" \/>\n\t<meta name=\"twitter:label2\" content=\"Est. tempo de leitura\" \/>\n\t<meta name=\"twitter:data2\" content=\"1 minuto\" \/>\n<script type=\"application\/ld+json\" class=\"yoast-schema-graph\">{\"@context\":\"https:\/\/schema.org\",\"@graph\":[{\"@type\":\"WebPage\",\"@id\":\"https:\/\/www.pmpf.rs.gov.br\/secretaria-de-saude\/2022\/03\/25\/cais-boqueirao-voltara-a-realizar-atendimentos-habituais-na-proxima-semana\/\",\"url\":\"https:\/\/www.pmpf.rs.gov.br\/secretaria-de-saude\/2022\/03\/25\/cais-boqueirao-voltara-a-realizar-atendimentos-habituais-na-proxima-semana\/\",\"name\":\"Cais Boqueir\u00e3o voltar\u00e1 a realizar atendimentos habituais na pr\u00f3xima semana - Secretaria de Sa\u00fade\",\"isPartOf\":{\"@id\":\"https:\/\/www.pmpf.rs.gov.br\/secretaria-de-saude\/#website\"},\"datePublished\":\"2022-03-25T19:32:13+00:00\",\"dateModified\":\"2022-09-26T18:16:49+00:00\",\"author\":{\"@id\":\"https:\/\/www.pmpf.rs.gov.br\/secretaria-de-saude\/#\/schema\/person\/30ee1d1bd74da1469b01fcf086e43351\"},\"breadcrumb\":{\"@id\":\"https:\/\/www.pmpf.rs.gov.br\/secretaria-de-saude\/2022\/03\/25\/cais-boqueirao-voltara-a-realizar-atendimentos-habituais-na-proxima-semana\/#breadcrumb\"},\"inLanguage\":\"pt-BR\",\"potentialAction\":[{\"@type\":\"ReadAction\",\"target\":[\"https:\/\/www.pmpf.rs.gov.br\/secretaria-de-saude\/2022\/03\/25\/cais-boqueirao-voltara-a-realizar-atendimentos-habituais-na-proxima-semana\/\"]}]},{\"@type\":\"BreadcrumbList\",\"@id\":\"https:\/\/www.pmpf.rs.gov.br\/secretaria-de-saude\/2022\/03\/25\/cais-boqueirao-voltara-a-realizar-atendimentos-habituais-na-proxima-semana\/#breadcrumb\",\"itemListElement\":[{\"@type\":\"ListItem\",\"position\":1,\"name\":\"In\u00edcio\",\"item\":\"https:\/\/www.pmpf.rs.gov.br\/secretaria-de-saude\/\"},{\"@type\":\"ListItem\",\"position\":2,\"name\":\"Cais Boqueir\u00e3o voltar\u00e1 a realizar atendimentos habituais na pr\u00f3xima semana\"}]},{\"@type\":\"WebSite\",\"@id\":\"https:\/\/www.pmpf.rs.gov.br\/secretaria-de-saude\/#website\",\"url\":\"https:\/\/www.pmpf.rs.gov.br\/secretaria-de-saude\/\",\"name\":\"Secretaria de Sa\u00fade\",\"description\":\"S\u00f3 mais um site Prefeitura de Passo Fundo\",\"potentialAction\":[{\"@type\":\"SearchAction\",\"target\":{\"@type\":\"EntryPoint\",\"urlTemplate\":\"https:\/\/www.pmpf.rs.gov.br\/secretaria-de-saude\/?s={search_term_string}\"},\"query-input\":{\"@type\":\"PropertyValueSpecification\",\"valueRequired\":true,\"valueName\":\"search_term_string\"}}],\"inLanguage\":\"pt-BR\"},{\"@type\":\"Person\",\"@id\":\"https:\/\/www.pmpf.rs.gov.br\/secretaria-de-saude\/#\/schema\/person\/30ee1d1bd74da1469b01fcf086e43351\",\"name\":\"andressazorzetto07\",\"image\":{\"@type\":\"ImageObject\",\"inLanguage\":\"pt-BR\",\"@id\":\"https:\/\/www.pmpf.rs.gov.br\/secretaria-de-saude\/#\/schema\/person\/image\/\",\"url\":\"https:\/\/secure.gravatar.com\/avatar\/14c5458ed79dc81da99a13b9ff5f9f19?s=96&d=mm&r=g\",\"contentUrl\":\"https:\/\/secure.gravatar.com\/avatar\/14c5458ed79dc81da99a13b9ff5f9f19?s=96&d=mm&r=g\",\"caption\":\"andressazorzetto07\"},\"url\":\"https:\/\/www.pmpf.rs.gov.br\/secretaria-de-saude\/author\/andressazorzetto07\/\"}]}<\/script>\n<!-- \/ Yoast SEO plugin. -->","yoast_head_json":{"title":"Cais Boqueir\u00e3o voltar\u00e1 a realizar atendimentos habituais na pr\u00f3xima semana - Secretaria de Sa\u00fade","robots":{"index":"index","follow":"follow","max-snippet":"max-snippet:-1","max-image-preview":"max-image-preview:large","max-video-preview":"max-video-preview:-1"},"canonical":"https:\/\/www.pmpf.rs.gov.br\/secretaria-de-saude\/2022\/03\/25\/cais-boqueirao-voltara-a-realizar-atendimentos-habituais-na-proxima-semana\/","og_locale":"pt_BR","og_type":"article","og_title":"Cais Boqueir\u00e3o voltar\u00e1 a realizar atendimentos habituais na pr\u00f3xima semana - Secretaria de Sa\u00fade","og_description":"A partir de segunda-feira, 28 de mar\u00e7o, a unidade n\u00e3o atender\u00e1 mais Covid-19","og_url":"https:\/\/www.pmpf.rs.gov.br\/secretaria-de-saude\/2022\/03\/25\/cais-boqueirao-voltara-a-realizar-atendimentos-habituais-na-proxima-semana\/","og_site_name":"Secretaria de Sa\u00fade","article_published_time":"2022-03-25T19:32:13+00:00","article_modified_time":"2022-09-26T18:16:49+00:00","author":"andressazorzetto07","twitter_card":"summary_large_image","twitter_misc":{"Escrito por":"andressazorzetto07","Est. tempo de leitura":"1 minuto"},"schema":{"@context":"https:\/\/schema.org","@graph":[{"@type":"WebPage","@id":"https:\/\/www.pmpf.rs.gov.br\/secretaria-de-saude\/2022\/03\/25\/cais-boqueirao-voltara-a-realizar-atendimentos-habituais-na-proxima-semana\/","url":"https:\/\/www.pmpf.rs.gov.br\/secretaria-de-saude\/2022\/03\/25\/cais-boqueirao-voltara-a-realizar-atendimentos-habituais-na-proxima-semana\/","name":"Cais Boqueir\u00e3o voltar\u00e1 a realizar atendimentos habituais na pr\u00f3xima semana - Secretaria de Sa\u00fade","isPartOf":{"@id":"https:\/\/www.pmpf.rs.gov.br\/secretaria-de-saude\/#website"},"datePublished":"2022-03-25T19:32:13+00:00","dateModified":"2022-09-26T18:16:49+00:00","author":{"@id":"https:\/\/www.pmpf.rs.gov.br\/secretaria-de-saude\/#\/schema\/person\/30ee1d1bd74da1469b01fcf086e43351"},"breadcrumb":{"@id":"https:\/\/www.pmpf.rs.gov.br\/secretaria-de-saude\/2022\/03\/25\/cais-boqueirao-voltara-a-realizar-atendimentos-habituais-na-proxima-semana\/#breadcrumb"},"inLanguage":"pt-BR","potentialAction":[{"@type":"ReadAction","target":["https:\/\/www.pmpf.rs.gov.br\/secretaria-de-saude\/2022\/03\/25\/cais-boqueirao-voltara-a-realizar-atendimentos-habituais-na-proxima-semana\/"]}]},{"@type":"BreadcrumbList","@id":"https:\/\/www.pmpf.rs.gov.br\/secretaria-de-saude\/2022\/03\/25\/cais-boqueirao-voltara-a-realizar-atendimentos-habituais-na-proxima-semana\/#breadcrumb","itemListElement":[{"@type":"ListItem","position":1,"name":"In\u00edcio","item":"https:\/\/www.pmpf.rs.gov.br\/secretaria-de-saude\/"},{"@type":"ListItem","position":2,"name":"Cais Boqueir\u00e3o voltar\u00e1 a realizar atendimentos habituais na pr\u00f3xima semana"}]},{"@type":"WebSite","@id":"https:\/\/www.pmpf.rs.gov.br\/secretaria-de-saude\/#website","url":"https:\/\/www.pmpf.rs.gov.br\/secretaria-de-saude\/","name":"Secretaria de Sa\u00fade","description":"S\u00f3 mais um site Prefeitura de Passo Fundo","potentialAction":[{"@type":"SearchAction","target":{"@type":"EntryPoint","urlTemplate":"https:\/\/www.pmpf.rs.gov.br\/secretaria-de-saude\/?s={search_term_string}"},"query-input":{"@type":"PropertyValueSpecification","valueRequired":true,"valueName":"search_term_string"}}],"inLanguage":"pt-BR"},{"@type":"Person","@id":"https:\/\/www.pmpf.rs.gov.br\/secretaria-de-saude\/#\/schema\/person\/30ee1d1bd74da1469b01fcf086e43351","name":"andressazorzetto07","image":{"@type":"ImageObject","inLanguage":"pt-BR","@id":"https:\/\/www.pmpf.rs.gov.br\/secretaria-de-saude\/#\/schema\/person\/image\/","url":"https:\/\/secure.gravatar.com\/avatar\/14c5458ed79dc81da99a13b9ff5f9f19?s=96&d=mm&r=g","contentUrl":"https:\/\/secure.gravatar.com\/avatar\/14c5458ed79dc81da99a13b9ff5f9f19?s=96&d=mm&r=g","caption":"andressazorzetto07"},"url":"https:\/\/www.pmpf.rs.gov.br\/secretaria-de-saude\/author\/andressazorzetto07\/"}]}},"_links":{"self":[{"href":"https:\/\/www.pmpf.rs.gov.br\/secretaria-de-saude\/wp-json\/wp\/v2\/posts\/2856"}],"collection":[{"href":"https:\/\/www.pmpf.rs.gov.br\/secretaria-de-saude\/wp-json\/wp\/v2\/posts"}],"about":[{"href":"https:\/\/www.pmpf.rs.gov.br\/secretaria-de-saude\/wp-json\/wp\/v2\/types\/post"}],"author":[{"embeddable":true,"href":"https:\/\/www.pmpf.rs.gov.br\/secretaria-de-saude\/wp-json\/wp\/v2\/users\/6"}],"replies":[{"embeddable":true,"href":"https:\/\/www.pmpf.rs.gov.br\/secretaria-de-saude\/wp-json\/wp\/v2\/comments?post=2856"}],"version-history":[{"count":1,"href":"https:\/\/www.pmpf.rs.gov.br\/secretaria-de-saude\/wp-json\/wp\/v2\/posts\/2856\/revisions"}],"predecessor-version":[{"id":2857,"href":"https:\/\/www.pmpf.rs.gov.br\/secretaria-de-saude\/wp-json\/wp\/v2\/posts\/2856\/revisions\/2857"}],"wp:attachment":[{"href":"https:\/\/www.pmpf.rs.gov.br\/secretaria-de-saude\/wp-json\/wp\/v2\/media?parent=2856"}],"wp:term":[{"taxonomy":"category","embeddable":true,"href":"https:\/\/www.pmpf.rs.gov.br\/secretaria-de-saude\/wp-json\/wp\/v2\/categories?post=2856"},{"taxonomy":"post_tag","embeddable":true,"href":"https:\/\/www.pmpf.rs.gov.br\/secretaria-de-saude\/wp-json\/wp\/v2\/tags?post=2856"}],"curies":[{"name":"wp","href":"https:\/\/api.w.org\/{rel}","templated":true}]}}