{"id":2847,"date":"2022-03-18T16:00:56","date_gmt":"2022-03-18T19:00:56","guid":{"rendered":"https:\/\/www.pmpf.rs.gov.br\/secretaria-de-saude\/?p=2847"},"modified":"2022-03-21T08:46:38","modified_gmt":"2022-03-21T11:46:38","slug":"cronograma-de-vacinacao-de-21-a-25-de-marco","status":"publish","type":"post","link":"https:\/\/www.pmpf.rs.gov.br\/secretaria-de-saude\/2022\/03\/18\/cronograma-de-vacinacao-de-21-a-25-de-marco\/","title":{"rendered":"Cronograma de vacina\u00e7\u00e3o de 21 a 25 de mar\u00e7o"},"content":{"rendered":"\n<p>Ser\u00e3o disponibilizadas primeiras, segundas e doses de refor\u00e7o. Confira:<\/p>\n\n\n\n<p><strong>21, 23, 24 e 25 de mar\u00e7o<\/strong><\/p>\n\n\n\n<p><em>1\u00aa dose<\/em><\/p>\n\n\n\n<p>Pessoas acima de 12 anos, gestantes e pu\u00e9rperas<\/p>\n\n\n\n<p><em>2\u00aa dose Pfizer<\/em><\/p>\n\n\n\n<p>Adolescentes que receberam a primeira dose at\u00e9 o dia 21 de fevereiro<\/p>\n\n\n\n<p>*Enquanto houver doses<\/p>\n\n\n\n<p><em>3\u00aa dose<\/em><\/p>\n\n\n\n<p>Pessoas acima de 18 anos que receberam a segunda dose at\u00e9 21 de novembro<\/p>\n\n\n\n<p>*Enquanto houver doses<\/p>\n\n\n\n<p>Locais:<br>Cais Vila Lu\u00edza, Cais H\u00edpica; UBS Vila Nova; Ambulat\u00f3rio de Especialidades; ESF Nen\u00ea Graeff; ESF Zachia; Ambulat\u00f3rio S\u00e3o Jos\u00e9; ESF Don\u00e1ria\/Santa Marta; ESF S\u00e3o Luiz Gonzaga; UBS Parque Farroupilha; ESF Adirbal Corralo; ESF Planaltina; ESF S\u00e3o Cristov\u00e3o; ESF Adolfo Groth; e ESF Jaboticabal.<\/p>\n\n\n\n<p>Hor\u00e1rios:<br>ESF, UBS e ambulat\u00f3rios: das 8h \u00e0s 11h30 e das 13h \u00e0s 16h<\/p>\n\n\n\n<p>Cais: das 8h \u00e0s 16h<\/p>\n\n\n\n<p><strong>22 de mar\u00e7o<\/strong><\/p>\n\n\n\n<p><em>1\u00aa dose<\/em><\/p>\n\n\n\n<p>Crian\u00e7as de 5 a 11 anos<\/p>\n\n\n\n<p>Documentos necess\u00e1rios: Carteira de vacina\u00e7\u00e3o e CPF ou Cart\u00e3o SUS<\/p>\n\n\n\n<p><em>2\u00aa dose <\/em><em>Pfizer<\/em><\/p>\n\n\n\n<p>Crian\u00e7as que receberam a primeira dose de Pfizer at\u00e9 o dia 26 de janeiro<\/p>\n\n\n\n<p><em>2\u00aa dose <\/em><em>Coronavac<\/em><\/p>\n\n\n\n<p>Crian\u00e7as que receberam a primeira dose de Coronavac at\u00e9 o dia 22 de fevereiro<\/p>\n\n\n\n<p>Locais:<br>Cais Vila Lu\u00edza, Cais H\u00edpica; UBS Vila Nova; Ambulat\u00f3rio de Especialidades; ESF Nen\u00ea Graeff; ESF Zachia; Ambulat\u00f3rio S\u00e3o Jos\u00e9; ESF Don\u00e1ria\/Santa Marta; ESF S\u00e3o Luiz Gonzaga; UBS Parque Farroupilha; ESF Adirbal Corralo; ESF Planaltina; ESF S\u00e3o Cristov\u00e3o; ESF Adolfo Groth; e ESF Jaboticabal.<\/p>\n\n\n\n<p>Hor\u00e1rios:<br>ESF, UBS e ambulat\u00f3rios: das 8h \u00e0s 11h30 e das 13h \u00e0s 16h<\/p>\n\n\n\n<p>Cais: das 8h \u00e0s 16h<\/p>\n\n\n\n<p>*Neste dia, n\u00e3o haver\u00e1 aplica\u00e7\u00e3o de outras vacinas nas unidades<\/p>\n\n\n\n<p><strong>22, 23 e 24 de mar\u00e7o<\/strong><\/p>\n\n\n\n<p><em>2\u00aa dose Coronavac<\/em><\/p>\n\n\n\n<p>Pessoas que precisam completar o esquema vacinal<\/p>\n\n\n\n<p>*Enquanto houver doses<\/p>\n\n\n\n<p><em>2\u00aa dose AstraZeneca<\/em><\/p>\n\n\n\n<p>Pessoas que precisam completar o esquema vacinal<\/p>\n\n\n\n<p>Intervalo m\u00ednimo 8 semanas<\/p>\n\n\n\n<p>*Enquanto houver doses<\/p>\n\n\n\n<p><em>Refor\u00e7o Janssen<\/em><\/p>\n\n\n\n<p>Pessoas acima de 18 anos que receberam a primeira dose da Janssen h\u00e1, no m\u00ednimo, dois meses<\/p>\n\n\n\n<p>*Enquanto houver doses<\/p>\n\n\n\n<p>Local: Central de Vacinas<\/p>\n\n\n\n<p>Hor\u00e1rio: das 8h \u00e0s 12h<\/p>\n\n\n\n<p><strong>25 de mar\u00e7o<\/strong><\/p>\n\n\n\n<p><em>Dose adicional adolescentes<\/em><\/p>\n\n\n\n<p>Adolescentes de 12 a 17 anos imunocomprometidos<\/p>\n\n\n\n<p>Intervalo m\u00ednimo de 8 semanas da segunda dose<\/p>\n\n\n\n<p><em>3\u00aa dose imunossuprimidos<\/em><\/p>\n\n\n\n<p>Local: Central de Vacinas<\/p>\n\n\n\n<p>Hor\u00e1rio: das 8h \u00e0s 12h<\/p>\n\n\n\n<p>Se encaixam como imunossupress\u00e3o:<br>&#8211; imunodefici\u00eancia prim\u00e1ria grave<br>&#8211; quimioterapia para c\u00e2ncer<br>&#8211; transplantados de \u00f3rg\u00e3o s\u00f3lido ou de c\u00e9lulas-tronco hematopoi\u00e9ticas (TCTH) em uso de drogas imunossupressoras<br>&#8211; pessoas vivendo com HIV\/Aids<br>&#8211; uso de corticoides em doses \u226520 mg\/dia de prednisona ou equivalente por \u226514 dias<br>&#8211; uso de drogas modificadoras da resposta imune;<br>&#8211; pacientes em hemodi\u00e1lise<br>&#8211; pacientes com doen\u00e7as imunomediadas inflamat\u00f3rias cr\u00f4nicas (reumatol\u00f3gicas, autoinflamat\u00f3rias, doen\u00e7as intestinais inflamat\u00f3rias)<\/p>\n","protected":false},"excerpt":{"rendered":"<p>A Secretaria Municipal de Sa\u00fade divulgou o cronograma da vacina\u00e7\u00e3o contra a Covid-19 para a pr\u00f3xima semana, entre os dias 21 a 25 de mar\u00e7o<\/p>\n","protected":false},"author":6,"featured_media":0,"comment_status":"closed","ping_status":"closed","sticky":true,"template":"","format":"standard","meta":{"footnotes":""},"categories":[3],"tags":[],"class_list":["post-2847","post","type-post","status-publish","format-standard","hentry","category-saude"],"yoast_head":"<!-- This site is optimized with the Yoast SEO plugin v23.8 - https:\/\/yoast.com\/wordpress\/plugins\/seo\/ -->\n<title>Cronograma de vacina\u00e7\u00e3o de 21 a 25 de mar\u00e7o - Secretaria de Sa\u00fade<\/title>\n<meta name=\"robots\" content=\"index, follow, max-snippet:-1, max-image-preview:large, max-video-preview:-1\" \/>\n<link rel=\"canonical\" href=\"https:\/\/www.pmpf.rs.gov.br\/secretaria-de-saude\/2022\/03\/18\/cronograma-de-vacinacao-de-21-a-25-de-marco\/\" \/>\n<meta property=\"og:locale\" content=\"pt_BR\" \/>\n<meta property=\"og:type\" content=\"article\" \/>\n<meta property=\"og:title\" content=\"Cronograma de vacina\u00e7\u00e3o de 21 a 25 de mar\u00e7o - Secretaria de Sa\u00fade\" \/>\n<meta property=\"og:description\" content=\"A Secretaria Municipal de Sa\u00fade divulgou o cronograma da vacina\u00e7\u00e3o contra a Covid-19 para a pr\u00f3xima semana, entre os dias 21 a 25 de mar\u00e7o\" \/>\n<meta property=\"og:url\" content=\"https:\/\/www.pmpf.rs.gov.br\/secretaria-de-saude\/2022\/03\/18\/cronograma-de-vacinacao-de-21-a-25-de-marco\/\" \/>\n<meta property=\"og:site_name\" content=\"Secretaria de Sa\u00fade\" \/>\n<meta property=\"article:published_time\" content=\"2022-03-18T19:00:56+00:00\" \/>\n<meta property=\"article:modified_time\" content=\"2022-03-21T11:46:38+00:00\" \/>\n<meta name=\"author\" content=\"andressazorzetto07\" \/>\n<meta name=\"twitter:card\" content=\"summary_large_image\" \/>\n<meta name=\"twitter:label1\" content=\"Escrito por\" \/>\n\t<meta name=\"twitter:data1\" content=\"andressazorzetto07\" \/>\n\t<meta name=\"twitter:label2\" content=\"Est. tempo de leitura\" \/>\n\t<meta name=\"twitter:data2\" content=\"2 minutos\" \/>\n<script type=\"application\/ld+json\" class=\"yoast-schema-graph\">{\"@context\":\"https:\/\/schema.org\",\"@graph\":[{\"@type\":\"WebPage\",\"@id\":\"https:\/\/www.pmpf.rs.gov.br\/secretaria-de-saude\/2022\/03\/18\/cronograma-de-vacinacao-de-21-a-25-de-marco\/\",\"url\":\"https:\/\/www.pmpf.rs.gov.br\/secretaria-de-saude\/2022\/03\/18\/cronograma-de-vacinacao-de-21-a-25-de-marco\/\",\"name\":\"Cronograma de vacina\u00e7\u00e3o de 21 a 25 de mar\u00e7o - Secretaria de Sa\u00fade\",\"isPartOf\":{\"@id\":\"https:\/\/www.pmpf.rs.gov.br\/secretaria-de-saude\/#website\"},\"datePublished\":\"2022-03-18T19:00:56+00:00\",\"dateModified\":\"2022-03-21T11:46:38+00:00\",\"author\":{\"@id\":\"https:\/\/www.pmpf.rs.gov.br\/secretaria-de-saude\/#\/schema\/person\/30ee1d1bd74da1469b01fcf086e43351\"},\"breadcrumb\":{\"@id\":\"https:\/\/www.pmpf.rs.gov.br\/secretaria-de-saude\/2022\/03\/18\/cronograma-de-vacinacao-de-21-a-25-de-marco\/#breadcrumb\"},\"inLanguage\":\"pt-BR\",\"potentialAction\":[{\"@type\":\"ReadAction\",\"target\":[\"https:\/\/www.pmpf.rs.gov.br\/secretaria-de-saude\/2022\/03\/18\/cronograma-de-vacinacao-de-21-a-25-de-marco\/\"]}]},{\"@type\":\"BreadcrumbList\",\"@id\":\"https:\/\/www.pmpf.rs.gov.br\/secretaria-de-saude\/2022\/03\/18\/cronograma-de-vacinacao-de-21-a-25-de-marco\/#breadcrumb\",\"itemListElement\":[{\"@type\":\"ListItem\",\"position\":1,\"name\":\"In\u00edcio\",\"item\":\"https:\/\/www.pmpf.rs.gov.br\/secretaria-de-saude\/\"},{\"@type\":\"ListItem\",\"position\":2,\"name\":\"Cronograma de vacina\u00e7\u00e3o de 21 a 25 de mar\u00e7o\"}]},{\"@type\":\"WebSite\",\"@id\":\"https:\/\/www.pmpf.rs.gov.br\/secretaria-de-saude\/#website\",\"url\":\"https:\/\/www.pmpf.rs.gov.br\/secretaria-de-saude\/\",\"name\":\"Secretaria de Sa\u00fade\",\"description\":\"S\u00f3 mais um site Prefeitura de Passo Fundo\",\"potentialAction\":[{\"@type\":\"SearchAction\",\"target\":{\"@type\":\"EntryPoint\",\"urlTemplate\":\"https:\/\/www.pmpf.rs.gov.br\/secretaria-de-saude\/?s={search_term_string}\"},\"query-input\":{\"@type\":\"PropertyValueSpecification\",\"valueRequired\":true,\"valueName\":\"search_term_string\"}}],\"inLanguage\":\"pt-BR\"},{\"@type\":\"Person\",\"@id\":\"https:\/\/www.pmpf.rs.gov.br\/secretaria-de-saude\/#\/schema\/person\/30ee1d1bd74da1469b01fcf086e43351\",\"name\":\"andressazorzetto07\",\"image\":{\"@type\":\"ImageObject\",\"inLanguage\":\"pt-BR\",\"@id\":\"https:\/\/www.pmpf.rs.gov.br\/secretaria-de-saude\/#\/schema\/person\/image\/\",\"url\":\"https:\/\/secure.gravatar.com\/avatar\/14c5458ed79dc81da99a13b9ff5f9f19?s=96&d=mm&r=g\",\"contentUrl\":\"https:\/\/secure.gravatar.com\/avatar\/14c5458ed79dc81da99a13b9ff5f9f19?s=96&d=mm&r=g\",\"caption\":\"andressazorzetto07\"},\"url\":\"https:\/\/www.pmpf.rs.gov.br\/secretaria-de-saude\/author\/andressazorzetto07\/\"}]}<\/script>\n<!-- \/ Yoast SEO plugin. -->","yoast_head_json":{"title":"Cronograma de vacina\u00e7\u00e3o de 21 a 25 de mar\u00e7o - Secretaria de Sa\u00fade","robots":{"index":"index","follow":"follow","max-snippet":"max-snippet:-1","max-image-preview":"max-image-preview:large","max-video-preview":"max-video-preview:-1"},"canonical":"https:\/\/www.pmpf.rs.gov.br\/secretaria-de-saude\/2022\/03\/18\/cronograma-de-vacinacao-de-21-a-25-de-marco\/","og_locale":"pt_BR","og_type":"article","og_title":"Cronograma de vacina\u00e7\u00e3o de 21 a 25 de mar\u00e7o - Secretaria de Sa\u00fade","og_description":"A Secretaria Municipal de Sa\u00fade divulgou o cronograma da vacina\u00e7\u00e3o contra a Covid-19 para a pr\u00f3xima semana, entre os dias 21 a 25 de mar\u00e7o","og_url":"https:\/\/www.pmpf.rs.gov.br\/secretaria-de-saude\/2022\/03\/18\/cronograma-de-vacinacao-de-21-a-25-de-marco\/","og_site_name":"Secretaria de Sa\u00fade","article_published_time":"2022-03-18T19:00:56+00:00","article_modified_time":"2022-03-21T11:46:38+00:00","author":"andressazorzetto07","twitter_card":"summary_large_image","twitter_misc":{"Escrito por":"andressazorzetto07","Est. tempo de leitura":"2 minutos"},"schema":{"@context":"https:\/\/schema.org","@graph":[{"@type":"WebPage","@id":"https:\/\/www.pmpf.rs.gov.br\/secretaria-de-saude\/2022\/03\/18\/cronograma-de-vacinacao-de-21-a-25-de-marco\/","url":"https:\/\/www.pmpf.rs.gov.br\/secretaria-de-saude\/2022\/03\/18\/cronograma-de-vacinacao-de-21-a-25-de-marco\/","name":"Cronograma de vacina\u00e7\u00e3o de 21 a 25 de mar\u00e7o - Secretaria de Sa\u00fade","isPartOf":{"@id":"https:\/\/www.pmpf.rs.gov.br\/secretaria-de-saude\/#website"},"datePublished":"2022-03-18T19:00:56+00:00","dateModified":"2022-03-21T11:46:38+00:00","author":{"@id":"https:\/\/www.pmpf.rs.gov.br\/secretaria-de-saude\/#\/schema\/person\/30ee1d1bd74da1469b01fcf086e43351"},"breadcrumb":{"@id":"https:\/\/www.pmpf.rs.gov.br\/secretaria-de-saude\/2022\/03\/18\/cronograma-de-vacinacao-de-21-a-25-de-marco\/#breadcrumb"},"inLanguage":"pt-BR","potentialAction":[{"@type":"ReadAction","target":["https:\/\/www.pmpf.rs.gov.br\/secretaria-de-saude\/2022\/03\/18\/cronograma-de-vacinacao-de-21-a-25-de-marco\/"]}]},{"@type":"BreadcrumbList","@id":"https:\/\/www.pmpf.rs.gov.br\/secretaria-de-saude\/2022\/03\/18\/cronograma-de-vacinacao-de-21-a-25-de-marco\/#breadcrumb","itemListElement":[{"@type":"ListItem","position":1,"name":"In\u00edcio","item":"https:\/\/www.pmpf.rs.gov.br\/secretaria-de-saude\/"},{"@type":"ListItem","position":2,"name":"Cronograma de vacina\u00e7\u00e3o de 21 a 25 de mar\u00e7o"}]},{"@type":"WebSite","@id":"https:\/\/www.pmpf.rs.gov.br\/secretaria-de-saude\/#website","url":"https:\/\/www.pmpf.rs.gov.br\/secretaria-de-saude\/","name":"Secretaria de Sa\u00fade","description":"S\u00f3 mais um site Prefeitura de Passo Fundo","potentialAction":[{"@type":"SearchAction","target":{"@type":"EntryPoint","urlTemplate":"https:\/\/www.pmpf.rs.gov.br\/secretaria-de-saude\/?s={search_term_string}"},"query-input":{"@type":"PropertyValueSpecification","valueRequired":true,"valueName":"search_term_string"}}],"inLanguage":"pt-BR"},{"@type":"Person","@id":"https:\/\/www.pmpf.rs.gov.br\/secretaria-de-saude\/#\/schema\/person\/30ee1d1bd74da1469b01fcf086e43351","name":"andressazorzetto07","image":{"@type":"ImageObject","inLanguage":"pt-BR","@id":"https:\/\/www.pmpf.rs.gov.br\/secretaria-de-saude\/#\/schema\/person\/image\/","url":"https:\/\/secure.gravatar.com\/avatar\/14c5458ed79dc81da99a13b9ff5f9f19?s=96&d=mm&r=g","contentUrl":"https:\/\/secure.gravatar.com\/avatar\/14c5458ed79dc81da99a13b9ff5f9f19?s=96&d=mm&r=g","caption":"andressazorzetto07"},"url":"https:\/\/www.pmpf.rs.gov.br\/secretaria-de-saude\/author\/andressazorzetto07\/"}]}},"_links":{"self":[{"href":"https:\/\/www.pmpf.rs.gov.br\/secretaria-de-saude\/wp-json\/wp\/v2\/posts\/2847"}],"collection":[{"href":"https:\/\/www.pmpf.rs.gov.br\/secretaria-de-saude\/wp-json\/wp\/v2\/posts"}],"about":[{"href":"https:\/\/www.pmpf.rs.gov.br\/secretaria-de-saude\/wp-json\/wp\/v2\/types\/post"}],"author":[{"embeddable":true,"href":"https:\/\/www.pmpf.rs.gov.br\/secretaria-de-saude\/wp-json\/wp\/v2\/users\/6"}],"replies":[{"embeddable":true,"href":"https:\/\/www.pmpf.rs.gov.br\/secretaria-de-saude\/wp-json\/wp\/v2\/comments?post=2847"}],"version-history":[{"count":2,"href":"https:\/\/www.pmpf.rs.gov.br\/secretaria-de-saude\/wp-json\/wp\/v2\/posts\/2847\/revisions"}],"predecessor-version":[{"id":2849,"href":"https:\/\/www.pmpf.rs.gov.br\/secretaria-de-saude\/wp-json\/wp\/v2\/posts\/2847\/revisions\/2849"}],"wp:attachment":[{"href":"https:\/\/www.pmpf.rs.gov.br\/secretaria-de-saude\/wp-json\/wp\/v2\/media?parent=2847"}],"wp:term":[{"taxonomy":"category","embeddable":true,"href":"https:\/\/www.pmpf.rs.gov.br\/secretaria-de-saude\/wp-json\/wp\/v2\/categories?post=2847"},{"taxonomy":"post_tag","embeddable":true,"href":"https:\/\/www.pmpf.rs.gov.br\/secretaria-de-saude\/wp-json\/wp\/v2\/tags?post=2847"}],"curies":[{"name":"wp","href":"https:\/\/api.w.org\/{rel}","templated":true}]}}