{"id":201,"date":"2005-02-24T03:00:00","date_gmt":"2005-02-24T06:00:00","guid":{"rendered":"https:\/\/www.pmpf.rs.gov.br\/secretaria-de-saude\/2005\/02\/24\/municipio-e-parceiro-do-estado-em-campanha-de-prevencao-as-ler-1217\/"},"modified":"2005-02-24T03:00:00","modified_gmt":"2005-02-24T06:00:00","slug":"municipio-e-parceiro-do-estado-em-campanha-de-prevencao-as-ler-1217","status":"publish","type":"post","link":"https:\/\/www.pmpf.rs.gov.br\/secretaria-de-saude\/2005\/02\/24\/municipio-e-parceiro-do-estado-em-campanha-de-prevencao-as-ler-1217\/","title":{"rendered":"Munic\u00edpio \u00e9 parceiro do Estado em campanha de preven\u00e7\u00e3o \u00e0s LER"},"content":{"rendered":"<p style=\"text-align: justify;\"><b style=\"\"><\/b><span style=\"\">A Administra\u00e7\u00e3o Municipal de Passo Fundo, atrav\u00e9s da Secretaria Municipal da Sa\u00fade (SMS), est\u00e1 engajada na Campanha de Combate \u00e0s Les\u00f5es de Esfor\u00e7os Repetitivos (LER) e Dist\u00farbios Osteomusculares Relacionados ao Trabalho (DORT), desenvolvida pelo Governo do Estado. O dia comemorativo ao combate a LER e DORT, em n\u00edvel estadual, \u00e9 28 de fevereiro.<\/span><\/p>\n<p style=\"text-align: justify;\"><span style=\"\"> No Munic\u00edpio, o setor que est\u00e1 diretamente envolvido com as atividades de combate \u00e0s doen\u00e7as \u00e9 o Centro Integrado de Aten\u00e7\u00e3o \u00e0 Sa\u00fade do Trabalhador (CIAST), \u00f3rg\u00e3o vinculado \u00e0 SMS.<\/span><\/p>\n<p style=\"text-align: justify;\"><span style=\"\"> A LER\/DORT pode ser conceituada como s\u00edndrome, ou seja, um conjunto de sinais e sintomas relacionados ao trabalho. Sintomas \u00e9 tudo aquilo que o paciente sente, como a dor; dorm\u00eancia, sensa\u00e7\u00e3o de peso, fadiga, geralmente nos membros superiores, mas pode acometer tamb\u00e9m os membros inferiores e os sinais, que \u00e9 tudo o que podemos visualizar como edema, vermelhid\u00e3o, deformidade, entre outros.  Entre as principais causas se pode determinar os movimentos repetitivos; posi\u00e7\u00f5es for\u00e7adas, permanecer muito tempo na mesma posi\u00e7\u00e3o (est\u00e1tico), usando determinada musculatura. Concentra\u00e7\u00e3o, aten\u00e7\u00e3o do trabalhador para realizar a atividade tamb\u00e9m s\u00e3o fatores desencadeantes. Tens\u00e3o imposta pela organiza\u00e7\u00e3o do trabalho (cobran\u00e7as, controle exagerado da chefia, seja pela produ\u00e7\u00e3o ou qualidade). Ritmo de trabalho intenso; pr\u00eamios e incentivos por produtividade; inadequa\u00e7\u00e3o do posto de trabalho dificultando a postura; e os limites de amplitude articular; e outros. Frio, vibra\u00e7\u00f5es, entre outros. Exig\u00eancias cognitivas (aprendizagem) exageradas, ou al\u00e9m da capacidade individual, causam ansiedade e tens\u00e3o.<\/span><\/p>\n<p style=\"text-align: justify;\"><span style=\"\"> A terminologia LER\/DORT \u00e9 geral; deve-se sempre estabelecer o diagn\u00f3stico especifico.  As principais patologias s\u00e3o: <\/span><\/p>\n<p style=\"text-align: justify;\"><span style=\"\"> CERVICALGIA \u2013 DOR NA REGI\u00c3O CERVICAL A PRINCIPAL CAUSA \u00c9 A TENS\u00c3O MUSCULAR.<\/span><\/p>\n<p style=\"text-align: justify;\"><span style=\"\"> TENDINITE:  INFLAMA\u00c7\u00c3O DOS TEND\u00d5ES;<\/span><\/p>\n<p style=\"text-align: justify;\"><span style=\"\"> TENOSSINOVITE : PODE OCORRER FORMA\u00c7\u00c3O DE N\u00d3DULO SOBRE O TEND\u00c3O OU INCHA\u00c7O SOBRE A BAINHA QUE RECOBRE O TEND\u00c3O  CAUSANDO PRESS\u00c3O, ESTALOS ARTICULARES E DOR;<\/span><\/p>\n<p style=\"text-align: justify;\"><span style=\"\"> LOMBALGIA: TENS\u00c3O DA MUSCULATURA LOMBAR.<\/span><\/p>\n<p style=\"text-align: justify;\"><span style=\"\"> DEDO EM GATILHO : DEFORMIDADE E PARALISA\u00c7\u00c3O. Ex. APERTAR ALICATES E TESOURAS, EST\u00c1 ASSOCIADO A REALIZA\u00c7\u00c3O DE FOR\u00c7A. <\/span><\/p>\n<p style=\"text-align: justify;\"><span style=\"\"> DOEN\u00c7A DE QUERVAIN; INFLAMA\u00c7\u00c3O DOS TEND\u00d5ES QUE PASSAM AO LADO DO POLEGAR E PUNHO. Ex. TORCER ROUPAS, PERTAR BOT\u00c3O COM O POLEGAR. <\/span><\/p>\n<p style=\"text-align: justify;\"><span style=\"\"> SINDROME DO T\u00daNEL DO CARPO: ESTREITAMENTO DO T\u00daNEL DO CARPO (PUNHO), O QUE CAUSA A COMPRESS\u00c3O DE V\u00c1RIAS ESTRUTURAS EXISTENTES AO LONGO DO T\u00daNEL, INCLUSIVE DO NERVO MEDIANO.EX.: DIGITADOR, EMPACOTADOR, MONTAGEM INDUSTRIAIS, ETC. <\/span><\/p>\n<p style=\"text-align: justify;\"><span style=\"\"> \u201cAs Les\u00f5es por Esfor\u00e7os Repetitivos (LER), ou Dist\u00farbios Osteomusculares Relacionados ao Trabalho (DORT), t\u00eam se tornado grave problema para a sa\u00fade p\u00fablica, devido aos n\u00fameros cada vez mais crescentes da doen\u00e7a, relacionada ou desencadeada pelas condi\u00e7\u00f5es em que o trabalho \u00e9 realizado ou inerente a determinadas atividades profissionais, como resultado de exig\u00eancias de produtividade e da qualidade\u201d, ensina a coordenadora do CIAST. Volnete Regina Pizzi.<\/span><\/p>\n<p style=\"text-align: justify;\"><span style=\"\"> Muitas vezes a carga cognitiva \u00e9 muito grande aliada ao rigor e cobran\u00e7a intensiva da chefia, com jornadas de trabalho excessivas sem flexibiliza\u00e7\u00e3o de hor\u00e1rios e pausas, al\u00e9m de equipamentos e postos de trabalhos inadequados.<\/span><\/p>\n<p style=\"text-align: justify;\"><span style=\"\"> A coordenadora do CIAST j\u00e1 iniciou uma s\u00e9rie de atividades, colocando Passo Fundo dentro das atividades de combate \u00e0s LER e DORT. Dentre estas, est\u00e3o agendadas entrevistas aos \u00f3rg\u00e3os de comunica\u00e7\u00e3o social do Munic\u00edpio, visando chamar a aten\u00e7\u00e3o da popula\u00e7\u00e3o para o problema.<\/span><\/p>\n","protected":false},"excerpt":{"rendered":"<p>Munic\u00edpio \u00e9 parceiro do Estado em campanha de preven\u00e7\u00e3o \u00e0s LER<\/p>\n","protected":false},"author":1,"featured_media":0,"comment_status":"open","ping_status":"open","sticky":false,"template":"","format":"standard","meta":{"footnotes":""},"categories":[],"tags":[],"class_list":["post-201","post","type-post","status-publish","format-standard","hentry"],"yoast_head":"<!-- This site is optimized with the Yoast SEO plugin v23.8 - https:\/\/yoast.com\/wordpress\/plugins\/seo\/ -->\n<title>Munic\u00edpio \u00e9 parceiro do Estado em campanha de preven\u00e7\u00e3o \u00e0s LER - Secretaria de Sa\u00fade<\/title>\n<meta name=\"robots\" content=\"index, follow, max-snippet:-1, max-image-preview:large, max-video-preview:-1\" \/>\n<link rel=\"canonical\" href=\"https:\/\/www.pmpf.rs.gov.br\/secretaria-de-saude\/2005\/02\/24\/municipio-e-parceiro-do-estado-em-campanha-de-prevencao-as-ler-1217\/\" \/>\n<meta property=\"og:locale\" content=\"pt_BR\" \/>\n<meta property=\"og:type\" content=\"article\" \/>\n<meta property=\"og:title\" content=\"Munic\u00edpio \u00e9 parceiro do Estado em campanha de preven\u00e7\u00e3o \u00e0s LER - Secretaria de Sa\u00fade\" \/>\n<meta property=\"og:description\" content=\"Munic\u00edpio \u00e9 parceiro do Estado em campanha de preven\u00e7\u00e3o \u00e0s LER\" \/>\n<meta property=\"og:url\" content=\"https:\/\/www.pmpf.rs.gov.br\/secretaria-de-saude\/2005\/02\/24\/municipio-e-parceiro-do-estado-em-campanha-de-prevencao-as-ler-1217\/\" \/>\n<meta property=\"og:site_name\" content=\"Secretaria de Sa\u00fade\" \/>\n<meta property=\"article:published_time\" content=\"2005-02-24T06:00:00+00:00\" \/>\n<meta name=\"author\" content=\"mosite\" \/>\n<meta name=\"twitter:card\" content=\"summary_large_image\" \/>\n<meta name=\"twitter:label1\" content=\"Escrito por\" \/>\n\t<meta name=\"twitter:data1\" content=\"mosite\" \/>\n\t<meta name=\"twitter:label2\" content=\"Est. tempo de leitura\" \/>\n\t<meta name=\"twitter:data2\" content=\"3 minutos\" \/>\n<script type=\"application\/ld+json\" class=\"yoast-schema-graph\">{\"@context\":\"https:\/\/schema.org\",\"@graph\":[{\"@type\":\"WebPage\",\"@id\":\"https:\/\/www.pmpf.rs.gov.br\/secretaria-de-saude\/2005\/02\/24\/municipio-e-parceiro-do-estado-em-campanha-de-prevencao-as-ler-1217\/\",\"url\":\"https:\/\/www.pmpf.rs.gov.br\/secretaria-de-saude\/2005\/02\/24\/municipio-e-parceiro-do-estado-em-campanha-de-prevencao-as-ler-1217\/\",\"name\":\"Munic\u00edpio \u00e9 parceiro do Estado em campanha de preven\u00e7\u00e3o \u00e0s LER - Secretaria de Sa\u00fade\",\"isPartOf\":{\"@id\":\"https:\/\/www.pmpf.rs.gov.br\/secretaria-de-saude\/#website\"},\"datePublished\":\"2005-02-24T06:00:00+00:00\",\"dateModified\":\"2005-02-24T06:00:00+00:00\",\"author\":{\"@id\":\"https:\/\/www.pmpf.rs.gov.br\/secretaria-de-saude\/#\/schema\/person\/0c355b0fa68a7aa986c8594f7a60a2d7\"},\"breadcrumb\":{\"@id\":\"https:\/\/www.pmpf.rs.gov.br\/secretaria-de-saude\/2005\/02\/24\/municipio-e-parceiro-do-estado-em-campanha-de-prevencao-as-ler-1217\/#breadcrumb\"},\"inLanguage\":\"pt-BR\",\"potentialAction\":[{\"@type\":\"ReadAction\",\"target\":[\"https:\/\/www.pmpf.rs.gov.br\/secretaria-de-saude\/2005\/02\/24\/municipio-e-parceiro-do-estado-em-campanha-de-prevencao-as-ler-1217\/\"]}]},{\"@type\":\"BreadcrumbList\",\"@id\":\"https:\/\/www.pmpf.rs.gov.br\/secretaria-de-saude\/2005\/02\/24\/municipio-e-parceiro-do-estado-em-campanha-de-prevencao-as-ler-1217\/#breadcrumb\",\"itemListElement\":[{\"@type\":\"ListItem\",\"position\":1,\"name\":\"In\u00edcio\",\"item\":\"https:\/\/www.pmpf.rs.gov.br\/secretaria-de-saude\/\"},{\"@type\":\"ListItem\",\"position\":2,\"name\":\"Munic\u00edpio \u00e9 parceiro do Estado em campanha de preven\u00e7\u00e3o \u00e0s LER\"}]},{\"@type\":\"WebSite\",\"@id\":\"https:\/\/www.pmpf.rs.gov.br\/secretaria-de-saude\/#website\",\"url\":\"https:\/\/www.pmpf.rs.gov.br\/secretaria-de-saude\/\",\"name\":\"Secretaria de Sa\u00fade\",\"description\":\"S\u00f3 mais um site Prefeitura de Passo Fundo\",\"potentialAction\":[{\"@type\":\"SearchAction\",\"target\":{\"@type\":\"EntryPoint\",\"urlTemplate\":\"https:\/\/www.pmpf.rs.gov.br\/secretaria-de-saude\/?s={search_term_string}\"},\"query-input\":{\"@type\":\"PropertyValueSpecification\",\"valueRequired\":true,\"valueName\":\"search_term_string\"}}],\"inLanguage\":\"pt-BR\"},{\"@type\":\"Person\",\"@id\":\"https:\/\/www.pmpf.rs.gov.br\/secretaria-de-saude\/#\/schema\/person\/0c355b0fa68a7aa986c8594f7a60a2d7\",\"name\":\"mosite\",\"image\":{\"@type\":\"ImageObject\",\"inLanguage\":\"pt-BR\",\"@id\":\"https:\/\/www.pmpf.rs.gov.br\/secretaria-de-saude\/#\/schema\/person\/image\/\",\"url\":\"https:\/\/secure.gravatar.com\/avatar\/63d72595d6cecfe12bd8a94829d5a26c?s=96&d=mm&r=g\",\"contentUrl\":\"https:\/\/secure.gravatar.com\/avatar\/63d72595d6cecfe12bd8a94829d5a26c?s=96&d=mm&r=g\",\"caption\":\"mosite\"},\"sameAs\":[\"http:\/\/example.com\"],\"url\":\"https:\/\/www.pmpf.rs.gov.br\/secretaria-de-saude\/author\/mosite\/\"}]}<\/script>\n<!-- \/ Yoast SEO plugin. -->","yoast_head_json":{"title":"Munic\u00edpio \u00e9 parceiro do Estado em campanha de preven\u00e7\u00e3o \u00e0s LER - Secretaria de Sa\u00fade","robots":{"index":"index","follow":"follow","max-snippet":"max-snippet:-1","max-image-preview":"max-image-preview:large","max-video-preview":"max-video-preview:-1"},"canonical":"https:\/\/www.pmpf.rs.gov.br\/secretaria-de-saude\/2005\/02\/24\/municipio-e-parceiro-do-estado-em-campanha-de-prevencao-as-ler-1217\/","og_locale":"pt_BR","og_type":"article","og_title":"Munic\u00edpio \u00e9 parceiro do Estado em campanha de preven\u00e7\u00e3o \u00e0s LER - Secretaria de Sa\u00fade","og_description":"Munic\u00edpio \u00e9 parceiro do Estado em campanha de preven\u00e7\u00e3o \u00e0s LER","og_url":"https:\/\/www.pmpf.rs.gov.br\/secretaria-de-saude\/2005\/02\/24\/municipio-e-parceiro-do-estado-em-campanha-de-prevencao-as-ler-1217\/","og_site_name":"Secretaria de Sa\u00fade","article_published_time":"2005-02-24T06:00:00+00:00","author":"mosite","twitter_card":"summary_large_image","twitter_misc":{"Escrito por":"mosite","Est. tempo de leitura":"3 minutos"},"schema":{"@context":"https:\/\/schema.org","@graph":[{"@type":"WebPage","@id":"https:\/\/www.pmpf.rs.gov.br\/secretaria-de-saude\/2005\/02\/24\/municipio-e-parceiro-do-estado-em-campanha-de-prevencao-as-ler-1217\/","url":"https:\/\/www.pmpf.rs.gov.br\/secretaria-de-saude\/2005\/02\/24\/municipio-e-parceiro-do-estado-em-campanha-de-prevencao-as-ler-1217\/","name":"Munic\u00edpio \u00e9 parceiro do Estado em campanha de preven\u00e7\u00e3o \u00e0s LER - Secretaria de Sa\u00fade","isPartOf":{"@id":"https:\/\/www.pmpf.rs.gov.br\/secretaria-de-saude\/#website"},"datePublished":"2005-02-24T06:00:00+00:00","dateModified":"2005-02-24T06:00:00+00:00","author":{"@id":"https:\/\/www.pmpf.rs.gov.br\/secretaria-de-saude\/#\/schema\/person\/0c355b0fa68a7aa986c8594f7a60a2d7"},"breadcrumb":{"@id":"https:\/\/www.pmpf.rs.gov.br\/secretaria-de-saude\/2005\/02\/24\/municipio-e-parceiro-do-estado-em-campanha-de-prevencao-as-ler-1217\/#breadcrumb"},"inLanguage":"pt-BR","potentialAction":[{"@type":"ReadAction","target":["https:\/\/www.pmpf.rs.gov.br\/secretaria-de-saude\/2005\/02\/24\/municipio-e-parceiro-do-estado-em-campanha-de-prevencao-as-ler-1217\/"]}]},{"@type":"BreadcrumbList","@id":"https:\/\/www.pmpf.rs.gov.br\/secretaria-de-saude\/2005\/02\/24\/municipio-e-parceiro-do-estado-em-campanha-de-prevencao-as-ler-1217\/#breadcrumb","itemListElement":[{"@type":"ListItem","position":1,"name":"In\u00edcio","item":"https:\/\/www.pmpf.rs.gov.br\/secretaria-de-saude\/"},{"@type":"ListItem","position":2,"name":"Munic\u00edpio \u00e9 parceiro do Estado em campanha de preven\u00e7\u00e3o \u00e0s LER"}]},{"@type":"WebSite","@id":"https:\/\/www.pmpf.rs.gov.br\/secretaria-de-saude\/#website","url":"https:\/\/www.pmpf.rs.gov.br\/secretaria-de-saude\/","name":"Secretaria de Sa\u00fade","description":"S\u00f3 mais um site Prefeitura de Passo Fundo","potentialAction":[{"@type":"SearchAction","target":{"@type":"EntryPoint","urlTemplate":"https:\/\/www.pmpf.rs.gov.br\/secretaria-de-saude\/?s={search_term_string}"},"query-input":{"@type":"PropertyValueSpecification","valueRequired":true,"valueName":"search_term_string"}}],"inLanguage":"pt-BR"},{"@type":"Person","@id":"https:\/\/www.pmpf.rs.gov.br\/secretaria-de-saude\/#\/schema\/person\/0c355b0fa68a7aa986c8594f7a60a2d7","name":"mosite","image":{"@type":"ImageObject","inLanguage":"pt-BR","@id":"https:\/\/www.pmpf.rs.gov.br\/secretaria-de-saude\/#\/schema\/person\/image\/","url":"https:\/\/secure.gravatar.com\/avatar\/63d72595d6cecfe12bd8a94829d5a26c?s=96&d=mm&r=g","contentUrl":"https:\/\/secure.gravatar.com\/avatar\/63d72595d6cecfe12bd8a94829d5a26c?s=96&d=mm&r=g","caption":"mosite"},"sameAs":["http:\/\/example.com"],"url":"https:\/\/www.pmpf.rs.gov.br\/secretaria-de-saude\/author\/mosite\/"}]}},"_links":{"self":[{"href":"https:\/\/www.pmpf.rs.gov.br\/secretaria-de-saude\/wp-json\/wp\/v2\/posts\/201"}],"collection":[{"href":"https:\/\/www.pmpf.rs.gov.br\/secretaria-de-saude\/wp-json\/wp\/v2\/posts"}],"about":[{"href":"https:\/\/www.pmpf.rs.gov.br\/secretaria-de-saude\/wp-json\/wp\/v2\/types\/post"}],"author":[{"embeddable":true,"href":"https:\/\/www.pmpf.rs.gov.br\/secretaria-de-saude\/wp-json\/wp\/v2\/users\/1"}],"replies":[{"embeddable":true,"href":"https:\/\/www.pmpf.rs.gov.br\/secretaria-de-saude\/wp-json\/wp\/v2\/comments?post=201"}],"version-history":[{"count":0,"href":"https:\/\/www.pmpf.rs.gov.br\/secretaria-de-saude\/wp-json\/wp\/v2\/posts\/201\/revisions"}],"wp:attachment":[{"href":"https:\/\/www.pmpf.rs.gov.br\/secretaria-de-saude\/wp-json\/wp\/v2\/media?parent=201"}],"wp:term":[{"taxonomy":"category","embeddable":true,"href":"https:\/\/www.pmpf.rs.gov.br\/secretaria-de-saude\/wp-json\/wp\/v2\/categories?post=201"},{"taxonomy":"post_tag","embeddable":true,"href":"https:\/\/www.pmpf.rs.gov.br\/secretaria-de-saude\/wp-json\/wp\/v2\/tags?post=201"}],"curies":[{"name":"wp","href":"https:\/\/api.w.org\/{rel}","templated":true}]}}