{"id":12,"date":"2015-10-13T03:00:00","date_gmt":"2015-10-13T06:00:00","guid":{"rendered":"https:\/\/www.pmpf.rs.gov.br\/secretaria-de-saude\/2015\/10\/13\/passo-fundo-conta-com-centro-de-reabilitacao-10103\/"},"modified":"2015-10-13T03:00:00","modified_gmt":"2015-10-13T06:00:00","slug":"passo-fundo-conta-com-centro-de-reabilitacao-10103","status":"publish","type":"post","link":"https:\/\/www.pmpf.rs.gov.br\/secretaria-de-saude\/2015\/10\/13\/passo-fundo-conta-com-centro-de-reabilitacao-10103\/","title":{"rendered":"Passo Fundo conta com centro de reabilita\u00e7\u00e3o"},"content":{"rendered":"<p>Com alcance de aproximadamente 95 munic\u00edpios da regi\u00e3o Norte que recebem atendimentos oferecidos de forma gratuita, a Associa\u00e7\u00e3o Crist\u00e3 de Deficientes F\u00edsicos (ACD) inaugurou nessa ter\u00e7a-feira (13) o Centro Especializado em Reabilita\u00e7\u00e3o II \u2013 F\u00edsico e Visual, que prestar\u00e1 atendimentos via Sistema \u00danico de Sa\u00fade (SUS) para pacientes que precisam de acompanhamento especial, devido aos problemas f\u00edsicos e de pessoas cegas. <\/p>\n<p>O presidente da entidade, Jo\u00e3o Luiz Horn, ressalta que s\u00e3o mais de 30 anos de luta em prol das pessoas que necessitam de atendimentos especiais. \u201c\u00c9 um momento importante onde fa\u00e7o um agradecimento com carinho e gratid\u00e3o a todos que fizeram parte deste sonho que se torna realidade\u201d, disse Jo\u00e3o Luiz.<\/p>\n<p>Conforme o prefeito de Passo Fundo, Luciano Azevedo, a ACD presta um servi\u00e7o importante e que merece ser reconhecido pela comunidade. \u201c\u00c9 um trabalho s\u00e9rio e de credibilidade, que tem ajudado muitas pessoas ao longo dos anos. Agora, a associa\u00e7\u00e3o amplia seus servi\u00e7os para qualificar o atendimento e proporcionar uma sa\u00fade melhor para estas pessoas\u201d, disse Luciano. <\/p>\n<p>A ACD-Sa\u00fade \u00e9 um servi\u00e7o credenciado pelo Minist\u00e9rio da Sa\u00fade para prestar servi\u00e7os de reabilita\u00e7\u00e3o f\u00edsica e visual. Podem procurar atendimento pessoas com defici\u00eancias tempor\u00e1rias ou permanentes, progressivas, regressivas ou est\u00e1veis, intermitente ou cont\u00ednua, dos munic\u00edpios pertencentes a 6\u00aa e a 11\u00aa coordenadorias regionais de sa\u00fade. <\/p>\n<p>A entidade trabalha com pessoas que precisam de diversos atendimentos, como \u00f3rteses, pr\u00f3teses e meios auxiliares de locomo\u00e7\u00e3o. Segundo o presidente, s\u00e3o disponibilizadas mais de 70 cadeiras de rodas mensalmente.<\/p>\n<p>O Centro Especializado em Reabilita\u00e7\u00e3o F\u00edsica e Visual disponibilizar\u00e1 profissionais com atendimento na \u00e1rea da sa\u00fade e contar\u00e1 com um grupo de 28 funcion\u00e1rios. A sede est\u00e1 localizado na Rua Domingos Gomes, 12 \u2013 Bairro Santa Marta. <\/p>\n<\/p>\n<p>Foto \u2013 Alex Borgmann <\/p>\n","protected":false},"excerpt":{"rendered":"<p>A ACD inaugurou o Centro Especializado em Reabilita\u00e7\u00e3o II \u2013 F\u00edsico e Visual<\/p>\n","protected":false},"author":1,"featured_media":13,"comment_status":"open","ping_status":"open","sticky":false,"template":"","format":"standard","meta":{"footnotes":""},"categories":[],"tags":[],"class_list":["post-12","post","type-post","status-publish","format-standard","has-post-thumbnail","hentry"],"yoast_head":"<!-- This site is optimized with the Yoast SEO plugin v23.8 - https:\/\/yoast.com\/wordpress\/plugins\/seo\/ -->\n<title>Passo Fundo conta com centro de reabilita\u00e7\u00e3o - Secretaria de Sa\u00fade<\/title>\n<meta name=\"robots\" content=\"index, follow, max-snippet:-1, max-image-preview:large, max-video-preview:-1\" \/>\n<link rel=\"canonical\" href=\"https:\/\/www.pmpf.rs.gov.br\/secretaria-de-saude\/2015\/10\/13\/passo-fundo-conta-com-centro-de-reabilitacao-10103\/\" \/>\n<meta property=\"og:locale\" content=\"pt_BR\" \/>\n<meta property=\"og:type\" content=\"article\" \/>\n<meta property=\"og:title\" content=\"Passo Fundo conta com centro de reabilita\u00e7\u00e3o - Secretaria de Sa\u00fade\" \/>\n<meta property=\"og:description\" content=\"A ACD inaugurou o Centro Especializado em Reabilita\u00e7\u00e3o II \u2013 F\u00edsico e Visual\" \/>\n<meta property=\"og:url\" content=\"https:\/\/www.pmpf.rs.gov.br\/secretaria-de-saude\/2015\/10\/13\/passo-fundo-conta-com-centro-de-reabilitacao-10103\/\" \/>\n<meta property=\"og:site_name\" content=\"Secretaria de Sa\u00fade\" \/>\n<meta property=\"article:published_time\" content=\"2015-10-13T06:00:00+00:00\" \/>\n<meta property=\"og:image\" content=\"https:\/\/www.pmpf.rs.gov.br\/secretaria-de-saude\/wp-content\/uploads\/sites\/50\/2021\/12\/I2015-10-13_052303_339528.jpg\" \/>\n\t<meta property=\"og:image:width\" content=\"2048\" \/>\n\t<meta property=\"og:image:height\" content=\"1347\" \/>\n\t<meta property=\"og:image:type\" content=\"image\/jpeg\" \/>\n<meta name=\"author\" content=\"mosite\" \/>\n<meta name=\"twitter:card\" content=\"summary_large_image\" \/>\n<meta name=\"twitter:label1\" content=\"Escrito por\" \/>\n\t<meta name=\"twitter:data1\" content=\"mosite\" \/>\n\t<meta name=\"twitter:label2\" content=\"Est. tempo de leitura\" \/>\n\t<meta name=\"twitter:data2\" content=\"2 minutos\" \/>\n<script type=\"application\/ld+json\" class=\"yoast-schema-graph\">{\"@context\":\"https:\/\/schema.org\",\"@graph\":[{\"@type\":\"WebPage\",\"@id\":\"https:\/\/www.pmpf.rs.gov.br\/secretaria-de-saude\/2015\/10\/13\/passo-fundo-conta-com-centro-de-reabilitacao-10103\/\",\"url\":\"https:\/\/www.pmpf.rs.gov.br\/secretaria-de-saude\/2015\/10\/13\/passo-fundo-conta-com-centro-de-reabilitacao-10103\/\",\"name\":\"Passo Fundo conta com centro de reabilita\u00e7\u00e3o - Secretaria de Sa\u00fade\",\"isPartOf\":{\"@id\":\"https:\/\/www.pmpf.rs.gov.br\/secretaria-de-saude\/#website\"},\"primaryImageOfPage\":{\"@id\":\"https:\/\/www.pmpf.rs.gov.br\/secretaria-de-saude\/2015\/10\/13\/passo-fundo-conta-com-centro-de-reabilitacao-10103\/#primaryimage\"},\"image\":{\"@id\":\"https:\/\/www.pmpf.rs.gov.br\/secretaria-de-saude\/2015\/10\/13\/passo-fundo-conta-com-centro-de-reabilitacao-10103\/#primaryimage\"},\"thumbnailUrl\":\"https:\/\/www.pmpf.rs.gov.br\/secretaria-de-saude\/wp-content\/uploads\/sites\/50\/2021\/12\/I2015-10-13_052303_339528.jpg\",\"datePublished\":\"2015-10-13T06:00:00+00:00\",\"dateModified\":\"2015-10-13T06:00:00+00:00\",\"author\":{\"@id\":\"https:\/\/www.pmpf.rs.gov.br\/secretaria-de-saude\/#\/schema\/person\/0c355b0fa68a7aa986c8594f7a60a2d7\"},\"breadcrumb\":{\"@id\":\"https:\/\/www.pmpf.rs.gov.br\/secretaria-de-saude\/2015\/10\/13\/passo-fundo-conta-com-centro-de-reabilitacao-10103\/#breadcrumb\"},\"inLanguage\":\"pt-BR\",\"potentialAction\":[{\"@type\":\"ReadAction\",\"target\":[\"https:\/\/www.pmpf.rs.gov.br\/secretaria-de-saude\/2015\/10\/13\/passo-fundo-conta-com-centro-de-reabilitacao-10103\/\"]}]},{\"@type\":\"ImageObject\",\"inLanguage\":\"pt-BR\",\"@id\":\"https:\/\/www.pmpf.rs.gov.br\/secretaria-de-saude\/2015\/10\/13\/passo-fundo-conta-com-centro-de-reabilitacao-10103\/#primaryimage\",\"url\":\"https:\/\/www.pmpf.rs.gov.br\/secretaria-de-saude\/wp-content\/uploads\/sites\/50\/2021\/12\/I2015-10-13_052303_339528.jpg\",\"contentUrl\":\"https:\/\/www.pmpf.rs.gov.br\/secretaria-de-saude\/wp-content\/uploads\/sites\/50\/2021\/12\/I2015-10-13_052303_339528.jpg\",\"width\":2048,\"height\":1347},{\"@type\":\"BreadcrumbList\",\"@id\":\"https:\/\/www.pmpf.rs.gov.br\/secretaria-de-saude\/2015\/10\/13\/passo-fundo-conta-com-centro-de-reabilitacao-10103\/#breadcrumb\",\"itemListElement\":[{\"@type\":\"ListItem\",\"position\":1,\"name\":\"In\u00edcio\",\"item\":\"https:\/\/www.pmpf.rs.gov.br\/secretaria-de-saude\/\"},{\"@type\":\"ListItem\",\"position\":2,\"name\":\"Passo Fundo conta com centro de reabilita\u00e7\u00e3o\"}]},{\"@type\":\"WebSite\",\"@id\":\"https:\/\/www.pmpf.rs.gov.br\/secretaria-de-saude\/#website\",\"url\":\"https:\/\/www.pmpf.rs.gov.br\/secretaria-de-saude\/\",\"name\":\"Secretaria de Sa\u00fade\",\"description\":\"S\u00f3 mais um site Prefeitura de Passo Fundo\",\"potentialAction\":[{\"@type\":\"SearchAction\",\"target\":{\"@type\":\"EntryPoint\",\"urlTemplate\":\"https:\/\/www.pmpf.rs.gov.br\/secretaria-de-saude\/?s={search_term_string}\"},\"query-input\":{\"@type\":\"PropertyValueSpecification\",\"valueRequired\":true,\"valueName\":\"search_term_string\"}}],\"inLanguage\":\"pt-BR\"},{\"@type\":\"Person\",\"@id\":\"https:\/\/www.pmpf.rs.gov.br\/secretaria-de-saude\/#\/schema\/person\/0c355b0fa68a7aa986c8594f7a60a2d7\",\"name\":\"mosite\",\"image\":{\"@type\":\"ImageObject\",\"inLanguage\":\"pt-BR\",\"@id\":\"https:\/\/www.pmpf.rs.gov.br\/secretaria-de-saude\/#\/schema\/person\/image\/\",\"url\":\"https:\/\/secure.gravatar.com\/avatar\/63d72595d6cecfe12bd8a94829d5a26c?s=96&d=mm&r=g\",\"contentUrl\":\"https:\/\/secure.gravatar.com\/avatar\/63d72595d6cecfe12bd8a94829d5a26c?s=96&d=mm&r=g\",\"caption\":\"mosite\"},\"sameAs\":[\"http:\/\/example.com\"],\"url\":\"https:\/\/www.pmpf.rs.gov.br\/secretaria-de-saude\/author\/mosite\/\"}]}<\/script>\n<!-- \/ Yoast SEO plugin. -->","yoast_head_json":{"title":"Passo Fundo conta com centro de reabilita\u00e7\u00e3o - Secretaria de Sa\u00fade","robots":{"index":"index","follow":"follow","max-snippet":"max-snippet:-1","max-image-preview":"max-image-preview:large","max-video-preview":"max-video-preview:-1"},"canonical":"https:\/\/www.pmpf.rs.gov.br\/secretaria-de-saude\/2015\/10\/13\/passo-fundo-conta-com-centro-de-reabilitacao-10103\/","og_locale":"pt_BR","og_type":"article","og_title":"Passo Fundo conta com centro de reabilita\u00e7\u00e3o - Secretaria de Sa\u00fade","og_description":"A ACD inaugurou o Centro Especializado em Reabilita\u00e7\u00e3o II \u2013 F\u00edsico e Visual","og_url":"https:\/\/www.pmpf.rs.gov.br\/secretaria-de-saude\/2015\/10\/13\/passo-fundo-conta-com-centro-de-reabilitacao-10103\/","og_site_name":"Secretaria de Sa\u00fade","article_published_time":"2015-10-13T06:00:00+00:00","og_image":[{"width":2048,"height":1347,"url":"https:\/\/www.pmpf.rs.gov.br\/secretaria-de-saude\/wp-content\/uploads\/sites\/50\/2021\/12\/I2015-10-13_052303_339528.jpg","type":"image\/jpeg"}],"author":"mosite","twitter_card":"summary_large_image","twitter_misc":{"Escrito por":"mosite","Est. tempo de leitura":"2 minutos"},"schema":{"@context":"https:\/\/schema.org","@graph":[{"@type":"WebPage","@id":"https:\/\/www.pmpf.rs.gov.br\/secretaria-de-saude\/2015\/10\/13\/passo-fundo-conta-com-centro-de-reabilitacao-10103\/","url":"https:\/\/www.pmpf.rs.gov.br\/secretaria-de-saude\/2015\/10\/13\/passo-fundo-conta-com-centro-de-reabilitacao-10103\/","name":"Passo Fundo conta com centro de reabilita\u00e7\u00e3o - Secretaria de Sa\u00fade","isPartOf":{"@id":"https:\/\/www.pmpf.rs.gov.br\/secretaria-de-saude\/#website"},"primaryImageOfPage":{"@id":"https:\/\/www.pmpf.rs.gov.br\/secretaria-de-saude\/2015\/10\/13\/passo-fundo-conta-com-centro-de-reabilitacao-10103\/#primaryimage"},"image":{"@id":"https:\/\/www.pmpf.rs.gov.br\/secretaria-de-saude\/2015\/10\/13\/passo-fundo-conta-com-centro-de-reabilitacao-10103\/#primaryimage"},"thumbnailUrl":"https:\/\/www.pmpf.rs.gov.br\/secretaria-de-saude\/wp-content\/uploads\/sites\/50\/2021\/12\/I2015-10-13_052303_339528.jpg","datePublished":"2015-10-13T06:00:00+00:00","dateModified":"2015-10-13T06:00:00+00:00","author":{"@id":"https:\/\/www.pmpf.rs.gov.br\/secretaria-de-saude\/#\/schema\/person\/0c355b0fa68a7aa986c8594f7a60a2d7"},"breadcrumb":{"@id":"https:\/\/www.pmpf.rs.gov.br\/secretaria-de-saude\/2015\/10\/13\/passo-fundo-conta-com-centro-de-reabilitacao-10103\/#breadcrumb"},"inLanguage":"pt-BR","potentialAction":[{"@type":"ReadAction","target":["https:\/\/www.pmpf.rs.gov.br\/secretaria-de-saude\/2015\/10\/13\/passo-fundo-conta-com-centro-de-reabilitacao-10103\/"]}]},{"@type":"ImageObject","inLanguage":"pt-BR","@id":"https:\/\/www.pmpf.rs.gov.br\/secretaria-de-saude\/2015\/10\/13\/passo-fundo-conta-com-centro-de-reabilitacao-10103\/#primaryimage","url":"https:\/\/www.pmpf.rs.gov.br\/secretaria-de-saude\/wp-content\/uploads\/sites\/50\/2021\/12\/I2015-10-13_052303_339528.jpg","contentUrl":"https:\/\/www.pmpf.rs.gov.br\/secretaria-de-saude\/wp-content\/uploads\/sites\/50\/2021\/12\/I2015-10-13_052303_339528.jpg","width":2048,"height":1347},{"@type":"BreadcrumbList","@id":"https:\/\/www.pmpf.rs.gov.br\/secretaria-de-saude\/2015\/10\/13\/passo-fundo-conta-com-centro-de-reabilitacao-10103\/#breadcrumb","itemListElement":[{"@type":"ListItem","position":1,"name":"In\u00edcio","item":"https:\/\/www.pmpf.rs.gov.br\/secretaria-de-saude\/"},{"@type":"ListItem","position":2,"name":"Passo Fundo conta com centro de reabilita\u00e7\u00e3o"}]},{"@type":"WebSite","@id":"https:\/\/www.pmpf.rs.gov.br\/secretaria-de-saude\/#website","url":"https:\/\/www.pmpf.rs.gov.br\/secretaria-de-saude\/","name":"Secretaria de Sa\u00fade","description":"S\u00f3 mais um site Prefeitura de Passo Fundo","potentialAction":[{"@type":"SearchAction","target":{"@type":"EntryPoint","urlTemplate":"https:\/\/www.pmpf.rs.gov.br\/secretaria-de-saude\/?s={search_term_string}"},"query-input":{"@type":"PropertyValueSpecification","valueRequired":true,"valueName":"search_term_string"}}],"inLanguage":"pt-BR"},{"@type":"Person","@id":"https:\/\/www.pmpf.rs.gov.br\/secretaria-de-saude\/#\/schema\/person\/0c355b0fa68a7aa986c8594f7a60a2d7","name":"mosite","image":{"@type":"ImageObject","inLanguage":"pt-BR","@id":"https:\/\/www.pmpf.rs.gov.br\/secretaria-de-saude\/#\/schema\/person\/image\/","url":"https:\/\/secure.gravatar.com\/avatar\/63d72595d6cecfe12bd8a94829d5a26c?s=96&d=mm&r=g","contentUrl":"https:\/\/secure.gravatar.com\/avatar\/63d72595d6cecfe12bd8a94829d5a26c?s=96&d=mm&r=g","caption":"mosite"},"sameAs":["http:\/\/example.com"],"url":"https:\/\/www.pmpf.rs.gov.br\/secretaria-de-saude\/author\/mosite\/"}]}},"_links":{"self":[{"href":"https:\/\/www.pmpf.rs.gov.br\/secretaria-de-saude\/wp-json\/wp\/v2\/posts\/12"}],"collection":[{"href":"https:\/\/www.pmpf.rs.gov.br\/secretaria-de-saude\/wp-json\/wp\/v2\/posts"}],"about":[{"href":"https:\/\/www.pmpf.rs.gov.br\/secretaria-de-saude\/wp-json\/wp\/v2\/types\/post"}],"author":[{"embeddable":true,"href":"https:\/\/www.pmpf.rs.gov.br\/secretaria-de-saude\/wp-json\/wp\/v2\/users\/1"}],"replies":[{"embeddable":true,"href":"https:\/\/www.pmpf.rs.gov.br\/secretaria-de-saude\/wp-json\/wp\/v2\/comments?post=12"}],"version-history":[{"count":0,"href":"https:\/\/www.pmpf.rs.gov.br\/secretaria-de-saude\/wp-json\/wp\/v2\/posts\/12\/revisions"}],"wp:featuredmedia":[{"embeddable":true,"href":"https:\/\/www.pmpf.rs.gov.br\/secretaria-de-saude\/wp-json\/wp\/v2\/media\/13"}],"wp:attachment":[{"href":"https:\/\/www.pmpf.rs.gov.br\/secretaria-de-saude\/wp-json\/wp\/v2\/media?parent=12"}],"wp:term":[{"taxonomy":"category","embeddable":true,"href":"https:\/\/www.pmpf.rs.gov.br\/secretaria-de-saude\/wp-json\/wp\/v2\/categories?post=12"},{"taxonomy":"post_tag","embeddable":true,"href":"https:\/\/www.pmpf.rs.gov.br\/secretaria-de-saude\/wp-json\/wp\/v2\/tags?post=12"}],"curies":[{"name":"wp","href":"https:\/\/api.w.org\/{rel}","templated":true}]}}