{"id":879,"date":"2021-12-01T19:54:22","date_gmt":"2021-12-01T22:54:22","guid":{"rendered":"https:\/\/www.pmpf.rs.gov.br\/secretaria-de-planejamento\/2021\/12\/01\/mais-um-espaco-viva-a-praca-15171\/"},"modified":"2021-12-01T19:54:22","modified_gmt":"2021-12-01T22:54:22","slug":"mais-um-espaco-viva-a-praca-15171","status":"publish","type":"post","link":"https:\/\/www.pmpf.rs.gov.br\/secretaria-de-planejamento\/2021\/12\/01\/mais-um-espaco-viva-a-praca-15171\/","title":{"rendered":"Mais um espa\u00e7o Viva a Pra\u00e7a"},"content":{"rendered":"<p align=\"left\" style=\"margin-bottom: 0cm; font-variant-numeric: normal; font-variant-east-asian: normal; line-height: 100%;\"><span style=\"  \">A Prefeitura de Passo Fundo revitalizou mais um espa\u00e7o pelo programa Viva a Pra\u00e7a, Agora, a pra\u00e7a do Bairro H\u00edpica conta com \u00e1rea de lazer, playground infantil, ilumina\u00e7\u00e3o, internet wi-fi gratuita e videomonitoramento, que poder\u00e3o ser utilizados por toda a comunidade.<\/span><\/p>\n<p align=\"left\" style=\"margin-bottom: 0cm; font-variant-numeric: normal; font-variant-east-asian: normal; line-height: 100%;\"> A entrega foi feita pelo prefeito, Pedro Almeida, na manh\u00e3 desta quarta-feira (1). Ele considerou que o programa foi criado para qualificar os bairros, possibilitando a ocupa\u00e7\u00e3o pelos moradores. \u201cQuando a cidade fica melhor, a vida das pessoas tamb\u00e9m fica. Por isso, trabalhamos para que as fam\u00edlias possam usufruir de locais seguros, limpos e estruturados. Essa \u00e9 a segunda pra\u00e7a que recebeu a iniciativa e, em breve, outras oito, em diversos pontos da cidade, tamb\u00e9m receber\u00e3o\u201d, afirmou.<\/p>\n<p align=\"left\" style=\"margin-bottom: 0cm; font-variant-numeric: normal; font-variant-east-asian: normal; line-height: 100%;\"> Moradores das proximidades e alunos e professores das escolas de Educa\u00e7\u00e3o Infantil Sonho Encantado e de Ensino Fundamental Daniel Dipp acompanharam a apresenta\u00e7\u00e3o. Em seguida, utilizaram os novos equipamentos.<\/p>\n<p align=\"left\" style=\"margin-bottom: 0cm; font-variant-numeric: normal; font-variant-east-asian: normal; line-height: 100%;\"> A diretora da escola Daniel Dipp, Ana Delise Cassol, enfatizou a import\u00e2ncia do espa\u00e7o para o desenvolvimento das crian\u00e7as. \u201cO Viva a Pra\u00e7a \u00e9 um programa que beneficia toda a comunidade, criando espa\u00e7os bonitos, acolhedores, coloridos. N\u00f3s agradecemos o cuidado com a pra\u00e7a e com o Bairro H\u00edpica. Essa pra\u00e7a vai ajudar no crescimento das nossas crian\u00e7as\u201d, disse.<\/p>\n<p align=\"left\" style=\"margin-bottom: 0cm; font-variant-numeric: normal; font-variant-east-asian: normal; line-height: 100%;\"> Representando a C\u00e2mara de Vereadores, o vereador Gio Krug destacou que a revitaliza\u00e7\u00e3o das pra\u00e7as traz melhorias diretas para o dia a dia dos moradores. \u201cTamb\u00e9m quero agradecer a aten\u00e7\u00e3o especial da Prefeitura aos bairros. As pra\u00e7as proporcionam momentos agrad\u00e1veis e de descontra\u00e7\u00e3o para crian\u00e7as e suas fam\u00edlias\u201d, pontuou.<\/p>\n<p align=\"left\" style=\"margin-bottom: 0cm; font-variant-numeric: normal; font-variant-east-asian: normal; line-height: 100%;\"> O vice-prefeito, Jo\u00e3o Pedro Nunes, refor\u00e7ou a import\u00e2ncia da comunidade ajudar a cuidar dos espa\u00e7os p\u00fablicos. \u201cO Viva a Pra\u00e7a ajuda na constru\u00e7\u00e3o da cidadania. As comunidades devem utilizar os espa\u00e7os e ajudar a cuidar do que \u00e9 de todos\u201d, ressaltou.<\/p>\n<p align=\"left\" style=\"margin-bottom: 0cm; font-variant-numeric: normal; font-variant-east-asian: normal; line-height: 100%;\"><\/p>\n<p align=\"left\" style=\"margin-bottom: 0cm; font-variant-numeric: normal; font-variant-east-asian: normal; line-height: 100%;\"> <b>A\u00e7\u00f5es pensadas para os moradores<\/b><\/p>\n<p align=\"left\" style=\"margin-bottom: 0cm; font-variant-numeric: normal; font-variant-east-asian: normal; line-height: 100%;\"> Entre as principais novidades implementadas a partir do Viva a Pra\u00e7a, est\u00e1 a internet p\u00fablica, que possibilita a conex\u00e3o para os moradores do entorno. Ainda, as c\u00e2meras de videomonitoramento, com espelhamento das imagens na Secretaria de Seguran\u00e7a e na Brigada Militar.<\/p>\n<p align=\"left\" style=\"margin-bottom: 0cm; font-variant-numeric: normal; font-variant-east-asian: normal; line-height: 100%;\"> At\u00e9 o fim do ano, tamb\u00e9m ser\u00e1 inaugurada pelo programa a pra\u00e7a do Loteamento Copacabana, ao lado da EMEI Maria Elizabetth. Conforme o secret\u00e1rio de Planejamento, Giezi Schneider, a pasta realizou o mapeamento dos locais, priorizando os espa\u00e7os p\u00fablicos pr\u00f3ximos de escolas e dos n\u00facleos dos bairros para facilitar a utiliza\u00e7\u00e3o por parte da comunidade. \u201cA ideia \u00e9 que moradores de bairros afastados do centro possam ter momentos de lazer e conviv\u00eancia sem precisar de grandes deslocamentos\u201d, pontuou.<\/p>\n<p align=\"left\" style=\"margin-bottom: 0cm; line-height: 100%;\"> <span style=\"font-variant-numeric: normal; font-variant-east-asian: normal;\">A <\/span><span style=\"font-variant-numeric: normal; font-variant-east-asian: normal;\">revitaliza\u00e7\u00e3o<\/span><span style=\"font-variant-numeric: normal; font-variant-east-asian: normal;\"> dos tr\u00eas primeiros espa\u00e7os tem a parceria da RazaoInfo Internet, que disponibilizou os servi\u00e7os de internet, e da Cl\u00ednica Recuperar, da AM Incorpora\u00e7\u00f5es e da BRA Construtora, que adquiriram e instalaram, <\/span><span style=\"font-variant-numeric: normal; font-variant-east-asian: normal;\">por meio<\/span><span style=\"font-variant-numeric: normal; font-variant-east-asian: normal;\"> de medida compensat\u00f3ria, os bancos e os playgrounds.<\/span><\/p>\n<p align=\"left\" style=\"margin-bottom: 0cm; line-height: 100%;\"><span style=\"font-variant-numeric: normal; font-variant-east-asian: normal;\"><br \/><\/span><\/p>\n<p align=\"left\" style=\"margin-bottom: 0cm; line-height: 100%;\"><span style=\"font-variant-numeric: normal; font-variant-east-asian: normal;\"><b style=\"\">Fotos: Michel Sanderi<\/b><\/span><\/p>\n","protected":false},"excerpt":{"rendered":"<p>Prefeitura entrega mais um espa\u00e7o pelo programa Viva a Pra\u00e7a, no Bairro H\u00edpica<\/p>\n","protected":false},"author":1,"featured_media":880,"comment_status":"open","ping_status":"open","sticky":false,"template":"","format":"standard","meta":{"footnotes":""},"categories":[],"tags":[],"class_list":["post-879","post","type-post","status-publish","format-standard","has-post-thumbnail","hentry"],"yoast_head":"<!-- This site is optimized with the Yoast SEO plugin v23.8 - https:\/\/yoast.com\/wordpress\/plugins\/seo\/ -->\n<title>Mais um espa\u00e7o Viva a Pra\u00e7a - Secretaria de Planejamento<\/title>\n<meta name=\"robots\" content=\"index, follow, max-snippet:-1, max-image-preview:large, max-video-preview:-1\" \/>\n<link rel=\"canonical\" href=\"https:\/\/www.pmpf.rs.gov.br\/secretaria-de-planejamento\/2021\/12\/01\/mais-um-espaco-viva-a-praca-15171\/\" \/>\n<meta property=\"og:locale\" content=\"pt_BR\" \/>\n<meta property=\"og:type\" content=\"article\" \/>\n<meta property=\"og:title\" content=\"Mais um espa\u00e7o Viva a Pra\u00e7a - Secretaria de Planejamento\" \/>\n<meta property=\"og:description\" content=\"Prefeitura entrega mais um espa\u00e7o pelo programa Viva a Pra\u00e7a, no Bairro H\u00edpica\" \/>\n<meta property=\"og:url\" content=\"https:\/\/www.pmpf.rs.gov.br\/secretaria-de-planejamento\/2021\/12\/01\/mais-um-espaco-viva-a-praca-15171\/\" \/>\n<meta property=\"og:site_name\" content=\"Secretaria de Planejamento\" \/>\n<meta property=\"article:published_time\" content=\"2021-12-01T22:54:22+00:00\" \/>\n<meta property=\"og:image\" content=\"https:\/\/www.pmpf.rs.gov.br\/secretaria-de-planejamento\/wp-content\/uploads\/sites\/52\/2021\/12\/I2021-12-01_165520_402193.jpg\" \/>\n\t<meta property=\"og:image:width\" content=\"1280\" \/>\n\t<meta property=\"og:image:height\" content=\"853\" \/>\n\t<meta property=\"og:image:type\" content=\"image\/jpeg\" \/>\n<meta name=\"author\" content=\"mosite\" \/>\n<meta name=\"twitter:card\" content=\"summary_large_image\" \/>\n<meta name=\"twitter:label1\" content=\"Escrito por\" \/>\n\t<meta name=\"twitter:data1\" content=\"mosite\" \/>\n\t<meta name=\"twitter:label2\" content=\"Est. tempo de leitura\" \/>\n\t<meta name=\"twitter:data2\" content=\"3 minutos\" \/>\n<script type=\"application\/ld+json\" class=\"yoast-schema-graph\">{\"@context\":\"https:\/\/schema.org\",\"@graph\":[{\"@type\":\"WebPage\",\"@id\":\"https:\/\/www.pmpf.rs.gov.br\/secretaria-de-planejamento\/2021\/12\/01\/mais-um-espaco-viva-a-praca-15171\/\",\"url\":\"https:\/\/www.pmpf.rs.gov.br\/secretaria-de-planejamento\/2021\/12\/01\/mais-um-espaco-viva-a-praca-15171\/\",\"name\":\"Mais um espa\u00e7o Viva a Pra\u00e7a - Secretaria de Planejamento\",\"isPartOf\":{\"@id\":\"https:\/\/www.pmpf.rs.gov.br\/secretaria-de-planejamento\/#website\"},\"primaryImageOfPage\":{\"@id\":\"https:\/\/www.pmpf.rs.gov.br\/secretaria-de-planejamento\/2021\/12\/01\/mais-um-espaco-viva-a-praca-15171\/#primaryimage\"},\"image\":{\"@id\":\"https:\/\/www.pmpf.rs.gov.br\/secretaria-de-planejamento\/2021\/12\/01\/mais-um-espaco-viva-a-praca-15171\/#primaryimage\"},\"thumbnailUrl\":\"https:\/\/www.pmpf.rs.gov.br\/secretaria-de-planejamento\/wp-content\/uploads\/sites\/52\/2021\/12\/I2021-12-01_165520_402193.jpg\",\"datePublished\":\"2021-12-01T22:54:22+00:00\",\"dateModified\":\"2021-12-01T22:54:22+00:00\",\"author\":{\"@id\":\"https:\/\/www.pmpf.rs.gov.br\/secretaria-de-planejamento\/#\/schema\/person\/0c355b0fa68a7aa986c8594f7a60a2d7\"},\"breadcrumb\":{\"@id\":\"https:\/\/www.pmpf.rs.gov.br\/secretaria-de-planejamento\/2021\/12\/01\/mais-um-espaco-viva-a-praca-15171\/#breadcrumb\"},\"inLanguage\":\"pt-BR\",\"potentialAction\":[{\"@type\":\"ReadAction\",\"target\":[\"https:\/\/www.pmpf.rs.gov.br\/secretaria-de-planejamento\/2021\/12\/01\/mais-um-espaco-viva-a-praca-15171\/\"]}]},{\"@type\":\"ImageObject\",\"inLanguage\":\"pt-BR\",\"@id\":\"https:\/\/www.pmpf.rs.gov.br\/secretaria-de-planejamento\/2021\/12\/01\/mais-um-espaco-viva-a-praca-15171\/#primaryimage\",\"url\":\"https:\/\/www.pmpf.rs.gov.br\/secretaria-de-planejamento\/wp-content\/uploads\/sites\/52\/2021\/12\/I2021-12-01_165520_402193.jpg\",\"contentUrl\":\"https:\/\/www.pmpf.rs.gov.br\/secretaria-de-planejamento\/wp-content\/uploads\/sites\/52\/2021\/12\/I2021-12-01_165520_402193.jpg\",\"width\":1280,\"height\":853},{\"@type\":\"BreadcrumbList\",\"@id\":\"https:\/\/www.pmpf.rs.gov.br\/secretaria-de-planejamento\/2021\/12\/01\/mais-um-espaco-viva-a-praca-15171\/#breadcrumb\",\"itemListElement\":[{\"@type\":\"ListItem\",\"position\":1,\"name\":\"In\u00edcio\",\"item\":\"https:\/\/www.pmpf.rs.gov.br\/secretaria-de-planejamento\/\"},{\"@type\":\"ListItem\",\"position\":2,\"name\":\"Mais um espa\u00e7o Viva a Pra\u00e7a\"}]},{\"@type\":\"WebSite\",\"@id\":\"https:\/\/www.pmpf.rs.gov.br\/secretaria-de-planejamento\/#website\",\"url\":\"https:\/\/www.pmpf.rs.gov.br\/secretaria-de-planejamento\/\",\"name\":\"Secretaria de Planejamento\",\"description\":\"S\u00f3 mais um site Prefeitura de Passo Fundo\",\"potentialAction\":[{\"@type\":\"SearchAction\",\"target\":{\"@type\":\"EntryPoint\",\"urlTemplate\":\"https:\/\/www.pmpf.rs.gov.br\/secretaria-de-planejamento\/?s={search_term_string}\"},\"query-input\":{\"@type\":\"PropertyValueSpecification\",\"valueRequired\":true,\"valueName\":\"search_term_string\"}}],\"inLanguage\":\"pt-BR\"},{\"@type\":\"Person\",\"@id\":\"https:\/\/www.pmpf.rs.gov.br\/secretaria-de-planejamento\/#\/schema\/person\/0c355b0fa68a7aa986c8594f7a60a2d7\",\"name\":\"mosite\",\"image\":{\"@type\":\"ImageObject\",\"inLanguage\":\"pt-BR\",\"@id\":\"https:\/\/www.pmpf.rs.gov.br\/secretaria-de-planejamento\/#\/schema\/person\/image\/\",\"url\":\"https:\/\/secure.gravatar.com\/avatar\/63d72595d6cecfe12bd8a94829d5a26c?s=96&d=mm&r=g\",\"contentUrl\":\"https:\/\/secure.gravatar.com\/avatar\/63d72595d6cecfe12bd8a94829d5a26c?s=96&d=mm&r=g\",\"caption\":\"mosite\"},\"sameAs\":[\"http:\/\/example.com\"],\"url\":\"https:\/\/www.pmpf.rs.gov.br\/secretaria-de-planejamento\/author\/mosite\/\"}]}<\/script>\n<!-- \/ Yoast SEO plugin. -->","yoast_head_json":{"title":"Mais um espa\u00e7o Viva a Pra\u00e7a - Secretaria de Planejamento","robots":{"index":"index","follow":"follow","max-snippet":"max-snippet:-1","max-image-preview":"max-image-preview:large","max-video-preview":"max-video-preview:-1"},"canonical":"https:\/\/www.pmpf.rs.gov.br\/secretaria-de-planejamento\/2021\/12\/01\/mais-um-espaco-viva-a-praca-15171\/","og_locale":"pt_BR","og_type":"article","og_title":"Mais um espa\u00e7o Viva a Pra\u00e7a - Secretaria de Planejamento","og_description":"Prefeitura entrega mais um espa\u00e7o pelo programa Viva a Pra\u00e7a, no Bairro H\u00edpica","og_url":"https:\/\/www.pmpf.rs.gov.br\/secretaria-de-planejamento\/2021\/12\/01\/mais-um-espaco-viva-a-praca-15171\/","og_site_name":"Secretaria de Planejamento","article_published_time":"2021-12-01T22:54:22+00:00","og_image":[{"width":1280,"height":853,"url":"https:\/\/www.pmpf.rs.gov.br\/secretaria-de-planejamento\/wp-content\/uploads\/sites\/52\/2021\/12\/I2021-12-01_165520_402193.jpg","type":"image\/jpeg"}],"author":"mosite","twitter_card":"summary_large_image","twitter_misc":{"Escrito por":"mosite","Est. tempo de leitura":"3 minutos"},"schema":{"@context":"https:\/\/schema.org","@graph":[{"@type":"WebPage","@id":"https:\/\/www.pmpf.rs.gov.br\/secretaria-de-planejamento\/2021\/12\/01\/mais-um-espaco-viva-a-praca-15171\/","url":"https:\/\/www.pmpf.rs.gov.br\/secretaria-de-planejamento\/2021\/12\/01\/mais-um-espaco-viva-a-praca-15171\/","name":"Mais um espa\u00e7o Viva a Pra\u00e7a - Secretaria de Planejamento","isPartOf":{"@id":"https:\/\/www.pmpf.rs.gov.br\/secretaria-de-planejamento\/#website"},"primaryImageOfPage":{"@id":"https:\/\/www.pmpf.rs.gov.br\/secretaria-de-planejamento\/2021\/12\/01\/mais-um-espaco-viva-a-praca-15171\/#primaryimage"},"image":{"@id":"https:\/\/www.pmpf.rs.gov.br\/secretaria-de-planejamento\/2021\/12\/01\/mais-um-espaco-viva-a-praca-15171\/#primaryimage"},"thumbnailUrl":"https:\/\/www.pmpf.rs.gov.br\/secretaria-de-planejamento\/wp-content\/uploads\/sites\/52\/2021\/12\/I2021-12-01_165520_402193.jpg","datePublished":"2021-12-01T22:54:22+00:00","dateModified":"2021-12-01T22:54:22+00:00","author":{"@id":"https:\/\/www.pmpf.rs.gov.br\/secretaria-de-planejamento\/#\/schema\/person\/0c355b0fa68a7aa986c8594f7a60a2d7"},"breadcrumb":{"@id":"https:\/\/www.pmpf.rs.gov.br\/secretaria-de-planejamento\/2021\/12\/01\/mais-um-espaco-viva-a-praca-15171\/#breadcrumb"},"inLanguage":"pt-BR","potentialAction":[{"@type":"ReadAction","target":["https:\/\/www.pmpf.rs.gov.br\/secretaria-de-planejamento\/2021\/12\/01\/mais-um-espaco-viva-a-praca-15171\/"]}]},{"@type":"ImageObject","inLanguage":"pt-BR","@id":"https:\/\/www.pmpf.rs.gov.br\/secretaria-de-planejamento\/2021\/12\/01\/mais-um-espaco-viva-a-praca-15171\/#primaryimage","url":"https:\/\/www.pmpf.rs.gov.br\/secretaria-de-planejamento\/wp-content\/uploads\/sites\/52\/2021\/12\/I2021-12-01_165520_402193.jpg","contentUrl":"https:\/\/www.pmpf.rs.gov.br\/secretaria-de-planejamento\/wp-content\/uploads\/sites\/52\/2021\/12\/I2021-12-01_165520_402193.jpg","width":1280,"height":853},{"@type":"BreadcrumbList","@id":"https:\/\/www.pmpf.rs.gov.br\/secretaria-de-planejamento\/2021\/12\/01\/mais-um-espaco-viva-a-praca-15171\/#breadcrumb","itemListElement":[{"@type":"ListItem","position":1,"name":"In\u00edcio","item":"https:\/\/www.pmpf.rs.gov.br\/secretaria-de-planejamento\/"},{"@type":"ListItem","position":2,"name":"Mais um espa\u00e7o Viva a Pra\u00e7a"}]},{"@type":"WebSite","@id":"https:\/\/www.pmpf.rs.gov.br\/secretaria-de-planejamento\/#website","url":"https:\/\/www.pmpf.rs.gov.br\/secretaria-de-planejamento\/","name":"Secretaria de Planejamento","description":"S\u00f3 mais um site Prefeitura de Passo Fundo","potentialAction":[{"@type":"SearchAction","target":{"@type":"EntryPoint","urlTemplate":"https:\/\/www.pmpf.rs.gov.br\/secretaria-de-planejamento\/?s={search_term_string}"},"query-input":{"@type":"PropertyValueSpecification","valueRequired":true,"valueName":"search_term_string"}}],"inLanguage":"pt-BR"},{"@type":"Person","@id":"https:\/\/www.pmpf.rs.gov.br\/secretaria-de-planejamento\/#\/schema\/person\/0c355b0fa68a7aa986c8594f7a60a2d7","name":"mosite","image":{"@type":"ImageObject","inLanguage":"pt-BR","@id":"https:\/\/www.pmpf.rs.gov.br\/secretaria-de-planejamento\/#\/schema\/person\/image\/","url":"https:\/\/secure.gravatar.com\/avatar\/63d72595d6cecfe12bd8a94829d5a26c?s=96&d=mm&r=g","contentUrl":"https:\/\/secure.gravatar.com\/avatar\/63d72595d6cecfe12bd8a94829d5a26c?s=96&d=mm&r=g","caption":"mosite"},"sameAs":["http:\/\/example.com"],"url":"https:\/\/www.pmpf.rs.gov.br\/secretaria-de-planejamento\/author\/mosite\/"}]}},"_links":{"self":[{"href":"https:\/\/www.pmpf.rs.gov.br\/secretaria-de-planejamento\/wp-json\/wp\/v2\/posts\/879"}],"collection":[{"href":"https:\/\/www.pmpf.rs.gov.br\/secretaria-de-planejamento\/wp-json\/wp\/v2\/posts"}],"about":[{"href":"https:\/\/www.pmpf.rs.gov.br\/secretaria-de-planejamento\/wp-json\/wp\/v2\/types\/post"}],"author":[{"embeddable":true,"href":"https:\/\/www.pmpf.rs.gov.br\/secretaria-de-planejamento\/wp-json\/wp\/v2\/users\/1"}],"replies":[{"embeddable":true,"href":"https:\/\/www.pmpf.rs.gov.br\/secretaria-de-planejamento\/wp-json\/wp\/v2\/comments?post=879"}],"version-history":[{"count":0,"href":"https:\/\/www.pmpf.rs.gov.br\/secretaria-de-planejamento\/wp-json\/wp\/v2\/posts\/879\/revisions"}],"wp:featuredmedia":[{"embeddable":true,"href":"https:\/\/www.pmpf.rs.gov.br\/secretaria-de-planejamento\/wp-json\/wp\/v2\/media\/880"}],"wp:attachment":[{"href":"https:\/\/www.pmpf.rs.gov.br\/secretaria-de-planejamento\/wp-json\/wp\/v2\/media?parent=879"}],"wp:term":[{"taxonomy":"category","embeddable":true,"href":"https:\/\/www.pmpf.rs.gov.br\/secretaria-de-planejamento\/wp-json\/wp\/v2\/categories?post=879"},{"taxonomy":"post_tag","embeddable":true,"href":"https:\/\/www.pmpf.rs.gov.br\/secretaria-de-planejamento\/wp-json\/wp\/v2\/tags?post=879"}],"curies":[{"name":"wp","href":"https:\/\/api.w.org\/{rel}","templated":true}]}}