{"id":877,"date":"2021-08-11T17:25:13","date_gmt":"2021-08-11T20:25:13","guid":{"rendered":"https:\/\/www.pmpf.rs.gov.br\/secretaria-de-planejamento\/2021\/08\/11\/obra-da-escola-dos-autistas-e-retomada-15007\/"},"modified":"2021-08-11T17:25:13","modified_gmt":"2021-08-11T20:25:13","slug":"obra-da-escola-dos-autistas-e-retomada-15007","status":"publish","type":"post","link":"https:\/\/www.pmpf.rs.gov.br\/secretaria-de-planejamento\/2021\/08\/11\/obra-da-escola-dos-autistas-e-retomada-15007\/","title":{"rendered":"Obra da Escola dos Autistas \u00e9 retomada"},"content":{"rendered":"<p align=\"justify\" style=\"margin-bottom: 0cm; line-height: 100%;\"><span style=\"\">A Prefeitura de Passo Fundo retomou, no in\u00edcio do m\u00eas de agosto, as obras da Escola Olga Caetano Dias, a Escola dos Autistas. Os trabalhos haviam sido interrompidos em mar\u00e7o, em fun\u00e7\u00e3o de problemas com a empresa vencedora da licita\u00e7\u00e3o, que n\u00e3o cumpriu o que estava previsto em contrato. Foi necess\u00e1rio realizar nova licita\u00e7\u00e3o e, depois do processo conclu\u00eddo, o Munic\u00edpio conseguiu retomar a obra.<\/span><\/p>\n<p align=\"justify\" style=\"margin-bottom: 0cm; line-height: 100%;\">\u201cA Escola dos Autistas \u00e9 uma obra muito importante e um pedido das fam\u00edlias de autistas e de todos que querem um atendimento qualificado e humanizado para esse p\u00fablico\u201d, afirmou o prefeito Pedro Almeida. Conforme o secret\u00e1rio de Planejamento, Giezi Schneider, os trabalhos devem durar 12 meses.\u00a0<\/p>\n<p align=\"justify\" style=\"margin-bottom: 0cm; line-height: 100%;\">A \u00e1rea constru\u00edda ter\u00e1 mais de 740 metros quadrados. Ser\u00e3o oito salas de aula, sala de m\u00fasica, sala de artes, sala de inform\u00e1tica, sala de brinquedoteca, sala de atividades m\u00faltiplas e sala de atividades da vida di\u00e1ria (AVD), al\u00e9m de setor administrativo, setor de servi\u00e7o e \u00e1rea externa, que inclui horta, caminho multi-sensorial, playground e \u00e1rea gramada.<\/p>\n<p align=\"justify\" style=\"margin-bottom: 0cm; line-height: 100%;\">  <\/p>\n","protected":false},"excerpt":{"rendered":"<p>Prefeito se re\u00fane com vereadores da base e apresenta a\u00e7\u00f5es do governo<\/p>\n","protected":false},"author":1,"featured_media":878,"comment_status":"open","ping_status":"open","sticky":false,"template":"","format":"standard","meta":{"footnotes":""},"categories":[],"tags":[],"class_list":["post-877","post","type-post","status-publish","format-standard","has-post-thumbnail","hentry"],"yoast_head":"<!-- This site is optimized with the Yoast SEO plugin v23.8 - https:\/\/yoast.com\/wordpress\/plugins\/seo\/ -->\n<title>Obra da Escola dos Autistas \u00e9 retomada - Secretaria de Planejamento<\/title>\n<meta name=\"robots\" content=\"index, follow, max-snippet:-1, max-image-preview:large, max-video-preview:-1\" \/>\n<link rel=\"canonical\" href=\"https:\/\/www.pmpf.rs.gov.br\/secretaria-de-planejamento\/2021\/08\/11\/obra-da-escola-dos-autistas-e-retomada-15007\/\" \/>\n<meta property=\"og:locale\" content=\"pt_BR\" \/>\n<meta property=\"og:type\" content=\"article\" \/>\n<meta property=\"og:title\" content=\"Obra da Escola dos Autistas \u00e9 retomada - Secretaria de Planejamento\" \/>\n<meta property=\"og:description\" content=\"Prefeito se re\u00fane com vereadores da base e apresenta a\u00e7\u00f5es do governo\" \/>\n<meta property=\"og:url\" content=\"https:\/\/www.pmpf.rs.gov.br\/secretaria-de-planejamento\/2021\/08\/11\/obra-da-escola-dos-autistas-e-retomada-15007\/\" \/>\n<meta property=\"og:site_name\" content=\"Secretaria de Planejamento\" \/>\n<meta property=\"article:published_time\" content=\"2021-08-11T20:25:13+00:00\" \/>\n<meta property=\"og:image\" content=\"https:\/\/www.pmpf.rs.gov.br\/secretaria-de-planejamento\/wp-content\/uploads\/sites\/52\/2021\/12\/I2021-08-11_143024_402193.jpg\" \/>\n\t<meta property=\"og:image:width\" content=\"1280\" \/>\n\t<meta property=\"og:image:height\" content=\"853\" \/>\n\t<meta property=\"og:image:type\" content=\"image\/jpeg\" \/>\n<meta name=\"author\" content=\"mosite\" \/>\n<meta name=\"twitter:card\" content=\"summary_large_image\" \/>\n<meta name=\"twitter:label1\" content=\"Escrito por\" \/>\n\t<meta name=\"twitter:data1\" content=\"mosite\" \/>\n\t<meta name=\"twitter:label2\" content=\"Est. tempo de leitura\" \/>\n\t<meta name=\"twitter:data2\" content=\"1 minuto\" \/>\n<script type=\"application\/ld+json\" class=\"yoast-schema-graph\">{\"@context\":\"https:\/\/schema.org\",\"@graph\":[{\"@type\":\"WebPage\",\"@id\":\"https:\/\/www.pmpf.rs.gov.br\/secretaria-de-planejamento\/2021\/08\/11\/obra-da-escola-dos-autistas-e-retomada-15007\/\",\"url\":\"https:\/\/www.pmpf.rs.gov.br\/secretaria-de-planejamento\/2021\/08\/11\/obra-da-escola-dos-autistas-e-retomada-15007\/\",\"name\":\"Obra da Escola dos Autistas \u00e9 retomada - Secretaria de Planejamento\",\"isPartOf\":{\"@id\":\"https:\/\/www.pmpf.rs.gov.br\/secretaria-de-planejamento\/#website\"},\"primaryImageOfPage\":{\"@id\":\"https:\/\/www.pmpf.rs.gov.br\/secretaria-de-planejamento\/2021\/08\/11\/obra-da-escola-dos-autistas-e-retomada-15007\/#primaryimage\"},\"image\":{\"@id\":\"https:\/\/www.pmpf.rs.gov.br\/secretaria-de-planejamento\/2021\/08\/11\/obra-da-escola-dos-autistas-e-retomada-15007\/#primaryimage\"},\"thumbnailUrl\":\"https:\/\/www.pmpf.rs.gov.br\/secretaria-de-planejamento\/wp-content\/uploads\/sites\/52\/2021\/12\/I2021-08-11_143024_402193.jpg\",\"datePublished\":\"2021-08-11T20:25:13+00:00\",\"dateModified\":\"2021-08-11T20:25:13+00:00\",\"author\":{\"@id\":\"https:\/\/www.pmpf.rs.gov.br\/secretaria-de-planejamento\/#\/schema\/person\/0c355b0fa68a7aa986c8594f7a60a2d7\"},\"breadcrumb\":{\"@id\":\"https:\/\/www.pmpf.rs.gov.br\/secretaria-de-planejamento\/2021\/08\/11\/obra-da-escola-dos-autistas-e-retomada-15007\/#breadcrumb\"},\"inLanguage\":\"pt-BR\",\"potentialAction\":[{\"@type\":\"ReadAction\",\"target\":[\"https:\/\/www.pmpf.rs.gov.br\/secretaria-de-planejamento\/2021\/08\/11\/obra-da-escola-dos-autistas-e-retomada-15007\/\"]}]},{\"@type\":\"ImageObject\",\"inLanguage\":\"pt-BR\",\"@id\":\"https:\/\/www.pmpf.rs.gov.br\/secretaria-de-planejamento\/2021\/08\/11\/obra-da-escola-dos-autistas-e-retomada-15007\/#primaryimage\",\"url\":\"https:\/\/www.pmpf.rs.gov.br\/secretaria-de-planejamento\/wp-content\/uploads\/sites\/52\/2021\/12\/I2021-08-11_143024_402193.jpg\",\"contentUrl\":\"https:\/\/www.pmpf.rs.gov.br\/secretaria-de-planejamento\/wp-content\/uploads\/sites\/52\/2021\/12\/I2021-08-11_143024_402193.jpg\",\"width\":1280,\"height\":853},{\"@type\":\"BreadcrumbList\",\"@id\":\"https:\/\/www.pmpf.rs.gov.br\/secretaria-de-planejamento\/2021\/08\/11\/obra-da-escola-dos-autistas-e-retomada-15007\/#breadcrumb\",\"itemListElement\":[{\"@type\":\"ListItem\",\"position\":1,\"name\":\"In\u00edcio\",\"item\":\"https:\/\/www.pmpf.rs.gov.br\/secretaria-de-planejamento\/\"},{\"@type\":\"ListItem\",\"position\":2,\"name\":\"Obra da Escola dos Autistas \u00e9 retomada\"}]},{\"@type\":\"WebSite\",\"@id\":\"https:\/\/www.pmpf.rs.gov.br\/secretaria-de-planejamento\/#website\",\"url\":\"https:\/\/www.pmpf.rs.gov.br\/secretaria-de-planejamento\/\",\"name\":\"Secretaria de Planejamento\",\"description\":\"S\u00f3 mais um site Prefeitura de Passo Fundo\",\"potentialAction\":[{\"@type\":\"SearchAction\",\"target\":{\"@type\":\"EntryPoint\",\"urlTemplate\":\"https:\/\/www.pmpf.rs.gov.br\/secretaria-de-planejamento\/?s={search_term_string}\"},\"query-input\":{\"@type\":\"PropertyValueSpecification\",\"valueRequired\":true,\"valueName\":\"search_term_string\"}}],\"inLanguage\":\"pt-BR\"},{\"@type\":\"Person\",\"@id\":\"https:\/\/www.pmpf.rs.gov.br\/secretaria-de-planejamento\/#\/schema\/person\/0c355b0fa68a7aa986c8594f7a60a2d7\",\"name\":\"mosite\",\"image\":{\"@type\":\"ImageObject\",\"inLanguage\":\"pt-BR\",\"@id\":\"https:\/\/www.pmpf.rs.gov.br\/secretaria-de-planejamento\/#\/schema\/person\/image\/\",\"url\":\"https:\/\/secure.gravatar.com\/avatar\/63d72595d6cecfe12bd8a94829d5a26c?s=96&d=mm&r=g\",\"contentUrl\":\"https:\/\/secure.gravatar.com\/avatar\/63d72595d6cecfe12bd8a94829d5a26c?s=96&d=mm&r=g\",\"caption\":\"mosite\"},\"sameAs\":[\"http:\/\/example.com\"],\"url\":\"https:\/\/www.pmpf.rs.gov.br\/secretaria-de-planejamento\/author\/mosite\/\"}]}<\/script>\n<!-- \/ Yoast SEO plugin. -->","yoast_head_json":{"title":"Obra da Escola dos Autistas \u00e9 retomada - Secretaria de Planejamento","robots":{"index":"index","follow":"follow","max-snippet":"max-snippet:-1","max-image-preview":"max-image-preview:large","max-video-preview":"max-video-preview:-1"},"canonical":"https:\/\/www.pmpf.rs.gov.br\/secretaria-de-planejamento\/2021\/08\/11\/obra-da-escola-dos-autistas-e-retomada-15007\/","og_locale":"pt_BR","og_type":"article","og_title":"Obra da Escola dos Autistas \u00e9 retomada - Secretaria de Planejamento","og_description":"Prefeito se re\u00fane com vereadores da base e apresenta a\u00e7\u00f5es do governo","og_url":"https:\/\/www.pmpf.rs.gov.br\/secretaria-de-planejamento\/2021\/08\/11\/obra-da-escola-dos-autistas-e-retomada-15007\/","og_site_name":"Secretaria de Planejamento","article_published_time":"2021-08-11T20:25:13+00:00","og_image":[{"width":1280,"height":853,"url":"https:\/\/www.pmpf.rs.gov.br\/secretaria-de-planejamento\/wp-content\/uploads\/sites\/52\/2021\/12\/I2021-08-11_143024_402193.jpg","type":"image\/jpeg"}],"author":"mosite","twitter_card":"summary_large_image","twitter_misc":{"Escrito por":"mosite","Est. tempo de leitura":"1 minuto"},"schema":{"@context":"https:\/\/schema.org","@graph":[{"@type":"WebPage","@id":"https:\/\/www.pmpf.rs.gov.br\/secretaria-de-planejamento\/2021\/08\/11\/obra-da-escola-dos-autistas-e-retomada-15007\/","url":"https:\/\/www.pmpf.rs.gov.br\/secretaria-de-planejamento\/2021\/08\/11\/obra-da-escola-dos-autistas-e-retomada-15007\/","name":"Obra da Escola dos Autistas \u00e9 retomada - Secretaria de Planejamento","isPartOf":{"@id":"https:\/\/www.pmpf.rs.gov.br\/secretaria-de-planejamento\/#website"},"primaryImageOfPage":{"@id":"https:\/\/www.pmpf.rs.gov.br\/secretaria-de-planejamento\/2021\/08\/11\/obra-da-escola-dos-autistas-e-retomada-15007\/#primaryimage"},"image":{"@id":"https:\/\/www.pmpf.rs.gov.br\/secretaria-de-planejamento\/2021\/08\/11\/obra-da-escola-dos-autistas-e-retomada-15007\/#primaryimage"},"thumbnailUrl":"https:\/\/www.pmpf.rs.gov.br\/secretaria-de-planejamento\/wp-content\/uploads\/sites\/52\/2021\/12\/I2021-08-11_143024_402193.jpg","datePublished":"2021-08-11T20:25:13+00:00","dateModified":"2021-08-11T20:25:13+00:00","author":{"@id":"https:\/\/www.pmpf.rs.gov.br\/secretaria-de-planejamento\/#\/schema\/person\/0c355b0fa68a7aa986c8594f7a60a2d7"},"breadcrumb":{"@id":"https:\/\/www.pmpf.rs.gov.br\/secretaria-de-planejamento\/2021\/08\/11\/obra-da-escola-dos-autistas-e-retomada-15007\/#breadcrumb"},"inLanguage":"pt-BR","potentialAction":[{"@type":"ReadAction","target":["https:\/\/www.pmpf.rs.gov.br\/secretaria-de-planejamento\/2021\/08\/11\/obra-da-escola-dos-autistas-e-retomada-15007\/"]}]},{"@type":"ImageObject","inLanguage":"pt-BR","@id":"https:\/\/www.pmpf.rs.gov.br\/secretaria-de-planejamento\/2021\/08\/11\/obra-da-escola-dos-autistas-e-retomada-15007\/#primaryimage","url":"https:\/\/www.pmpf.rs.gov.br\/secretaria-de-planejamento\/wp-content\/uploads\/sites\/52\/2021\/12\/I2021-08-11_143024_402193.jpg","contentUrl":"https:\/\/www.pmpf.rs.gov.br\/secretaria-de-planejamento\/wp-content\/uploads\/sites\/52\/2021\/12\/I2021-08-11_143024_402193.jpg","width":1280,"height":853},{"@type":"BreadcrumbList","@id":"https:\/\/www.pmpf.rs.gov.br\/secretaria-de-planejamento\/2021\/08\/11\/obra-da-escola-dos-autistas-e-retomada-15007\/#breadcrumb","itemListElement":[{"@type":"ListItem","position":1,"name":"In\u00edcio","item":"https:\/\/www.pmpf.rs.gov.br\/secretaria-de-planejamento\/"},{"@type":"ListItem","position":2,"name":"Obra da Escola dos Autistas \u00e9 retomada"}]},{"@type":"WebSite","@id":"https:\/\/www.pmpf.rs.gov.br\/secretaria-de-planejamento\/#website","url":"https:\/\/www.pmpf.rs.gov.br\/secretaria-de-planejamento\/","name":"Secretaria de Planejamento","description":"S\u00f3 mais um site Prefeitura de Passo Fundo","potentialAction":[{"@type":"SearchAction","target":{"@type":"EntryPoint","urlTemplate":"https:\/\/www.pmpf.rs.gov.br\/secretaria-de-planejamento\/?s={search_term_string}"},"query-input":{"@type":"PropertyValueSpecification","valueRequired":true,"valueName":"search_term_string"}}],"inLanguage":"pt-BR"},{"@type":"Person","@id":"https:\/\/www.pmpf.rs.gov.br\/secretaria-de-planejamento\/#\/schema\/person\/0c355b0fa68a7aa986c8594f7a60a2d7","name":"mosite","image":{"@type":"ImageObject","inLanguage":"pt-BR","@id":"https:\/\/www.pmpf.rs.gov.br\/secretaria-de-planejamento\/#\/schema\/person\/image\/","url":"https:\/\/secure.gravatar.com\/avatar\/63d72595d6cecfe12bd8a94829d5a26c?s=96&d=mm&r=g","contentUrl":"https:\/\/secure.gravatar.com\/avatar\/63d72595d6cecfe12bd8a94829d5a26c?s=96&d=mm&r=g","caption":"mosite"},"sameAs":["http:\/\/example.com"],"url":"https:\/\/www.pmpf.rs.gov.br\/secretaria-de-planejamento\/author\/mosite\/"}]}},"_links":{"self":[{"href":"https:\/\/www.pmpf.rs.gov.br\/secretaria-de-planejamento\/wp-json\/wp\/v2\/posts\/877"}],"collection":[{"href":"https:\/\/www.pmpf.rs.gov.br\/secretaria-de-planejamento\/wp-json\/wp\/v2\/posts"}],"about":[{"href":"https:\/\/www.pmpf.rs.gov.br\/secretaria-de-planejamento\/wp-json\/wp\/v2\/types\/post"}],"author":[{"embeddable":true,"href":"https:\/\/www.pmpf.rs.gov.br\/secretaria-de-planejamento\/wp-json\/wp\/v2\/users\/1"}],"replies":[{"embeddable":true,"href":"https:\/\/www.pmpf.rs.gov.br\/secretaria-de-planejamento\/wp-json\/wp\/v2\/comments?post=877"}],"version-history":[{"count":0,"href":"https:\/\/www.pmpf.rs.gov.br\/secretaria-de-planejamento\/wp-json\/wp\/v2\/posts\/877\/revisions"}],"wp:featuredmedia":[{"embeddable":true,"href":"https:\/\/www.pmpf.rs.gov.br\/secretaria-de-planejamento\/wp-json\/wp\/v2\/media\/878"}],"wp:attachment":[{"href":"https:\/\/www.pmpf.rs.gov.br\/secretaria-de-planejamento\/wp-json\/wp\/v2\/media?parent=877"}],"wp:term":[{"taxonomy":"category","embeddable":true,"href":"https:\/\/www.pmpf.rs.gov.br\/secretaria-de-planejamento\/wp-json\/wp\/v2\/categories?post=877"},{"taxonomy":"post_tag","embeddable":true,"href":"https:\/\/www.pmpf.rs.gov.br\/secretaria-de-planejamento\/wp-json\/wp\/v2\/tags?post=877"}],"curies":[{"name":"wp","href":"https:\/\/api.w.org\/{rel}","templated":true}]}}