{"id":875,"date":"2021-08-03T19:22:48","date_gmt":"2021-08-03T22:22:48","guid":{"rendered":"https:\/\/www.pmpf.rs.gov.br\/secretaria-de-planejamento\/2021\/08\/03\/ponto-de-qualidade-modernizara-paradas-de-onibus-14990\/"},"modified":"2021-08-03T19:22:48","modified_gmt":"2021-08-03T22:22:48","slug":"ponto-de-qualidade-modernizara-paradas-de-onibus-14990","status":"publish","type":"post","link":"https:\/\/www.pmpf.rs.gov.br\/secretaria-de-planejamento\/2021\/08\/03\/ponto-de-qualidade-modernizara-paradas-de-onibus-14990\/","title":{"rendered":"Ponto de Qualidade modernizar\u00e1 paradas de \u00f4nibus"},"content":{"rendered":"<p style=\"margin-bottom: 0cm; line-height: 100%;\">Qualificar e modernizar os pontos de \u00f4nibus buscando ampliar a seguran\u00e7a e o conforto dos usu\u00e1rios do servi\u00e7o de transporte p\u00fablico coletivo no munic\u00edpio est\u00e3o entre os objetivos do programa \u201cPonto de Qualidade\u201d, apresentado na tarde desta ter\u00e7a-feira (03), pelo prefeito de Passo Fundo, Pedro Almeida, durante as a\u00e7\u00f5es alusivas ao anivers\u00e1rio de 164 anos do Munic\u00edpio.<\/p>\n<p style=\"margin-bottom: 0cm; line-height: 100%;\">A iniciativa, defendeu Pedro, \u00e9 a concretiza\u00e7\u00e3o de um dos compromissos assumidos pelo governo durante o processo eleitoral. Conforme o prefeito, o programa ir\u00e1 melhorar muito a estrutura utilizada pela comunidade no dia a dia. Nesta primeira etapa, 14 pontos ser\u00e3o contemplados \u2013 10 em bairros e quatro na regi\u00e3o central. De acordo com Pedro, ser\u00e3o investidos, nesta fase do projeto, mais de R$ 300 mil. A perspectiva \u00e9 de que os modelos iniciais sejam implementados at\u00e9 dezembro.  <\/p>\n<p style=\"margin-bottom: 0cm; line-height: 100%;\">  <\/p>\n<p style=\"margin-bottom: 0cm; line-height: 100%;\"><b>Mais de mil pontos mapeados<\/b><\/p>\n<p style=\"margin-bottom: 0cm; line-height: 100%;\"> De acordo com o secret\u00e1rio de Planejamento, Giezi Schneider, foram mapeados mais de mil pontos de \u00f4nibus em toda a cidade. Destes, segundo ele, mais de 700 receberam melhorias estruturais e outros 50 novos foram instalados durante a gest\u00e3o do ent\u00e3o prefeito, Luciano Azevedo. \u201cN\u00f3s estamos propondo uma qualifica\u00e7\u00e3o em toda a estrutura dos pontos, que foi uma demanda apresentada pela comunidade durante o processo eleitoral. O prefeito Pedro nos orientou a construir um projeto que atenda as principais necessidades dos usu\u00e1rios do servi\u00e7o\u201d, argumentou ele.<\/p>\n<p style=\"margin-bottom: 0cm; line-height: 100%;\">Conforme o secret\u00e1rio, o programa Ponto de Qualidade prev\u00ea a instala\u00e7\u00e3o de alguns pontos de \u00f4nibus com assentos em polietileno, espa\u00e7o com acessibilidade para cadeirante, ilumina\u00e7\u00e3o interna em LED, placa solar, entradas USB para carregamento de aparelhos eletr\u00f4nicos e ainda a possibilidade de parceria com a Administra\u00e7\u00e3o Municipal para o uso publicit\u00e1rio dos pontos. \u201cVamos entregar qualidade, conforto e seguran\u00e7a para a popula\u00e7\u00e3o\u201d, refor\u00e7ou Schneider, explicando que tr\u00eas modelos de equipamentos est\u00e3o sendo trabalhados pela gest\u00e3o. \u201cOs de maior porte ser\u00e3o instalados no centro e os menores, nos bairros\u201d.<\/p>\n<p style=\"margin-bottom: 0cm; line-height: 100%;\">  <\/p>\n<p style=\"margin-bottom: 0cm; line-height: 100%;\"><b>Primeiros Pontos de Qualidade<\/b><\/p>\n<p style=\"margin-bottom: 0cm; line-height: 100%;\"> Os primeiros 14 locais contemplados com a iniciativa s\u00e3o:<\/p>\n<p style=\"margin-bottom: 0cm; line-height: 100%;\"> Av. Brasil, em frente ao Clube Comercial<\/p>\n<p style=\"margin-bottom: 0cm; line-height: 100%;\"> Av. Brasil, em frente ao Campus III da UPF<\/p>\n<p style=\"margin-bottom: 0cm; line-height: 100%;\"> Av. Brasil, em frente o Museu de Artes Visuais Ruth Schneider<\/p>\n<p style=\"margin-bottom: 0cm; line-height: 100%;\"> Rua Bento Gon\u00e7alves, em frente \u00e0 Pra\u00e7a Marechal Floriano<\/p>\n<p style=\"margin-bottom: 0cm; line-height: 100%;\"> Rua Gerv\u00e1sio Annes, na Vila Lu\u00edza, em frente ao CAIS<\/p>\n<p style=\"margin-bottom: 0cm; line-height: 100%;\"> Rua Jorge Almeida, Vila Jardim, junto ao gin\u00e1sio, \u00e0 creche e ao col\u00e9gio<\/p>\n<p style=\"margin-bottom: 0cm; line-height: 100%;\"> Rua Jo\u00e3o Catapan, Santa Marta, em frente \u00e0 Socrebe<\/p>\n<p style=\"margin-bottom: 0cm; line-height: 100%;\"> Rua Alfredo do Amaral, Jer\u00f4nimo Coelho, em frente \u00e0 UBS e EMEF<\/p>\n<p style=\"margin-bottom: 0cm; line-height: 100%;\"> Av. Alvorada, Jaboticabal, em frente ao col\u00e9gio e UBS<\/p>\n<p style=\"margin-bottom: 0cm; line-height: 100%;\"> Av. Bar\u00e3o, Cohab I, em frente ao CAIS Boqueir\u00e3o<\/p>\n<p style=\"margin-bottom: 0cm; line-height: 100%;\"> Rua Scarpellini Ghezzi, S\u00e3o Crist\u00f3v\u00e3o, em frente ao CAIS<\/p>\n<p style=\"margin-bottom: 0cm; line-height: 100%;\"> Rua S\u00e3o Sebasti\u00e3o, Vera Cruz, em frente ao CAIS<\/p>\n<p style=\"margin-bottom: 0cm; line-height: 100%;\"> Av. Telmo Ilha, Leonardo Ilha, junto \u00e0 EMEF Eloy Pinheiro Machado<\/p>\n<p style=\"margin-bottom: 0cm; line-height: 100%;\"> Rua Aspirante Jenner, Santa Maria, junto ao col\u00e9gio Alberto Pasqualini<\/p>\n<p style=\"margin-bottom: 0cm; line-height: 100%;\"><\/p>\n<p style=\"margin-bottom: 0cm; line-height: 100%;\"><b style=\"\">Foto: Michel Sanderi<\/b><\/p>\n","protected":false},"excerpt":{"rendered":"<p>Na primeira etapa, ser\u00e3o promovidas melhorias em 14 pontos \u2013 10 em bairros e quatro no Centro<\/p>\n","protected":false},"author":1,"featured_media":876,"comment_status":"open","ping_status":"open","sticky":false,"template":"","format":"standard","meta":{"footnotes":""},"categories":[],"tags":[],"class_list":["post-875","post","type-post","status-publish","format-standard","has-post-thumbnail","hentry"],"yoast_head":"<!-- This site is optimized with the Yoast SEO plugin v23.8 - https:\/\/yoast.com\/wordpress\/plugins\/seo\/ -->\n<title>Ponto de Qualidade modernizar\u00e1 paradas de \u00f4nibus - Secretaria de Planejamento<\/title>\n<meta name=\"robots\" content=\"index, follow, max-snippet:-1, max-image-preview:large, max-video-preview:-1\" \/>\n<link rel=\"canonical\" href=\"https:\/\/www.pmpf.rs.gov.br\/secretaria-de-planejamento\/2021\/08\/03\/ponto-de-qualidade-modernizara-paradas-de-onibus-14990\/\" \/>\n<meta property=\"og:locale\" content=\"pt_BR\" \/>\n<meta property=\"og:type\" content=\"article\" \/>\n<meta property=\"og:title\" content=\"Ponto de Qualidade modernizar\u00e1 paradas de \u00f4nibus - Secretaria de Planejamento\" \/>\n<meta property=\"og:description\" content=\"Na primeira etapa, ser\u00e3o promovidas melhorias em 14 pontos \u2013 10 em bairros e quatro no Centro\" \/>\n<meta property=\"og:url\" content=\"https:\/\/www.pmpf.rs.gov.br\/secretaria-de-planejamento\/2021\/08\/03\/ponto-de-qualidade-modernizara-paradas-de-onibus-14990\/\" \/>\n<meta property=\"og:site_name\" content=\"Secretaria de Planejamento\" \/>\n<meta property=\"article:published_time\" content=\"2021-08-03T22:22:48+00:00\" \/>\n<meta property=\"og:image\" content=\"https:\/\/www.pmpf.rs.gov.br\/secretaria-de-planejamento\/wp-content\/uploads\/sites\/52\/2021\/12\/I2021-08-03_162505_402193.jpg\" \/>\n\t<meta property=\"og:image:width\" content=\"1280\" \/>\n\t<meta property=\"og:image:height\" content=\"853\" \/>\n\t<meta property=\"og:image:type\" content=\"image\/jpeg\" \/>\n<meta name=\"author\" content=\"mosite\" \/>\n<meta name=\"twitter:card\" content=\"summary_large_image\" \/>\n<meta name=\"twitter:label1\" content=\"Escrito por\" \/>\n\t<meta name=\"twitter:data1\" content=\"mosite\" \/>\n\t<meta name=\"twitter:label2\" content=\"Est. tempo de leitura\" \/>\n\t<meta name=\"twitter:data2\" content=\"3 minutos\" \/>\n<script type=\"application\/ld+json\" class=\"yoast-schema-graph\">{\"@context\":\"https:\/\/schema.org\",\"@graph\":[{\"@type\":\"WebPage\",\"@id\":\"https:\/\/www.pmpf.rs.gov.br\/secretaria-de-planejamento\/2021\/08\/03\/ponto-de-qualidade-modernizara-paradas-de-onibus-14990\/\",\"url\":\"https:\/\/www.pmpf.rs.gov.br\/secretaria-de-planejamento\/2021\/08\/03\/ponto-de-qualidade-modernizara-paradas-de-onibus-14990\/\",\"name\":\"Ponto de Qualidade modernizar\u00e1 paradas de \u00f4nibus - Secretaria de Planejamento\",\"isPartOf\":{\"@id\":\"https:\/\/www.pmpf.rs.gov.br\/secretaria-de-planejamento\/#website\"},\"primaryImageOfPage\":{\"@id\":\"https:\/\/www.pmpf.rs.gov.br\/secretaria-de-planejamento\/2021\/08\/03\/ponto-de-qualidade-modernizara-paradas-de-onibus-14990\/#primaryimage\"},\"image\":{\"@id\":\"https:\/\/www.pmpf.rs.gov.br\/secretaria-de-planejamento\/2021\/08\/03\/ponto-de-qualidade-modernizara-paradas-de-onibus-14990\/#primaryimage\"},\"thumbnailUrl\":\"https:\/\/www.pmpf.rs.gov.br\/secretaria-de-planejamento\/wp-content\/uploads\/sites\/52\/2021\/12\/I2021-08-03_162505_402193.jpg\",\"datePublished\":\"2021-08-03T22:22:48+00:00\",\"dateModified\":\"2021-08-03T22:22:48+00:00\",\"author\":{\"@id\":\"https:\/\/www.pmpf.rs.gov.br\/secretaria-de-planejamento\/#\/schema\/person\/0c355b0fa68a7aa986c8594f7a60a2d7\"},\"breadcrumb\":{\"@id\":\"https:\/\/www.pmpf.rs.gov.br\/secretaria-de-planejamento\/2021\/08\/03\/ponto-de-qualidade-modernizara-paradas-de-onibus-14990\/#breadcrumb\"},\"inLanguage\":\"pt-BR\",\"potentialAction\":[{\"@type\":\"ReadAction\",\"target\":[\"https:\/\/www.pmpf.rs.gov.br\/secretaria-de-planejamento\/2021\/08\/03\/ponto-de-qualidade-modernizara-paradas-de-onibus-14990\/\"]}]},{\"@type\":\"ImageObject\",\"inLanguage\":\"pt-BR\",\"@id\":\"https:\/\/www.pmpf.rs.gov.br\/secretaria-de-planejamento\/2021\/08\/03\/ponto-de-qualidade-modernizara-paradas-de-onibus-14990\/#primaryimage\",\"url\":\"https:\/\/www.pmpf.rs.gov.br\/secretaria-de-planejamento\/wp-content\/uploads\/sites\/52\/2021\/12\/I2021-08-03_162505_402193.jpg\",\"contentUrl\":\"https:\/\/www.pmpf.rs.gov.br\/secretaria-de-planejamento\/wp-content\/uploads\/sites\/52\/2021\/12\/I2021-08-03_162505_402193.jpg\",\"width\":1280,\"height\":853},{\"@type\":\"BreadcrumbList\",\"@id\":\"https:\/\/www.pmpf.rs.gov.br\/secretaria-de-planejamento\/2021\/08\/03\/ponto-de-qualidade-modernizara-paradas-de-onibus-14990\/#breadcrumb\",\"itemListElement\":[{\"@type\":\"ListItem\",\"position\":1,\"name\":\"In\u00edcio\",\"item\":\"https:\/\/www.pmpf.rs.gov.br\/secretaria-de-planejamento\/\"},{\"@type\":\"ListItem\",\"position\":2,\"name\":\"Ponto de Qualidade modernizar\u00e1 paradas de \u00f4nibus\"}]},{\"@type\":\"WebSite\",\"@id\":\"https:\/\/www.pmpf.rs.gov.br\/secretaria-de-planejamento\/#website\",\"url\":\"https:\/\/www.pmpf.rs.gov.br\/secretaria-de-planejamento\/\",\"name\":\"Secretaria de Planejamento\",\"description\":\"S\u00f3 mais um site Prefeitura de Passo Fundo\",\"potentialAction\":[{\"@type\":\"SearchAction\",\"target\":{\"@type\":\"EntryPoint\",\"urlTemplate\":\"https:\/\/www.pmpf.rs.gov.br\/secretaria-de-planejamento\/?s={search_term_string}\"},\"query-input\":{\"@type\":\"PropertyValueSpecification\",\"valueRequired\":true,\"valueName\":\"search_term_string\"}}],\"inLanguage\":\"pt-BR\"},{\"@type\":\"Person\",\"@id\":\"https:\/\/www.pmpf.rs.gov.br\/secretaria-de-planejamento\/#\/schema\/person\/0c355b0fa68a7aa986c8594f7a60a2d7\",\"name\":\"mosite\",\"image\":{\"@type\":\"ImageObject\",\"inLanguage\":\"pt-BR\",\"@id\":\"https:\/\/www.pmpf.rs.gov.br\/secretaria-de-planejamento\/#\/schema\/person\/image\/\",\"url\":\"https:\/\/secure.gravatar.com\/avatar\/63d72595d6cecfe12bd8a94829d5a26c?s=96&d=mm&r=g\",\"contentUrl\":\"https:\/\/secure.gravatar.com\/avatar\/63d72595d6cecfe12bd8a94829d5a26c?s=96&d=mm&r=g\",\"caption\":\"mosite\"},\"sameAs\":[\"http:\/\/example.com\"],\"url\":\"https:\/\/www.pmpf.rs.gov.br\/secretaria-de-planejamento\/author\/mosite\/\"}]}<\/script>\n<!-- \/ Yoast SEO plugin. -->","yoast_head_json":{"title":"Ponto de Qualidade modernizar\u00e1 paradas de \u00f4nibus - Secretaria de Planejamento","robots":{"index":"index","follow":"follow","max-snippet":"max-snippet:-1","max-image-preview":"max-image-preview:large","max-video-preview":"max-video-preview:-1"},"canonical":"https:\/\/www.pmpf.rs.gov.br\/secretaria-de-planejamento\/2021\/08\/03\/ponto-de-qualidade-modernizara-paradas-de-onibus-14990\/","og_locale":"pt_BR","og_type":"article","og_title":"Ponto de Qualidade modernizar\u00e1 paradas de \u00f4nibus - Secretaria de Planejamento","og_description":"Na primeira etapa, ser\u00e3o promovidas melhorias em 14 pontos \u2013 10 em bairros e quatro no Centro","og_url":"https:\/\/www.pmpf.rs.gov.br\/secretaria-de-planejamento\/2021\/08\/03\/ponto-de-qualidade-modernizara-paradas-de-onibus-14990\/","og_site_name":"Secretaria de Planejamento","article_published_time":"2021-08-03T22:22:48+00:00","og_image":[{"width":1280,"height":853,"url":"https:\/\/www.pmpf.rs.gov.br\/secretaria-de-planejamento\/wp-content\/uploads\/sites\/52\/2021\/12\/I2021-08-03_162505_402193.jpg","type":"image\/jpeg"}],"author":"mosite","twitter_card":"summary_large_image","twitter_misc":{"Escrito por":"mosite","Est. tempo de leitura":"3 minutos"},"schema":{"@context":"https:\/\/schema.org","@graph":[{"@type":"WebPage","@id":"https:\/\/www.pmpf.rs.gov.br\/secretaria-de-planejamento\/2021\/08\/03\/ponto-de-qualidade-modernizara-paradas-de-onibus-14990\/","url":"https:\/\/www.pmpf.rs.gov.br\/secretaria-de-planejamento\/2021\/08\/03\/ponto-de-qualidade-modernizara-paradas-de-onibus-14990\/","name":"Ponto de Qualidade modernizar\u00e1 paradas de \u00f4nibus - Secretaria de Planejamento","isPartOf":{"@id":"https:\/\/www.pmpf.rs.gov.br\/secretaria-de-planejamento\/#website"},"primaryImageOfPage":{"@id":"https:\/\/www.pmpf.rs.gov.br\/secretaria-de-planejamento\/2021\/08\/03\/ponto-de-qualidade-modernizara-paradas-de-onibus-14990\/#primaryimage"},"image":{"@id":"https:\/\/www.pmpf.rs.gov.br\/secretaria-de-planejamento\/2021\/08\/03\/ponto-de-qualidade-modernizara-paradas-de-onibus-14990\/#primaryimage"},"thumbnailUrl":"https:\/\/www.pmpf.rs.gov.br\/secretaria-de-planejamento\/wp-content\/uploads\/sites\/52\/2021\/12\/I2021-08-03_162505_402193.jpg","datePublished":"2021-08-03T22:22:48+00:00","dateModified":"2021-08-03T22:22:48+00:00","author":{"@id":"https:\/\/www.pmpf.rs.gov.br\/secretaria-de-planejamento\/#\/schema\/person\/0c355b0fa68a7aa986c8594f7a60a2d7"},"breadcrumb":{"@id":"https:\/\/www.pmpf.rs.gov.br\/secretaria-de-planejamento\/2021\/08\/03\/ponto-de-qualidade-modernizara-paradas-de-onibus-14990\/#breadcrumb"},"inLanguage":"pt-BR","potentialAction":[{"@type":"ReadAction","target":["https:\/\/www.pmpf.rs.gov.br\/secretaria-de-planejamento\/2021\/08\/03\/ponto-de-qualidade-modernizara-paradas-de-onibus-14990\/"]}]},{"@type":"ImageObject","inLanguage":"pt-BR","@id":"https:\/\/www.pmpf.rs.gov.br\/secretaria-de-planejamento\/2021\/08\/03\/ponto-de-qualidade-modernizara-paradas-de-onibus-14990\/#primaryimage","url":"https:\/\/www.pmpf.rs.gov.br\/secretaria-de-planejamento\/wp-content\/uploads\/sites\/52\/2021\/12\/I2021-08-03_162505_402193.jpg","contentUrl":"https:\/\/www.pmpf.rs.gov.br\/secretaria-de-planejamento\/wp-content\/uploads\/sites\/52\/2021\/12\/I2021-08-03_162505_402193.jpg","width":1280,"height":853},{"@type":"BreadcrumbList","@id":"https:\/\/www.pmpf.rs.gov.br\/secretaria-de-planejamento\/2021\/08\/03\/ponto-de-qualidade-modernizara-paradas-de-onibus-14990\/#breadcrumb","itemListElement":[{"@type":"ListItem","position":1,"name":"In\u00edcio","item":"https:\/\/www.pmpf.rs.gov.br\/secretaria-de-planejamento\/"},{"@type":"ListItem","position":2,"name":"Ponto de Qualidade modernizar\u00e1 paradas de \u00f4nibus"}]},{"@type":"WebSite","@id":"https:\/\/www.pmpf.rs.gov.br\/secretaria-de-planejamento\/#website","url":"https:\/\/www.pmpf.rs.gov.br\/secretaria-de-planejamento\/","name":"Secretaria de Planejamento","description":"S\u00f3 mais um site Prefeitura de Passo Fundo","potentialAction":[{"@type":"SearchAction","target":{"@type":"EntryPoint","urlTemplate":"https:\/\/www.pmpf.rs.gov.br\/secretaria-de-planejamento\/?s={search_term_string}"},"query-input":{"@type":"PropertyValueSpecification","valueRequired":true,"valueName":"search_term_string"}}],"inLanguage":"pt-BR"},{"@type":"Person","@id":"https:\/\/www.pmpf.rs.gov.br\/secretaria-de-planejamento\/#\/schema\/person\/0c355b0fa68a7aa986c8594f7a60a2d7","name":"mosite","image":{"@type":"ImageObject","inLanguage":"pt-BR","@id":"https:\/\/www.pmpf.rs.gov.br\/secretaria-de-planejamento\/#\/schema\/person\/image\/","url":"https:\/\/secure.gravatar.com\/avatar\/63d72595d6cecfe12bd8a94829d5a26c?s=96&d=mm&r=g","contentUrl":"https:\/\/secure.gravatar.com\/avatar\/63d72595d6cecfe12bd8a94829d5a26c?s=96&d=mm&r=g","caption":"mosite"},"sameAs":["http:\/\/example.com"],"url":"https:\/\/www.pmpf.rs.gov.br\/secretaria-de-planejamento\/author\/mosite\/"}]}},"_links":{"self":[{"href":"https:\/\/www.pmpf.rs.gov.br\/secretaria-de-planejamento\/wp-json\/wp\/v2\/posts\/875"}],"collection":[{"href":"https:\/\/www.pmpf.rs.gov.br\/secretaria-de-planejamento\/wp-json\/wp\/v2\/posts"}],"about":[{"href":"https:\/\/www.pmpf.rs.gov.br\/secretaria-de-planejamento\/wp-json\/wp\/v2\/types\/post"}],"author":[{"embeddable":true,"href":"https:\/\/www.pmpf.rs.gov.br\/secretaria-de-planejamento\/wp-json\/wp\/v2\/users\/1"}],"replies":[{"embeddable":true,"href":"https:\/\/www.pmpf.rs.gov.br\/secretaria-de-planejamento\/wp-json\/wp\/v2\/comments?post=875"}],"version-history":[{"count":0,"href":"https:\/\/www.pmpf.rs.gov.br\/secretaria-de-planejamento\/wp-json\/wp\/v2\/posts\/875\/revisions"}],"wp:featuredmedia":[{"embeddable":true,"href":"https:\/\/www.pmpf.rs.gov.br\/secretaria-de-planejamento\/wp-json\/wp\/v2\/media\/876"}],"wp:attachment":[{"href":"https:\/\/www.pmpf.rs.gov.br\/secretaria-de-planejamento\/wp-json\/wp\/v2\/media?parent=875"}],"wp:term":[{"taxonomy":"category","embeddable":true,"href":"https:\/\/www.pmpf.rs.gov.br\/secretaria-de-planejamento\/wp-json\/wp\/v2\/categories?post=875"},{"taxonomy":"post_tag","embeddable":true,"href":"https:\/\/www.pmpf.rs.gov.br\/secretaria-de-planejamento\/wp-json\/wp\/v2\/tags?post=875"}],"curies":[{"name":"wp","href":"https:\/\/api.w.org\/{rel}","templated":true}]}}