{"id":867,"date":"2020-08-03T13:57:23","date_gmt":"2020-08-03T16:57:23","guid":{"rendered":"https:\/\/www.pmpf.rs.gov.br\/secretaria-de-planejamento\/2020\/08\/03\/reforco-na-iluminacao-da-ciclovia-14513\/"},"modified":"2020-08-03T13:57:23","modified_gmt":"2020-08-03T16:57:23","slug":"reforco-na-iluminacao-da-ciclovia-14513","status":"publish","type":"post","link":"https:\/\/www.pmpf.rs.gov.br\/secretaria-de-planejamento\/2020\/08\/03\/reforco-na-iluminacao-da-ciclovia-14513\/","title":{"rendered":"Refor\u00e7o na ilumina\u00e7\u00e3o da ciclovia"},"content":{"rendered":"<p style=\" padding: 0px; margin: 0px;\">O trecho da ciclovia entre o Centro e o Bairro Boqueir\u00e3o ganhou um refor\u00e7o na ilumina\u00e7\u00e3o. A interven\u00e7\u00e3o foi entregue oficialmente pela Prefeitura \u00e0 comunidade na noite deste s\u00e1bado (1), de forma on-line, iniciando a Semana do Munic\u00edpio.<br style=\"\" \/><br style=\"\" \/>Desde o m\u00eas de mar\u00e7o, quando a empresa respons\u00e1vel pela obra iniciou os trabalhos no local, foram colocadas mais de 150 lumin\u00e1rias em 12 quadras da Avenida Brasil, entre as ruas Teixeira Soares e Livramento.<br style=\"\" \/><br style=\"\" \/>O prefeito, Luciano Azevedo destaca que a qualidade dos espa\u00e7os p\u00fablicos \u00e9 uma preocupa\u00e7\u00e3o da Prefeitura para assegurar a ocupa\u00e7\u00e3o por parte da popula\u00e7\u00e3o. \u201cInvestimos muito nos equipamentos p\u00fablicos porque sabemos da import\u00e2ncia que eles t\u00eam para o dia a dia das pessoas. A ilumina\u00e7\u00e3o da ciclovia permitir\u00e1 a utiliza\u00e7\u00e3o desse espa\u00e7o com seguran\u00e7a e tranquilidade, mesmo durante a noite\u201d, justifica.<br style=\"\" \/><br style=\"\" \/>O secret\u00e1rio de Transportes e Servi\u00e7os Gerais, Cristiam Thans, afirma que, a partir de agora, a empresa ter\u00e1 30 dias para analisar e garantir o funcionamento total da ilumina\u00e7\u00e3o. \u201cEsse per\u00edodo \u00e9 para que sejam feitas revis\u00f5es e poss\u00edveis corre\u00e7\u00f5es\u201d, salienta.<\/p>\n<div style=\"\">\u00a0<\/div>\n","protected":false},"excerpt":{"rendered":"<p>Interven\u00e7\u00e3o foi feita no trecho entre o Centro e o Bairro Boqueir\u00e3o<\/p>\n","protected":false},"author":1,"featured_media":868,"comment_status":"open","ping_status":"open","sticky":false,"template":"","format":"standard","meta":{"footnotes":""},"categories":[],"tags":[],"class_list":["post-867","post","type-post","status-publish","format-standard","has-post-thumbnail","hentry"],"yoast_head":"<!-- This site is optimized with the Yoast SEO plugin v23.8 - https:\/\/yoast.com\/wordpress\/plugins\/seo\/ -->\n<title>Refor\u00e7o na ilumina\u00e7\u00e3o da ciclovia - Secretaria de Planejamento<\/title>\n<meta name=\"robots\" content=\"index, follow, max-snippet:-1, max-image-preview:large, max-video-preview:-1\" \/>\n<link rel=\"canonical\" href=\"https:\/\/www.pmpf.rs.gov.br\/secretaria-de-planejamento\/2020\/08\/03\/reforco-na-iluminacao-da-ciclovia-14513\/\" \/>\n<meta property=\"og:locale\" content=\"pt_BR\" \/>\n<meta property=\"og:type\" content=\"article\" \/>\n<meta property=\"og:title\" content=\"Refor\u00e7o na ilumina\u00e7\u00e3o da ciclovia - Secretaria de Planejamento\" \/>\n<meta property=\"og:description\" content=\"Interven\u00e7\u00e3o foi feita no trecho entre o Centro e o Bairro Boqueir\u00e3o\" \/>\n<meta property=\"og:url\" content=\"https:\/\/www.pmpf.rs.gov.br\/secretaria-de-planejamento\/2020\/08\/03\/reforco-na-iluminacao-da-ciclovia-14513\/\" \/>\n<meta property=\"og:site_name\" content=\"Secretaria de Planejamento\" \/>\n<meta property=\"article:published_time\" content=\"2020-08-03T16:57:23+00:00\" \/>\n<meta property=\"og:image\" content=\"https:\/\/www.pmpf.rs.gov.br\/secretaria-de-planejamento\/wp-content\/uploads\/sites\/52\/2021\/12\/I2020-08-03_105816_339528.jpg\" \/>\n\t<meta property=\"og:image:width\" content=\"1280\" \/>\n\t<meta property=\"og:image:height\" content=\"853\" \/>\n\t<meta property=\"og:image:type\" content=\"image\/jpeg\" \/>\n<meta name=\"author\" content=\"mosite\" \/>\n<meta name=\"twitter:card\" content=\"summary_large_image\" \/>\n<meta name=\"twitter:label1\" content=\"Escrito por\" \/>\n\t<meta name=\"twitter:data1\" content=\"mosite\" \/>\n\t<meta name=\"twitter:label2\" content=\"Est. tempo de leitura\" \/>\n\t<meta name=\"twitter:data2\" content=\"1 minuto\" \/>\n<script type=\"application\/ld+json\" class=\"yoast-schema-graph\">{\"@context\":\"https:\/\/schema.org\",\"@graph\":[{\"@type\":\"WebPage\",\"@id\":\"https:\/\/www.pmpf.rs.gov.br\/secretaria-de-planejamento\/2020\/08\/03\/reforco-na-iluminacao-da-ciclovia-14513\/\",\"url\":\"https:\/\/www.pmpf.rs.gov.br\/secretaria-de-planejamento\/2020\/08\/03\/reforco-na-iluminacao-da-ciclovia-14513\/\",\"name\":\"Refor\u00e7o na ilumina\u00e7\u00e3o da ciclovia - Secretaria de Planejamento\",\"isPartOf\":{\"@id\":\"https:\/\/www.pmpf.rs.gov.br\/secretaria-de-planejamento\/#website\"},\"primaryImageOfPage\":{\"@id\":\"https:\/\/www.pmpf.rs.gov.br\/secretaria-de-planejamento\/2020\/08\/03\/reforco-na-iluminacao-da-ciclovia-14513\/#primaryimage\"},\"image\":{\"@id\":\"https:\/\/www.pmpf.rs.gov.br\/secretaria-de-planejamento\/2020\/08\/03\/reforco-na-iluminacao-da-ciclovia-14513\/#primaryimage\"},\"thumbnailUrl\":\"https:\/\/www.pmpf.rs.gov.br\/secretaria-de-planejamento\/wp-content\/uploads\/sites\/52\/2021\/12\/I2020-08-03_105816_339528.jpg\",\"datePublished\":\"2020-08-03T16:57:23+00:00\",\"dateModified\":\"2020-08-03T16:57:23+00:00\",\"author\":{\"@id\":\"https:\/\/www.pmpf.rs.gov.br\/secretaria-de-planejamento\/#\/schema\/person\/0c355b0fa68a7aa986c8594f7a60a2d7\"},\"breadcrumb\":{\"@id\":\"https:\/\/www.pmpf.rs.gov.br\/secretaria-de-planejamento\/2020\/08\/03\/reforco-na-iluminacao-da-ciclovia-14513\/#breadcrumb\"},\"inLanguage\":\"pt-BR\",\"potentialAction\":[{\"@type\":\"ReadAction\",\"target\":[\"https:\/\/www.pmpf.rs.gov.br\/secretaria-de-planejamento\/2020\/08\/03\/reforco-na-iluminacao-da-ciclovia-14513\/\"]}]},{\"@type\":\"ImageObject\",\"inLanguage\":\"pt-BR\",\"@id\":\"https:\/\/www.pmpf.rs.gov.br\/secretaria-de-planejamento\/2020\/08\/03\/reforco-na-iluminacao-da-ciclovia-14513\/#primaryimage\",\"url\":\"https:\/\/www.pmpf.rs.gov.br\/secretaria-de-planejamento\/wp-content\/uploads\/sites\/52\/2021\/12\/I2020-08-03_105816_339528.jpg\",\"contentUrl\":\"https:\/\/www.pmpf.rs.gov.br\/secretaria-de-planejamento\/wp-content\/uploads\/sites\/52\/2021\/12\/I2020-08-03_105816_339528.jpg\",\"width\":1280,\"height\":853},{\"@type\":\"BreadcrumbList\",\"@id\":\"https:\/\/www.pmpf.rs.gov.br\/secretaria-de-planejamento\/2020\/08\/03\/reforco-na-iluminacao-da-ciclovia-14513\/#breadcrumb\",\"itemListElement\":[{\"@type\":\"ListItem\",\"position\":1,\"name\":\"In\u00edcio\",\"item\":\"https:\/\/www.pmpf.rs.gov.br\/secretaria-de-planejamento\/\"},{\"@type\":\"ListItem\",\"position\":2,\"name\":\"Refor\u00e7o na ilumina\u00e7\u00e3o da ciclovia\"}]},{\"@type\":\"WebSite\",\"@id\":\"https:\/\/www.pmpf.rs.gov.br\/secretaria-de-planejamento\/#website\",\"url\":\"https:\/\/www.pmpf.rs.gov.br\/secretaria-de-planejamento\/\",\"name\":\"Secretaria de Planejamento\",\"description\":\"S\u00f3 mais um site Prefeitura de Passo Fundo\",\"potentialAction\":[{\"@type\":\"SearchAction\",\"target\":{\"@type\":\"EntryPoint\",\"urlTemplate\":\"https:\/\/www.pmpf.rs.gov.br\/secretaria-de-planejamento\/?s={search_term_string}\"},\"query-input\":{\"@type\":\"PropertyValueSpecification\",\"valueRequired\":true,\"valueName\":\"search_term_string\"}}],\"inLanguage\":\"pt-BR\"},{\"@type\":\"Person\",\"@id\":\"https:\/\/www.pmpf.rs.gov.br\/secretaria-de-planejamento\/#\/schema\/person\/0c355b0fa68a7aa986c8594f7a60a2d7\",\"name\":\"mosite\",\"image\":{\"@type\":\"ImageObject\",\"inLanguage\":\"pt-BR\",\"@id\":\"https:\/\/www.pmpf.rs.gov.br\/secretaria-de-planejamento\/#\/schema\/person\/image\/\",\"url\":\"https:\/\/secure.gravatar.com\/avatar\/63d72595d6cecfe12bd8a94829d5a26c?s=96&d=mm&r=g\",\"contentUrl\":\"https:\/\/secure.gravatar.com\/avatar\/63d72595d6cecfe12bd8a94829d5a26c?s=96&d=mm&r=g\",\"caption\":\"mosite\"},\"sameAs\":[\"http:\/\/example.com\"],\"url\":\"https:\/\/www.pmpf.rs.gov.br\/secretaria-de-planejamento\/author\/mosite\/\"}]}<\/script>\n<!-- \/ Yoast SEO plugin. -->","yoast_head_json":{"title":"Refor\u00e7o na ilumina\u00e7\u00e3o da ciclovia - Secretaria de Planejamento","robots":{"index":"index","follow":"follow","max-snippet":"max-snippet:-1","max-image-preview":"max-image-preview:large","max-video-preview":"max-video-preview:-1"},"canonical":"https:\/\/www.pmpf.rs.gov.br\/secretaria-de-planejamento\/2020\/08\/03\/reforco-na-iluminacao-da-ciclovia-14513\/","og_locale":"pt_BR","og_type":"article","og_title":"Refor\u00e7o na ilumina\u00e7\u00e3o da ciclovia - Secretaria de Planejamento","og_description":"Interven\u00e7\u00e3o foi feita no trecho entre o Centro e o Bairro Boqueir\u00e3o","og_url":"https:\/\/www.pmpf.rs.gov.br\/secretaria-de-planejamento\/2020\/08\/03\/reforco-na-iluminacao-da-ciclovia-14513\/","og_site_name":"Secretaria de Planejamento","article_published_time":"2020-08-03T16:57:23+00:00","og_image":[{"width":1280,"height":853,"url":"https:\/\/www.pmpf.rs.gov.br\/secretaria-de-planejamento\/wp-content\/uploads\/sites\/52\/2021\/12\/I2020-08-03_105816_339528.jpg","type":"image\/jpeg"}],"author":"mosite","twitter_card":"summary_large_image","twitter_misc":{"Escrito por":"mosite","Est. tempo de leitura":"1 minuto"},"schema":{"@context":"https:\/\/schema.org","@graph":[{"@type":"WebPage","@id":"https:\/\/www.pmpf.rs.gov.br\/secretaria-de-planejamento\/2020\/08\/03\/reforco-na-iluminacao-da-ciclovia-14513\/","url":"https:\/\/www.pmpf.rs.gov.br\/secretaria-de-planejamento\/2020\/08\/03\/reforco-na-iluminacao-da-ciclovia-14513\/","name":"Refor\u00e7o na ilumina\u00e7\u00e3o da ciclovia - Secretaria de Planejamento","isPartOf":{"@id":"https:\/\/www.pmpf.rs.gov.br\/secretaria-de-planejamento\/#website"},"primaryImageOfPage":{"@id":"https:\/\/www.pmpf.rs.gov.br\/secretaria-de-planejamento\/2020\/08\/03\/reforco-na-iluminacao-da-ciclovia-14513\/#primaryimage"},"image":{"@id":"https:\/\/www.pmpf.rs.gov.br\/secretaria-de-planejamento\/2020\/08\/03\/reforco-na-iluminacao-da-ciclovia-14513\/#primaryimage"},"thumbnailUrl":"https:\/\/www.pmpf.rs.gov.br\/secretaria-de-planejamento\/wp-content\/uploads\/sites\/52\/2021\/12\/I2020-08-03_105816_339528.jpg","datePublished":"2020-08-03T16:57:23+00:00","dateModified":"2020-08-03T16:57:23+00:00","author":{"@id":"https:\/\/www.pmpf.rs.gov.br\/secretaria-de-planejamento\/#\/schema\/person\/0c355b0fa68a7aa986c8594f7a60a2d7"},"breadcrumb":{"@id":"https:\/\/www.pmpf.rs.gov.br\/secretaria-de-planejamento\/2020\/08\/03\/reforco-na-iluminacao-da-ciclovia-14513\/#breadcrumb"},"inLanguage":"pt-BR","potentialAction":[{"@type":"ReadAction","target":["https:\/\/www.pmpf.rs.gov.br\/secretaria-de-planejamento\/2020\/08\/03\/reforco-na-iluminacao-da-ciclovia-14513\/"]}]},{"@type":"ImageObject","inLanguage":"pt-BR","@id":"https:\/\/www.pmpf.rs.gov.br\/secretaria-de-planejamento\/2020\/08\/03\/reforco-na-iluminacao-da-ciclovia-14513\/#primaryimage","url":"https:\/\/www.pmpf.rs.gov.br\/secretaria-de-planejamento\/wp-content\/uploads\/sites\/52\/2021\/12\/I2020-08-03_105816_339528.jpg","contentUrl":"https:\/\/www.pmpf.rs.gov.br\/secretaria-de-planejamento\/wp-content\/uploads\/sites\/52\/2021\/12\/I2020-08-03_105816_339528.jpg","width":1280,"height":853},{"@type":"BreadcrumbList","@id":"https:\/\/www.pmpf.rs.gov.br\/secretaria-de-planejamento\/2020\/08\/03\/reforco-na-iluminacao-da-ciclovia-14513\/#breadcrumb","itemListElement":[{"@type":"ListItem","position":1,"name":"In\u00edcio","item":"https:\/\/www.pmpf.rs.gov.br\/secretaria-de-planejamento\/"},{"@type":"ListItem","position":2,"name":"Refor\u00e7o na ilumina\u00e7\u00e3o da ciclovia"}]},{"@type":"WebSite","@id":"https:\/\/www.pmpf.rs.gov.br\/secretaria-de-planejamento\/#website","url":"https:\/\/www.pmpf.rs.gov.br\/secretaria-de-planejamento\/","name":"Secretaria de Planejamento","description":"S\u00f3 mais um site Prefeitura de Passo Fundo","potentialAction":[{"@type":"SearchAction","target":{"@type":"EntryPoint","urlTemplate":"https:\/\/www.pmpf.rs.gov.br\/secretaria-de-planejamento\/?s={search_term_string}"},"query-input":{"@type":"PropertyValueSpecification","valueRequired":true,"valueName":"search_term_string"}}],"inLanguage":"pt-BR"},{"@type":"Person","@id":"https:\/\/www.pmpf.rs.gov.br\/secretaria-de-planejamento\/#\/schema\/person\/0c355b0fa68a7aa986c8594f7a60a2d7","name":"mosite","image":{"@type":"ImageObject","inLanguage":"pt-BR","@id":"https:\/\/www.pmpf.rs.gov.br\/secretaria-de-planejamento\/#\/schema\/person\/image\/","url":"https:\/\/secure.gravatar.com\/avatar\/63d72595d6cecfe12bd8a94829d5a26c?s=96&d=mm&r=g","contentUrl":"https:\/\/secure.gravatar.com\/avatar\/63d72595d6cecfe12bd8a94829d5a26c?s=96&d=mm&r=g","caption":"mosite"},"sameAs":["http:\/\/example.com"],"url":"https:\/\/www.pmpf.rs.gov.br\/secretaria-de-planejamento\/author\/mosite\/"}]}},"_links":{"self":[{"href":"https:\/\/www.pmpf.rs.gov.br\/secretaria-de-planejamento\/wp-json\/wp\/v2\/posts\/867"}],"collection":[{"href":"https:\/\/www.pmpf.rs.gov.br\/secretaria-de-planejamento\/wp-json\/wp\/v2\/posts"}],"about":[{"href":"https:\/\/www.pmpf.rs.gov.br\/secretaria-de-planejamento\/wp-json\/wp\/v2\/types\/post"}],"author":[{"embeddable":true,"href":"https:\/\/www.pmpf.rs.gov.br\/secretaria-de-planejamento\/wp-json\/wp\/v2\/users\/1"}],"replies":[{"embeddable":true,"href":"https:\/\/www.pmpf.rs.gov.br\/secretaria-de-planejamento\/wp-json\/wp\/v2\/comments?post=867"}],"version-history":[{"count":0,"href":"https:\/\/www.pmpf.rs.gov.br\/secretaria-de-planejamento\/wp-json\/wp\/v2\/posts\/867\/revisions"}],"wp:featuredmedia":[{"embeddable":true,"href":"https:\/\/www.pmpf.rs.gov.br\/secretaria-de-planejamento\/wp-json\/wp\/v2\/media\/868"}],"wp:attachment":[{"href":"https:\/\/www.pmpf.rs.gov.br\/secretaria-de-planejamento\/wp-json\/wp\/v2\/media?parent=867"}],"wp:term":[{"taxonomy":"category","embeddable":true,"href":"https:\/\/www.pmpf.rs.gov.br\/secretaria-de-planejamento\/wp-json\/wp\/v2\/categories?post=867"},{"taxonomy":"post_tag","embeddable":true,"href":"https:\/\/www.pmpf.rs.gov.br\/secretaria-de-planejamento\/wp-json\/wp\/v2\/tags?post=867"}],"curies":[{"name":"wp","href":"https:\/\/api.w.org\/{rel}","templated":true}]}}