{"id":815,"date":"2019-02-07T17:29:58","date_gmt":"2019-02-07T19:29:58","guid":{"rendered":"https:\/\/www.pmpf.rs.gov.br\/secretaria-de-planejamento\/2019\/02\/07\/proposicoes-para-a-etapa-3-podem-ser-enviadas-13348\/"},"modified":"2019-02-07T17:29:58","modified_gmt":"2019-02-07T19:29:58","slug":"proposicoes-para-a-etapa-3-podem-ser-enviadas-13348","status":"publish","type":"post","link":"https:\/\/www.pmpf.rs.gov.br\/secretaria-de-planejamento\/2019\/02\/07\/proposicoes-para-a-etapa-3-podem-ser-enviadas-13348\/","title":{"rendered":"Proposi\u00e7\u00f5es para a etapa 3 podem ser enviadas"},"content":{"rendered":"<p>A Secretaria de Planejamento da Prefeitura de Passo Fundo informa que a partir desta sexta-feira (8) at\u00e9 o dia 8 de mar\u00e7o a comunidade pode enviar proposi\u00e7\u00f5es para a etapa 3 do Plano Diretor, que \u00e9 a etapa que constitui a concep\u00e7\u00e3o do novo Plano Diretor em si. As proposi\u00e7\u00f5es podem ser enviadas atrav\u00e9s do site www.pmpf.rs.gov.br ou via protocolo junto \u00e0 Prefeitura.<\/p>\n<p>O objetivo \u00e9 a constru\u00e7\u00e3o coletiva de propostas englobando o debate dos objetivos, diretrizes, metas, eixos estrat\u00e9gicos do Plano Diretor, al\u00e9m de proposi\u00e7\u00f5es relativas aos instrumentos do Estatuto das Cidades, ordenamento territorial e o modelo espacial idealizado no conceito do Plano Diretor, entre outros aspectos. Nesse momento \u00e9 necess\u00e1rio o cruzamento das informa\u00e7\u00f5es e dados obtidos na etapa anterior no sentido de configurar propostas que traduzam as quest\u00f5es e anseios apontados no Diagn\u00f3stico Participativo.<\/p>\n<p>As atividades presenciais da etapa 3 incluem a realiza\u00e7\u00e3o de oficinas propositivas tem\u00e1ticas, semin\u00e1rio da cidade e audi\u00eancias p\u00fablicas para debate e proposi\u00e7\u00f5es de propostas para o Plano Diretor.<\/p>\n<p><b>As oficinas<\/b><br \/>As oficinas tem\u00e1ticas ser\u00e3o realizadas de 18 a 21 de fevereiro. Essas oficinas t\u00eam o objetivo de fazer uma constru\u00e7\u00e3o coletiva de propostas, englobando o debate dos objetivos, diretrizes, metas e eixos estrat\u00e9gicos do Plano Diretor, al\u00e9m de proposi\u00e7\u00f5es relativas aos instrumentos do Estatuto das Cidades, ordenamento territorial e o modelo espacial idealizado no conceito do Plano Diretor, entre outros aspectos relevantes.<\/p>\n<p>Confira as datas, temas e locais das oficinas:<br \/>&#8211; Dia 18 de fevereiro<br \/>Hor\u00e1rio: 8h<br \/>Oficina: Desenvolvimento Econ\u00f4mico e Inova\u00e7\u00e3o<br \/>Local: Imed (rua Senador Pinheiro, 304 \u2013 Vila Rodrigues)<\/p>\n<p>&#8211; Dia 18 de fevereiro<br \/>Hor\u00e1rio: 13h30<br \/>Oficina: Mobilidade Sustent\u00e1vel \u2013 Transporte Motorizado<br \/>Local: Imed (rua Senador Pinheiro, 304 \u2013 Vila Rodrigues)<\/p>\n<p>&#8211; Dia 18 de fevereiro<br \/>Hor\u00e1rio: 16h<br \/>Oficina: Mobilidade Sustent\u00e1vel \u2013 Transporte N\u00e3o Motorizado<br \/>Local: Imed (rua Senador Pinheiro, 304 \u2013 Vila Rodrigues)<\/p>\n<p>&#8211; Dia 19 de fevereiro<br \/>Hor\u00e1rio: 8h<br \/>Oficina: Meio Ambiente e Ocupa\u00e7\u00e3o do Territ\u00f3rio \u2013 Paisagem e Patrim\u00f4nio<br \/>Local: Imed (rua Senador Pinheiro, 304 \u2013 Vila Rodrigues)<\/p>\n<p>&#8211; Dia 19 de fevereiro<br \/>Hor\u00e1rio: 13h30<br \/>Oficina: Espa\u00e7o P\u00fablicos e Equipamentos Sociais \u2013 Equipamentos Sociais<br \/>Local: Igreja Jesus Cristo dos Santos dos \u00daltimos Dias (rua Teixeira Soares, 805 \u2013 Centro)<\/p>\n<p>&#8211; Dia 19 de fevereiro<br \/>Hor\u00e1rio: 16h<br \/>Oficina: Espa\u00e7os P\u00fablicos e Equipamentos Sociais \u2013 Espa\u00e7os P\u00fablicos e Equipamentos de Lazer<br \/>Local: Igreja Jesus Cristo dos Santos dos \u00daltimos Dias (rua Teixeira Soares, 805 \u2013 Centro)<\/p>\n<p>&#8211; Dia 20 de fevereiro<br \/>Hor\u00e1rio: 8h<br \/>Oficina: Meio Ambiente e Ocupa\u00e7\u00e3o do Territ\u00f3rio \u2013 Habita\u00e7\u00e3o e Ocupa\u00e7\u00f5es<br \/>Local: Igreja Jesus Cristo dos Santos dos \u00daltimos Dias (rua Teixeira Soares, 805 \u2013 Centro)<\/p>\n<p>&#8211; Dia 20 de fevereiro<br \/>Hor\u00e1rio: 13h30<br \/>Oficina: Meio Ambiente e Ocupa\u00e7\u00e3o do Territ\u00f3rio \u2013 Uso e Ocupa\u00e7\u00e3o do Solo<br \/>Local: Igreja Jesus Cristo dos Santos dos \u00daltimos Dias (rua Teixeira Soares, 805 \u2013 Centro)<\/p>\n<p>&#8211; Dia 20 de fevereiro<br \/>Hor\u00e1rio: 16h<br \/>Oficina: Meio Ambiente e Ocupa\u00e7\u00e3o do Territ\u00f3rio \u2013 Meio Ambiente<br \/>Local: Igreja Jesus Cristo dos Santos dos \u00daltimos Dias (rua Teixeira Soares, 805 \u2013 Centro)<\/p>\n<p>&#8211; Dia 21 de fevereiro<br \/>Hor\u00e1rio: 13h30<br \/>Oficina: Gest\u00e3o, Participa\u00e7\u00e3o e Controle Social \u2013 Instrumentos do Estatuto das Cidades<br \/>Local: CTG Lalau Miranda (rua Uruguai, 11 \u2013 Centro)<\/p>\n<p>&#8211; Dia 21 de fevereiro<br \/>Hor\u00e1rio: 16h<br \/>Oficina: Gest\u00e3o, Participa\u00e7\u00e3o e Controle Social<br \/>Local: CTG Lalau Miranda (rua Uruguai, 11 \u2013 Centro)<\/p>\n","protected":false},"excerpt":{"rendered":"<p>As proposi\u00e7\u00f5es para esta etapa do Plano Diretor podem ser enviadas de 8 de fevereiro a 8 de mar\u00e7o<\/p>\n","protected":false},"author":1,"featured_media":816,"comment_status":"open","ping_status":"open","sticky":false,"template":"","format":"standard","meta":{"footnotes":""},"categories":[],"tags":[],"class_list":["post-815","post","type-post","status-publish","format-standard","has-post-thumbnail","hentry"],"yoast_head":"<!-- This site is optimized with the Yoast SEO plugin v23.8 - https:\/\/yoast.com\/wordpress\/plugins\/seo\/ -->\n<title>Proposi\u00e7\u00f5es para a etapa 3 podem ser enviadas - Secretaria de Planejamento<\/title>\n<meta name=\"robots\" content=\"index, follow, max-snippet:-1, max-image-preview:large, max-video-preview:-1\" \/>\n<link rel=\"canonical\" href=\"https:\/\/www.pmpf.rs.gov.br\/secretaria-de-planejamento\/2019\/02\/07\/proposicoes-para-a-etapa-3-podem-ser-enviadas-13348\/\" \/>\n<meta property=\"og:locale\" content=\"pt_BR\" \/>\n<meta property=\"og:type\" content=\"article\" \/>\n<meta property=\"og:title\" content=\"Proposi\u00e7\u00f5es para a etapa 3 podem ser enviadas - Secretaria de Planejamento\" \/>\n<meta property=\"og:description\" content=\"As proposi\u00e7\u00f5es para esta etapa do Plano Diretor podem ser enviadas de 8 de fevereiro a 8 de mar\u00e7o\" \/>\n<meta property=\"og:url\" content=\"https:\/\/www.pmpf.rs.gov.br\/secretaria-de-planejamento\/2019\/02\/07\/proposicoes-para-a-etapa-3-podem-ser-enviadas-13348\/\" \/>\n<meta property=\"og:site_name\" content=\"Secretaria de Planejamento\" \/>\n<meta property=\"article:published_time\" content=\"2019-02-07T19:29:58+00:00\" \/>\n<meta property=\"og:image\" content=\"https:\/\/www.pmpf.rs.gov.br\/secretaria-de-planejamento\/wp-content\/uploads\/sites\/52\/2021\/12\/I2019-02-07_153124_339528.jpg\" \/>\n\t<meta property=\"og:image:width\" content=\"2048\" \/>\n\t<meta property=\"og:image:height\" content=\"1393\" \/>\n\t<meta property=\"og:image:type\" content=\"image\/jpeg\" \/>\n<meta name=\"author\" content=\"mosite\" \/>\n<meta name=\"twitter:card\" content=\"summary_large_image\" \/>\n<meta name=\"twitter:label1\" content=\"Escrito por\" \/>\n\t<meta name=\"twitter:data1\" content=\"mosite\" \/>\n\t<meta name=\"twitter:label2\" content=\"Est. tempo de leitura\" \/>\n\t<meta name=\"twitter:data2\" content=\"3 minutos\" \/>\n<script type=\"application\/ld+json\" class=\"yoast-schema-graph\">{\"@context\":\"https:\/\/schema.org\",\"@graph\":[{\"@type\":\"WebPage\",\"@id\":\"https:\/\/www.pmpf.rs.gov.br\/secretaria-de-planejamento\/2019\/02\/07\/proposicoes-para-a-etapa-3-podem-ser-enviadas-13348\/\",\"url\":\"https:\/\/www.pmpf.rs.gov.br\/secretaria-de-planejamento\/2019\/02\/07\/proposicoes-para-a-etapa-3-podem-ser-enviadas-13348\/\",\"name\":\"Proposi\u00e7\u00f5es para a etapa 3 podem ser enviadas - Secretaria de Planejamento\",\"isPartOf\":{\"@id\":\"https:\/\/www.pmpf.rs.gov.br\/secretaria-de-planejamento\/#website\"},\"primaryImageOfPage\":{\"@id\":\"https:\/\/www.pmpf.rs.gov.br\/secretaria-de-planejamento\/2019\/02\/07\/proposicoes-para-a-etapa-3-podem-ser-enviadas-13348\/#primaryimage\"},\"image\":{\"@id\":\"https:\/\/www.pmpf.rs.gov.br\/secretaria-de-planejamento\/2019\/02\/07\/proposicoes-para-a-etapa-3-podem-ser-enviadas-13348\/#primaryimage\"},\"thumbnailUrl\":\"https:\/\/www.pmpf.rs.gov.br\/secretaria-de-planejamento\/wp-content\/uploads\/sites\/52\/2021\/12\/I2019-02-07_153124_339528.jpg\",\"datePublished\":\"2019-02-07T19:29:58+00:00\",\"dateModified\":\"2019-02-07T19:29:58+00:00\",\"author\":{\"@id\":\"https:\/\/www.pmpf.rs.gov.br\/secretaria-de-planejamento\/#\/schema\/person\/0c355b0fa68a7aa986c8594f7a60a2d7\"},\"breadcrumb\":{\"@id\":\"https:\/\/www.pmpf.rs.gov.br\/secretaria-de-planejamento\/2019\/02\/07\/proposicoes-para-a-etapa-3-podem-ser-enviadas-13348\/#breadcrumb\"},\"inLanguage\":\"pt-BR\",\"potentialAction\":[{\"@type\":\"ReadAction\",\"target\":[\"https:\/\/www.pmpf.rs.gov.br\/secretaria-de-planejamento\/2019\/02\/07\/proposicoes-para-a-etapa-3-podem-ser-enviadas-13348\/\"]}]},{\"@type\":\"ImageObject\",\"inLanguage\":\"pt-BR\",\"@id\":\"https:\/\/www.pmpf.rs.gov.br\/secretaria-de-planejamento\/2019\/02\/07\/proposicoes-para-a-etapa-3-podem-ser-enviadas-13348\/#primaryimage\",\"url\":\"https:\/\/www.pmpf.rs.gov.br\/secretaria-de-planejamento\/wp-content\/uploads\/sites\/52\/2021\/12\/I2019-02-07_153124_339528.jpg\",\"contentUrl\":\"https:\/\/www.pmpf.rs.gov.br\/secretaria-de-planejamento\/wp-content\/uploads\/sites\/52\/2021\/12\/I2019-02-07_153124_339528.jpg\",\"width\":2048,\"height\":1393},{\"@type\":\"BreadcrumbList\",\"@id\":\"https:\/\/www.pmpf.rs.gov.br\/secretaria-de-planejamento\/2019\/02\/07\/proposicoes-para-a-etapa-3-podem-ser-enviadas-13348\/#breadcrumb\",\"itemListElement\":[{\"@type\":\"ListItem\",\"position\":1,\"name\":\"In\u00edcio\",\"item\":\"https:\/\/www.pmpf.rs.gov.br\/secretaria-de-planejamento\/\"},{\"@type\":\"ListItem\",\"position\":2,\"name\":\"Proposi\u00e7\u00f5es para a etapa 3 podem ser enviadas\"}]},{\"@type\":\"WebSite\",\"@id\":\"https:\/\/www.pmpf.rs.gov.br\/secretaria-de-planejamento\/#website\",\"url\":\"https:\/\/www.pmpf.rs.gov.br\/secretaria-de-planejamento\/\",\"name\":\"Secretaria de Planejamento\",\"description\":\"S\u00f3 mais um site Prefeitura de Passo Fundo\",\"potentialAction\":[{\"@type\":\"SearchAction\",\"target\":{\"@type\":\"EntryPoint\",\"urlTemplate\":\"https:\/\/www.pmpf.rs.gov.br\/secretaria-de-planejamento\/?s={search_term_string}\"},\"query-input\":{\"@type\":\"PropertyValueSpecification\",\"valueRequired\":true,\"valueName\":\"search_term_string\"}}],\"inLanguage\":\"pt-BR\"},{\"@type\":\"Person\",\"@id\":\"https:\/\/www.pmpf.rs.gov.br\/secretaria-de-planejamento\/#\/schema\/person\/0c355b0fa68a7aa986c8594f7a60a2d7\",\"name\":\"mosite\",\"image\":{\"@type\":\"ImageObject\",\"inLanguage\":\"pt-BR\",\"@id\":\"https:\/\/www.pmpf.rs.gov.br\/secretaria-de-planejamento\/#\/schema\/person\/image\/\",\"url\":\"https:\/\/secure.gravatar.com\/avatar\/63d72595d6cecfe12bd8a94829d5a26c?s=96&d=mm&r=g\",\"contentUrl\":\"https:\/\/secure.gravatar.com\/avatar\/63d72595d6cecfe12bd8a94829d5a26c?s=96&d=mm&r=g\",\"caption\":\"mosite\"},\"sameAs\":[\"http:\/\/example.com\"],\"url\":\"https:\/\/www.pmpf.rs.gov.br\/secretaria-de-planejamento\/author\/mosite\/\"}]}<\/script>\n<!-- \/ Yoast SEO plugin. -->","yoast_head_json":{"title":"Proposi\u00e7\u00f5es para a etapa 3 podem ser enviadas - Secretaria de Planejamento","robots":{"index":"index","follow":"follow","max-snippet":"max-snippet:-1","max-image-preview":"max-image-preview:large","max-video-preview":"max-video-preview:-1"},"canonical":"https:\/\/www.pmpf.rs.gov.br\/secretaria-de-planejamento\/2019\/02\/07\/proposicoes-para-a-etapa-3-podem-ser-enviadas-13348\/","og_locale":"pt_BR","og_type":"article","og_title":"Proposi\u00e7\u00f5es para a etapa 3 podem ser enviadas - Secretaria de Planejamento","og_description":"As proposi\u00e7\u00f5es para esta etapa do Plano Diretor podem ser enviadas de 8 de fevereiro a 8 de mar\u00e7o","og_url":"https:\/\/www.pmpf.rs.gov.br\/secretaria-de-planejamento\/2019\/02\/07\/proposicoes-para-a-etapa-3-podem-ser-enviadas-13348\/","og_site_name":"Secretaria de Planejamento","article_published_time":"2019-02-07T19:29:58+00:00","og_image":[{"width":2048,"height":1393,"url":"https:\/\/www.pmpf.rs.gov.br\/secretaria-de-planejamento\/wp-content\/uploads\/sites\/52\/2021\/12\/I2019-02-07_153124_339528.jpg","type":"image\/jpeg"}],"author":"mosite","twitter_card":"summary_large_image","twitter_misc":{"Escrito por":"mosite","Est. tempo de leitura":"3 minutos"},"schema":{"@context":"https:\/\/schema.org","@graph":[{"@type":"WebPage","@id":"https:\/\/www.pmpf.rs.gov.br\/secretaria-de-planejamento\/2019\/02\/07\/proposicoes-para-a-etapa-3-podem-ser-enviadas-13348\/","url":"https:\/\/www.pmpf.rs.gov.br\/secretaria-de-planejamento\/2019\/02\/07\/proposicoes-para-a-etapa-3-podem-ser-enviadas-13348\/","name":"Proposi\u00e7\u00f5es para a etapa 3 podem ser enviadas - Secretaria de Planejamento","isPartOf":{"@id":"https:\/\/www.pmpf.rs.gov.br\/secretaria-de-planejamento\/#website"},"primaryImageOfPage":{"@id":"https:\/\/www.pmpf.rs.gov.br\/secretaria-de-planejamento\/2019\/02\/07\/proposicoes-para-a-etapa-3-podem-ser-enviadas-13348\/#primaryimage"},"image":{"@id":"https:\/\/www.pmpf.rs.gov.br\/secretaria-de-planejamento\/2019\/02\/07\/proposicoes-para-a-etapa-3-podem-ser-enviadas-13348\/#primaryimage"},"thumbnailUrl":"https:\/\/www.pmpf.rs.gov.br\/secretaria-de-planejamento\/wp-content\/uploads\/sites\/52\/2021\/12\/I2019-02-07_153124_339528.jpg","datePublished":"2019-02-07T19:29:58+00:00","dateModified":"2019-02-07T19:29:58+00:00","author":{"@id":"https:\/\/www.pmpf.rs.gov.br\/secretaria-de-planejamento\/#\/schema\/person\/0c355b0fa68a7aa986c8594f7a60a2d7"},"breadcrumb":{"@id":"https:\/\/www.pmpf.rs.gov.br\/secretaria-de-planejamento\/2019\/02\/07\/proposicoes-para-a-etapa-3-podem-ser-enviadas-13348\/#breadcrumb"},"inLanguage":"pt-BR","potentialAction":[{"@type":"ReadAction","target":["https:\/\/www.pmpf.rs.gov.br\/secretaria-de-planejamento\/2019\/02\/07\/proposicoes-para-a-etapa-3-podem-ser-enviadas-13348\/"]}]},{"@type":"ImageObject","inLanguage":"pt-BR","@id":"https:\/\/www.pmpf.rs.gov.br\/secretaria-de-planejamento\/2019\/02\/07\/proposicoes-para-a-etapa-3-podem-ser-enviadas-13348\/#primaryimage","url":"https:\/\/www.pmpf.rs.gov.br\/secretaria-de-planejamento\/wp-content\/uploads\/sites\/52\/2021\/12\/I2019-02-07_153124_339528.jpg","contentUrl":"https:\/\/www.pmpf.rs.gov.br\/secretaria-de-planejamento\/wp-content\/uploads\/sites\/52\/2021\/12\/I2019-02-07_153124_339528.jpg","width":2048,"height":1393},{"@type":"BreadcrumbList","@id":"https:\/\/www.pmpf.rs.gov.br\/secretaria-de-planejamento\/2019\/02\/07\/proposicoes-para-a-etapa-3-podem-ser-enviadas-13348\/#breadcrumb","itemListElement":[{"@type":"ListItem","position":1,"name":"In\u00edcio","item":"https:\/\/www.pmpf.rs.gov.br\/secretaria-de-planejamento\/"},{"@type":"ListItem","position":2,"name":"Proposi\u00e7\u00f5es para a etapa 3 podem ser enviadas"}]},{"@type":"WebSite","@id":"https:\/\/www.pmpf.rs.gov.br\/secretaria-de-planejamento\/#website","url":"https:\/\/www.pmpf.rs.gov.br\/secretaria-de-planejamento\/","name":"Secretaria de Planejamento","description":"S\u00f3 mais um site Prefeitura de Passo Fundo","potentialAction":[{"@type":"SearchAction","target":{"@type":"EntryPoint","urlTemplate":"https:\/\/www.pmpf.rs.gov.br\/secretaria-de-planejamento\/?s={search_term_string}"},"query-input":{"@type":"PropertyValueSpecification","valueRequired":true,"valueName":"search_term_string"}}],"inLanguage":"pt-BR"},{"@type":"Person","@id":"https:\/\/www.pmpf.rs.gov.br\/secretaria-de-planejamento\/#\/schema\/person\/0c355b0fa68a7aa986c8594f7a60a2d7","name":"mosite","image":{"@type":"ImageObject","inLanguage":"pt-BR","@id":"https:\/\/www.pmpf.rs.gov.br\/secretaria-de-planejamento\/#\/schema\/person\/image\/","url":"https:\/\/secure.gravatar.com\/avatar\/63d72595d6cecfe12bd8a94829d5a26c?s=96&d=mm&r=g","contentUrl":"https:\/\/secure.gravatar.com\/avatar\/63d72595d6cecfe12bd8a94829d5a26c?s=96&d=mm&r=g","caption":"mosite"},"sameAs":["http:\/\/example.com"],"url":"https:\/\/www.pmpf.rs.gov.br\/secretaria-de-planejamento\/author\/mosite\/"}]}},"_links":{"self":[{"href":"https:\/\/www.pmpf.rs.gov.br\/secretaria-de-planejamento\/wp-json\/wp\/v2\/posts\/815"}],"collection":[{"href":"https:\/\/www.pmpf.rs.gov.br\/secretaria-de-planejamento\/wp-json\/wp\/v2\/posts"}],"about":[{"href":"https:\/\/www.pmpf.rs.gov.br\/secretaria-de-planejamento\/wp-json\/wp\/v2\/types\/post"}],"author":[{"embeddable":true,"href":"https:\/\/www.pmpf.rs.gov.br\/secretaria-de-planejamento\/wp-json\/wp\/v2\/users\/1"}],"replies":[{"embeddable":true,"href":"https:\/\/www.pmpf.rs.gov.br\/secretaria-de-planejamento\/wp-json\/wp\/v2\/comments?post=815"}],"version-history":[{"count":0,"href":"https:\/\/www.pmpf.rs.gov.br\/secretaria-de-planejamento\/wp-json\/wp\/v2\/posts\/815\/revisions"}],"wp:featuredmedia":[{"embeddable":true,"href":"https:\/\/www.pmpf.rs.gov.br\/secretaria-de-planejamento\/wp-json\/wp\/v2\/media\/816"}],"wp:attachment":[{"href":"https:\/\/www.pmpf.rs.gov.br\/secretaria-de-planejamento\/wp-json\/wp\/v2\/media?parent=815"}],"wp:term":[{"taxonomy":"category","embeddable":true,"href":"https:\/\/www.pmpf.rs.gov.br\/secretaria-de-planejamento\/wp-json\/wp\/v2\/categories?post=815"},{"taxonomy":"post_tag","embeddable":true,"href":"https:\/\/www.pmpf.rs.gov.br\/secretaria-de-planejamento\/wp-json\/wp\/v2\/tags?post=815"}],"curies":[{"name":"wp","href":"https:\/\/api.w.org\/{rel}","templated":true}]}}