{"id":81,"date":"2009-09-21T03:00:00","date_gmt":"2009-09-21T06:00:00","guid":{"rendered":"https:\/\/www.pmpf.rs.gov.br\/secretaria-de-planejamento\/2009\/09\/21\/vila-ipiranga-recebe-verba-do-orcamento-cidadao-1066\/"},"modified":"2009-09-21T03:00:00","modified_gmt":"2009-09-21T06:00:00","slug":"vila-ipiranga-recebe-verba-do-orcamento-cidadao-1066","status":"publish","type":"post","link":"https:\/\/www.pmpf.rs.gov.br\/secretaria-de-planejamento\/2009\/09\/21\/vila-ipiranga-recebe-verba-do-orcamento-cidadao-1066\/","title":{"rendered":"Vila Ipiranga recebe verba do Or\u00e7amento Cidad\u00e3o"},"content":{"rendered":"<p><meta content=\"text\/html; charset=utf-8\" http-equiv=\"Content-Type\" \/><meta content=\"Word.Document\" name=\"ProgId\" \/><meta content=\"Microsoft Word 10\" name=\"Generator\" \/><meta content=\"Microsoft Word 10\" name=\"Originator\" \/><link href=\"file:\/\/\/C:DOCUME~1carlosfCONFIG~1Tempmsohtml1 clip_filelist.xml\" rel=\"File-List\" \/><!--[if gte mso 9]><xml>  <w_WordDocument>   <w_View>Normal<\/w_View>   <w_Zoom>0<\/w_Zoom>   <w_HyphenationZone>21<\/w_HyphenationZone>   <w_Compatibility>    <w_BreakWrappedTables\/>    <w_SnapToGridInCell\/>    <w_WrapTextWithPunct\/>    <w_UseAsianBreakRules\/>   <\/w_Compatibility>   <w_BrowserLevel>MicrosoftInternetExplorer4<\/w_BrowserLevel>  <\/w_WordDocument> <\/xml><![endif]--><\/p>\n<style> &lt;!--  \/* Font Definitions *\/  @font-face \t{ \tmso-font-alt:Arial; \tmso-font-charset:0; \tmso-generic- \tmso-font-pitch:variable; \tmso-font-signature:0 0 0 0 0 0;}  \/* Style Definitions *\/  p.MsoNormal, li.MsoNormal, div.MsoNormal \t{mso-style-parent:\";\";; \tmargin-top:0cm; \tmargin-right:0cm; \tmargin-bottom:10.0pt; \tmargin-left:0cm; \tline-height:115%; \tmso-pagination:widow-orphan; \tmso-hyphenate:none; \t \t \tmso-fareast- \tmso-bidi- \tmso-fareast-language:AR-SA;} @page Section1 \t{size:612.0pt 792.0pt; \tmargin:70.85pt 3.0cm 70.85pt 3.0cm; \tmso-header-margin:36.0pt; \tmso-footer-margin:36.0pt; \tmso-paper-source:0;} div.Section1 \t{page:Section1;} --&gt; <\/style>\n<p><!--[if gte mso 10]> \n\n<style>  \/* Style Definitions *\/  table.MsoNormalTable \t{mso-style-name:\"Tabela normal\"; \tmso-tstyle-rowband-size:0; \tmso-tstyle-colband-size:0; \tmso-style-noshow:yes; \tmso-style-parent:\"\"; \tmso-padding-alt:0cm 5.4pt 0cm 5.4pt; \tmso-para-margin:0cm; \tmso-para-margin-bottom:.0001pt; \tmso-pagination:widow-orphan; \t \t} <\/style>\n\n <![endif]--><meta content=\"text\/html; charset=utf-8\" http-equiv=\"Content-Type\" \/><meta content=\"Word.Document\" name=\"ProgId\" \/><meta content=\"Microsoft Word 10\" name=\"Generator\" \/><meta content=\"Microsoft Word 10\" name=\"Originator\" \/><link href=\"file:\/\/\/C:DOCUME~1carlosfCONFIG~1Tempmsohtml1 clip_filelist.xml\" rel=\"File-List\" \/><!--[if gte mso 9]><xml>  <w_WordDocument>   <w_View>Normal<\/w_View>   <w_Zoom>0<\/w_Zoom>   <w_HyphenationZone>21<\/w_HyphenationZone>   <w_Compatibility>    <w_BreakWrappedTables\/>    <w_SnapToGridInCell\/>    <w_WrapTextWithPunct\/>    <w_UseAsianBreakRules\/>   <\/w_Compatibility>   <w_BrowserLevel>MicrosoftInternetExplorer4<\/w_BrowserLevel>  <\/w_WordDocument> <\/xml><![endif]--><\/p>\n<style> &lt;!--  \/* Font Definitions *\/  @font-face \t{ \tmso-font-alt:Arial; \tmso-font-charset:0; \tmso-generic- \tmso-font-pitch:variable; \tmso-font-signature:0 0 0 0 0 0;}  \/* Style Definitions *\/  p.MsoNormal, li.MsoNormal, div.MsoNormal \t{mso-style-parent:\";\";; \tmargin-top:0cm; \tmargin-right:0cm; \tmargin-bottom:10.0pt; \tmargin-left:0cm; \tline-height:115%; \tmso-pagination:widow-orphan; \tmso-hyphenate:none; \t \t \tmso-fareast- \tmso-bidi- \tmso-fareast-language:AR-SA;} @page Section1 \t{size:612.0pt 792.0pt; \tmargin:70.85pt 3.0cm 70.85pt 3.0cm; \tmso-header-margin:36.0pt; \tmso-footer-margin:36.0pt; \tmso-paper-source:0;} div.Section1 \t{page:Section1;} --&gt; <\/style>\n<p><!--[if gte mso 10]> \n\n<style>  \/* Style Definitions *\/  table.MsoNormalTable \t{mso-style-name:\"Tabela normal\"; \tmso-tstyle-rowband-size:0; \tmso-tstyle-colband-size:0; \tmso-style-noshow:yes; \tmso-style-parent:\"\"; \tmso-padding-alt:0cm 5.4pt 0cm 5.4pt; \tmso-para-margin:0cm; \tmso-para-margin-bottom:.0001pt; \tmso-pagination:widow-orphan; \t \t} <\/style>\n\n <![endif]--><meta content=\"text\/html; charset=utf-8\" http-equiv=\"Content-Type\" \/><meta content=\"Word.Document\" name=\"ProgId\" \/><meta content=\"Microsoft Word 10\" name=\"Generator\" \/><meta content=\"Microsoft Word 10\" name=\"Originator\" \/><link href=\"file:\/\/\/C:DOCUME~1carlosfCONFIG~1Tempmsohtml1 clip_filelist.xml\" rel=\"File-List\" \/><!--[if gte mso 9]><xml>  <w_WordDocument>   <w_View>Normal<\/w_View>   <w_Zoom>0<\/w_Zoom>   <w_HyphenationZone>21<\/w_HyphenationZone>   <w_Compatibility>    <w_BreakWrappedTables\/>    <w_SnapToGridInCell\/>    <w_WrapTextWithPunct\/>    <w_UseAsianBreakRules\/>   <\/w_Compatibility>   <w_BrowserLevel>MicrosoftInternetExplorer4<\/w_BrowserLevel>  <\/w_WordDocument> <\/xml><![endif]--><\/p>\n<style> &lt;!--  \/* Font Definitions *\/  @font-face \t{ \tmso-font-alt:Arial; \tmso-font-charset:0; \tmso-generic- \tmso-font-pitch:variable; \tmso-font-signature:0 0 0 0 0 0;}  \/* Style Definitions *\/  p.MsoNormal, li.MsoNormal, div.MsoNormal \t{mso-style-parent:\";\";; \tmargin-top:0cm; \tmargin-right:0cm; \tmargin-bottom:10.0pt; \tmargin-left:0cm; \tline-height:115%; \tmso-pagination:widow-orphan; \tmso-hyphenate:none; \t \t \tmso-fareast- \tmso-bidi- \tmso-fareast-language:AR-SA;} @page Section1 \t{size:595.25pt 841.85pt; \tmargin:70.85pt 3.0cm 70.85pt 3.0cm; \tmso-header-margin:36.0pt; \tmso-footer-margin:36.0pt; \tmso-paper-source:0;} div.Section1 \t{page:Section1;} --&gt; <\/style>\n<p><!--[if gte mso 10]> \n\n<style>  \/* Style Definitions *\/  table.MsoNormalTable \t{mso-style-name:\"Tabela normal\"; \tmso-tstyle-rowband-size:0; \tmso-tstyle-colband-size:0; \tmso-style-noshow:yes; \tmso-style-parent:\"\"; \tmso-padding-alt:0cm 5.4pt 0cm 5.4pt; \tmso-para-margin:0cm; \tmso-para-margin-bottom:.0001pt; \tmso-pagination:widow-orphan; \t \t} <\/style>\n\n <![endif]-->  <\/p>\n<p style=\"margin-bottom: 0.0001pt; line-height: normal;  text-align: justify;\" class=\"MsoNormal\"><o_p \/><\/p>\n<div style=\"text-align: justify;\">  <\/div>\n<p style=\"margin-bottom: 0.0001pt; line-height: normal;  text-align: justify;\" class=\"MsoNormal\">A Vila Ipiranga recebeu neste s\u00e1bado, os recursos do Or\u00e7amento Cidad\u00e3o 2008, onde a comunidade votou pela reforma e amplia\u00e7\u00e3o da sede da Associa\u00e7\u00e3o de Moradores do local. O prefeito municipal, Airton Dipp, entregou ao presidente do bairro, Fernando Dias, o equivalente a R$32 mil, para a compra do kit de materiais de constru\u00e7\u00e3o para a reforma da sede.<o_p \/><\/p>\n<div style=\"text-align: justify;\">  <\/div>\n<p style=\"margin-bottom: 0.0001pt; line-height: normal;  text-align: justify;\" class=\"MsoNormal\">Para o prefeito Dipp este dia foi especial para todos. \u201cA partir de agora a sede poder\u00e1 receber eventos culturais e educacionais que o bairro tanto precisa. Estamos atendendo a reivindica\u00e7\u00e3o, que foi votada como prioridade desta comunidade, e agora podemos concretizar este sonho\u201d, afirmou. Esta foi a 5\u00aa Associa\u00e7\u00e3o a receber o aux\u00edlio, que para ser entregue era preciso estar em dia com a documenta\u00e7\u00e3o.<o_p \/><\/p>\n<p style=\"text-align: justify; \" class=\"MsoNormal\"><o_p>\u00a0<\/o_p><\/p>\n","protected":false},"excerpt":{"rendered":"<p>A Vila Ipiranga recebeu neste s\u00e1bado, os recursos do Or\u00e7amento Cidad\u00e3o 2008, onde a comunidade votou pela reforma e amplia\u00e7\u00e3o da sede da Associa\u00e7\u00e3o de Moradores do local. O prefeito municipal, Airton Dipp, entregou ao presidente do bairro, Fernando Dias, o equivalente a R$32 mil, para a compra do kit de materiais de constru\u00e7\u00e3o para a reforma da sede.<\/p>\n","protected":false},"author":1,"featured_media":82,"comment_status":"open","ping_status":"open","sticky":false,"template":"","format":"standard","meta":{"footnotes":""},"categories":[],"tags":[],"class_list":["post-81","post","type-post","status-publish","format-standard","has-post-thumbnail","hentry"],"yoast_head":"<!-- This site is optimized with the Yoast SEO plugin v23.8 - https:\/\/yoast.com\/wordpress\/plugins\/seo\/ -->\n<title>Vila Ipiranga recebe verba do Or\u00e7amento Cidad\u00e3o - Secretaria de Planejamento<\/title>\n<meta name=\"robots\" content=\"index, follow, max-snippet:-1, max-image-preview:large, max-video-preview:-1\" \/>\n<link rel=\"canonical\" href=\"https:\/\/www.pmpf.rs.gov.br\/secretaria-de-planejamento\/2009\/09\/21\/vila-ipiranga-recebe-verba-do-orcamento-cidadao-1066\/\" \/>\n<meta property=\"og:locale\" content=\"pt_BR\" \/>\n<meta property=\"og:type\" content=\"article\" \/>\n<meta property=\"og:title\" content=\"Vila Ipiranga recebe verba do Or\u00e7amento Cidad\u00e3o - Secretaria de Planejamento\" \/>\n<meta property=\"og:description\" content=\"A Vila Ipiranga recebeu neste s\u00e1bado, os recursos do Or\u00e7amento Cidad\u00e3o 2008, onde a comunidade votou pela reforma e amplia\u00e7\u00e3o da sede da Associa\u00e7\u00e3o de Moradores do local. O prefeito municipal, Airton Dipp, entregou ao presidente do bairro, Fernando Dias, o equivalente a R$32 mil, para a compra do kit de materiais de constru\u00e7\u00e3o para a reforma da sede.\" \/>\n<meta property=\"og:url\" content=\"https:\/\/www.pmpf.rs.gov.br\/secretaria-de-planejamento\/2009\/09\/21\/vila-ipiranga-recebe-verba-do-orcamento-cidadao-1066\/\" \/>\n<meta property=\"og:site_name\" content=\"Secretaria de Planejamento\" \/>\n<meta property=\"article:published_time\" content=\"2009-09-21T06:00:00+00:00\" \/>\n<meta property=\"og:image\" content=\"https:\/\/www.pmpf.rs.gov.br\/secretaria-de-planejamento\/wp-content\/uploads\/sites\/52\/2021\/12\/I2013-05-07_062656_c6594.jpg\" \/>\n\t<meta property=\"og:image:width\" content=\"467\" \/>\n\t<meta property=\"og:image:height\" content=\"337\" \/>\n\t<meta property=\"og:image:type\" content=\"image\/jpeg\" \/>\n<meta name=\"author\" content=\"mosite\" \/>\n<meta name=\"twitter:card\" content=\"summary_large_image\" \/>\n<meta name=\"twitter:label1\" content=\"Escrito por\" \/>\n\t<meta name=\"twitter:data1\" content=\"mosite\" \/>\n\t<meta name=\"twitter:label2\" content=\"Est. tempo de leitura\" \/>\n\t<meta name=\"twitter:data2\" content=\"1 minuto\" \/>\n<script type=\"application\/ld+json\" class=\"yoast-schema-graph\">{\"@context\":\"https:\/\/schema.org\",\"@graph\":[{\"@type\":\"WebPage\",\"@id\":\"https:\/\/www.pmpf.rs.gov.br\/secretaria-de-planejamento\/2009\/09\/21\/vila-ipiranga-recebe-verba-do-orcamento-cidadao-1066\/\",\"url\":\"https:\/\/www.pmpf.rs.gov.br\/secretaria-de-planejamento\/2009\/09\/21\/vila-ipiranga-recebe-verba-do-orcamento-cidadao-1066\/\",\"name\":\"Vila Ipiranga recebe verba do Or\u00e7amento Cidad\u00e3o - Secretaria de Planejamento\",\"isPartOf\":{\"@id\":\"https:\/\/www.pmpf.rs.gov.br\/secretaria-de-planejamento\/#website\"},\"primaryImageOfPage\":{\"@id\":\"https:\/\/www.pmpf.rs.gov.br\/secretaria-de-planejamento\/2009\/09\/21\/vila-ipiranga-recebe-verba-do-orcamento-cidadao-1066\/#primaryimage\"},\"image\":{\"@id\":\"https:\/\/www.pmpf.rs.gov.br\/secretaria-de-planejamento\/2009\/09\/21\/vila-ipiranga-recebe-verba-do-orcamento-cidadao-1066\/#primaryimage\"},\"thumbnailUrl\":\"https:\/\/www.pmpf.rs.gov.br\/secretaria-de-planejamento\/wp-content\/uploads\/sites\/52\/2021\/12\/I2013-05-07_062656_c6594.jpg\",\"datePublished\":\"2009-09-21T06:00:00+00:00\",\"dateModified\":\"2009-09-21T06:00:00+00:00\",\"author\":{\"@id\":\"https:\/\/www.pmpf.rs.gov.br\/secretaria-de-planejamento\/#\/schema\/person\/0c355b0fa68a7aa986c8594f7a60a2d7\"},\"breadcrumb\":{\"@id\":\"https:\/\/www.pmpf.rs.gov.br\/secretaria-de-planejamento\/2009\/09\/21\/vila-ipiranga-recebe-verba-do-orcamento-cidadao-1066\/#breadcrumb\"},\"inLanguage\":\"pt-BR\",\"potentialAction\":[{\"@type\":\"ReadAction\",\"target\":[\"https:\/\/www.pmpf.rs.gov.br\/secretaria-de-planejamento\/2009\/09\/21\/vila-ipiranga-recebe-verba-do-orcamento-cidadao-1066\/\"]}]},{\"@type\":\"ImageObject\",\"inLanguage\":\"pt-BR\",\"@id\":\"https:\/\/www.pmpf.rs.gov.br\/secretaria-de-planejamento\/2009\/09\/21\/vila-ipiranga-recebe-verba-do-orcamento-cidadao-1066\/#primaryimage\",\"url\":\"https:\/\/www.pmpf.rs.gov.br\/secretaria-de-planejamento\/wp-content\/uploads\/sites\/52\/2021\/12\/I2013-05-07_062656_c6594.jpg\",\"contentUrl\":\"https:\/\/www.pmpf.rs.gov.br\/secretaria-de-planejamento\/wp-content\/uploads\/sites\/52\/2021\/12\/I2013-05-07_062656_c6594.jpg\",\"width\":467,\"height\":337},{\"@type\":\"BreadcrumbList\",\"@id\":\"https:\/\/www.pmpf.rs.gov.br\/secretaria-de-planejamento\/2009\/09\/21\/vila-ipiranga-recebe-verba-do-orcamento-cidadao-1066\/#breadcrumb\",\"itemListElement\":[{\"@type\":\"ListItem\",\"position\":1,\"name\":\"In\u00edcio\",\"item\":\"https:\/\/www.pmpf.rs.gov.br\/secretaria-de-planejamento\/\"},{\"@type\":\"ListItem\",\"position\":2,\"name\":\"Vila Ipiranga recebe verba do Or\u00e7amento Cidad\u00e3o\"}]},{\"@type\":\"WebSite\",\"@id\":\"https:\/\/www.pmpf.rs.gov.br\/secretaria-de-planejamento\/#website\",\"url\":\"https:\/\/www.pmpf.rs.gov.br\/secretaria-de-planejamento\/\",\"name\":\"Secretaria de Planejamento\",\"description\":\"S\u00f3 mais um site Prefeitura de Passo Fundo\",\"potentialAction\":[{\"@type\":\"SearchAction\",\"target\":{\"@type\":\"EntryPoint\",\"urlTemplate\":\"https:\/\/www.pmpf.rs.gov.br\/secretaria-de-planejamento\/?s={search_term_string}\"},\"query-input\":{\"@type\":\"PropertyValueSpecification\",\"valueRequired\":true,\"valueName\":\"search_term_string\"}}],\"inLanguage\":\"pt-BR\"},{\"@type\":\"Person\",\"@id\":\"https:\/\/www.pmpf.rs.gov.br\/secretaria-de-planejamento\/#\/schema\/person\/0c355b0fa68a7aa986c8594f7a60a2d7\",\"name\":\"mosite\",\"image\":{\"@type\":\"ImageObject\",\"inLanguage\":\"pt-BR\",\"@id\":\"https:\/\/www.pmpf.rs.gov.br\/secretaria-de-planejamento\/#\/schema\/person\/image\/\",\"url\":\"https:\/\/secure.gravatar.com\/avatar\/63d72595d6cecfe12bd8a94829d5a26c?s=96&d=mm&r=g\",\"contentUrl\":\"https:\/\/secure.gravatar.com\/avatar\/63d72595d6cecfe12bd8a94829d5a26c?s=96&d=mm&r=g\",\"caption\":\"mosite\"},\"sameAs\":[\"http:\/\/example.com\"],\"url\":\"https:\/\/www.pmpf.rs.gov.br\/secretaria-de-planejamento\/author\/mosite\/\"}]}<\/script>\n<!-- \/ Yoast SEO plugin. -->","yoast_head_json":{"title":"Vila Ipiranga recebe verba do Or\u00e7amento Cidad\u00e3o - Secretaria de Planejamento","robots":{"index":"index","follow":"follow","max-snippet":"max-snippet:-1","max-image-preview":"max-image-preview:large","max-video-preview":"max-video-preview:-1"},"canonical":"https:\/\/www.pmpf.rs.gov.br\/secretaria-de-planejamento\/2009\/09\/21\/vila-ipiranga-recebe-verba-do-orcamento-cidadao-1066\/","og_locale":"pt_BR","og_type":"article","og_title":"Vila Ipiranga recebe verba do Or\u00e7amento Cidad\u00e3o - Secretaria de Planejamento","og_description":"A Vila Ipiranga recebeu neste s\u00e1bado, os recursos do Or\u00e7amento Cidad\u00e3o 2008, onde a comunidade votou pela reforma e amplia\u00e7\u00e3o da sede da Associa\u00e7\u00e3o de Moradores do local. O prefeito municipal, Airton Dipp, entregou ao presidente do bairro, Fernando Dias, o equivalente a R$32 mil, para a compra do kit de materiais de constru\u00e7\u00e3o para a reforma da sede.","og_url":"https:\/\/www.pmpf.rs.gov.br\/secretaria-de-planejamento\/2009\/09\/21\/vila-ipiranga-recebe-verba-do-orcamento-cidadao-1066\/","og_site_name":"Secretaria de Planejamento","article_published_time":"2009-09-21T06:00:00+00:00","og_image":[{"width":467,"height":337,"url":"https:\/\/www.pmpf.rs.gov.br\/secretaria-de-planejamento\/wp-content\/uploads\/sites\/52\/2021\/12\/I2013-05-07_062656_c6594.jpg","type":"image\/jpeg"}],"author":"mosite","twitter_card":"summary_large_image","twitter_misc":{"Escrito por":"mosite","Est. tempo de leitura":"1 minuto"},"schema":{"@context":"https:\/\/schema.org","@graph":[{"@type":"WebPage","@id":"https:\/\/www.pmpf.rs.gov.br\/secretaria-de-planejamento\/2009\/09\/21\/vila-ipiranga-recebe-verba-do-orcamento-cidadao-1066\/","url":"https:\/\/www.pmpf.rs.gov.br\/secretaria-de-planejamento\/2009\/09\/21\/vila-ipiranga-recebe-verba-do-orcamento-cidadao-1066\/","name":"Vila Ipiranga recebe verba do Or\u00e7amento Cidad\u00e3o - Secretaria de Planejamento","isPartOf":{"@id":"https:\/\/www.pmpf.rs.gov.br\/secretaria-de-planejamento\/#website"},"primaryImageOfPage":{"@id":"https:\/\/www.pmpf.rs.gov.br\/secretaria-de-planejamento\/2009\/09\/21\/vila-ipiranga-recebe-verba-do-orcamento-cidadao-1066\/#primaryimage"},"image":{"@id":"https:\/\/www.pmpf.rs.gov.br\/secretaria-de-planejamento\/2009\/09\/21\/vila-ipiranga-recebe-verba-do-orcamento-cidadao-1066\/#primaryimage"},"thumbnailUrl":"https:\/\/www.pmpf.rs.gov.br\/secretaria-de-planejamento\/wp-content\/uploads\/sites\/52\/2021\/12\/I2013-05-07_062656_c6594.jpg","datePublished":"2009-09-21T06:00:00+00:00","dateModified":"2009-09-21T06:00:00+00:00","author":{"@id":"https:\/\/www.pmpf.rs.gov.br\/secretaria-de-planejamento\/#\/schema\/person\/0c355b0fa68a7aa986c8594f7a60a2d7"},"breadcrumb":{"@id":"https:\/\/www.pmpf.rs.gov.br\/secretaria-de-planejamento\/2009\/09\/21\/vila-ipiranga-recebe-verba-do-orcamento-cidadao-1066\/#breadcrumb"},"inLanguage":"pt-BR","potentialAction":[{"@type":"ReadAction","target":["https:\/\/www.pmpf.rs.gov.br\/secretaria-de-planejamento\/2009\/09\/21\/vila-ipiranga-recebe-verba-do-orcamento-cidadao-1066\/"]}]},{"@type":"ImageObject","inLanguage":"pt-BR","@id":"https:\/\/www.pmpf.rs.gov.br\/secretaria-de-planejamento\/2009\/09\/21\/vila-ipiranga-recebe-verba-do-orcamento-cidadao-1066\/#primaryimage","url":"https:\/\/www.pmpf.rs.gov.br\/secretaria-de-planejamento\/wp-content\/uploads\/sites\/52\/2021\/12\/I2013-05-07_062656_c6594.jpg","contentUrl":"https:\/\/www.pmpf.rs.gov.br\/secretaria-de-planejamento\/wp-content\/uploads\/sites\/52\/2021\/12\/I2013-05-07_062656_c6594.jpg","width":467,"height":337},{"@type":"BreadcrumbList","@id":"https:\/\/www.pmpf.rs.gov.br\/secretaria-de-planejamento\/2009\/09\/21\/vila-ipiranga-recebe-verba-do-orcamento-cidadao-1066\/#breadcrumb","itemListElement":[{"@type":"ListItem","position":1,"name":"In\u00edcio","item":"https:\/\/www.pmpf.rs.gov.br\/secretaria-de-planejamento\/"},{"@type":"ListItem","position":2,"name":"Vila Ipiranga recebe verba do Or\u00e7amento Cidad\u00e3o"}]},{"@type":"WebSite","@id":"https:\/\/www.pmpf.rs.gov.br\/secretaria-de-planejamento\/#website","url":"https:\/\/www.pmpf.rs.gov.br\/secretaria-de-planejamento\/","name":"Secretaria de Planejamento","description":"S\u00f3 mais um site Prefeitura de Passo Fundo","potentialAction":[{"@type":"SearchAction","target":{"@type":"EntryPoint","urlTemplate":"https:\/\/www.pmpf.rs.gov.br\/secretaria-de-planejamento\/?s={search_term_string}"},"query-input":{"@type":"PropertyValueSpecification","valueRequired":true,"valueName":"search_term_string"}}],"inLanguage":"pt-BR"},{"@type":"Person","@id":"https:\/\/www.pmpf.rs.gov.br\/secretaria-de-planejamento\/#\/schema\/person\/0c355b0fa68a7aa986c8594f7a60a2d7","name":"mosite","image":{"@type":"ImageObject","inLanguage":"pt-BR","@id":"https:\/\/www.pmpf.rs.gov.br\/secretaria-de-planejamento\/#\/schema\/person\/image\/","url":"https:\/\/secure.gravatar.com\/avatar\/63d72595d6cecfe12bd8a94829d5a26c?s=96&d=mm&r=g","contentUrl":"https:\/\/secure.gravatar.com\/avatar\/63d72595d6cecfe12bd8a94829d5a26c?s=96&d=mm&r=g","caption":"mosite"},"sameAs":["http:\/\/example.com"],"url":"https:\/\/www.pmpf.rs.gov.br\/secretaria-de-planejamento\/author\/mosite\/"}]}},"_links":{"self":[{"href":"https:\/\/www.pmpf.rs.gov.br\/secretaria-de-planejamento\/wp-json\/wp\/v2\/posts\/81"}],"collection":[{"href":"https:\/\/www.pmpf.rs.gov.br\/secretaria-de-planejamento\/wp-json\/wp\/v2\/posts"}],"about":[{"href":"https:\/\/www.pmpf.rs.gov.br\/secretaria-de-planejamento\/wp-json\/wp\/v2\/types\/post"}],"author":[{"embeddable":true,"href":"https:\/\/www.pmpf.rs.gov.br\/secretaria-de-planejamento\/wp-json\/wp\/v2\/users\/1"}],"replies":[{"embeddable":true,"href":"https:\/\/www.pmpf.rs.gov.br\/secretaria-de-planejamento\/wp-json\/wp\/v2\/comments?post=81"}],"version-history":[{"count":0,"href":"https:\/\/www.pmpf.rs.gov.br\/secretaria-de-planejamento\/wp-json\/wp\/v2\/posts\/81\/revisions"}],"wp:featuredmedia":[{"embeddable":true,"href":"https:\/\/www.pmpf.rs.gov.br\/secretaria-de-planejamento\/wp-json\/wp\/v2\/media\/82"}],"wp:attachment":[{"href":"https:\/\/www.pmpf.rs.gov.br\/secretaria-de-planejamento\/wp-json\/wp\/v2\/media?parent=81"}],"wp:term":[{"taxonomy":"category","embeddable":true,"href":"https:\/\/www.pmpf.rs.gov.br\/secretaria-de-planejamento\/wp-json\/wp\/v2\/categories?post=81"},{"taxonomy":"post_tag","embeddable":true,"href":"https:\/\/www.pmpf.rs.gov.br\/secretaria-de-planejamento\/wp-json\/wp\/v2\/tags?post=81"}],"curies":[{"name":"wp","href":"https:\/\/api.w.org\/{rel}","templated":true}]}}