{"id":805,"date":"2018-10-26T19:31:46","date_gmt":"2018-10-26T22:31:46","guid":{"rendered":"https:\/\/www.pmpf.rs.gov.br\/secretaria-de-planejamento\/2018\/10\/26\/desvio-para-caminhoes-na-avenida-tem-adaptacao-13106\/"},"modified":"2018-10-26T19:31:46","modified_gmt":"2018-10-26T22:31:46","slug":"desvio-para-caminhoes-na-avenida-tem-adaptacao-13106","status":"publish","type":"post","link":"https:\/\/www.pmpf.rs.gov.br\/secretaria-de-planejamento\/2018\/10\/26\/desvio-para-caminhoes-na-avenida-tem-adaptacao-13106\/","title":{"rendered":"Desvio para caminh\u00f5es na avenida tem adapta\u00e7\u00e3o"},"content":{"rendered":"<p>As obras de revitaliza\u00e7\u00e3o da avenida Brasil seguem entre a avenida Rui Barbosa e a rua Olavo Bilac, no bairro Petr\u00f3polis. Com trecho bloqueado no sentido bairro\/centro, o tr\u00e2nsito foi alterado com um novo desvio desde o in\u00edcio da semana. Em busca de facilitar o fluxo para ve\u00edculos de maior porte como caminh\u00f5es e levar mais agilidade para todos os condutores, a Secretaria de Seguran\u00e7a P\u00fablica indica uma altera\u00e7\u00e3o no trajeto de caminh\u00f5es a partir dessa sexta-feira (26).<\/p>\n<p>Para caminh\u00f5es o trajeto obrigat\u00f3rio para trafegar no sentido bairro\/centro \u00e9 entrar na avenida Rui Barbosa, seguir at\u00e9 o S\u00e9timo C\u00e9u e acessar a rua Rodrigues Alves para sair na Brasil. Para os demais ve\u00edculos que trafegam no sentido bairro\/centro o trajeto indicado tamb\u00e9m \u00e9 entrar na avenida Rui Barbosa, por\u00e9m, optar pelo acesso da rua Paissand\u00fa para sair na avenida Brasil. No sentido centro\/bairro o trecho estar\u00e1 liberado com fluxo normal.<\/p>\n<p><b>(Foto: Jo\u00e3o Henrique Pazuch)<\/b><\/p>\n","protected":false},"excerpt":{"rendered":"<p>Com trecho bloqueado no sentido bairro\/centro, o tr\u00e2nsito foi alterado<\/p>\n","protected":false},"author":1,"featured_media":806,"comment_status":"open","ping_status":"open","sticky":false,"template":"","format":"standard","meta":{"footnotes":""},"categories":[],"tags":[],"class_list":["post-805","post","type-post","status-publish","format-standard","has-post-thumbnail","hentry"],"yoast_head":"<!-- This site is optimized with the Yoast SEO plugin v23.8 - https:\/\/yoast.com\/wordpress\/plugins\/seo\/ -->\n<title>Desvio para caminh\u00f5es na avenida tem adapta\u00e7\u00e3o - Secretaria de Planejamento<\/title>\n<meta name=\"robots\" content=\"index, follow, max-snippet:-1, max-image-preview:large, max-video-preview:-1\" \/>\n<link rel=\"canonical\" href=\"https:\/\/www.pmpf.rs.gov.br\/secretaria-de-planejamento\/2018\/10\/26\/desvio-para-caminhoes-na-avenida-tem-adaptacao-13106\/\" \/>\n<meta property=\"og:locale\" content=\"pt_BR\" \/>\n<meta property=\"og:type\" content=\"article\" \/>\n<meta property=\"og:title\" content=\"Desvio para caminh\u00f5es na avenida tem adapta\u00e7\u00e3o - Secretaria de Planejamento\" \/>\n<meta property=\"og:description\" content=\"Com trecho bloqueado no sentido bairro\/centro, o tr\u00e2nsito foi alterado\" \/>\n<meta property=\"og:url\" content=\"https:\/\/www.pmpf.rs.gov.br\/secretaria-de-planejamento\/2018\/10\/26\/desvio-para-caminhoes-na-avenida-tem-adaptacao-13106\/\" \/>\n<meta property=\"og:site_name\" content=\"Secretaria de Planejamento\" \/>\n<meta property=\"article:published_time\" content=\"2018-10-26T22:31:46+00:00\" \/>\n<meta property=\"og:image\" content=\"https:\/\/www.pmpf.rs.gov.br\/secretaria-de-planejamento\/wp-content\/uploads\/sites\/52\/2021\/12\/I2018-10-26_163306_385109-1024x590.png\" \/>\n\t<meta property=\"og:image:width\" content=\"1024\" \/>\n\t<meta property=\"og:image:height\" content=\"590\" \/>\n\t<meta property=\"og:image:type\" content=\"image\/png\" \/>\n<meta name=\"author\" content=\"mosite\" \/>\n<meta name=\"twitter:card\" content=\"summary_large_image\" \/>\n<meta name=\"twitter:label1\" content=\"Escrito por\" \/>\n\t<meta name=\"twitter:data1\" content=\"mosite\" \/>\n\t<meta name=\"twitter:label2\" content=\"Est. tempo de leitura\" \/>\n\t<meta name=\"twitter:data2\" content=\"1 minuto\" \/>\n<script type=\"application\/ld+json\" class=\"yoast-schema-graph\">{\"@context\":\"https:\/\/schema.org\",\"@graph\":[{\"@type\":\"WebPage\",\"@id\":\"https:\/\/www.pmpf.rs.gov.br\/secretaria-de-planejamento\/2018\/10\/26\/desvio-para-caminhoes-na-avenida-tem-adaptacao-13106\/\",\"url\":\"https:\/\/www.pmpf.rs.gov.br\/secretaria-de-planejamento\/2018\/10\/26\/desvio-para-caminhoes-na-avenida-tem-adaptacao-13106\/\",\"name\":\"Desvio para caminh\u00f5es na avenida tem adapta\u00e7\u00e3o - Secretaria de Planejamento\",\"isPartOf\":{\"@id\":\"https:\/\/www.pmpf.rs.gov.br\/secretaria-de-planejamento\/#website\"},\"primaryImageOfPage\":{\"@id\":\"https:\/\/www.pmpf.rs.gov.br\/secretaria-de-planejamento\/2018\/10\/26\/desvio-para-caminhoes-na-avenida-tem-adaptacao-13106\/#primaryimage\"},\"image\":{\"@id\":\"https:\/\/www.pmpf.rs.gov.br\/secretaria-de-planejamento\/2018\/10\/26\/desvio-para-caminhoes-na-avenida-tem-adaptacao-13106\/#primaryimage\"},\"thumbnailUrl\":\"https:\/\/www.pmpf.rs.gov.br\/secretaria-de-planejamento\/wp-content\/uploads\/sites\/52\/2021\/12\/I2018-10-26_163306_385109.png\",\"datePublished\":\"2018-10-26T22:31:46+00:00\",\"dateModified\":\"2018-10-26T22:31:46+00:00\",\"author\":{\"@id\":\"https:\/\/www.pmpf.rs.gov.br\/secretaria-de-planejamento\/#\/schema\/person\/0c355b0fa68a7aa986c8594f7a60a2d7\"},\"breadcrumb\":{\"@id\":\"https:\/\/www.pmpf.rs.gov.br\/secretaria-de-planejamento\/2018\/10\/26\/desvio-para-caminhoes-na-avenida-tem-adaptacao-13106\/#breadcrumb\"},\"inLanguage\":\"pt-BR\",\"potentialAction\":[{\"@type\":\"ReadAction\",\"target\":[\"https:\/\/www.pmpf.rs.gov.br\/secretaria-de-planejamento\/2018\/10\/26\/desvio-para-caminhoes-na-avenida-tem-adaptacao-13106\/\"]}]},{\"@type\":\"ImageObject\",\"inLanguage\":\"pt-BR\",\"@id\":\"https:\/\/www.pmpf.rs.gov.br\/secretaria-de-planejamento\/2018\/10\/26\/desvio-para-caminhoes-na-avenida-tem-adaptacao-13106\/#primaryimage\",\"url\":\"https:\/\/www.pmpf.rs.gov.br\/secretaria-de-planejamento\/wp-content\/uploads\/sites\/52\/2021\/12\/I2018-10-26_163306_385109.png\",\"contentUrl\":\"https:\/\/www.pmpf.rs.gov.br\/secretaria-de-planejamento\/wp-content\/uploads\/sites\/52\/2021\/12\/I2018-10-26_163306_385109.png\",\"width\":1800,\"height\":1037},{\"@type\":\"BreadcrumbList\",\"@id\":\"https:\/\/www.pmpf.rs.gov.br\/secretaria-de-planejamento\/2018\/10\/26\/desvio-para-caminhoes-na-avenida-tem-adaptacao-13106\/#breadcrumb\",\"itemListElement\":[{\"@type\":\"ListItem\",\"position\":1,\"name\":\"In\u00edcio\",\"item\":\"https:\/\/www.pmpf.rs.gov.br\/secretaria-de-planejamento\/\"},{\"@type\":\"ListItem\",\"position\":2,\"name\":\"Desvio para caminh\u00f5es na avenida tem adapta\u00e7\u00e3o\"}]},{\"@type\":\"WebSite\",\"@id\":\"https:\/\/www.pmpf.rs.gov.br\/secretaria-de-planejamento\/#website\",\"url\":\"https:\/\/www.pmpf.rs.gov.br\/secretaria-de-planejamento\/\",\"name\":\"Secretaria de Planejamento\",\"description\":\"S\u00f3 mais um site Prefeitura de Passo Fundo\",\"potentialAction\":[{\"@type\":\"SearchAction\",\"target\":{\"@type\":\"EntryPoint\",\"urlTemplate\":\"https:\/\/www.pmpf.rs.gov.br\/secretaria-de-planejamento\/?s={search_term_string}\"},\"query-input\":{\"@type\":\"PropertyValueSpecification\",\"valueRequired\":true,\"valueName\":\"search_term_string\"}}],\"inLanguage\":\"pt-BR\"},{\"@type\":\"Person\",\"@id\":\"https:\/\/www.pmpf.rs.gov.br\/secretaria-de-planejamento\/#\/schema\/person\/0c355b0fa68a7aa986c8594f7a60a2d7\",\"name\":\"mosite\",\"image\":{\"@type\":\"ImageObject\",\"inLanguage\":\"pt-BR\",\"@id\":\"https:\/\/www.pmpf.rs.gov.br\/secretaria-de-planejamento\/#\/schema\/person\/image\/\",\"url\":\"https:\/\/secure.gravatar.com\/avatar\/63d72595d6cecfe12bd8a94829d5a26c?s=96&d=mm&r=g\",\"contentUrl\":\"https:\/\/secure.gravatar.com\/avatar\/63d72595d6cecfe12bd8a94829d5a26c?s=96&d=mm&r=g\",\"caption\":\"mosite\"},\"sameAs\":[\"http:\/\/example.com\"],\"url\":\"https:\/\/www.pmpf.rs.gov.br\/secretaria-de-planejamento\/author\/mosite\/\"}]}<\/script>\n<!-- \/ Yoast SEO plugin. -->","yoast_head_json":{"title":"Desvio para caminh\u00f5es na avenida tem adapta\u00e7\u00e3o - Secretaria de Planejamento","robots":{"index":"index","follow":"follow","max-snippet":"max-snippet:-1","max-image-preview":"max-image-preview:large","max-video-preview":"max-video-preview:-1"},"canonical":"https:\/\/www.pmpf.rs.gov.br\/secretaria-de-planejamento\/2018\/10\/26\/desvio-para-caminhoes-na-avenida-tem-adaptacao-13106\/","og_locale":"pt_BR","og_type":"article","og_title":"Desvio para caminh\u00f5es na avenida tem adapta\u00e7\u00e3o - Secretaria de Planejamento","og_description":"Com trecho bloqueado no sentido bairro\/centro, o tr\u00e2nsito foi alterado","og_url":"https:\/\/www.pmpf.rs.gov.br\/secretaria-de-planejamento\/2018\/10\/26\/desvio-para-caminhoes-na-avenida-tem-adaptacao-13106\/","og_site_name":"Secretaria de Planejamento","article_published_time":"2018-10-26T22:31:46+00:00","og_image":[{"width":1024,"height":590,"url":"https:\/\/www.pmpf.rs.gov.br\/secretaria-de-planejamento\/wp-content\/uploads\/sites\/52\/2021\/12\/I2018-10-26_163306_385109-1024x590.png","type":"image\/png"}],"author":"mosite","twitter_card":"summary_large_image","twitter_misc":{"Escrito por":"mosite","Est. tempo de leitura":"1 minuto"},"schema":{"@context":"https:\/\/schema.org","@graph":[{"@type":"WebPage","@id":"https:\/\/www.pmpf.rs.gov.br\/secretaria-de-planejamento\/2018\/10\/26\/desvio-para-caminhoes-na-avenida-tem-adaptacao-13106\/","url":"https:\/\/www.pmpf.rs.gov.br\/secretaria-de-planejamento\/2018\/10\/26\/desvio-para-caminhoes-na-avenida-tem-adaptacao-13106\/","name":"Desvio para caminh\u00f5es na avenida tem adapta\u00e7\u00e3o - Secretaria de Planejamento","isPartOf":{"@id":"https:\/\/www.pmpf.rs.gov.br\/secretaria-de-planejamento\/#website"},"primaryImageOfPage":{"@id":"https:\/\/www.pmpf.rs.gov.br\/secretaria-de-planejamento\/2018\/10\/26\/desvio-para-caminhoes-na-avenida-tem-adaptacao-13106\/#primaryimage"},"image":{"@id":"https:\/\/www.pmpf.rs.gov.br\/secretaria-de-planejamento\/2018\/10\/26\/desvio-para-caminhoes-na-avenida-tem-adaptacao-13106\/#primaryimage"},"thumbnailUrl":"https:\/\/www.pmpf.rs.gov.br\/secretaria-de-planejamento\/wp-content\/uploads\/sites\/52\/2021\/12\/I2018-10-26_163306_385109.png","datePublished":"2018-10-26T22:31:46+00:00","dateModified":"2018-10-26T22:31:46+00:00","author":{"@id":"https:\/\/www.pmpf.rs.gov.br\/secretaria-de-planejamento\/#\/schema\/person\/0c355b0fa68a7aa986c8594f7a60a2d7"},"breadcrumb":{"@id":"https:\/\/www.pmpf.rs.gov.br\/secretaria-de-planejamento\/2018\/10\/26\/desvio-para-caminhoes-na-avenida-tem-adaptacao-13106\/#breadcrumb"},"inLanguage":"pt-BR","potentialAction":[{"@type":"ReadAction","target":["https:\/\/www.pmpf.rs.gov.br\/secretaria-de-planejamento\/2018\/10\/26\/desvio-para-caminhoes-na-avenida-tem-adaptacao-13106\/"]}]},{"@type":"ImageObject","inLanguage":"pt-BR","@id":"https:\/\/www.pmpf.rs.gov.br\/secretaria-de-planejamento\/2018\/10\/26\/desvio-para-caminhoes-na-avenida-tem-adaptacao-13106\/#primaryimage","url":"https:\/\/www.pmpf.rs.gov.br\/secretaria-de-planejamento\/wp-content\/uploads\/sites\/52\/2021\/12\/I2018-10-26_163306_385109.png","contentUrl":"https:\/\/www.pmpf.rs.gov.br\/secretaria-de-planejamento\/wp-content\/uploads\/sites\/52\/2021\/12\/I2018-10-26_163306_385109.png","width":1800,"height":1037},{"@type":"BreadcrumbList","@id":"https:\/\/www.pmpf.rs.gov.br\/secretaria-de-planejamento\/2018\/10\/26\/desvio-para-caminhoes-na-avenida-tem-adaptacao-13106\/#breadcrumb","itemListElement":[{"@type":"ListItem","position":1,"name":"In\u00edcio","item":"https:\/\/www.pmpf.rs.gov.br\/secretaria-de-planejamento\/"},{"@type":"ListItem","position":2,"name":"Desvio para caminh\u00f5es na avenida tem adapta\u00e7\u00e3o"}]},{"@type":"WebSite","@id":"https:\/\/www.pmpf.rs.gov.br\/secretaria-de-planejamento\/#website","url":"https:\/\/www.pmpf.rs.gov.br\/secretaria-de-planejamento\/","name":"Secretaria de Planejamento","description":"S\u00f3 mais um site Prefeitura de Passo Fundo","potentialAction":[{"@type":"SearchAction","target":{"@type":"EntryPoint","urlTemplate":"https:\/\/www.pmpf.rs.gov.br\/secretaria-de-planejamento\/?s={search_term_string}"},"query-input":{"@type":"PropertyValueSpecification","valueRequired":true,"valueName":"search_term_string"}}],"inLanguage":"pt-BR"},{"@type":"Person","@id":"https:\/\/www.pmpf.rs.gov.br\/secretaria-de-planejamento\/#\/schema\/person\/0c355b0fa68a7aa986c8594f7a60a2d7","name":"mosite","image":{"@type":"ImageObject","inLanguage":"pt-BR","@id":"https:\/\/www.pmpf.rs.gov.br\/secretaria-de-planejamento\/#\/schema\/person\/image\/","url":"https:\/\/secure.gravatar.com\/avatar\/63d72595d6cecfe12bd8a94829d5a26c?s=96&d=mm&r=g","contentUrl":"https:\/\/secure.gravatar.com\/avatar\/63d72595d6cecfe12bd8a94829d5a26c?s=96&d=mm&r=g","caption":"mosite"},"sameAs":["http:\/\/example.com"],"url":"https:\/\/www.pmpf.rs.gov.br\/secretaria-de-planejamento\/author\/mosite\/"}]}},"_links":{"self":[{"href":"https:\/\/www.pmpf.rs.gov.br\/secretaria-de-planejamento\/wp-json\/wp\/v2\/posts\/805"}],"collection":[{"href":"https:\/\/www.pmpf.rs.gov.br\/secretaria-de-planejamento\/wp-json\/wp\/v2\/posts"}],"about":[{"href":"https:\/\/www.pmpf.rs.gov.br\/secretaria-de-planejamento\/wp-json\/wp\/v2\/types\/post"}],"author":[{"embeddable":true,"href":"https:\/\/www.pmpf.rs.gov.br\/secretaria-de-planejamento\/wp-json\/wp\/v2\/users\/1"}],"replies":[{"embeddable":true,"href":"https:\/\/www.pmpf.rs.gov.br\/secretaria-de-planejamento\/wp-json\/wp\/v2\/comments?post=805"}],"version-history":[{"count":0,"href":"https:\/\/www.pmpf.rs.gov.br\/secretaria-de-planejamento\/wp-json\/wp\/v2\/posts\/805\/revisions"}],"wp:featuredmedia":[{"embeddable":true,"href":"https:\/\/www.pmpf.rs.gov.br\/secretaria-de-planejamento\/wp-json\/wp\/v2\/media\/806"}],"wp:attachment":[{"href":"https:\/\/www.pmpf.rs.gov.br\/secretaria-de-planejamento\/wp-json\/wp\/v2\/media?parent=805"}],"wp:term":[{"taxonomy":"category","embeddable":true,"href":"https:\/\/www.pmpf.rs.gov.br\/secretaria-de-planejamento\/wp-json\/wp\/v2\/categories?post=805"},{"taxonomy":"post_tag","embeddable":true,"href":"https:\/\/www.pmpf.rs.gov.br\/secretaria-de-planejamento\/wp-json\/wp\/v2\/tags?post=805"}],"curies":[{"name":"wp","href":"https:\/\/api.w.org\/{rel}","templated":true}]}}