{"id":804,"date":"2018-10-25T18:50:15","date_gmt":"2018-10-25T21:50:15","guid":{"rendered":"https:\/\/www.pmpf.rs.gov.br\/secretaria-de-planejamento\/2018\/10\/25\/novo-desvio-na-avenida-brasil-esta-valendo-13102\/"},"modified":"2018-10-25T18:50:15","modified_gmt":"2018-10-25T21:50:15","slug":"novo-desvio-na-avenida-brasil-esta-valendo-13102","status":"publish","type":"post","link":"https:\/\/www.pmpf.rs.gov.br\/secretaria-de-planejamento\/2018\/10\/25\/novo-desvio-na-avenida-brasil-esta-valendo-13102\/","title":{"rendered":"Novo desvio na avenida Brasil est\u00e1 valendo"},"content":{"rendered":"<p>As obras de revitaliza\u00e7\u00e3o da avenida Brasil seguem entre a avenida Rui Barbosa e a rua Olavo Bilac, no bairro Petr\u00f3polis. No trecho, que est\u00e1 bloqueado no sentido bairro\/centro desde ter\u00e7a-feira (23), os motoristas devem ter aten\u00e7\u00e3o ao novo desvio.\u00a0 <\/p>\n<p>Para trafegar no sentido bairro\/centro o trajeto indicado \u00e9 entrar na rua Rui Barbosa, seguir at\u00e9 o S\u00e9timo C\u00e9u e acessar a rua Rodrigues Alves para sair na Brasil. Quem quiser fazer a convers\u00e3o antes, ap\u00f3s entrar na rua Rui Barbosa, deve optar por acessar a rua Uruguai e depois a rua Afonso Pena para sair na Brasil. No sentido centro\/bairro o trecho estar\u00e1 liberado com fluxo normal.<\/p>\n<p>Os servi\u00e7os realizados no momento s\u00e3o: drenagem a partir da Olavo Bilac, concretagem de parada de \u00f4nibus em frente ao Cais Petr\u00f3polis e pavimenta\u00e7\u00e3o da avenida Brasil entre a rua Dom Pedro II e a avenida Rui Barbosa, al\u00e9m de meio-fio.<br \/><b><br \/>A obra&#65279;<\/b><br \/>As obras est\u00e3o divididas em tr\u00eas projetos: o primeiro abrange pavimenta\u00e7\u00e3o, ciclovia, drenagem, acessibilidade e sinaliza\u00e7\u00e3o; o segundo compreende amplia\u00e7\u00e3o e substitui\u00e7\u00e3o da rede de esgoto; e o terceiro inclui melhorias na rede de infraestrutura el\u00e9trica. O investimento total ser\u00e1 de R$ 17 milh\u00f5es, incluindo recursos da Prefeitura de Passo Fundo, financiamento do Programa de Acelera\u00e7\u00e3o do Crescimento\u00a0 (PAC) e conv\u00eanio com a Corsan.<\/p>\n<p><\/p>\n","protected":false},"excerpt":{"rendered":"<p>Motoristas que passarem pelo local devem ter aten\u00e7\u00e3o ao novo desvio<\/p>\n","protected":false},"author":1,"featured_media":0,"comment_status":"open","ping_status":"open","sticky":false,"template":"","format":"standard","meta":{"footnotes":""},"categories":[],"tags":[],"class_list":["post-804","post","type-post","status-publish","format-standard","hentry"],"yoast_head":"<!-- This site is optimized with the Yoast SEO plugin v23.8 - https:\/\/yoast.com\/wordpress\/plugins\/seo\/ -->\n<title>Novo desvio na avenida Brasil est\u00e1 valendo - Secretaria de Planejamento<\/title>\n<meta name=\"robots\" content=\"index, follow, max-snippet:-1, max-image-preview:large, max-video-preview:-1\" \/>\n<link rel=\"canonical\" href=\"https:\/\/www.pmpf.rs.gov.br\/secretaria-de-planejamento\/2018\/10\/25\/novo-desvio-na-avenida-brasil-esta-valendo-13102\/\" \/>\n<meta property=\"og:locale\" content=\"pt_BR\" \/>\n<meta property=\"og:type\" content=\"article\" \/>\n<meta property=\"og:title\" content=\"Novo desvio na avenida Brasil est\u00e1 valendo - Secretaria de Planejamento\" \/>\n<meta property=\"og:description\" content=\"Motoristas que passarem pelo local devem ter aten\u00e7\u00e3o ao novo desvio\" \/>\n<meta property=\"og:url\" content=\"https:\/\/www.pmpf.rs.gov.br\/secretaria-de-planejamento\/2018\/10\/25\/novo-desvio-na-avenida-brasil-esta-valendo-13102\/\" \/>\n<meta property=\"og:site_name\" content=\"Secretaria de Planejamento\" \/>\n<meta property=\"article:published_time\" content=\"2018-10-25T21:50:15+00:00\" \/>\n<meta name=\"author\" content=\"mosite\" \/>\n<meta name=\"twitter:card\" content=\"summary_large_image\" \/>\n<meta name=\"twitter:label1\" content=\"Escrito por\" \/>\n\t<meta name=\"twitter:data1\" content=\"mosite\" \/>\n\t<meta name=\"twitter:label2\" content=\"Est. tempo de leitura\" \/>\n\t<meta name=\"twitter:data2\" content=\"1 minuto\" \/>\n<script type=\"application\/ld+json\" class=\"yoast-schema-graph\">{\"@context\":\"https:\/\/schema.org\",\"@graph\":[{\"@type\":\"WebPage\",\"@id\":\"https:\/\/www.pmpf.rs.gov.br\/secretaria-de-planejamento\/2018\/10\/25\/novo-desvio-na-avenida-brasil-esta-valendo-13102\/\",\"url\":\"https:\/\/www.pmpf.rs.gov.br\/secretaria-de-planejamento\/2018\/10\/25\/novo-desvio-na-avenida-brasil-esta-valendo-13102\/\",\"name\":\"Novo desvio na avenida Brasil est\u00e1 valendo - Secretaria de Planejamento\",\"isPartOf\":{\"@id\":\"https:\/\/www.pmpf.rs.gov.br\/secretaria-de-planejamento\/#website\"},\"datePublished\":\"2018-10-25T21:50:15+00:00\",\"dateModified\":\"2018-10-25T21:50:15+00:00\",\"author\":{\"@id\":\"https:\/\/www.pmpf.rs.gov.br\/secretaria-de-planejamento\/#\/schema\/person\/0c355b0fa68a7aa986c8594f7a60a2d7\"},\"breadcrumb\":{\"@id\":\"https:\/\/www.pmpf.rs.gov.br\/secretaria-de-planejamento\/2018\/10\/25\/novo-desvio-na-avenida-brasil-esta-valendo-13102\/#breadcrumb\"},\"inLanguage\":\"pt-BR\",\"potentialAction\":[{\"@type\":\"ReadAction\",\"target\":[\"https:\/\/www.pmpf.rs.gov.br\/secretaria-de-planejamento\/2018\/10\/25\/novo-desvio-na-avenida-brasil-esta-valendo-13102\/\"]}]},{\"@type\":\"BreadcrumbList\",\"@id\":\"https:\/\/www.pmpf.rs.gov.br\/secretaria-de-planejamento\/2018\/10\/25\/novo-desvio-na-avenida-brasil-esta-valendo-13102\/#breadcrumb\",\"itemListElement\":[{\"@type\":\"ListItem\",\"position\":1,\"name\":\"In\u00edcio\",\"item\":\"https:\/\/www.pmpf.rs.gov.br\/secretaria-de-planejamento\/\"},{\"@type\":\"ListItem\",\"position\":2,\"name\":\"Novo desvio na avenida Brasil est\u00e1 valendo\"}]},{\"@type\":\"WebSite\",\"@id\":\"https:\/\/www.pmpf.rs.gov.br\/secretaria-de-planejamento\/#website\",\"url\":\"https:\/\/www.pmpf.rs.gov.br\/secretaria-de-planejamento\/\",\"name\":\"Secretaria de Planejamento\",\"description\":\"S\u00f3 mais um site Prefeitura de Passo Fundo\",\"potentialAction\":[{\"@type\":\"SearchAction\",\"target\":{\"@type\":\"EntryPoint\",\"urlTemplate\":\"https:\/\/www.pmpf.rs.gov.br\/secretaria-de-planejamento\/?s={search_term_string}\"},\"query-input\":{\"@type\":\"PropertyValueSpecification\",\"valueRequired\":true,\"valueName\":\"search_term_string\"}}],\"inLanguage\":\"pt-BR\"},{\"@type\":\"Person\",\"@id\":\"https:\/\/www.pmpf.rs.gov.br\/secretaria-de-planejamento\/#\/schema\/person\/0c355b0fa68a7aa986c8594f7a60a2d7\",\"name\":\"mosite\",\"image\":{\"@type\":\"ImageObject\",\"inLanguage\":\"pt-BR\",\"@id\":\"https:\/\/www.pmpf.rs.gov.br\/secretaria-de-planejamento\/#\/schema\/person\/image\/\",\"url\":\"https:\/\/secure.gravatar.com\/avatar\/63d72595d6cecfe12bd8a94829d5a26c?s=96&d=mm&r=g\",\"contentUrl\":\"https:\/\/secure.gravatar.com\/avatar\/63d72595d6cecfe12bd8a94829d5a26c?s=96&d=mm&r=g\",\"caption\":\"mosite\"},\"sameAs\":[\"http:\/\/example.com\"],\"url\":\"https:\/\/www.pmpf.rs.gov.br\/secretaria-de-planejamento\/author\/mosite\/\"}]}<\/script>\n<!-- \/ Yoast SEO plugin. -->","yoast_head_json":{"title":"Novo desvio na avenida Brasil est\u00e1 valendo - Secretaria de Planejamento","robots":{"index":"index","follow":"follow","max-snippet":"max-snippet:-1","max-image-preview":"max-image-preview:large","max-video-preview":"max-video-preview:-1"},"canonical":"https:\/\/www.pmpf.rs.gov.br\/secretaria-de-planejamento\/2018\/10\/25\/novo-desvio-na-avenida-brasil-esta-valendo-13102\/","og_locale":"pt_BR","og_type":"article","og_title":"Novo desvio na avenida Brasil est\u00e1 valendo - Secretaria de Planejamento","og_description":"Motoristas que passarem pelo local devem ter aten\u00e7\u00e3o ao novo desvio","og_url":"https:\/\/www.pmpf.rs.gov.br\/secretaria-de-planejamento\/2018\/10\/25\/novo-desvio-na-avenida-brasil-esta-valendo-13102\/","og_site_name":"Secretaria de Planejamento","article_published_time":"2018-10-25T21:50:15+00:00","author":"mosite","twitter_card":"summary_large_image","twitter_misc":{"Escrito por":"mosite","Est. tempo de leitura":"1 minuto"},"schema":{"@context":"https:\/\/schema.org","@graph":[{"@type":"WebPage","@id":"https:\/\/www.pmpf.rs.gov.br\/secretaria-de-planejamento\/2018\/10\/25\/novo-desvio-na-avenida-brasil-esta-valendo-13102\/","url":"https:\/\/www.pmpf.rs.gov.br\/secretaria-de-planejamento\/2018\/10\/25\/novo-desvio-na-avenida-brasil-esta-valendo-13102\/","name":"Novo desvio na avenida Brasil est\u00e1 valendo - Secretaria de Planejamento","isPartOf":{"@id":"https:\/\/www.pmpf.rs.gov.br\/secretaria-de-planejamento\/#website"},"datePublished":"2018-10-25T21:50:15+00:00","dateModified":"2018-10-25T21:50:15+00:00","author":{"@id":"https:\/\/www.pmpf.rs.gov.br\/secretaria-de-planejamento\/#\/schema\/person\/0c355b0fa68a7aa986c8594f7a60a2d7"},"breadcrumb":{"@id":"https:\/\/www.pmpf.rs.gov.br\/secretaria-de-planejamento\/2018\/10\/25\/novo-desvio-na-avenida-brasil-esta-valendo-13102\/#breadcrumb"},"inLanguage":"pt-BR","potentialAction":[{"@type":"ReadAction","target":["https:\/\/www.pmpf.rs.gov.br\/secretaria-de-planejamento\/2018\/10\/25\/novo-desvio-na-avenida-brasil-esta-valendo-13102\/"]}]},{"@type":"BreadcrumbList","@id":"https:\/\/www.pmpf.rs.gov.br\/secretaria-de-planejamento\/2018\/10\/25\/novo-desvio-na-avenida-brasil-esta-valendo-13102\/#breadcrumb","itemListElement":[{"@type":"ListItem","position":1,"name":"In\u00edcio","item":"https:\/\/www.pmpf.rs.gov.br\/secretaria-de-planejamento\/"},{"@type":"ListItem","position":2,"name":"Novo desvio na avenida Brasil est\u00e1 valendo"}]},{"@type":"WebSite","@id":"https:\/\/www.pmpf.rs.gov.br\/secretaria-de-planejamento\/#website","url":"https:\/\/www.pmpf.rs.gov.br\/secretaria-de-planejamento\/","name":"Secretaria de Planejamento","description":"S\u00f3 mais um site Prefeitura de Passo Fundo","potentialAction":[{"@type":"SearchAction","target":{"@type":"EntryPoint","urlTemplate":"https:\/\/www.pmpf.rs.gov.br\/secretaria-de-planejamento\/?s={search_term_string}"},"query-input":{"@type":"PropertyValueSpecification","valueRequired":true,"valueName":"search_term_string"}}],"inLanguage":"pt-BR"},{"@type":"Person","@id":"https:\/\/www.pmpf.rs.gov.br\/secretaria-de-planejamento\/#\/schema\/person\/0c355b0fa68a7aa986c8594f7a60a2d7","name":"mosite","image":{"@type":"ImageObject","inLanguage":"pt-BR","@id":"https:\/\/www.pmpf.rs.gov.br\/secretaria-de-planejamento\/#\/schema\/person\/image\/","url":"https:\/\/secure.gravatar.com\/avatar\/63d72595d6cecfe12bd8a94829d5a26c?s=96&d=mm&r=g","contentUrl":"https:\/\/secure.gravatar.com\/avatar\/63d72595d6cecfe12bd8a94829d5a26c?s=96&d=mm&r=g","caption":"mosite"},"sameAs":["http:\/\/example.com"],"url":"https:\/\/www.pmpf.rs.gov.br\/secretaria-de-planejamento\/author\/mosite\/"}]}},"_links":{"self":[{"href":"https:\/\/www.pmpf.rs.gov.br\/secretaria-de-planejamento\/wp-json\/wp\/v2\/posts\/804"}],"collection":[{"href":"https:\/\/www.pmpf.rs.gov.br\/secretaria-de-planejamento\/wp-json\/wp\/v2\/posts"}],"about":[{"href":"https:\/\/www.pmpf.rs.gov.br\/secretaria-de-planejamento\/wp-json\/wp\/v2\/types\/post"}],"author":[{"embeddable":true,"href":"https:\/\/www.pmpf.rs.gov.br\/secretaria-de-planejamento\/wp-json\/wp\/v2\/users\/1"}],"replies":[{"embeddable":true,"href":"https:\/\/www.pmpf.rs.gov.br\/secretaria-de-planejamento\/wp-json\/wp\/v2\/comments?post=804"}],"version-history":[{"count":0,"href":"https:\/\/www.pmpf.rs.gov.br\/secretaria-de-planejamento\/wp-json\/wp\/v2\/posts\/804\/revisions"}],"wp:attachment":[{"href":"https:\/\/www.pmpf.rs.gov.br\/secretaria-de-planejamento\/wp-json\/wp\/v2\/media?parent=804"}],"wp:term":[{"taxonomy":"category","embeddable":true,"href":"https:\/\/www.pmpf.rs.gov.br\/secretaria-de-planejamento\/wp-json\/wp\/v2\/categories?post=804"},{"taxonomy":"post_tag","embeddable":true,"href":"https:\/\/www.pmpf.rs.gov.br\/secretaria-de-planejamento\/wp-json\/wp\/v2\/tags?post=804"}],"curies":[{"name":"wp","href":"https:\/\/api.w.org\/{rel}","templated":true}]}}