{"id":800,"date":"2018-08-17T17:45:51","date_gmt":"2018-08-17T20:45:51","guid":{"rendered":"https:\/\/www.pmpf.rs.gov.br\/secretaria-de-planejamento\/2018\/08\/17\/plano-diretor-questionario-sobre-vai-ate-domingo-12921\/"},"modified":"2018-08-17T17:45:51","modified_gmt":"2018-08-17T20:45:51","slug":"plano-diretor-questionario-sobre-vai-ate-domingo-12921","status":"publish","type":"post","link":"https:\/\/www.pmpf.rs.gov.br\/secretaria-de-planejamento\/2018\/08\/17\/plano-diretor-questionario-sobre-vai-ate-domingo-12921\/","title":{"rendered":"Plano Diretor: question\u00e1rio sobre vai at\u00e9 domingo"},"content":{"rendered":"<p>At\u00e9 o pr\u00f3ximo domingo, dia 19 de agosto, os passo-fundenses podem participar mais uma vez do processo de revis\u00e3o do Plano Diretor. Atrav\u00e9s do question\u00e1rio que est\u00e1 dispon\u00edvel no site da Prefeitura \u00e9 poss\u00edvel opinar sobre quest\u00f5es como cal\u00e7adas, recuos e verticaliza\u00e7\u00e3o da cidade. Com menos de cinco minutos e acesso \u00e0 internet \u00e9 poss\u00edvel contribuir com o futuro da cidade.<\/p>\n<p>O question\u00e1rio est\u00e1 disponibilizado nos destaques do site da Prefeitura de Passo Fundo (pmpf.rs.gov.br) no link Question\u00e1rio Participativo da Revis\u00e3o do Plano Diretor, ou ainda diretamente no banner de abertura da p\u00e1gina. Clicando no evento, o primeiro passo ser\u00e1 colocar o n\u00famero do CPF e em seguida do CEP da rua onde mora. Depois seguem as quest\u00f5es onde as respostas devem ser marcadas dentre as op\u00e7\u00f5es apresentadas. Importante lembrar que no item onde \u00e9 necess\u00e1rio responder o setor onde mora \u00e9 preciso ir at\u00e9 o final da p\u00e1gina e clicar na seta, que ent\u00e3o aparece a lista com os nomes dos bairros, vilas e loteamentos para escolher o seu.<\/p>\n<p>Esta etapa constitui a leitura da realidade do munic\u00edpio, sendo estruturada em uma s\u00e9rie de procedimentos articulados e complementares que buscam identificar e analisar a situa\u00e7\u00e3o do territ\u00f3rio urbano e rural, seus problemas, conflitos e potencialidades. Esse passo consiste na elabora\u00e7\u00e3o do Diagn\u00f3stico Participativo, que compreende a leitura t\u00e9cnica e a comunit\u00e1ria, que se traduzem na an\u00e1lise e sistematiza\u00e7\u00e3o das informa\u00e7\u00f5es que possibilitam o entendimento da estrutura territorial atual e das tend\u00eancias da din\u00e2mica de uso e ocupa\u00e7\u00e3o do solo, sob o olhar t\u00e9cnico e sob o olhar da popula\u00e7\u00e3o.<\/p>\n<p><b>Por que o question\u00e1rio?<\/b><br \/>O question\u00e1rio tem como objetivo ouvir a opini\u00e3o da comunidade sobre solu\u00e7\u00f5es urbanas. As perguntas foram criadas para que o cidad\u00e3o possa avaliar assuntos como recuos, verticaliza\u00e7\u00e3o, cal\u00e7adas, entre outros. O resultado deste question\u00e1rio ajudar\u00e1 a compreender melhor os anseios da popula\u00e7\u00e3o de Passo Fundo quanto ao futuro da cidade.<\/p>\n<p>Conforme a secret\u00e1ria do Planejamento, Ana Paula Wickert, a iniciativa de participa\u00e7\u00e3o da popula\u00e7\u00e3o \u00e9 inovadora e refor\u00e7a a vis\u00e3o participativa do processo: \u201cessa metodologia, al\u00e9m de inovadora, foi implantada em cidades do mundo que buscam, atrav\u00e9s da tecnologia, ampliar a participa\u00e7\u00e3o popular\u201d, destaca.<br \/><b><br \/>(Foto: Reprodu\u00e7\u00e3o)<\/b><\/p>\n","protected":false},"excerpt":{"rendered":"<p>Question\u00e1rio tem como objetivo ouvir a opini\u00e3o da comunidade sobre solu\u00e7\u00f5es urbanas<\/p>\n","protected":false},"author":1,"featured_media":801,"comment_status":"open","ping_status":"open","sticky":false,"template":"","format":"standard","meta":{"footnotes":""},"categories":[],"tags":[],"class_list":["post-800","post","type-post","status-publish","format-standard","has-post-thumbnail","hentry"],"yoast_head":"<!-- This site is optimized with the Yoast SEO plugin v23.8 - https:\/\/yoast.com\/wordpress\/plugins\/seo\/ -->\n<title>Plano Diretor: question\u00e1rio sobre vai at\u00e9 domingo - Secretaria de Planejamento<\/title>\n<meta name=\"robots\" content=\"index, follow, max-snippet:-1, max-image-preview:large, max-video-preview:-1\" \/>\n<link rel=\"canonical\" href=\"https:\/\/www.pmpf.rs.gov.br\/secretaria-de-planejamento\/2018\/08\/17\/plano-diretor-questionario-sobre-vai-ate-domingo-12921\/\" \/>\n<meta property=\"og:locale\" content=\"pt_BR\" \/>\n<meta property=\"og:type\" content=\"article\" \/>\n<meta property=\"og:title\" content=\"Plano Diretor: question\u00e1rio sobre vai at\u00e9 domingo - Secretaria de Planejamento\" \/>\n<meta property=\"og:description\" content=\"Question\u00e1rio tem como objetivo ouvir a opini\u00e3o da comunidade sobre solu\u00e7\u00f5es urbanas\" \/>\n<meta property=\"og:url\" content=\"https:\/\/www.pmpf.rs.gov.br\/secretaria-de-planejamento\/2018\/08\/17\/plano-diretor-questionario-sobre-vai-ate-domingo-12921\/\" \/>\n<meta property=\"og:site_name\" content=\"Secretaria de Planejamento\" \/>\n<meta property=\"article:published_time\" content=\"2018-08-17T20:45:51+00:00\" \/>\n<meta property=\"og:image\" content=\"https:\/\/www.pmpf.rs.gov.br\/secretaria-de-planejamento\/wp-content\/uploads\/sites\/52\/2021\/12\/I2018-08-17_144700_385109.jpg\" \/>\n\t<meta property=\"og:image:width\" content=\"1335\" \/>\n\t<meta property=\"og:image:height\" content=\"669\" \/>\n\t<meta property=\"og:image:type\" content=\"image\/jpeg\" \/>\n<meta name=\"author\" content=\"mosite\" \/>\n<meta name=\"twitter:card\" content=\"summary_large_image\" \/>\n<meta name=\"twitter:label1\" content=\"Escrito por\" \/>\n\t<meta name=\"twitter:data1\" content=\"mosite\" \/>\n\t<meta name=\"twitter:label2\" content=\"Est. tempo de leitura\" \/>\n\t<meta name=\"twitter:data2\" content=\"2 minutos\" \/>\n<script type=\"application\/ld+json\" class=\"yoast-schema-graph\">{\"@context\":\"https:\/\/schema.org\",\"@graph\":[{\"@type\":\"WebPage\",\"@id\":\"https:\/\/www.pmpf.rs.gov.br\/secretaria-de-planejamento\/2018\/08\/17\/plano-diretor-questionario-sobre-vai-ate-domingo-12921\/\",\"url\":\"https:\/\/www.pmpf.rs.gov.br\/secretaria-de-planejamento\/2018\/08\/17\/plano-diretor-questionario-sobre-vai-ate-domingo-12921\/\",\"name\":\"Plano Diretor: question\u00e1rio sobre vai at\u00e9 domingo - Secretaria de Planejamento\",\"isPartOf\":{\"@id\":\"https:\/\/www.pmpf.rs.gov.br\/secretaria-de-planejamento\/#website\"},\"primaryImageOfPage\":{\"@id\":\"https:\/\/www.pmpf.rs.gov.br\/secretaria-de-planejamento\/2018\/08\/17\/plano-diretor-questionario-sobre-vai-ate-domingo-12921\/#primaryimage\"},\"image\":{\"@id\":\"https:\/\/www.pmpf.rs.gov.br\/secretaria-de-planejamento\/2018\/08\/17\/plano-diretor-questionario-sobre-vai-ate-domingo-12921\/#primaryimage\"},\"thumbnailUrl\":\"https:\/\/www.pmpf.rs.gov.br\/secretaria-de-planejamento\/wp-content\/uploads\/sites\/52\/2021\/12\/I2018-08-17_144700_385109.jpg\",\"datePublished\":\"2018-08-17T20:45:51+00:00\",\"dateModified\":\"2018-08-17T20:45:51+00:00\",\"author\":{\"@id\":\"https:\/\/www.pmpf.rs.gov.br\/secretaria-de-planejamento\/#\/schema\/person\/0c355b0fa68a7aa986c8594f7a60a2d7\"},\"breadcrumb\":{\"@id\":\"https:\/\/www.pmpf.rs.gov.br\/secretaria-de-planejamento\/2018\/08\/17\/plano-diretor-questionario-sobre-vai-ate-domingo-12921\/#breadcrumb\"},\"inLanguage\":\"pt-BR\",\"potentialAction\":[{\"@type\":\"ReadAction\",\"target\":[\"https:\/\/www.pmpf.rs.gov.br\/secretaria-de-planejamento\/2018\/08\/17\/plano-diretor-questionario-sobre-vai-ate-domingo-12921\/\"]}]},{\"@type\":\"ImageObject\",\"inLanguage\":\"pt-BR\",\"@id\":\"https:\/\/www.pmpf.rs.gov.br\/secretaria-de-planejamento\/2018\/08\/17\/plano-diretor-questionario-sobre-vai-ate-domingo-12921\/#primaryimage\",\"url\":\"https:\/\/www.pmpf.rs.gov.br\/secretaria-de-planejamento\/wp-content\/uploads\/sites\/52\/2021\/12\/I2018-08-17_144700_385109.jpg\",\"contentUrl\":\"https:\/\/www.pmpf.rs.gov.br\/secretaria-de-planejamento\/wp-content\/uploads\/sites\/52\/2021\/12\/I2018-08-17_144700_385109.jpg\",\"width\":1335,\"height\":669},{\"@type\":\"BreadcrumbList\",\"@id\":\"https:\/\/www.pmpf.rs.gov.br\/secretaria-de-planejamento\/2018\/08\/17\/plano-diretor-questionario-sobre-vai-ate-domingo-12921\/#breadcrumb\",\"itemListElement\":[{\"@type\":\"ListItem\",\"position\":1,\"name\":\"In\u00edcio\",\"item\":\"https:\/\/www.pmpf.rs.gov.br\/secretaria-de-planejamento\/\"},{\"@type\":\"ListItem\",\"position\":2,\"name\":\"Plano Diretor: question\u00e1rio sobre vai at\u00e9 domingo\"}]},{\"@type\":\"WebSite\",\"@id\":\"https:\/\/www.pmpf.rs.gov.br\/secretaria-de-planejamento\/#website\",\"url\":\"https:\/\/www.pmpf.rs.gov.br\/secretaria-de-planejamento\/\",\"name\":\"Secretaria de Planejamento\",\"description\":\"S\u00f3 mais um site Prefeitura de Passo Fundo\",\"potentialAction\":[{\"@type\":\"SearchAction\",\"target\":{\"@type\":\"EntryPoint\",\"urlTemplate\":\"https:\/\/www.pmpf.rs.gov.br\/secretaria-de-planejamento\/?s={search_term_string}\"},\"query-input\":{\"@type\":\"PropertyValueSpecification\",\"valueRequired\":true,\"valueName\":\"search_term_string\"}}],\"inLanguage\":\"pt-BR\"},{\"@type\":\"Person\",\"@id\":\"https:\/\/www.pmpf.rs.gov.br\/secretaria-de-planejamento\/#\/schema\/person\/0c355b0fa68a7aa986c8594f7a60a2d7\",\"name\":\"mosite\",\"image\":{\"@type\":\"ImageObject\",\"inLanguage\":\"pt-BR\",\"@id\":\"https:\/\/www.pmpf.rs.gov.br\/secretaria-de-planejamento\/#\/schema\/person\/image\/\",\"url\":\"https:\/\/secure.gravatar.com\/avatar\/63d72595d6cecfe12bd8a94829d5a26c?s=96&d=mm&r=g\",\"contentUrl\":\"https:\/\/secure.gravatar.com\/avatar\/63d72595d6cecfe12bd8a94829d5a26c?s=96&d=mm&r=g\",\"caption\":\"mosite\"},\"sameAs\":[\"http:\/\/example.com\"],\"url\":\"https:\/\/www.pmpf.rs.gov.br\/secretaria-de-planejamento\/author\/mosite\/\"}]}<\/script>\n<!-- \/ Yoast SEO plugin. -->","yoast_head_json":{"title":"Plano Diretor: question\u00e1rio sobre vai at\u00e9 domingo - Secretaria de Planejamento","robots":{"index":"index","follow":"follow","max-snippet":"max-snippet:-1","max-image-preview":"max-image-preview:large","max-video-preview":"max-video-preview:-1"},"canonical":"https:\/\/www.pmpf.rs.gov.br\/secretaria-de-planejamento\/2018\/08\/17\/plano-diretor-questionario-sobre-vai-ate-domingo-12921\/","og_locale":"pt_BR","og_type":"article","og_title":"Plano Diretor: question\u00e1rio sobre vai at\u00e9 domingo - Secretaria de Planejamento","og_description":"Question\u00e1rio tem como objetivo ouvir a opini\u00e3o da comunidade sobre solu\u00e7\u00f5es urbanas","og_url":"https:\/\/www.pmpf.rs.gov.br\/secretaria-de-planejamento\/2018\/08\/17\/plano-diretor-questionario-sobre-vai-ate-domingo-12921\/","og_site_name":"Secretaria de Planejamento","article_published_time":"2018-08-17T20:45:51+00:00","og_image":[{"width":1335,"height":669,"url":"https:\/\/www.pmpf.rs.gov.br\/secretaria-de-planejamento\/wp-content\/uploads\/sites\/52\/2021\/12\/I2018-08-17_144700_385109.jpg","type":"image\/jpeg"}],"author":"mosite","twitter_card":"summary_large_image","twitter_misc":{"Escrito por":"mosite","Est. tempo de leitura":"2 minutos"},"schema":{"@context":"https:\/\/schema.org","@graph":[{"@type":"WebPage","@id":"https:\/\/www.pmpf.rs.gov.br\/secretaria-de-planejamento\/2018\/08\/17\/plano-diretor-questionario-sobre-vai-ate-domingo-12921\/","url":"https:\/\/www.pmpf.rs.gov.br\/secretaria-de-planejamento\/2018\/08\/17\/plano-diretor-questionario-sobre-vai-ate-domingo-12921\/","name":"Plano Diretor: question\u00e1rio sobre vai at\u00e9 domingo - Secretaria de Planejamento","isPartOf":{"@id":"https:\/\/www.pmpf.rs.gov.br\/secretaria-de-planejamento\/#website"},"primaryImageOfPage":{"@id":"https:\/\/www.pmpf.rs.gov.br\/secretaria-de-planejamento\/2018\/08\/17\/plano-diretor-questionario-sobre-vai-ate-domingo-12921\/#primaryimage"},"image":{"@id":"https:\/\/www.pmpf.rs.gov.br\/secretaria-de-planejamento\/2018\/08\/17\/plano-diretor-questionario-sobre-vai-ate-domingo-12921\/#primaryimage"},"thumbnailUrl":"https:\/\/www.pmpf.rs.gov.br\/secretaria-de-planejamento\/wp-content\/uploads\/sites\/52\/2021\/12\/I2018-08-17_144700_385109.jpg","datePublished":"2018-08-17T20:45:51+00:00","dateModified":"2018-08-17T20:45:51+00:00","author":{"@id":"https:\/\/www.pmpf.rs.gov.br\/secretaria-de-planejamento\/#\/schema\/person\/0c355b0fa68a7aa986c8594f7a60a2d7"},"breadcrumb":{"@id":"https:\/\/www.pmpf.rs.gov.br\/secretaria-de-planejamento\/2018\/08\/17\/plano-diretor-questionario-sobre-vai-ate-domingo-12921\/#breadcrumb"},"inLanguage":"pt-BR","potentialAction":[{"@type":"ReadAction","target":["https:\/\/www.pmpf.rs.gov.br\/secretaria-de-planejamento\/2018\/08\/17\/plano-diretor-questionario-sobre-vai-ate-domingo-12921\/"]}]},{"@type":"ImageObject","inLanguage":"pt-BR","@id":"https:\/\/www.pmpf.rs.gov.br\/secretaria-de-planejamento\/2018\/08\/17\/plano-diretor-questionario-sobre-vai-ate-domingo-12921\/#primaryimage","url":"https:\/\/www.pmpf.rs.gov.br\/secretaria-de-planejamento\/wp-content\/uploads\/sites\/52\/2021\/12\/I2018-08-17_144700_385109.jpg","contentUrl":"https:\/\/www.pmpf.rs.gov.br\/secretaria-de-planejamento\/wp-content\/uploads\/sites\/52\/2021\/12\/I2018-08-17_144700_385109.jpg","width":1335,"height":669},{"@type":"BreadcrumbList","@id":"https:\/\/www.pmpf.rs.gov.br\/secretaria-de-planejamento\/2018\/08\/17\/plano-diretor-questionario-sobre-vai-ate-domingo-12921\/#breadcrumb","itemListElement":[{"@type":"ListItem","position":1,"name":"In\u00edcio","item":"https:\/\/www.pmpf.rs.gov.br\/secretaria-de-planejamento\/"},{"@type":"ListItem","position":2,"name":"Plano Diretor: question\u00e1rio sobre vai at\u00e9 domingo"}]},{"@type":"WebSite","@id":"https:\/\/www.pmpf.rs.gov.br\/secretaria-de-planejamento\/#website","url":"https:\/\/www.pmpf.rs.gov.br\/secretaria-de-planejamento\/","name":"Secretaria de Planejamento","description":"S\u00f3 mais um site Prefeitura de Passo Fundo","potentialAction":[{"@type":"SearchAction","target":{"@type":"EntryPoint","urlTemplate":"https:\/\/www.pmpf.rs.gov.br\/secretaria-de-planejamento\/?s={search_term_string}"},"query-input":{"@type":"PropertyValueSpecification","valueRequired":true,"valueName":"search_term_string"}}],"inLanguage":"pt-BR"},{"@type":"Person","@id":"https:\/\/www.pmpf.rs.gov.br\/secretaria-de-planejamento\/#\/schema\/person\/0c355b0fa68a7aa986c8594f7a60a2d7","name":"mosite","image":{"@type":"ImageObject","inLanguage":"pt-BR","@id":"https:\/\/www.pmpf.rs.gov.br\/secretaria-de-planejamento\/#\/schema\/person\/image\/","url":"https:\/\/secure.gravatar.com\/avatar\/63d72595d6cecfe12bd8a94829d5a26c?s=96&d=mm&r=g","contentUrl":"https:\/\/secure.gravatar.com\/avatar\/63d72595d6cecfe12bd8a94829d5a26c?s=96&d=mm&r=g","caption":"mosite"},"sameAs":["http:\/\/example.com"],"url":"https:\/\/www.pmpf.rs.gov.br\/secretaria-de-planejamento\/author\/mosite\/"}]}},"_links":{"self":[{"href":"https:\/\/www.pmpf.rs.gov.br\/secretaria-de-planejamento\/wp-json\/wp\/v2\/posts\/800"}],"collection":[{"href":"https:\/\/www.pmpf.rs.gov.br\/secretaria-de-planejamento\/wp-json\/wp\/v2\/posts"}],"about":[{"href":"https:\/\/www.pmpf.rs.gov.br\/secretaria-de-planejamento\/wp-json\/wp\/v2\/types\/post"}],"author":[{"embeddable":true,"href":"https:\/\/www.pmpf.rs.gov.br\/secretaria-de-planejamento\/wp-json\/wp\/v2\/users\/1"}],"replies":[{"embeddable":true,"href":"https:\/\/www.pmpf.rs.gov.br\/secretaria-de-planejamento\/wp-json\/wp\/v2\/comments?post=800"}],"version-history":[{"count":0,"href":"https:\/\/www.pmpf.rs.gov.br\/secretaria-de-planejamento\/wp-json\/wp\/v2\/posts\/800\/revisions"}],"wp:featuredmedia":[{"embeddable":true,"href":"https:\/\/www.pmpf.rs.gov.br\/secretaria-de-planejamento\/wp-json\/wp\/v2\/media\/801"}],"wp:attachment":[{"href":"https:\/\/www.pmpf.rs.gov.br\/secretaria-de-planejamento\/wp-json\/wp\/v2\/media?parent=800"}],"wp:term":[{"taxonomy":"category","embeddable":true,"href":"https:\/\/www.pmpf.rs.gov.br\/secretaria-de-planejamento\/wp-json\/wp\/v2\/categories?post=800"},{"taxonomy":"post_tag","embeddable":true,"href":"https:\/\/www.pmpf.rs.gov.br\/secretaria-de-planejamento\/wp-json\/wp\/v2\/tags?post=800"}],"curies":[{"name":"wp","href":"https:\/\/api.w.org\/{rel}","templated":true}]}}