{"id":796,"date":"2018-08-13T19:13:51","date_gmt":"2018-08-13T22:13:51","guid":{"rendered":"https:\/\/www.pmpf.rs.gov.br\/secretaria-de-planejamento\/2018\/08\/13\/questionario-do-plano-diretor-acesso-ate-19-08-12910\/"},"modified":"2018-08-13T19:13:51","modified_gmt":"2018-08-13T22:13:51","slug":"questionario-do-plano-diretor-acesso-ate-19-08-12910","status":"publish","type":"post","link":"https:\/\/www.pmpf.rs.gov.br\/secretaria-de-planejamento\/2018\/08\/13\/questionario-do-plano-diretor-acesso-ate-19-08-12910\/","title":{"rendered":"Question\u00e1rio do Plano Diretor: acesso at\u00e9 19\/08"},"content":{"rendered":"<p>Est\u00e1 aberto para a participa\u00e7\u00e3o da popula\u00e7\u00e3o o question\u00e1rio da revis\u00e3o do Plano Diretor. At\u00e9 o pr\u00f3ximo domingo, dia 19 de agosto, os passo-fundenses podem responder diversas quest\u00f5es sobre o bairro onde moram, sobre a infraestrutura da cidade e sobre o que gostariam que melhorasse. Para responder, \u00e9 s\u00f3 acessar o site da Prefeitura de Passo Fundo (pmpf.rs.gov.br) e procurar o link Question\u00e1rio Participativo da Revis\u00e3o do Plano Diretor, nos destaques da p\u00e1gina.<\/p>\n<p>O primeiro passo \u00e9 colocar o n\u00famero do CPF e em seguida do CEP da rua onde mora. Depois seguem as quest\u00f5es onde as respostas devem ser marcadas dentre as op\u00e7\u00f5es apresentadas. Importante lembrar que no item onde \u00e9 necess\u00e1rio responder o setor onde mora \u00e9 preciso ir at\u00e9 o final da p\u00e1gina e clicar na seta, que ent\u00e3o aparece a lista com os nomes dos bairros, vilas e loteamentos para escolher o seu.<\/p>\n<p>Este question\u00e1rio tem como objetivo ouvir a opini\u00e3o da comunidade sobre solu\u00e7\u00f5es urbanas. As perguntas foram criadas para que o cidad\u00e3o possa avaliar assuntos como recuos, verticaliza\u00e7\u00e3o, cal\u00e7adas, entre outros. O resultado deste question\u00e1rio ajudar\u00e1 a compreender melhor os anseios da popula\u00e7\u00e3o de Passo Fundo quanto ao futuro da cidade.<\/p>\n<p>Esta etapa constitui a leitura da realidade do munic\u00edpio, sendo estruturada em uma s\u00e9rie de procedimentos articulados e complementares que buscam identificar e analisar a situa\u00e7\u00e3o do territ\u00f3rio urbano e rural, seus problemas, conflitos e potencialidades. Esse passo consiste na elabora\u00e7\u00e3o do Diagn\u00f3stico Participativo que compreende a leitura t\u00e9cnica e a comunit\u00e1ria que se traduzem na an\u00e1lise e sistematiza\u00e7\u00e3o de informa\u00e7\u00f5es que possibilitam o entendimento da estrutura territorial atual e das tend\u00eancias da din\u00e2mica de uso e ocupa\u00e7\u00e3o do solo, sob o olhar t\u00e9cnico e sob o olhar da popula\u00e7\u00e3o.<\/p>\n<p><b>(Foto: Reprodu\u00e7\u00e3o)<\/b><\/p>\n","protected":false},"excerpt":{"rendered":"<p>Este question\u00e1rio tem como objetivo ouvir a opini\u00e3o da comunidade sobre solu\u00e7\u00f5es urbanas<\/p>\n","protected":false},"author":1,"featured_media":797,"comment_status":"open","ping_status":"open","sticky":false,"template":"","format":"standard","meta":{"footnotes":""},"categories":[],"tags":[],"class_list":["post-796","post","type-post","status-publish","format-standard","has-post-thumbnail","hentry"],"yoast_head":"<!-- This site is optimized with the Yoast SEO plugin v23.8 - https:\/\/yoast.com\/wordpress\/plugins\/seo\/ -->\n<title>Question\u00e1rio do Plano Diretor: acesso at\u00e9 19\/08 - Secretaria de Planejamento<\/title>\n<meta name=\"robots\" content=\"index, follow, max-snippet:-1, max-image-preview:large, max-video-preview:-1\" \/>\n<link rel=\"canonical\" href=\"https:\/\/www.pmpf.rs.gov.br\/secretaria-de-planejamento\/2018\/08\/13\/questionario-do-plano-diretor-acesso-ate-19-08-12910\/\" \/>\n<meta property=\"og:locale\" content=\"pt_BR\" \/>\n<meta property=\"og:type\" content=\"article\" \/>\n<meta property=\"og:title\" content=\"Question\u00e1rio do Plano Diretor: acesso at\u00e9 19\/08 - Secretaria de Planejamento\" \/>\n<meta property=\"og:description\" content=\"Este question\u00e1rio tem como objetivo ouvir a opini\u00e3o da comunidade sobre solu\u00e7\u00f5es urbanas\" \/>\n<meta property=\"og:url\" content=\"https:\/\/www.pmpf.rs.gov.br\/secretaria-de-planejamento\/2018\/08\/13\/questionario-do-plano-diretor-acesso-ate-19-08-12910\/\" \/>\n<meta property=\"og:site_name\" content=\"Secretaria de Planejamento\" \/>\n<meta property=\"article:published_time\" content=\"2018-08-13T22:13:51+00:00\" \/>\n<meta property=\"og:image\" content=\"https:\/\/www.pmpf.rs.gov.br\/secretaria-de-planejamento\/wp-content\/uploads\/sites\/52\/2021\/12\/I2018-08-13_161722_385109.jpg\" \/>\n\t<meta property=\"og:image:width\" content=\"1368\" \/>\n\t<meta property=\"og:image:height\" content=\"768\" \/>\n\t<meta property=\"og:image:type\" content=\"image\/jpeg\" \/>\n<meta name=\"author\" content=\"mosite\" \/>\n<meta name=\"twitter:card\" content=\"summary_large_image\" \/>\n<meta name=\"twitter:label1\" content=\"Escrito por\" \/>\n\t<meta name=\"twitter:data1\" content=\"mosite\" \/>\n\t<meta name=\"twitter:label2\" content=\"Est. tempo de leitura\" \/>\n\t<meta name=\"twitter:data2\" content=\"2 minutos\" \/>\n<script type=\"application\/ld+json\" class=\"yoast-schema-graph\">{\"@context\":\"https:\/\/schema.org\",\"@graph\":[{\"@type\":\"WebPage\",\"@id\":\"https:\/\/www.pmpf.rs.gov.br\/secretaria-de-planejamento\/2018\/08\/13\/questionario-do-plano-diretor-acesso-ate-19-08-12910\/\",\"url\":\"https:\/\/www.pmpf.rs.gov.br\/secretaria-de-planejamento\/2018\/08\/13\/questionario-do-plano-diretor-acesso-ate-19-08-12910\/\",\"name\":\"Question\u00e1rio do Plano Diretor: acesso at\u00e9 19\/08 - Secretaria de Planejamento\",\"isPartOf\":{\"@id\":\"https:\/\/www.pmpf.rs.gov.br\/secretaria-de-planejamento\/#website\"},\"primaryImageOfPage\":{\"@id\":\"https:\/\/www.pmpf.rs.gov.br\/secretaria-de-planejamento\/2018\/08\/13\/questionario-do-plano-diretor-acesso-ate-19-08-12910\/#primaryimage\"},\"image\":{\"@id\":\"https:\/\/www.pmpf.rs.gov.br\/secretaria-de-planejamento\/2018\/08\/13\/questionario-do-plano-diretor-acesso-ate-19-08-12910\/#primaryimage\"},\"thumbnailUrl\":\"https:\/\/www.pmpf.rs.gov.br\/secretaria-de-planejamento\/wp-content\/uploads\/sites\/52\/2021\/12\/I2018-08-13_161722_385109.jpg\",\"datePublished\":\"2018-08-13T22:13:51+00:00\",\"dateModified\":\"2018-08-13T22:13:51+00:00\",\"author\":{\"@id\":\"https:\/\/www.pmpf.rs.gov.br\/secretaria-de-planejamento\/#\/schema\/person\/0c355b0fa68a7aa986c8594f7a60a2d7\"},\"breadcrumb\":{\"@id\":\"https:\/\/www.pmpf.rs.gov.br\/secretaria-de-planejamento\/2018\/08\/13\/questionario-do-plano-diretor-acesso-ate-19-08-12910\/#breadcrumb\"},\"inLanguage\":\"pt-BR\",\"potentialAction\":[{\"@type\":\"ReadAction\",\"target\":[\"https:\/\/www.pmpf.rs.gov.br\/secretaria-de-planejamento\/2018\/08\/13\/questionario-do-plano-diretor-acesso-ate-19-08-12910\/\"]}]},{\"@type\":\"ImageObject\",\"inLanguage\":\"pt-BR\",\"@id\":\"https:\/\/www.pmpf.rs.gov.br\/secretaria-de-planejamento\/2018\/08\/13\/questionario-do-plano-diretor-acesso-ate-19-08-12910\/#primaryimage\",\"url\":\"https:\/\/www.pmpf.rs.gov.br\/secretaria-de-planejamento\/wp-content\/uploads\/sites\/52\/2021\/12\/I2018-08-13_161722_385109.jpg\",\"contentUrl\":\"https:\/\/www.pmpf.rs.gov.br\/secretaria-de-planejamento\/wp-content\/uploads\/sites\/52\/2021\/12\/I2018-08-13_161722_385109.jpg\",\"width\":1368,\"height\":768},{\"@type\":\"BreadcrumbList\",\"@id\":\"https:\/\/www.pmpf.rs.gov.br\/secretaria-de-planejamento\/2018\/08\/13\/questionario-do-plano-diretor-acesso-ate-19-08-12910\/#breadcrumb\",\"itemListElement\":[{\"@type\":\"ListItem\",\"position\":1,\"name\":\"In\u00edcio\",\"item\":\"https:\/\/www.pmpf.rs.gov.br\/secretaria-de-planejamento\/\"},{\"@type\":\"ListItem\",\"position\":2,\"name\":\"Question\u00e1rio do Plano Diretor: acesso at\u00e9 19\/08\"}]},{\"@type\":\"WebSite\",\"@id\":\"https:\/\/www.pmpf.rs.gov.br\/secretaria-de-planejamento\/#website\",\"url\":\"https:\/\/www.pmpf.rs.gov.br\/secretaria-de-planejamento\/\",\"name\":\"Secretaria de Planejamento\",\"description\":\"S\u00f3 mais um site Prefeitura de Passo Fundo\",\"potentialAction\":[{\"@type\":\"SearchAction\",\"target\":{\"@type\":\"EntryPoint\",\"urlTemplate\":\"https:\/\/www.pmpf.rs.gov.br\/secretaria-de-planejamento\/?s={search_term_string}\"},\"query-input\":{\"@type\":\"PropertyValueSpecification\",\"valueRequired\":true,\"valueName\":\"search_term_string\"}}],\"inLanguage\":\"pt-BR\"},{\"@type\":\"Person\",\"@id\":\"https:\/\/www.pmpf.rs.gov.br\/secretaria-de-planejamento\/#\/schema\/person\/0c355b0fa68a7aa986c8594f7a60a2d7\",\"name\":\"mosite\",\"image\":{\"@type\":\"ImageObject\",\"inLanguage\":\"pt-BR\",\"@id\":\"https:\/\/www.pmpf.rs.gov.br\/secretaria-de-planejamento\/#\/schema\/person\/image\/\",\"url\":\"https:\/\/secure.gravatar.com\/avatar\/63d72595d6cecfe12bd8a94829d5a26c?s=96&d=mm&r=g\",\"contentUrl\":\"https:\/\/secure.gravatar.com\/avatar\/63d72595d6cecfe12bd8a94829d5a26c?s=96&d=mm&r=g\",\"caption\":\"mosite\"},\"sameAs\":[\"http:\/\/example.com\"],\"url\":\"https:\/\/www.pmpf.rs.gov.br\/secretaria-de-planejamento\/author\/mosite\/\"}]}<\/script>\n<!-- \/ Yoast SEO plugin. -->","yoast_head_json":{"title":"Question\u00e1rio do Plano Diretor: acesso at\u00e9 19\/08 - Secretaria de Planejamento","robots":{"index":"index","follow":"follow","max-snippet":"max-snippet:-1","max-image-preview":"max-image-preview:large","max-video-preview":"max-video-preview:-1"},"canonical":"https:\/\/www.pmpf.rs.gov.br\/secretaria-de-planejamento\/2018\/08\/13\/questionario-do-plano-diretor-acesso-ate-19-08-12910\/","og_locale":"pt_BR","og_type":"article","og_title":"Question\u00e1rio do Plano Diretor: acesso at\u00e9 19\/08 - Secretaria de Planejamento","og_description":"Este question\u00e1rio tem como objetivo ouvir a opini\u00e3o da comunidade sobre solu\u00e7\u00f5es urbanas","og_url":"https:\/\/www.pmpf.rs.gov.br\/secretaria-de-planejamento\/2018\/08\/13\/questionario-do-plano-diretor-acesso-ate-19-08-12910\/","og_site_name":"Secretaria de Planejamento","article_published_time":"2018-08-13T22:13:51+00:00","og_image":[{"width":1368,"height":768,"url":"https:\/\/www.pmpf.rs.gov.br\/secretaria-de-planejamento\/wp-content\/uploads\/sites\/52\/2021\/12\/I2018-08-13_161722_385109.jpg","type":"image\/jpeg"}],"author":"mosite","twitter_card":"summary_large_image","twitter_misc":{"Escrito por":"mosite","Est. tempo de leitura":"2 minutos"},"schema":{"@context":"https:\/\/schema.org","@graph":[{"@type":"WebPage","@id":"https:\/\/www.pmpf.rs.gov.br\/secretaria-de-planejamento\/2018\/08\/13\/questionario-do-plano-diretor-acesso-ate-19-08-12910\/","url":"https:\/\/www.pmpf.rs.gov.br\/secretaria-de-planejamento\/2018\/08\/13\/questionario-do-plano-diretor-acesso-ate-19-08-12910\/","name":"Question\u00e1rio do Plano Diretor: acesso at\u00e9 19\/08 - Secretaria de Planejamento","isPartOf":{"@id":"https:\/\/www.pmpf.rs.gov.br\/secretaria-de-planejamento\/#website"},"primaryImageOfPage":{"@id":"https:\/\/www.pmpf.rs.gov.br\/secretaria-de-planejamento\/2018\/08\/13\/questionario-do-plano-diretor-acesso-ate-19-08-12910\/#primaryimage"},"image":{"@id":"https:\/\/www.pmpf.rs.gov.br\/secretaria-de-planejamento\/2018\/08\/13\/questionario-do-plano-diretor-acesso-ate-19-08-12910\/#primaryimage"},"thumbnailUrl":"https:\/\/www.pmpf.rs.gov.br\/secretaria-de-planejamento\/wp-content\/uploads\/sites\/52\/2021\/12\/I2018-08-13_161722_385109.jpg","datePublished":"2018-08-13T22:13:51+00:00","dateModified":"2018-08-13T22:13:51+00:00","author":{"@id":"https:\/\/www.pmpf.rs.gov.br\/secretaria-de-planejamento\/#\/schema\/person\/0c355b0fa68a7aa986c8594f7a60a2d7"},"breadcrumb":{"@id":"https:\/\/www.pmpf.rs.gov.br\/secretaria-de-planejamento\/2018\/08\/13\/questionario-do-plano-diretor-acesso-ate-19-08-12910\/#breadcrumb"},"inLanguage":"pt-BR","potentialAction":[{"@type":"ReadAction","target":["https:\/\/www.pmpf.rs.gov.br\/secretaria-de-planejamento\/2018\/08\/13\/questionario-do-plano-diretor-acesso-ate-19-08-12910\/"]}]},{"@type":"ImageObject","inLanguage":"pt-BR","@id":"https:\/\/www.pmpf.rs.gov.br\/secretaria-de-planejamento\/2018\/08\/13\/questionario-do-plano-diretor-acesso-ate-19-08-12910\/#primaryimage","url":"https:\/\/www.pmpf.rs.gov.br\/secretaria-de-planejamento\/wp-content\/uploads\/sites\/52\/2021\/12\/I2018-08-13_161722_385109.jpg","contentUrl":"https:\/\/www.pmpf.rs.gov.br\/secretaria-de-planejamento\/wp-content\/uploads\/sites\/52\/2021\/12\/I2018-08-13_161722_385109.jpg","width":1368,"height":768},{"@type":"BreadcrumbList","@id":"https:\/\/www.pmpf.rs.gov.br\/secretaria-de-planejamento\/2018\/08\/13\/questionario-do-plano-diretor-acesso-ate-19-08-12910\/#breadcrumb","itemListElement":[{"@type":"ListItem","position":1,"name":"In\u00edcio","item":"https:\/\/www.pmpf.rs.gov.br\/secretaria-de-planejamento\/"},{"@type":"ListItem","position":2,"name":"Question\u00e1rio do Plano Diretor: acesso at\u00e9 19\/08"}]},{"@type":"WebSite","@id":"https:\/\/www.pmpf.rs.gov.br\/secretaria-de-planejamento\/#website","url":"https:\/\/www.pmpf.rs.gov.br\/secretaria-de-planejamento\/","name":"Secretaria de Planejamento","description":"S\u00f3 mais um site Prefeitura de Passo Fundo","potentialAction":[{"@type":"SearchAction","target":{"@type":"EntryPoint","urlTemplate":"https:\/\/www.pmpf.rs.gov.br\/secretaria-de-planejamento\/?s={search_term_string}"},"query-input":{"@type":"PropertyValueSpecification","valueRequired":true,"valueName":"search_term_string"}}],"inLanguage":"pt-BR"},{"@type":"Person","@id":"https:\/\/www.pmpf.rs.gov.br\/secretaria-de-planejamento\/#\/schema\/person\/0c355b0fa68a7aa986c8594f7a60a2d7","name":"mosite","image":{"@type":"ImageObject","inLanguage":"pt-BR","@id":"https:\/\/www.pmpf.rs.gov.br\/secretaria-de-planejamento\/#\/schema\/person\/image\/","url":"https:\/\/secure.gravatar.com\/avatar\/63d72595d6cecfe12bd8a94829d5a26c?s=96&d=mm&r=g","contentUrl":"https:\/\/secure.gravatar.com\/avatar\/63d72595d6cecfe12bd8a94829d5a26c?s=96&d=mm&r=g","caption":"mosite"},"sameAs":["http:\/\/example.com"],"url":"https:\/\/www.pmpf.rs.gov.br\/secretaria-de-planejamento\/author\/mosite\/"}]}},"_links":{"self":[{"href":"https:\/\/www.pmpf.rs.gov.br\/secretaria-de-planejamento\/wp-json\/wp\/v2\/posts\/796"}],"collection":[{"href":"https:\/\/www.pmpf.rs.gov.br\/secretaria-de-planejamento\/wp-json\/wp\/v2\/posts"}],"about":[{"href":"https:\/\/www.pmpf.rs.gov.br\/secretaria-de-planejamento\/wp-json\/wp\/v2\/types\/post"}],"author":[{"embeddable":true,"href":"https:\/\/www.pmpf.rs.gov.br\/secretaria-de-planejamento\/wp-json\/wp\/v2\/users\/1"}],"replies":[{"embeddable":true,"href":"https:\/\/www.pmpf.rs.gov.br\/secretaria-de-planejamento\/wp-json\/wp\/v2\/comments?post=796"}],"version-history":[{"count":0,"href":"https:\/\/www.pmpf.rs.gov.br\/secretaria-de-planejamento\/wp-json\/wp\/v2\/posts\/796\/revisions"}],"wp:featuredmedia":[{"embeddable":true,"href":"https:\/\/www.pmpf.rs.gov.br\/secretaria-de-planejamento\/wp-json\/wp\/v2\/media\/797"}],"wp:attachment":[{"href":"https:\/\/www.pmpf.rs.gov.br\/secretaria-de-planejamento\/wp-json\/wp\/v2\/media?parent=796"}],"wp:term":[{"taxonomy":"category","embeddable":true,"href":"https:\/\/www.pmpf.rs.gov.br\/secretaria-de-planejamento\/wp-json\/wp\/v2\/categories?post=796"},{"taxonomy":"post_tag","embeddable":true,"href":"https:\/\/www.pmpf.rs.gov.br\/secretaria-de-planejamento\/wp-json\/wp\/v2\/tags?post=796"}],"curies":[{"name":"wp","href":"https:\/\/api.w.org\/{rel}","templated":true}]}}