{"id":52,"date":"2006-04-10T03:00:00","date_gmt":"2006-04-10T06:00:00","guid":{"rendered":"https:\/\/www.pmpf.rs.gov.br\/secretaria-de-planejamento\/2006\/04\/10\/debate-publico-sobre-servicos-funerarios-4363\/"},"modified":"2006-04-10T03:00:00","modified_gmt":"2006-04-10T06:00:00","slug":"debate-publico-sobre-servicos-funerarios-4363","status":"publish","type":"post","link":"https:\/\/www.pmpf.rs.gov.br\/secretaria-de-planejamento\/2006\/04\/10\/debate-publico-sobre-servicos-funerarios-4363\/","title":{"rendered":"Debate p\u00fablico sobre servi\u00e7os funer\u00e1rios"},"content":{"rendered":"<p style=\"text-align: justify;\"><span style=\"\">A administra\u00e7\u00e3o Dipp\/Corralo est\u00e1 promovendo estudos para normatizar os servi\u00e7os funer\u00e1rios em Passo Fundo. Para isso vai promover um debate p\u00fablico no pr\u00f3ximo dia 13 de abril, \u00e0s 19h, na C\u00e2mara Municipal de Vereadores, onde todos os interessados poder\u00e3o participar do debate acerca do projeto de lei proposto.<\/span><\/p>\n<p style=\"text-align: justify;\"><span style=\"\"> Os servi\u00e7os p\u00fablicos funer\u00e1rios, pela sua essencialidade, somente podem ser prestados diretamente pelo Munic\u00edpio ou indiretamente por empresas particulares atrav\u00e9s do regime da permiss\u00e3o de servi\u00e7os p\u00fablicos, conforme regula\u00e7\u00e3o e regulamenta\u00e7\u00e3o do poder p\u00fablico municipal.  O secret\u00e1rio de Planejamento, Giovani Corralo diz que \u201cOs servi\u00e7os funer\u00e1rios s\u00e3o servi\u00e7os p\u00fablicos municipais que dependem de regula\u00e7\u00e3o pr\u00f3pria para que possam ser prestados. Para isso, o Munic\u00edpio deve instituir normas que sujeitar\u00e3o todos os prestadores destes servi\u00e7os, definindo crit\u00e9rios de qualidade a serem observados\u201d, refor\u00e7a o secret\u00e1rio.<\/span><\/p>\n<p style=\"text-align: justify;\"><span style=\"\"> At\u00e9 o momento n\u00e3o se tem uma regula\u00e7\u00e3o sobre o assunto, entretanto, a Administra\u00e7\u00e3o Dipp\/Corralo assumiu o compromisso de efetiv\u00e1-la atrav\u00e9s da secretaria municipal de Planejamento (SEPLAN), juntamente com a Secretaria Municipal de Servi\u00e7os Urbanos (SMSU). Uma das a\u00e7\u00f5es \u00e9 ouvir a comunidade e as empresas funer\u00e1rias da cidade. Para isso acontece um debate p\u00fablico, dia 13 de abril, onde todos ter\u00e3o a oportunidade de debater e discutir o Projeto de Lei que regular\u00e1 os servi\u00e7os funer\u00e1rios em Passo Fundo.<\/span><\/p>\n<p style=\"text-align: justify;\"><span style=\"\"> No debate p\u00fablico, explica o secret\u00e1rio, ser\u00e3o expostas as principais sugest\u00f5es de regula\u00e7\u00e3o, como as exig\u00eancias para a instala\u00e7\u00e3o de novas ag\u00eancias funer\u00e1rias e o prazo de adequa\u00e7\u00e3o das existentes, a institui\u00e7\u00e3o do regime de plant\u00e3o de atendimento das funer\u00e1rias em rod\u00edzio, a proibi\u00e7\u00e3o de qualquer outra forma de agenciamento ou venda de servi\u00e7os e produtos funer\u00e1rios dentro das unidades prestadoras de sa\u00fade, a dist\u00e2ncia m\u00ednima de 100 metros das empresas funer\u00e1rias dos estabelecimentos hospitalares, delegacias de pol\u00edcia e Instituto M\u00e9dico legal.  Tamb\u00e9m est\u00e3o previstos os casos de cassa\u00e7\u00e3o da permiss\u00e3o quando detectadas pr\u00e1ticas irregulares com a legisla\u00e7\u00e3o, a expedi\u00e7\u00e3o de carteira de agente funer\u00e1rio e sua renova\u00e7\u00e3o, a fixa\u00e7\u00e3o, elabora\u00e7\u00e3o e aprova\u00e7\u00e3o das tarifas definindo valores m\u00e1ximos para cada servi\u00e7o, o controle e a fiscaliza\u00e7\u00e3o do embalsamento, a emiss\u00e3o das notas fiscais  por todos os servi\u00e7os prestados, a presta\u00e7\u00e3o de informa\u00e7\u00f5es ao \u00f3rg\u00e3o competente da Municipalidade sobre documentos de registro das atividades, a regula\u00e7\u00e3o da constru\u00e7\u00e3o das capelas mortu\u00e1rias em pontos n\u00e3o vis\u00edveis do logradouro p\u00fablico, entre outros assuntos relevantes para que os servi\u00e7os possam ser prestados com efici\u00eancia e pre\u00e7os m\u00f3dicos, a fim de atender o interesse da popula\u00e7\u00e3o, assinala Giovani Corralo.<\/span><\/p>\n<p style=\"text-align: justify;\"><span style=\"\"> O secret\u00e1rio Corralo afirma que o encontro \u00e9 extremamente importante, assegurando que \u201co debate p\u00fablico visa o di\u00e1logo da comunidade com as empresas funer\u00e1rias e o Poder Municipal, para que as disposi\u00e7\u00f5es  no Projeto de Lei possam n\u00e3o somente regular e regulamentar este servi\u00e7o p\u00fablico, mas tamb\u00e9m beneficiar toda a popula\u00e7\u00e3o.\u201d <\/span><\/p>\n","protected":false},"excerpt":{"rendered":"<p>Debate p\u00fablico sobre servi\u00e7os funer\u00e1rios<\/p>\n","protected":false},"author":1,"featured_media":0,"comment_status":"open","ping_status":"open","sticky":false,"template":"","format":"standard","meta":{"footnotes":""},"categories":[],"tags":[],"class_list":["post-52","post","type-post","status-publish","format-standard","hentry"],"yoast_head":"<!-- This site is optimized with the Yoast SEO plugin v23.8 - https:\/\/yoast.com\/wordpress\/plugins\/seo\/ -->\n<title>Debate p\u00fablico sobre servi\u00e7os funer\u00e1rios - Secretaria de Planejamento<\/title>\n<meta name=\"robots\" content=\"index, follow, max-snippet:-1, max-image-preview:large, max-video-preview:-1\" \/>\n<link rel=\"canonical\" href=\"https:\/\/www.pmpf.rs.gov.br\/secretaria-de-planejamento\/2006\/04\/10\/debate-publico-sobre-servicos-funerarios-4363\/\" \/>\n<meta property=\"og:locale\" content=\"pt_BR\" \/>\n<meta property=\"og:type\" content=\"article\" \/>\n<meta property=\"og:title\" content=\"Debate p\u00fablico sobre servi\u00e7os funer\u00e1rios - Secretaria de Planejamento\" \/>\n<meta property=\"og:description\" content=\"Debate p\u00fablico sobre servi\u00e7os funer\u00e1rios\" \/>\n<meta property=\"og:url\" content=\"https:\/\/www.pmpf.rs.gov.br\/secretaria-de-planejamento\/2006\/04\/10\/debate-publico-sobre-servicos-funerarios-4363\/\" \/>\n<meta property=\"og:site_name\" content=\"Secretaria de Planejamento\" \/>\n<meta property=\"article:published_time\" content=\"2006-04-10T06:00:00+00:00\" \/>\n<meta name=\"author\" content=\"mosite\" \/>\n<meta name=\"twitter:card\" content=\"summary_large_image\" \/>\n<meta name=\"twitter:label1\" content=\"Escrito por\" \/>\n\t<meta name=\"twitter:data1\" content=\"mosite\" \/>\n\t<meta name=\"twitter:label2\" content=\"Est. tempo de leitura\" \/>\n\t<meta name=\"twitter:data2\" content=\"3 minutos\" \/>\n<script type=\"application\/ld+json\" class=\"yoast-schema-graph\">{\"@context\":\"https:\/\/schema.org\",\"@graph\":[{\"@type\":\"WebPage\",\"@id\":\"https:\/\/www.pmpf.rs.gov.br\/secretaria-de-planejamento\/2006\/04\/10\/debate-publico-sobre-servicos-funerarios-4363\/\",\"url\":\"https:\/\/www.pmpf.rs.gov.br\/secretaria-de-planejamento\/2006\/04\/10\/debate-publico-sobre-servicos-funerarios-4363\/\",\"name\":\"Debate p\u00fablico sobre servi\u00e7os funer\u00e1rios - Secretaria de Planejamento\",\"isPartOf\":{\"@id\":\"https:\/\/www.pmpf.rs.gov.br\/secretaria-de-planejamento\/#website\"},\"datePublished\":\"2006-04-10T06:00:00+00:00\",\"dateModified\":\"2006-04-10T06:00:00+00:00\",\"author\":{\"@id\":\"https:\/\/www.pmpf.rs.gov.br\/secretaria-de-planejamento\/#\/schema\/person\/0c355b0fa68a7aa986c8594f7a60a2d7\"},\"breadcrumb\":{\"@id\":\"https:\/\/www.pmpf.rs.gov.br\/secretaria-de-planejamento\/2006\/04\/10\/debate-publico-sobre-servicos-funerarios-4363\/#breadcrumb\"},\"inLanguage\":\"pt-BR\",\"potentialAction\":[{\"@type\":\"ReadAction\",\"target\":[\"https:\/\/www.pmpf.rs.gov.br\/secretaria-de-planejamento\/2006\/04\/10\/debate-publico-sobre-servicos-funerarios-4363\/\"]}]},{\"@type\":\"BreadcrumbList\",\"@id\":\"https:\/\/www.pmpf.rs.gov.br\/secretaria-de-planejamento\/2006\/04\/10\/debate-publico-sobre-servicos-funerarios-4363\/#breadcrumb\",\"itemListElement\":[{\"@type\":\"ListItem\",\"position\":1,\"name\":\"In\u00edcio\",\"item\":\"https:\/\/www.pmpf.rs.gov.br\/secretaria-de-planejamento\/\"},{\"@type\":\"ListItem\",\"position\":2,\"name\":\"Debate p\u00fablico sobre servi\u00e7os funer\u00e1rios\"}]},{\"@type\":\"WebSite\",\"@id\":\"https:\/\/www.pmpf.rs.gov.br\/secretaria-de-planejamento\/#website\",\"url\":\"https:\/\/www.pmpf.rs.gov.br\/secretaria-de-planejamento\/\",\"name\":\"Secretaria de Planejamento\",\"description\":\"S\u00f3 mais um site Prefeitura de Passo Fundo\",\"potentialAction\":[{\"@type\":\"SearchAction\",\"target\":{\"@type\":\"EntryPoint\",\"urlTemplate\":\"https:\/\/www.pmpf.rs.gov.br\/secretaria-de-planejamento\/?s={search_term_string}\"},\"query-input\":{\"@type\":\"PropertyValueSpecification\",\"valueRequired\":true,\"valueName\":\"search_term_string\"}}],\"inLanguage\":\"pt-BR\"},{\"@type\":\"Person\",\"@id\":\"https:\/\/www.pmpf.rs.gov.br\/secretaria-de-planejamento\/#\/schema\/person\/0c355b0fa68a7aa986c8594f7a60a2d7\",\"name\":\"mosite\",\"image\":{\"@type\":\"ImageObject\",\"inLanguage\":\"pt-BR\",\"@id\":\"https:\/\/www.pmpf.rs.gov.br\/secretaria-de-planejamento\/#\/schema\/person\/image\/\",\"url\":\"https:\/\/secure.gravatar.com\/avatar\/63d72595d6cecfe12bd8a94829d5a26c?s=96&d=mm&r=g\",\"contentUrl\":\"https:\/\/secure.gravatar.com\/avatar\/63d72595d6cecfe12bd8a94829d5a26c?s=96&d=mm&r=g\",\"caption\":\"mosite\"},\"sameAs\":[\"http:\/\/example.com\"],\"url\":\"https:\/\/www.pmpf.rs.gov.br\/secretaria-de-planejamento\/author\/mosite\/\"}]}<\/script>\n<!-- \/ Yoast SEO plugin. -->","yoast_head_json":{"title":"Debate p\u00fablico sobre servi\u00e7os funer\u00e1rios - Secretaria de Planejamento","robots":{"index":"index","follow":"follow","max-snippet":"max-snippet:-1","max-image-preview":"max-image-preview:large","max-video-preview":"max-video-preview:-1"},"canonical":"https:\/\/www.pmpf.rs.gov.br\/secretaria-de-planejamento\/2006\/04\/10\/debate-publico-sobre-servicos-funerarios-4363\/","og_locale":"pt_BR","og_type":"article","og_title":"Debate p\u00fablico sobre servi\u00e7os funer\u00e1rios - Secretaria de Planejamento","og_description":"Debate p\u00fablico sobre servi\u00e7os funer\u00e1rios","og_url":"https:\/\/www.pmpf.rs.gov.br\/secretaria-de-planejamento\/2006\/04\/10\/debate-publico-sobre-servicos-funerarios-4363\/","og_site_name":"Secretaria de Planejamento","article_published_time":"2006-04-10T06:00:00+00:00","author":"mosite","twitter_card":"summary_large_image","twitter_misc":{"Escrito por":"mosite","Est. tempo de leitura":"3 minutos"},"schema":{"@context":"https:\/\/schema.org","@graph":[{"@type":"WebPage","@id":"https:\/\/www.pmpf.rs.gov.br\/secretaria-de-planejamento\/2006\/04\/10\/debate-publico-sobre-servicos-funerarios-4363\/","url":"https:\/\/www.pmpf.rs.gov.br\/secretaria-de-planejamento\/2006\/04\/10\/debate-publico-sobre-servicos-funerarios-4363\/","name":"Debate p\u00fablico sobre servi\u00e7os funer\u00e1rios - Secretaria de Planejamento","isPartOf":{"@id":"https:\/\/www.pmpf.rs.gov.br\/secretaria-de-planejamento\/#website"},"datePublished":"2006-04-10T06:00:00+00:00","dateModified":"2006-04-10T06:00:00+00:00","author":{"@id":"https:\/\/www.pmpf.rs.gov.br\/secretaria-de-planejamento\/#\/schema\/person\/0c355b0fa68a7aa986c8594f7a60a2d7"},"breadcrumb":{"@id":"https:\/\/www.pmpf.rs.gov.br\/secretaria-de-planejamento\/2006\/04\/10\/debate-publico-sobre-servicos-funerarios-4363\/#breadcrumb"},"inLanguage":"pt-BR","potentialAction":[{"@type":"ReadAction","target":["https:\/\/www.pmpf.rs.gov.br\/secretaria-de-planejamento\/2006\/04\/10\/debate-publico-sobre-servicos-funerarios-4363\/"]}]},{"@type":"BreadcrumbList","@id":"https:\/\/www.pmpf.rs.gov.br\/secretaria-de-planejamento\/2006\/04\/10\/debate-publico-sobre-servicos-funerarios-4363\/#breadcrumb","itemListElement":[{"@type":"ListItem","position":1,"name":"In\u00edcio","item":"https:\/\/www.pmpf.rs.gov.br\/secretaria-de-planejamento\/"},{"@type":"ListItem","position":2,"name":"Debate p\u00fablico sobre servi\u00e7os funer\u00e1rios"}]},{"@type":"WebSite","@id":"https:\/\/www.pmpf.rs.gov.br\/secretaria-de-planejamento\/#website","url":"https:\/\/www.pmpf.rs.gov.br\/secretaria-de-planejamento\/","name":"Secretaria de Planejamento","description":"S\u00f3 mais um site Prefeitura de Passo Fundo","potentialAction":[{"@type":"SearchAction","target":{"@type":"EntryPoint","urlTemplate":"https:\/\/www.pmpf.rs.gov.br\/secretaria-de-planejamento\/?s={search_term_string}"},"query-input":{"@type":"PropertyValueSpecification","valueRequired":true,"valueName":"search_term_string"}}],"inLanguage":"pt-BR"},{"@type":"Person","@id":"https:\/\/www.pmpf.rs.gov.br\/secretaria-de-planejamento\/#\/schema\/person\/0c355b0fa68a7aa986c8594f7a60a2d7","name":"mosite","image":{"@type":"ImageObject","inLanguage":"pt-BR","@id":"https:\/\/www.pmpf.rs.gov.br\/secretaria-de-planejamento\/#\/schema\/person\/image\/","url":"https:\/\/secure.gravatar.com\/avatar\/63d72595d6cecfe12bd8a94829d5a26c?s=96&d=mm&r=g","contentUrl":"https:\/\/secure.gravatar.com\/avatar\/63d72595d6cecfe12bd8a94829d5a26c?s=96&d=mm&r=g","caption":"mosite"},"sameAs":["http:\/\/example.com"],"url":"https:\/\/www.pmpf.rs.gov.br\/secretaria-de-planejamento\/author\/mosite\/"}]}},"_links":{"self":[{"href":"https:\/\/www.pmpf.rs.gov.br\/secretaria-de-planejamento\/wp-json\/wp\/v2\/posts\/52"}],"collection":[{"href":"https:\/\/www.pmpf.rs.gov.br\/secretaria-de-planejamento\/wp-json\/wp\/v2\/posts"}],"about":[{"href":"https:\/\/www.pmpf.rs.gov.br\/secretaria-de-planejamento\/wp-json\/wp\/v2\/types\/post"}],"author":[{"embeddable":true,"href":"https:\/\/www.pmpf.rs.gov.br\/secretaria-de-planejamento\/wp-json\/wp\/v2\/users\/1"}],"replies":[{"embeddable":true,"href":"https:\/\/www.pmpf.rs.gov.br\/secretaria-de-planejamento\/wp-json\/wp\/v2\/comments?post=52"}],"version-history":[{"count":0,"href":"https:\/\/www.pmpf.rs.gov.br\/secretaria-de-planejamento\/wp-json\/wp\/v2\/posts\/52\/revisions"}],"wp:attachment":[{"href":"https:\/\/www.pmpf.rs.gov.br\/secretaria-de-planejamento\/wp-json\/wp\/v2\/media?parent=52"}],"wp:term":[{"taxonomy":"category","embeddable":true,"href":"https:\/\/www.pmpf.rs.gov.br\/secretaria-de-planejamento\/wp-json\/wp\/v2\/categories?post=52"},{"taxonomy":"post_tag","embeddable":true,"href":"https:\/\/www.pmpf.rs.gov.br\/secretaria-de-planejamento\/wp-json\/wp\/v2\/tags?post=52"}],"curies":[{"name":"wp","href":"https:\/\/api.w.org\/{rel}","templated":true}]}}