{"id":505,"date":"2009-11-11T02:00:00","date_gmt":"2009-11-11T04:00:00","guid":{"rendered":"https:\/\/www.pmpf.rs.gov.br\/secretaria-de-planejamento\/2009\/11\/11\/orcamento-cidadao-regiao-do-bairro-integracao-define-prioridades-243\/"},"modified":"2009-11-11T02:00:00","modified_gmt":"2009-11-11T04:00:00","slug":"orcamento-cidadao-regiao-do-bairro-integracao-define-prioridades-243","status":"publish","type":"post","link":"https:\/\/www.pmpf.rs.gov.br\/secretaria-de-planejamento\/2009\/11\/11\/orcamento-cidadao-regiao-do-bairro-integracao-define-prioridades-243\/","title":{"rendered":"Or\u00e7amento Cidad\u00e3o Regi\u00e3o do Bairro Integra\u00e7\u00e3o define prioridades"},"content":{"rendered":"<div style=\"text-align: justify;\">\n<p>Com a presen\u00e7a de mais de 200 pessoas, no gin\u00e1sio da Escola Fredolino Chimango do Bairro Jaboticabal, a administra\u00e7\u00e3o municipal iniciou na noite de ter\u00e7a-feira, mais uma edi\u00e7\u00e3o do Or\u00e7amento Cidad\u00e3o Participativo. O prefeito Airton Dipp e o vice, Ren\u00e9 Cecconello, o secret\u00e1rio de Habita\u00e7\u00e3o, Clademir Daron e assessores,\u00a0 participaram do encontro,\u00a0 onde moradores da regi\u00e3o do Bairro Integra\u00e7\u00e3o, elegeram tr\u00eas prioridades.<br \/>Ao chegar ao gin\u00e1sio, os moradores recebiam uma c\u00e9dula de vota\u00e7\u00e3o, onde constavam as principais reivindica\u00e7\u00f5es daquelas comunidades. O coordenador dos bairros junto \u00e0 prefeitura, Sidney \u00c1vila, inicialmente detalhou o desenvolvimento do processo, enquanto que o presidente da Uampaf, Saul Spinelli, elencou as tr\u00eas principais metas do bairro, que ter\u00e1 R$ 171 mil para investir no que fosse escolhido. <br \/>O vice-prefeito e secret\u00e1rio de Planejamento, Rene Cecconello, destacou a iniciativa popular desse projeto, dizendo que n\u00e3o se administra mais de gabinete e sim indo ao encontro da comunidade. Ele tamb\u00e9m apontou os principais investimentos que o munic\u00edpio ir\u00e1 realizar em 2010, com o or\u00e7amento de R$ 168 milh\u00f5es que est\u00e1 em an\u00e1lise na C\u00e2mara de Vereadores. Para o Or\u00e7amento Cidad\u00e3o s\u00e3o R$ 3 milh\u00f5es, assinalou Cecconello.<br \/>Para o prefeito Airton Dipp, o governo municipal v\u00ea com muita satisfa\u00e7\u00e3o a participa\u00e7\u00e3o popular nas decis\u00f5es, lembrando que o processo foi aprimorado para melhor atender os bairros e vilas. Dipp enfatizou que al\u00e9m das escolhas de cada uma das 27 regi\u00f5es, incluindo os cinco distritos, a Prefeitura vai continuar investindo, e muito, na melhoria da qualidade de vida da popula\u00e7\u00e3o. Lembrou que parte dos recursos que vir\u00e3o do BID v\u00e3o ser destinados para infra-estrutura na regi\u00e3o do bairro Integra\u00e7\u00e3o. Dipp tamb\u00e9m enumerou algumas obras j\u00e1 realizadas junto \u00e0quelas comunidades, como asfalto, escolas, gin\u00e1sio esportivos, capelas mortu\u00e1rias, casas populares, entre outros.<br \/>Em seguida foi feita a vota\u00e7\u00e3o, coordenada pelo assessor da Seplan, Israel Kujawa, com a comunidade escolhendo investimentos na amplia\u00e7\u00e3o da creche do bairro Alvorada: no gin\u00e1sio de esportes do Loteamento Schisler e para a compra de \u00e1reas p\u00fablicas,\u00a0 para a constru\u00e7\u00e3o de equipamentos populares como pra\u00e7as e creches. Ao total foram 172 votos, sendo que tamb\u00e9m foram escolhidos Jo\u00e3o Maria, do loteamento Morada do Sol e Vera\u00a0 Azeredo, do Schisler, para integrar a comiss\u00e3o de moradores que vai fiscalizar a aplica\u00e7\u00e3o dos recursos.<br \/>As assembl\u00e9ias do Or\u00e7amento Cidad\u00e3o Participativo prosseguem durante este m\u00eas, sendo que nesta quarta-feira (11) ocorre encontro no bairro S\u00e3o Luiz Gonzaga e na quinta (12), no Distrito de Bela Vista, sempre \u00e0s 19 horas e com participa\u00e7\u00e3o aberta a todos os interessados.<\/p>\n<p><\/div>\n<p><\/p>\n","protected":false},"excerpt":{"rendered":"<p>Com a presen\u00e7a de mais de 200 pessoas, no gin\u00e1sio da Escola Fredolino Chimango do Bairro Jaboticabal, a administra\u00e7\u00e3o municipal iniciou na noite de ter\u00e7a-feira, mais uma edi\u00e7\u00e3o do Or\u00e7amento Cidad\u00e3o Participativo. O prefeito Airton Dipp e o vice, Ren\u00e9 Cecconello, o secret\u00e1rio de Habita\u00e7\u00e3o, Clademir Daron e assessores,  participaram do encontro,  onde moradores da regi\u00e3o do Bairro Integra\u00e7\u00e3o, elegeram tr\u00eas prioridades.<\/p>\n","protected":false},"author":1,"featured_media":506,"comment_status":"open","ping_status":"open","sticky":false,"template":"","format":"standard","meta":{"footnotes":""},"categories":[],"tags":[],"class_list":["post-505","post","type-post","status-publish","format-standard","has-post-thumbnail","hentry"],"yoast_head":"<!-- This site is optimized with the Yoast SEO plugin v23.8 - https:\/\/yoast.com\/wordpress\/plugins\/seo\/ -->\n<title>Or\u00e7amento Cidad\u00e3o Regi\u00e3o do Bairro Integra\u00e7\u00e3o define prioridades - Secretaria de Planejamento<\/title>\n<meta name=\"robots\" content=\"index, follow, max-snippet:-1, max-image-preview:large, max-video-preview:-1\" \/>\n<link rel=\"canonical\" href=\"https:\/\/www.pmpf.rs.gov.br\/secretaria-de-planejamento\/2009\/11\/11\/orcamento-cidadao-regiao-do-bairro-integracao-define-prioridades-243\/\" \/>\n<meta property=\"og:locale\" content=\"pt_BR\" \/>\n<meta property=\"og:type\" content=\"article\" \/>\n<meta property=\"og:title\" content=\"Or\u00e7amento Cidad\u00e3o Regi\u00e3o do Bairro Integra\u00e7\u00e3o define prioridades - Secretaria de Planejamento\" \/>\n<meta property=\"og:description\" content=\"Com a presen\u00e7a de mais de 200 pessoas, no gin\u00e1sio da Escola Fredolino Chimango do Bairro Jaboticabal, a administra\u00e7\u00e3o municipal iniciou na noite de ter\u00e7a-feira, mais uma edi\u00e7\u00e3o do Or\u00e7amento Cidad\u00e3o Participativo. O prefeito Airton Dipp e o vice, Ren\u00e9 Cecconello, o secret\u00e1rio de Habita\u00e7\u00e3o, Clademir Daron e assessores, participaram do encontro, onde moradores da regi\u00e3o do Bairro Integra\u00e7\u00e3o, elegeram tr\u00eas prioridades.\" \/>\n<meta property=\"og:url\" content=\"https:\/\/www.pmpf.rs.gov.br\/secretaria-de-planejamento\/2009\/11\/11\/orcamento-cidadao-regiao-do-bairro-integracao-define-prioridades-243\/\" \/>\n<meta property=\"og:site_name\" content=\"Secretaria de Planejamento\" \/>\n<meta property=\"article:published_time\" content=\"2009-11-11T04:00:00+00:00\" \/>\n<meta property=\"og:image\" content=\"https:\/\/www.pmpf.rs.gov.br\/secretaria-de-planejamento\/wp-content\/uploads\/sites\/52\/2021\/12\/I2013-05-07_062646_c6687.jpg\" \/>\n\t<meta property=\"og:image:width\" content=\"1680\" \/>\n\t<meta property=\"og:image:height\" content=\"1260\" \/>\n\t<meta property=\"og:image:type\" content=\"image\/jpeg\" \/>\n<meta name=\"author\" content=\"mosite\" \/>\n<meta name=\"twitter:card\" content=\"summary_large_image\" \/>\n<meta name=\"twitter:label1\" content=\"Escrito por\" \/>\n\t<meta name=\"twitter:data1\" content=\"mosite\" \/>\n\t<meta name=\"twitter:label2\" content=\"Est. tempo de leitura\" \/>\n\t<meta name=\"twitter:data2\" content=\"2 minutos\" \/>\n<script type=\"application\/ld+json\" class=\"yoast-schema-graph\">{\"@context\":\"https:\/\/schema.org\",\"@graph\":[{\"@type\":\"WebPage\",\"@id\":\"https:\/\/www.pmpf.rs.gov.br\/secretaria-de-planejamento\/2009\/11\/11\/orcamento-cidadao-regiao-do-bairro-integracao-define-prioridades-243\/\",\"url\":\"https:\/\/www.pmpf.rs.gov.br\/secretaria-de-planejamento\/2009\/11\/11\/orcamento-cidadao-regiao-do-bairro-integracao-define-prioridades-243\/\",\"name\":\"Or\u00e7amento Cidad\u00e3o Regi\u00e3o do Bairro Integra\u00e7\u00e3o define prioridades - Secretaria de Planejamento\",\"isPartOf\":{\"@id\":\"https:\/\/www.pmpf.rs.gov.br\/secretaria-de-planejamento\/#website\"},\"primaryImageOfPage\":{\"@id\":\"https:\/\/www.pmpf.rs.gov.br\/secretaria-de-planejamento\/2009\/11\/11\/orcamento-cidadao-regiao-do-bairro-integracao-define-prioridades-243\/#primaryimage\"},\"image\":{\"@id\":\"https:\/\/www.pmpf.rs.gov.br\/secretaria-de-planejamento\/2009\/11\/11\/orcamento-cidadao-regiao-do-bairro-integracao-define-prioridades-243\/#primaryimage\"},\"thumbnailUrl\":\"https:\/\/www.pmpf.rs.gov.br\/secretaria-de-planejamento\/wp-content\/uploads\/sites\/52\/2021\/12\/I2013-05-07_062646_c6687.jpg\",\"datePublished\":\"2009-11-11T04:00:00+00:00\",\"dateModified\":\"2009-11-11T04:00:00+00:00\",\"author\":{\"@id\":\"https:\/\/www.pmpf.rs.gov.br\/secretaria-de-planejamento\/#\/schema\/person\/0c355b0fa68a7aa986c8594f7a60a2d7\"},\"breadcrumb\":{\"@id\":\"https:\/\/www.pmpf.rs.gov.br\/secretaria-de-planejamento\/2009\/11\/11\/orcamento-cidadao-regiao-do-bairro-integracao-define-prioridades-243\/#breadcrumb\"},\"inLanguage\":\"pt-BR\",\"potentialAction\":[{\"@type\":\"ReadAction\",\"target\":[\"https:\/\/www.pmpf.rs.gov.br\/secretaria-de-planejamento\/2009\/11\/11\/orcamento-cidadao-regiao-do-bairro-integracao-define-prioridades-243\/\"]}]},{\"@type\":\"ImageObject\",\"inLanguage\":\"pt-BR\",\"@id\":\"https:\/\/www.pmpf.rs.gov.br\/secretaria-de-planejamento\/2009\/11\/11\/orcamento-cidadao-regiao-do-bairro-integracao-define-prioridades-243\/#primaryimage\",\"url\":\"https:\/\/www.pmpf.rs.gov.br\/secretaria-de-planejamento\/wp-content\/uploads\/sites\/52\/2021\/12\/I2013-05-07_062646_c6687.jpg\",\"contentUrl\":\"https:\/\/www.pmpf.rs.gov.br\/secretaria-de-planejamento\/wp-content\/uploads\/sites\/52\/2021\/12\/I2013-05-07_062646_c6687.jpg\",\"width\":1680,\"height\":1260},{\"@type\":\"BreadcrumbList\",\"@id\":\"https:\/\/www.pmpf.rs.gov.br\/secretaria-de-planejamento\/2009\/11\/11\/orcamento-cidadao-regiao-do-bairro-integracao-define-prioridades-243\/#breadcrumb\",\"itemListElement\":[{\"@type\":\"ListItem\",\"position\":1,\"name\":\"In\u00edcio\",\"item\":\"https:\/\/www.pmpf.rs.gov.br\/secretaria-de-planejamento\/\"},{\"@type\":\"ListItem\",\"position\":2,\"name\":\"Or\u00e7amento Cidad\u00e3o Regi\u00e3o do Bairro Integra\u00e7\u00e3o define prioridades\"}]},{\"@type\":\"WebSite\",\"@id\":\"https:\/\/www.pmpf.rs.gov.br\/secretaria-de-planejamento\/#website\",\"url\":\"https:\/\/www.pmpf.rs.gov.br\/secretaria-de-planejamento\/\",\"name\":\"Secretaria de Planejamento\",\"description\":\"S\u00f3 mais um site Prefeitura de Passo Fundo\",\"potentialAction\":[{\"@type\":\"SearchAction\",\"target\":{\"@type\":\"EntryPoint\",\"urlTemplate\":\"https:\/\/www.pmpf.rs.gov.br\/secretaria-de-planejamento\/?s={search_term_string}\"},\"query-input\":{\"@type\":\"PropertyValueSpecification\",\"valueRequired\":true,\"valueName\":\"search_term_string\"}}],\"inLanguage\":\"pt-BR\"},{\"@type\":\"Person\",\"@id\":\"https:\/\/www.pmpf.rs.gov.br\/secretaria-de-planejamento\/#\/schema\/person\/0c355b0fa68a7aa986c8594f7a60a2d7\",\"name\":\"mosite\",\"image\":{\"@type\":\"ImageObject\",\"inLanguage\":\"pt-BR\",\"@id\":\"https:\/\/www.pmpf.rs.gov.br\/secretaria-de-planejamento\/#\/schema\/person\/image\/\",\"url\":\"https:\/\/secure.gravatar.com\/avatar\/63d72595d6cecfe12bd8a94829d5a26c?s=96&d=mm&r=g\",\"contentUrl\":\"https:\/\/secure.gravatar.com\/avatar\/63d72595d6cecfe12bd8a94829d5a26c?s=96&d=mm&r=g\",\"caption\":\"mosite\"},\"sameAs\":[\"http:\/\/example.com\"],\"url\":\"https:\/\/www.pmpf.rs.gov.br\/secretaria-de-planejamento\/author\/mosite\/\"}]}<\/script>\n<!-- \/ Yoast SEO plugin. -->","yoast_head_json":{"title":"Or\u00e7amento Cidad\u00e3o Regi\u00e3o do Bairro Integra\u00e7\u00e3o define prioridades - Secretaria de Planejamento","robots":{"index":"index","follow":"follow","max-snippet":"max-snippet:-1","max-image-preview":"max-image-preview:large","max-video-preview":"max-video-preview:-1"},"canonical":"https:\/\/www.pmpf.rs.gov.br\/secretaria-de-planejamento\/2009\/11\/11\/orcamento-cidadao-regiao-do-bairro-integracao-define-prioridades-243\/","og_locale":"pt_BR","og_type":"article","og_title":"Or\u00e7amento Cidad\u00e3o Regi\u00e3o do Bairro Integra\u00e7\u00e3o define prioridades - Secretaria de Planejamento","og_description":"Com a presen\u00e7a de mais de 200 pessoas, no gin\u00e1sio da Escola Fredolino Chimango do Bairro Jaboticabal, a administra\u00e7\u00e3o municipal iniciou na noite de ter\u00e7a-feira, mais uma edi\u00e7\u00e3o do Or\u00e7amento Cidad\u00e3o Participativo. O prefeito Airton Dipp e o vice, Ren\u00e9 Cecconello, o secret\u00e1rio de Habita\u00e7\u00e3o, Clademir Daron e assessores, participaram do encontro, onde moradores da regi\u00e3o do Bairro Integra\u00e7\u00e3o, elegeram tr\u00eas prioridades.","og_url":"https:\/\/www.pmpf.rs.gov.br\/secretaria-de-planejamento\/2009\/11\/11\/orcamento-cidadao-regiao-do-bairro-integracao-define-prioridades-243\/","og_site_name":"Secretaria de Planejamento","article_published_time":"2009-11-11T04:00:00+00:00","og_image":[{"width":1680,"height":1260,"url":"https:\/\/www.pmpf.rs.gov.br\/secretaria-de-planejamento\/wp-content\/uploads\/sites\/52\/2021\/12\/I2013-05-07_062646_c6687.jpg","type":"image\/jpeg"}],"author":"mosite","twitter_card":"summary_large_image","twitter_misc":{"Escrito por":"mosite","Est. tempo de leitura":"2 minutos"},"schema":{"@context":"https:\/\/schema.org","@graph":[{"@type":"WebPage","@id":"https:\/\/www.pmpf.rs.gov.br\/secretaria-de-planejamento\/2009\/11\/11\/orcamento-cidadao-regiao-do-bairro-integracao-define-prioridades-243\/","url":"https:\/\/www.pmpf.rs.gov.br\/secretaria-de-planejamento\/2009\/11\/11\/orcamento-cidadao-regiao-do-bairro-integracao-define-prioridades-243\/","name":"Or\u00e7amento Cidad\u00e3o Regi\u00e3o do Bairro Integra\u00e7\u00e3o define prioridades - Secretaria de Planejamento","isPartOf":{"@id":"https:\/\/www.pmpf.rs.gov.br\/secretaria-de-planejamento\/#website"},"primaryImageOfPage":{"@id":"https:\/\/www.pmpf.rs.gov.br\/secretaria-de-planejamento\/2009\/11\/11\/orcamento-cidadao-regiao-do-bairro-integracao-define-prioridades-243\/#primaryimage"},"image":{"@id":"https:\/\/www.pmpf.rs.gov.br\/secretaria-de-planejamento\/2009\/11\/11\/orcamento-cidadao-regiao-do-bairro-integracao-define-prioridades-243\/#primaryimage"},"thumbnailUrl":"https:\/\/www.pmpf.rs.gov.br\/secretaria-de-planejamento\/wp-content\/uploads\/sites\/52\/2021\/12\/I2013-05-07_062646_c6687.jpg","datePublished":"2009-11-11T04:00:00+00:00","dateModified":"2009-11-11T04:00:00+00:00","author":{"@id":"https:\/\/www.pmpf.rs.gov.br\/secretaria-de-planejamento\/#\/schema\/person\/0c355b0fa68a7aa986c8594f7a60a2d7"},"breadcrumb":{"@id":"https:\/\/www.pmpf.rs.gov.br\/secretaria-de-planejamento\/2009\/11\/11\/orcamento-cidadao-regiao-do-bairro-integracao-define-prioridades-243\/#breadcrumb"},"inLanguage":"pt-BR","potentialAction":[{"@type":"ReadAction","target":["https:\/\/www.pmpf.rs.gov.br\/secretaria-de-planejamento\/2009\/11\/11\/orcamento-cidadao-regiao-do-bairro-integracao-define-prioridades-243\/"]}]},{"@type":"ImageObject","inLanguage":"pt-BR","@id":"https:\/\/www.pmpf.rs.gov.br\/secretaria-de-planejamento\/2009\/11\/11\/orcamento-cidadao-regiao-do-bairro-integracao-define-prioridades-243\/#primaryimage","url":"https:\/\/www.pmpf.rs.gov.br\/secretaria-de-planejamento\/wp-content\/uploads\/sites\/52\/2021\/12\/I2013-05-07_062646_c6687.jpg","contentUrl":"https:\/\/www.pmpf.rs.gov.br\/secretaria-de-planejamento\/wp-content\/uploads\/sites\/52\/2021\/12\/I2013-05-07_062646_c6687.jpg","width":1680,"height":1260},{"@type":"BreadcrumbList","@id":"https:\/\/www.pmpf.rs.gov.br\/secretaria-de-planejamento\/2009\/11\/11\/orcamento-cidadao-regiao-do-bairro-integracao-define-prioridades-243\/#breadcrumb","itemListElement":[{"@type":"ListItem","position":1,"name":"In\u00edcio","item":"https:\/\/www.pmpf.rs.gov.br\/secretaria-de-planejamento\/"},{"@type":"ListItem","position":2,"name":"Or\u00e7amento Cidad\u00e3o Regi\u00e3o do Bairro Integra\u00e7\u00e3o define prioridades"}]},{"@type":"WebSite","@id":"https:\/\/www.pmpf.rs.gov.br\/secretaria-de-planejamento\/#website","url":"https:\/\/www.pmpf.rs.gov.br\/secretaria-de-planejamento\/","name":"Secretaria de Planejamento","description":"S\u00f3 mais um site Prefeitura de Passo Fundo","potentialAction":[{"@type":"SearchAction","target":{"@type":"EntryPoint","urlTemplate":"https:\/\/www.pmpf.rs.gov.br\/secretaria-de-planejamento\/?s={search_term_string}"},"query-input":{"@type":"PropertyValueSpecification","valueRequired":true,"valueName":"search_term_string"}}],"inLanguage":"pt-BR"},{"@type":"Person","@id":"https:\/\/www.pmpf.rs.gov.br\/secretaria-de-planejamento\/#\/schema\/person\/0c355b0fa68a7aa986c8594f7a60a2d7","name":"mosite","image":{"@type":"ImageObject","inLanguage":"pt-BR","@id":"https:\/\/www.pmpf.rs.gov.br\/secretaria-de-planejamento\/#\/schema\/person\/image\/","url":"https:\/\/secure.gravatar.com\/avatar\/63d72595d6cecfe12bd8a94829d5a26c?s=96&d=mm&r=g","contentUrl":"https:\/\/secure.gravatar.com\/avatar\/63d72595d6cecfe12bd8a94829d5a26c?s=96&d=mm&r=g","caption":"mosite"},"sameAs":["http:\/\/example.com"],"url":"https:\/\/www.pmpf.rs.gov.br\/secretaria-de-planejamento\/author\/mosite\/"}]}},"_links":{"self":[{"href":"https:\/\/www.pmpf.rs.gov.br\/secretaria-de-planejamento\/wp-json\/wp\/v2\/posts\/505"}],"collection":[{"href":"https:\/\/www.pmpf.rs.gov.br\/secretaria-de-planejamento\/wp-json\/wp\/v2\/posts"}],"about":[{"href":"https:\/\/www.pmpf.rs.gov.br\/secretaria-de-planejamento\/wp-json\/wp\/v2\/types\/post"}],"author":[{"embeddable":true,"href":"https:\/\/www.pmpf.rs.gov.br\/secretaria-de-planejamento\/wp-json\/wp\/v2\/users\/1"}],"replies":[{"embeddable":true,"href":"https:\/\/www.pmpf.rs.gov.br\/secretaria-de-planejamento\/wp-json\/wp\/v2\/comments?post=505"}],"version-history":[{"count":0,"href":"https:\/\/www.pmpf.rs.gov.br\/secretaria-de-planejamento\/wp-json\/wp\/v2\/posts\/505\/revisions"}],"wp:featuredmedia":[{"embeddable":true,"href":"https:\/\/www.pmpf.rs.gov.br\/secretaria-de-planejamento\/wp-json\/wp\/v2\/media\/506"}],"wp:attachment":[{"href":"https:\/\/www.pmpf.rs.gov.br\/secretaria-de-planejamento\/wp-json\/wp\/v2\/media?parent=505"}],"wp:term":[{"taxonomy":"category","embeddable":true,"href":"https:\/\/www.pmpf.rs.gov.br\/secretaria-de-planejamento\/wp-json\/wp\/v2\/categories?post=505"},{"taxonomy":"post_tag","embeddable":true,"href":"https:\/\/www.pmpf.rs.gov.br\/secretaria-de-planejamento\/wp-json\/wp\/v2\/tags?post=505"}],"curies":[{"name":"wp","href":"https:\/\/api.w.org\/{rel}","templated":true}]}}